{"id":53312,"date":"2020-09-10T19:56:12","date_gmt":"2020-09-11T00:56:12","guid":{"rendered":"http:\/\/www.grieta.org.mx\/?p=53312"},"modified":"2020-09-14T20:07:43","modified_gmt":"2020-09-15T01:07:43","slug":"mentira-que-ya-no-haya-impedimentos-contra-termoelectrica-en-morelos-opositores","status":"publish","type":"post","link":"https:\/\/www.grieta.org.mx\/index.php\/2020\/09\/10\/mentira-que-ya-no-haya-impedimentos-contra-termoelectrica-en-morelos-opositores\/","title":{"rendered":"Mentira, que ya no haya impedimentos contra termoel\u00e9ctrica en Morelos: opositores"},"content":{"rendered":"<p><a href=\"http:\/\/www.grieta.org.mx\/wp-content\/uploads\/2020\/09\/termoelectrica-huexca-morelos-870x522-1.jpg\"><img loading=\"lazy\" decoding=\"async\" data-attachment-id=\"53316\" data-permalink=\"https:\/\/www.grieta.org.mx\/index.php\/2020\/09\/10\/mentira-que-ya-no-haya-impedimentos-contra-termoelectrica-en-morelos-opositores\/termoelectrica-huexca-morelos-870x522\/\" data-orig-file=\"https:\/\/www.grieta.org.mx\/wp-content\/uploads\/2020\/09\/termoelectrica-huexca-morelos-870x522-1.jpg\" data-orig-size=\"870,522\" data-comments-opened=\"0\" data-image-meta=\"{&quot;aperture&quot;:&quot;0&quot;,&quot;credit&quot;:&quot;&quot;,&quot;camera&quot;:&quot;&quot;,&quot;caption&quot;:&quot;&quot;,&quot;created_timestamp&quot;:&quot;0&quot;,&quot;copyright&quot;:&quot;&quot;,&quot;focal_length&quot;:&quot;0&quot;,&quot;iso&quot;:&quot;0&quot;,&quot;shutter_speed&quot;:&quot;0&quot;,&quot;title&quot;:&quot;&quot;,&quot;orientation&quot;:&quot;0&quot;}\" data-image-title=\"termoelectrica-huexca-morelos-870&amp;#215;522\" data-image-description=\"\" data-image-caption=\"\" data-medium-file=\"https:\/\/www.grieta.org.mx\/wp-content\/uploads\/2020\/09\/termoelectrica-huexca-morelos-870x522-1-300x180.jpg\" data-large-file=\"https:\/\/www.grieta.org.mx\/wp-content\/uploads\/2020\/09\/termoelectrica-huexca-morelos-870x522-1.jpg\" class=\"aligncenter wp-image-53316\" src=\"http:\/\/www.grieta.org.mx\/wp-content\/uploads\/2020\/09\/termoelectrica-huexca-morelos-870x522-1.jpg\" alt=\"\" width=\"800\" height=\"480\" srcset=\"https:\/\/www.grieta.org.mx\/wp-content\/uploads\/2020\/09\/termoelectrica-huexca-morelos-870x522-1.jpg 870w, https:\/\/www.grieta.org.mx\/wp-content\/uploads\/2020\/09\/termoelectrica-huexca-morelos-870x522-1-300x180.jpg 300w, https:\/\/www.grieta.org.mx\/wp-content\/uploads\/2020\/09\/termoelectrica-huexca-morelos-870x522-1-768x461.jpg 768w, https:\/\/www.grieta.org.mx\/wp-content\/uploads\/2020\/09\/termoelectrica-huexca-morelos-870x522-1-833x500.jpg 833w\" sizes=\"auto, (max-width: 800px) 100vw, 800px\" \/><\/a><\/p>\n<p>Jaime Luis Brito \/ Proceso<\/p>\n<p>CUERNAVACA, Mor. (apro). \u2013 Samantha C\u00e9sar, integrante del Frente de Pueblos en Defensa de la Tierra y el Agua Morelos, Puebla y Tlaxcala, afirm\u00f3 que la declaraci\u00f3n del presidente Andr\u00e9s Manuel L\u00f3pez Obrador en el sentido de que ya no hay impedimento legal alguno para echar a andar la termoel\u00e9ctrica de Huexca \u201ces una mentira\u201d y representa \u201cla cr\u00f3nica de una represi\u00f3n anunciada\u201d.<\/p>\n<p>Ante ello, todos los pueblos de oriente de Morelos y sus pares de Puebla y Tlaxcala afectados por el gasoducto, la termoel\u00e9ctrica de ciclo combinado y el acueducto trunco en Ayala se declararon en alerta roja.<\/p>\n<p>El anuncio presidencial implica la conclusi\u00f3n del acueducto que llevar\u00eda agua de la Planta de Tratamiento de Cuautla a la termoel\u00e9ctrica. La obra no ha sido terminada porque desde el 28 de agosto de 2016 campesinos instalaron un campamento para impedir que se conecten los tubos que sacar\u00edan el agua.<\/p>\n<p>Ese l\u00edquido, actualmente, engrosa a partir de la comunidad de Apatlaco, el caudal del R\u00edo Cuautla, del que dependen unas 6 mil familias para sus siembras, cuyos productos agr\u00edcolas no son s\u00f3lo para el autoconsumo, sino para la venta.<\/p>\n<p>Por eso, la declaraci\u00f3n de L\u00f3pez Obrador de esta ma\u00f1ana \u201cnos parece muy peligrosa, pues representa la cr\u00f3nica de una represi\u00f3n anunciada\u201d, sostuvo Samantha C\u00e9sar, una de las compa\u00f1eras de Samir Flores, de los principales opositores a la termoel\u00e9ctrica y el gasoducto, quien fuera asesinado en febrero de 2019, cuya investigaci\u00f3n no ha arrojado ning\u00fan resultado.<\/p>\n<p>\u201cNos preocupa mucho el campamento de Apatlaco\u201d, dijo en entrevista telef\u00f3nica.<\/p>\n<p>\u201cEs preocupante porque, adem\u00e1s, los procesos legales no se han concluido y entonces (echar a andar la termoel\u00e9ctrica) implicar\u00eda una violaci\u00f3n a la ley. Eso implica no tomar en cuenta los procesos legales\u201d de los cuales siguen vigentes el de Ayala y otros, como en Amilcingo.<\/p>\n<p>Advirti\u00f3 que existe una suspensi\u00f3n de 260 kil\u00f3metros del gasoducto otorgada por un juez, debido a que no se realiz\u00f3 la consulta de las comunidades ind\u00edgenas como debi\u00f3 realizarse.<\/p>\n<p>\u201cEn realidad, nos parece, que esto es un anuncio de que vendr\u00e1 una represi\u00f3n contra el campamento de Ayala (Apatlaco)\u201d, sostuvo.<\/p>\n<p>Dijo que hay una contracci\u00f3n en el discurso, porque aludi\u00f3 a lo dicho por L\u00f3pez Obrador, de que se respetar\u00e1 \u201clo social y lo ecol\u00f3gico y es mentira, porque no se establece di\u00e1logo directo con las comunidades afectadas, sino simplemente con ciertas c\u00fapulas, pero no con los campesinos afectados, no con los ejidos, ni con los pueblos afectados en todo el trayecto del programa\u201d.<\/p>\n<p>Se\u00f1al\u00f3 que es un nuevo embate contra los pueblos nahuas de la zona que ha resistido frente a los megaproyectos que se dise\u00f1aron en tiempos del gobierno panista de Felipe Calder\u00f3n, se implementaron en el de Enrique Pe\u00f1a Nieto y ahora, se refrendan con Andr\u00e9s Manuel L\u00f3pez Obrador.<\/p>\n<p>\u201cSigue en la mentira, porque sigue diciendo que la energ\u00eda el\u00e9ctrica ser\u00e1 para las casas de Morelos, cuando sabemos perfectamente que esta energ\u00eda es para que sea utilizada para todas las industrias que vendr\u00e1n despu\u00e9s, todos los parques industriales que se instalar\u00e1n en la zona oriente de Morelos y la zona poniente de Puebla\u201d, advirti\u00f3.<\/p>\n<p>Por lo pronto, las comunidades llamaron a asambleas para determinar c\u00f3mo se enfrentar\u00e1 la \u201camenaza\u201d que se anunci\u00f3 esta ma\u00f1ana.<\/p>\n<p>El campamento de Apatlaco fue reforzado con la presencia de ejidatarios de los municipios de Ayala, Cuautla, Tlaquiltenango, Tlaltizapan, Tepalcingo, as\u00ed como integrantes del Frente y de la Asamblea Permanente de los Pueblos de Morelos.<\/p>\n<p><a href=\"https:\/\/www.proceso.com.mx\/647597\/mentira-que-ya-no-haya-impedimentos-contra-termoelectrica-en-morelos-dicen-opositores\">https:\/\/www.proceso.com.mx\/647597\/mentira-que-ya-no-haya-impedimentos-contra-termoelectrica-en-morelos-dicen-opositores<\/a><\/p>\n","protected":false},"excerpt":{"rendered":"<p>Jaime Luis Brito \/ Proceso CUERNAVACA, Mor. (apro). \u2013 Samantha C\u00e9sar, integrante del Frente de Pueblos en Defensa de la Tierra y el Agua Morelos, Puebla y Tlaxcala, afirm\u00f3 que &hellip; <a href=\"https:\/\/www.grieta.org.mx\/index.php\/2020\/09\/10\/mentira-que-ya-no-haya-impedimentos-contra-termoelectrica-en-morelos-opositores\/\" class=\"more-link\">Leer m\u00e1s<\/a><\/p>\n","protected":false},"author":1,"featured_media":53316,"comment_status":"closed","ping_status":"closed","sticky":false,"template":"","format":"standard","meta":{"ngg_post_thumbnail":0,"_jetpack_newsletter_access":"","_jetpack_dont_email_post_to_subs":false,"_jetpack_newsletter_tier_id":0,"_jetpack_memberships_contains_paywalled_content":false,"_jetpack_memberships_contains_paid_content":false,"footnotes":""},"categories":[80,3,22,2,44,26,1171,1423,1249,34],"tags":[510,3187],"class_list":["post-53312","post","type-post","status-publish","format-standard","has-post-thumbnail","hentry","category-cintillo","category-megaproyectos","category-morelos","category-noticias-nacionales","category-proyecto-integral-morelos","category-puebla","category-rechazo-al-proyecto-integral-morelos-pim-en-morelos","category-rechazo-al-proyecto-integral-morelos-pim-en-tlaxcala","category-rechazo-al-proyecto-interal-morelos-en-puebla","category-tlaxcala","tag-proyecto-integral-morelos","tag-samir-flores","entry"],"jetpack_featured_media_url":"https:\/\/www.grieta.org.mx\/wp-content\/uploads\/2020\/09\/termoelectrica-huexca-morelos-870x522-1.jpg","jetpack_sharing_enabled":true,"jetpack_shortlink":"https:\/\/wp.me\/p7ZJR4-dRS","jetpack_likes_enabled":false,"jetpack-related-posts":[{"id":29268,"url":"https:\/\/www.grieta.org.mx\/index.php\/2019\/02\/20\/asesinan-a-lider-de-opositores-a-la-termoelectrica-en-morelos\/","url_meta":{"origin":53312,"position":0},"title":"Asesinan a l\u00edder de opositores a la termoel\u00e9ctrica en Morelos","author":"grieta","date":"20 febrero, 2019","format":false,"excerpt":"Redacci\u00f3n \/ Quadratin Morelos TEMOAC, Mor., 20 de Febrero del 2019.- Fue confirmada la muerte de Samir Flores Soberanes tras un ataque armado la madrugada de este mi\u00e9rcoles en su domicilio en Amilcingo por un comando armado, seg\u00fan los primeros reportes. Se trata de qui\u00e9n encabez\u00f3 desde el inicio de\u2026","rel":"","context":"En &quot;10. Huexca&quot;","block_context":{"text":"10. Huexca","link":"https:\/\/www.grieta.org.mx\/index.php\/category\/espejos-de-la-resistencia\/10-huexca\/"},"img":{"alt_text":"","src":"https:\/\/i0.wp.com\/www.grieta.org.mx\/wp-content\/uploads\/2019\/02\/IMG_20190220_075909-1160x700.jpg?resize=350%2C200&ssl=1","width":350,"height":200,"srcset":"https:\/\/i0.wp.com\/www.grieta.org.mx\/wp-content\/uploads\/2019\/02\/IMG_20190220_075909-1160x700.jpg?resize=350%2C200&ssl=1 1x, https:\/\/i0.wp.com\/www.grieta.org.mx\/wp-content\/uploads\/2019\/02\/IMG_20190220_075909-1160x700.jpg?resize=525%2C300&ssl=1 1.5x, https:\/\/i0.wp.com\/www.grieta.org.mx\/wp-content\/uploads\/2019\/02\/IMG_20190220_075909-1160x700.jpg?resize=700%2C400&ssl=1 2x, https:\/\/i0.wp.com\/www.grieta.org.mx\/wp-content\/uploads\/2019\/02\/IMG_20190220_075909-1160x700.jpg?resize=1050%2C600&ssl=1 3x"},"classes":[]},{"id":55442,"url":"https:\/\/www.grieta.org.mx\/index.php\/2020\/11\/25\/pueblos-planean-tomar-carreteras-para-frenar-termoelectrica-de-huexca-morelos-puebla-tlaxcala\/","url_meta":{"origin":53312,"position":1},"title":"Pueblos planean tomar carreteras para frenar termoel\u00e9ctrica de Huexca (Morelos, Puebla, Tlaxcala)","author":"Admin","date":"25 noviembre, 2020","format":false,"excerpt":"Texto y Fotos: Estrella Pedroza \/ La Silla Rota CIUDAD AYALA.- Desde la cuna del agrarismo, los pueblos de Morelos emprendieron acciones de protesta por la irrupci\u00f3n de la Guardia Nacional al plant\u00f3n San Pedro Apatlaco, situado a las orillas del R\u00edo Cuautla en Ciudad Ayala, que se instal\u00f3 desde\u2026","rel":"","context":"En &quot;10. Huexca&quot;","block_context":{"text":"10. Huexca","link":"https:\/\/www.grieta.org.mx\/index.php\/category\/espejos-de-la-resistencia\/10-huexca\/"},"img":{"alt_text":"","src":"https:\/\/i0.wp.com\/www.grieta.org.mx\/wp-content\/uploads\/2020\/11\/Captura-de-Pantalla-2020-11-25-a-las-14.17.48.png?resize=350%2C200&ssl=1","width":350,"height":200,"srcset":"https:\/\/i0.wp.com\/www.grieta.org.mx\/wp-content\/uploads\/2020\/11\/Captura-de-Pantalla-2020-11-25-a-las-14.17.48.png?resize=350%2C200&ssl=1 1x, https:\/\/i0.wp.com\/www.grieta.org.mx\/wp-content\/uploads\/2020\/11\/Captura-de-Pantalla-2020-11-25-a-las-14.17.48.png?resize=525%2C300&ssl=1 1.5x, https:\/\/i0.wp.com\/www.grieta.org.mx\/wp-content\/uploads\/2020\/11\/Captura-de-Pantalla-2020-11-25-a-las-14.17.48.png?resize=700%2C400&ssl=1 2x, https:\/\/i0.wp.com\/www.grieta.org.mx\/wp-content\/uploads\/2020\/11\/Captura-de-Pantalla-2020-11-25-a-las-14.17.48.png?resize=1050%2C600&ssl=1 3x, https:\/\/i0.wp.com\/www.grieta.org.mx\/wp-content\/uploads\/2020\/11\/Captura-de-Pantalla-2020-11-25-a-las-14.17.48.png?resize=1400%2C800&ssl=1 4x"},"classes":[]},{"id":43751,"url":"https:\/\/www.grieta.org.mx\/index.php\/2019\/11\/18\/pretenden-llenar-al-pais-de-gasoductos-y-termoelectricas-juan-carlos-flores-del-frente-de-pueblos-de-morelos-puebla-y-tlaxcala-podcast\/","url_meta":{"origin":53312,"position":2},"title":"\u201cPretenden llenar al pa\u00eds de gasoductos y termoel\u00e9ctricas\u201d: Juan Carlos Flores, del Frente de Pueblos de Morelos, Puebla y Tlaxcala (PODCAST)","author":"grieta","date":"18 noviembre, 2019","format":false,"excerpt":"Redacci\u00f3n \/ Radio UdeG Guadalajara Juan Carlos Flores y otros integrantes del Frente de Pueblos en Defensa de la Tierra y el Agua de Morelos, Puebla y Tlaxcala (FPDTA), quienes mantienen una defensa en contra del Proyecto Integral Morelos (PIM), visitaron Juanacatl\u00e1n (Jalisco) donde la poblaci\u00f3n tambi\u00e9n resiste la imposici\u00f3n\u2026","rel":"","context":"En &quot;CINTILLO&quot;","block_context":{"text":"CINTILLO","link":"https:\/\/www.grieta.org.mx\/index.php\/category\/cintillo\/"},"img":{"alt_text":"","src":"https:\/\/i0.wp.com\/www.grieta.org.mx\/wp-content\/uploads\/2020\/01\/images-1.jpg?resize=350%2C200&ssl=1","width":350,"height":200,"srcset":"https:\/\/i0.wp.com\/www.grieta.org.mx\/wp-content\/uploads\/2020\/01\/images-1.jpg?resize=350%2C200&ssl=1 1x, https:\/\/i0.wp.com\/www.grieta.org.mx\/wp-content\/uploads\/2020\/01\/images-1.jpg?resize=525%2C300&ssl=1 1.5x"},"classes":[]},{"id":29755,"url":"https:\/\/www.grieta.org.mx\/index.php\/2019\/02\/25\/la-lucha-no-termina-aqui-activistas-sobre-termoelectrica-en-morelos\/","url_meta":{"origin":53312,"position":3},"title":"La lucha no termina aqu\u00ed: activistas sobre termoel\u00e9ctrica en Morelos","author":"grieta","date":"25 febrero, 2019","format":false,"excerpt":"Felipe Rodea, Ver\u00f3nica Bacaz \/ El Financiero Tras conocer el resultado de la consulta favorable a la construcci\u00f3n de la termoel\u00e9ctrica en Morelos, el Frente de Pueblos en Defensa de la Tierra y Agua Morelos, Puebla, Tlaxcala, advirti\u00f3 que la batalla por cancelar el proyecto apenas comienza. \"La lucha no\u2026","rel":"","context":"En &quot;10. Huexca&quot;","block_context":{"text":"10. Huexca","link":"https:\/\/www.grieta.org.mx\/index.php\/category\/espejos-de-la-resistencia\/10-huexca\/"},"img":{"alt_text":"","src":"https:\/\/i0.wp.com\/www.grieta.org.mx\/wp-content\/uploads\/2019\/02\/752d2c9ecf1550851348_standard_desktop_medium_retina.jpeg?resize=350%2C200&ssl=1","width":350,"height":200,"srcset":"https:\/\/i0.wp.com\/www.grieta.org.mx\/wp-content\/uploads\/2019\/02\/752d2c9ecf1550851348_standard_desktop_medium_retina.jpeg?resize=350%2C200&ssl=1 1x, https:\/\/i0.wp.com\/www.grieta.org.mx\/wp-content\/uploads\/2019\/02\/752d2c9ecf1550851348_standard_desktop_medium_retina.jpeg?resize=525%2C300&ssl=1 1.5x, https:\/\/i0.wp.com\/www.grieta.org.mx\/wp-content\/uploads\/2019\/02\/752d2c9ecf1550851348_standard_desktop_medium_retina.jpeg?resize=700%2C400&ssl=1 2x, https:\/\/i0.wp.com\/www.grieta.org.mx\/wp-content\/uploads\/2019\/02\/752d2c9ecf1550851348_standard_desktop_medium_retina.jpeg?resize=1050%2C600&ssl=1 3x"},"classes":[]},{"id":30327,"url":"https:\/\/www.grieta.org.mx\/index.php\/2019\/03\/04\/traera-riesgos-termoelectrica-de-huexca-para-tlaxcala\/","url_meta":{"origin":53312,"position":4},"title":"Traer\u00e1 riesgos termoel\u00e9ctrica de Huexca para Tlaxcala","author":"grieta","date":"4 marzo, 2019","format":false,"excerpt":"Rub\u00e9n Hern\u00e1ndez\/ Quadrat\u00edn Tlaxcala TLAXCALA, Tlax., 04 de marzo de 2019.- La continuidad y operaci\u00f3n de la termoel\u00e9ctrica en Huexca, traer\u00e1 riesgos ambientales, de protecci\u00f3n civil y altos costos econ\u00f3micos para Tlaxcala, Puebla y Morelos, sostuvo el coordinador nacional de la asociaci\u00f3n civil Agua para todos, Agua para la vida,\u2026","rel":"","context":"En &quot;CINTILLO&quot;","block_context":{"text":"CINTILLO","link":"https:\/\/www.grieta.org.mx\/index.php\/category\/cintillo\/"},"img":{"alt_text":"","src":"https:\/\/i0.wp.com\/www.grieta.org.mx\/wp-content\/uploads\/2019\/03\/asociaci%C3%B3n-civil-Agua-para-todos-Agua-para-la-vida-1160x700.jpg?resize=350%2C200&ssl=1","width":350,"height":200,"srcset":"https:\/\/i0.wp.com\/www.grieta.org.mx\/wp-content\/uploads\/2019\/03\/asociaci%C3%B3n-civil-Agua-para-todos-Agua-para-la-vida-1160x700.jpg?resize=350%2C200&ssl=1 1x, https:\/\/i0.wp.com\/www.grieta.org.mx\/wp-content\/uploads\/2019\/03\/asociaci%C3%B3n-civil-Agua-para-todos-Agua-para-la-vida-1160x700.jpg?resize=525%2C300&ssl=1 1.5x, https:\/\/i0.wp.com\/www.grieta.org.mx\/wp-content\/uploads\/2019\/03\/asociaci%C3%B3n-civil-Agua-para-todos-Agua-para-la-vida-1160x700.jpg?resize=700%2C400&ssl=1 2x, https:\/\/i0.wp.com\/www.grieta.org.mx\/wp-content\/uploads\/2019\/03\/asociaci%C3%B3n-civil-Agua-para-todos-Agua-para-la-vida-1160x700.jpg?resize=1050%2C600&ssl=1 3x"},"classes":[]},{"id":28690,"url":"https:\/\/www.grieta.org.mx\/index.php\/2019\/01\/30\/opositores-a-gasoducto-temen-que-amlo-lo-apruebe-sin-escucharlos-puebla-morelos-tlaxcala\/","url_meta":{"origin":53312,"position":5},"title":"Opositores a gasoducto temen que AMLO lo apruebe sin escucharlos (Puebla, Morelos, Tlaxcala)","author":"grieta","date":"30 enero, 2019","format":false,"excerpt":"Laura Ruiz \/ e-consulta En v\u00edsperas del resolutivo que el 11 de febrero dar\u00e1 el presidente Andr\u00e9s Manuel L\u00f3pez Obrador (AMLO) sobre el Proyecto Integral Morelos o Gasoducto Morelos, activistas lamentaron que su gobierno ha actuado con miras a aprobar la continuidad del proyecto pese a sus afectaciones. Al fijar\u2026","rel":"","context":"En &quot;CINTILLO&quot;","block_context":{"text":"CINTILLO","link":"https:\/\/www.grieta.org.mx\/index.php\/category\/cintillo\/"},"img":{"alt_text":"","src":"https:\/\/i0.wp.com\/www.grieta.org.mx\/wp-content\/uploads\/2019\/02\/gas_5_0.jpg?resize=350%2C200&ssl=1","width":350,"height":200,"srcset":"https:\/\/i0.wp.com\/www.grieta.org.mx\/wp-content\/uploads\/2019\/02\/gas_5_0.jpg?resize=350%2C200&ssl=1 1x, https:\/\/i0.wp.com\/www.grieta.org.mx\/wp-content\/uploads\/2019\/02\/gas_5_0.jpg?resize=525%2C300&ssl=1 1.5x"},"classes":[]}],"_links":{"self":[{"href":"https:\/\/www.grieta.org.mx\/index.php\/wp-json\/wp\/v2\/posts\/53312","targetHints":{"allow":["GET"]}}],"collection":[{"href":"https:\/\/www.grieta.org.mx\/index.php\/wp-json\/wp\/v2\/posts"}],"about":[{"href":"https:\/\/www.grieta.org.mx\/index.php\/wp-json\/wp\/v2\/types\/post"}],"author":[{"embeddable":true,"href":"https:\/\/www.grieta.org.mx\/index.php\/wp-json\/wp\/v2\/users\/1"}],"replies":[{"embeddable":true,"href":"https:\/\/www.grieta.org.mx\/index.php\/wp-json\/wp\/v2\/comments?post=53312"}],"version-history":[{"count":1,"href":"https:\/\/www.grieta.org.mx\/index.php\/wp-json\/wp\/v2\/posts\/53312\/revisions"}],"predecessor-version":[{"id":53322,"href":"https:\/\/www.grieta.org.mx\/index.php\/wp-json\/wp\/v2\/posts\/53312\/revisions\/53322"}],"wp:featuredmedia":[{"embeddable":true,"href":"https:\/\/www.grieta.org.mx\/index.php\/wp-json\/wp\/v2\/media\/53316"}],"wp:attachment":[{"href":"https:\/\/www.grieta.org.mx\/index.php\/wp-json\/wp\/v2\/media?parent=53312"}],"wp:term":[{"taxonomy":"category","embeddable":true,"href":"https:\/\/www.grieta.org.mx\/index.php\/wp-json\/wp\/v2\/categories?post=53312"},{"taxonomy":"post_tag","embeddable":true,"href":"https:\/\/www.grieta.org.mx\/index.php\/wp-json\/wp\/v2\/tags?post=53312"}],"curies":[{"name":"wp","href":"https:\/\/api.w.org\/{rel}","templated":true}]}}