{"id":53308,"date":"2020-09-10T19:46:32","date_gmt":"2020-09-11T00:46:32","guid":{"rendered":"http:\/\/www.grieta.org.mx\/?p=53308"},"modified":"2020-09-14T19:55:25","modified_gmt":"2020-09-15T00:55:25","slug":"en-xalapa-y-cordoba-periodistas-protestan-por-el-asesinato-de-su-colega-julio-valdivia-veracruz","status":"publish","type":"post","link":"https:\/\/www.grieta.org.mx\/index.php\/2020\/09\/10\/en-xalapa-y-cordoba-periodistas-protestan-por-el-asesinato-de-su-colega-julio-valdivia-veracruz\/","title":{"rendered":"En Xalapa y C\u00f3rdoba, periodistas protestan por el asesinato de su colega Julio Valdivia (Veracruz)"},"content":{"rendered":"<figure id=\"attachment_53309\" aria-describedby=\"caption-attachment-53309\" style=\"width: 800px\" class=\"wp-caption alignnone\"><img loading=\"lazy\" decoding=\"async\" data-attachment-id=\"53309\" data-permalink=\"https:\/\/www.grieta.org.mx\/index.php\/2020\/09\/10\/en-xalapa-y-cordoba-periodistas-protestan-por-el-asesinato-de-su-colega-julio-valdivia-veracruz\/protesta-periodista-asesinado-veracruz-870x522\/\" data-orig-file=\"https:\/\/www.grieta.org.mx\/wp-content\/uploads\/2020\/09\/protesta-periodista-asesinado-veracruz-870x522-1.jpg\" data-orig-size=\"870,522\" data-comments-opened=\"0\" data-image-meta=\"{&quot;aperture&quot;:&quot;0&quot;,&quot;credit&quot;:&quot;&quot;,&quot;camera&quot;:&quot;&quot;,&quot;caption&quot;:&quot;&quot;,&quot;created_timestamp&quot;:&quot;0&quot;,&quot;copyright&quot;:&quot;&quot;,&quot;focal_length&quot;:&quot;0&quot;,&quot;iso&quot;:&quot;0&quot;,&quot;shutter_speed&quot;:&quot;0&quot;,&quot;title&quot;:&quot;&quot;,&quot;orientation&quot;:&quot;0&quot;}\" data-image-title=\"protesta-periodista-asesinado-veracruz-870&amp;#215;522\" data-image-description=\"\" data-image-caption=\"\" data-medium-file=\"https:\/\/www.grieta.org.mx\/wp-content\/uploads\/2020\/09\/protesta-periodista-asesinado-veracruz-870x522-1-300x180.jpg\" data-large-file=\"https:\/\/www.grieta.org.mx\/wp-content\/uploads\/2020\/09\/protesta-periodista-asesinado-veracruz-870x522-1.jpg\" class=\"wp-image-53309\" src=\"http:\/\/www.grieta.org.mx\/wp-content\/uploads\/2020\/09\/protesta-periodista-asesinado-veracruz-870x522-1.jpg\" alt=\"\" width=\"800\" height=\"480\" srcset=\"https:\/\/www.grieta.org.mx\/wp-content\/uploads\/2020\/09\/protesta-periodista-asesinado-veracruz-870x522-1.jpg 870w, https:\/\/www.grieta.org.mx\/wp-content\/uploads\/2020\/09\/protesta-periodista-asesinado-veracruz-870x522-1-300x180.jpg 300w, https:\/\/www.grieta.org.mx\/wp-content\/uploads\/2020\/09\/protesta-periodista-asesinado-veracruz-870x522-1-768x461.jpg 768w, https:\/\/www.grieta.org.mx\/wp-content\/uploads\/2020\/09\/protesta-periodista-asesinado-veracruz-870x522-1-833x500.jpg 833w\" sizes=\"auto, (max-width: 800px) 100vw, 800px\" \/><figcaption id=\"caption-attachment-53309\" class=\"wp-caption-text\">Protesta de periodistas por el asesinato de su colega Julio Valdivia Rodr\u00edguez, de El Mundo de C\u00f3rdoba. Foto: Especial<\/figcaption><\/figure>\n<p>Noe Zavaleta \/ Proceso<\/p>\n<p>En los z\u00f3calos de ambas localidades, los reporteros colocaron fotograf\u00edas con el rostro de la v\u00edctima y formaron la palabra justicia con las letras de la frase \u201cViva M\u00e9xico\u201d que el gobierno del estado mand\u00f3 colocar en esos lugares.<\/p>\n<p>La Fiscal\u00eda General del estado (FGE) asegur\u00f3 que ya hay \u201cavances\u201d en la investigaci\u00f3n por el asesinato del periodista veracruzano, el tercero en lo que va de esta administraci\u00f3n.<\/p>\n<p>\u201cEn la Coordinaci\u00f3n Estatal para la Construcci\u00f3n de la Paz, la FGE report\u00f3 que los avances respecto al homicidio del corresponsal de un medio en Tezonapa fortalecen una sola l\u00ednea de investigaci\u00f3n; el compromiso ser\u00e1 de dar con todos los responsables\u201d, puntualiz\u00f3 el gobernador Cuitl\u00e1huac Garc\u00eda Jim\u00e9nez.<\/p>\n<p>Seg\u00fan diversas notas informativas, el cad\u00e1ver decapitado de Valdivia, con dos impactos de bala y signos de violencia, fue localizado cerca de las v\u00edas del ferrocarril, entre las comunidades de Motzorongo y Para\u00edso, en el municipio de Tezonapa, Veracruz.<br \/>\nDe acuerdo con sus colegas, el reportero hab\u00eda recibido amenazas previas, sin embargo, la Comisi\u00f3n Estatal de Atenci\u00f3n y Protecci\u00f3n de Periodista (CEAPP) asegur\u00f3 que jam\u00e1s pidi\u00f3 ayuda a ese \u00f3rgano.<\/p>\n<p><img loading=\"lazy\" decoding=\"async\" data-attachment-id=\"53310\" data-permalink=\"https:\/\/www.grieta.org.mx\/index.php\/2020\/09\/10\/en-xalapa-y-cordoba-periodistas-protestan-por-el-asesinato-de-su-colega-julio-valdivia-veracruz\/periodista-protesta-veracruz\/\" data-orig-file=\"https:\/\/www.grieta.org.mx\/wp-content\/uploads\/2020\/09\/periodista-protesta-veracruz.jpg\" data-orig-size=\"1200,761\" data-comments-opened=\"0\" data-image-meta=\"{&quot;aperture&quot;:&quot;0&quot;,&quot;credit&quot;:&quot;&quot;,&quot;camera&quot;:&quot;&quot;,&quot;caption&quot;:&quot;&quot;,&quot;created_timestamp&quot;:&quot;0&quot;,&quot;copyright&quot;:&quot;&quot;,&quot;focal_length&quot;:&quot;0&quot;,&quot;iso&quot;:&quot;0&quot;,&quot;shutter_speed&quot;:&quot;0&quot;,&quot;title&quot;:&quot;&quot;,&quot;orientation&quot;:&quot;0&quot;}\" data-image-title=\"periodista-protesta-veracruz\" data-image-description=\"\" data-image-caption=\"\" data-medium-file=\"https:\/\/www.grieta.org.mx\/wp-content\/uploads\/2020\/09\/periodista-protesta-veracruz-300x190.jpg\" data-large-file=\"https:\/\/www.grieta.org.mx\/wp-content\/uploads\/2020\/09\/periodista-protesta-veracruz-1024x649.jpg\" class=\"alignnone wp-image-53310\" src=\"http:\/\/www.grieta.org.mx\/wp-content\/uploads\/2020\/09\/periodista-protesta-veracruz.jpg\" alt=\"\" width=\"800\" height=\"507\" srcset=\"https:\/\/www.grieta.org.mx\/wp-content\/uploads\/2020\/09\/periodista-protesta-veracruz.jpg 1200w, https:\/\/www.grieta.org.mx\/wp-content\/uploads\/2020\/09\/periodista-protesta-veracruz-300x190.jpg 300w, https:\/\/www.grieta.org.mx\/wp-content\/uploads\/2020\/09\/periodista-protesta-veracruz-1024x649.jpg 1024w, https:\/\/www.grieta.org.mx\/wp-content\/uploads\/2020\/09\/periodista-protesta-veracruz-768x487.jpg 768w, https:\/\/www.grieta.org.mx\/wp-content\/uploads\/2020\/09\/periodista-protesta-veracruz-788x500.jpg 788w\" sizes=\"auto, (max-width: 800px) 100vw, 800px\" \/><\/p>\n<p>La Red Veracruzana de Periodistas (RVdP) conden\u00f3 el crimen de Julio Valdivia y exigi\u00f3 a la FGE que a la brevedad entregue resultados de la indagatoria.<\/p>\n<p>Tambi\u00e9n la Comisi\u00f3n Nacional de los Derechos Humanos (CNDH) reprob\u00f3 el homicidio y demand\u00f3 a las autoridades de procuraci\u00f3n de justicia que investiguen de manera exhaustiva los hechos, con especial atenci\u00f3n en la posible relaci\u00f3n de la actividad period\u00edstica de Valdivia.<\/p>\n<p>El organismo reiter\u00f3 su preocupaci\u00f3n por la ausencia de acciones y estrategias coordinadas de las instancias de los tres \u00f3rdenes de gobierno del Estado mexicano, tendentes a garantizar la vida, seguridad e integridad personal de las y los periodistas, pues dichas agresiones \u2013apunt\u00f3\u2013 constituyen un obst\u00e1culo e inhiben el pleno ejercicio del derecho a la libertad de expresi\u00f3n en nuestro pa\u00eds.<\/p>\n<p>De su lado, la Oficina en M\u00e9xico del Alto Comisionado de las Naciones Unidas para los Derechos Humanos (ONU-DH) llam\u00f3 a las autoridades a investigar el crimen del corresponsal de El Mundo de conformidad con los est\u00e1ndares de debida diligencia, para que no quede impune.<\/p>\n<p>La investigaci\u00f3n exhaustiva de estos hechos, subray\u00f3, requiere agotar todas las posibles l\u00edneas de investigaci\u00f3n, incluida la posible vinculaci\u00f3n con la actividad period\u00edstica de la v\u00edctima.<\/p>\n<p>Con ese homicidio suman 163 periodistas asesinados desde 2000 a la fecha en el pa\u00eds. <\/p>\n<p>En la \u00faltima d\u00e9cada, 25 comunicadores han sido ejecutados en la entidad. En el sexenio del priista Javier Duarte fueron privados de la vida la corresponsal de Proceso en Veracruz, Regina Mart\u00ednez, y el fotoperiodista Rub\u00e9n Espinosa. Ambos cr\u00edmenes contin\u00faan impunes.<\/p>\n<p>En marzo pasado tambi\u00e9n fue asesinada a balazos, en Papantla, la periodista del Diario de Xalapa y el Sol de M\u00e9xico, Mar\u00eda Elena Ferral. Poco antes, en agosto de 2019, fue ejecutado el corresponsal de El Gr\u00e1fico de Xalapa, Celestino Ruiz.<\/p>\n<p>Sobre el caso de Mar\u00eda Elena Ferral, su hija, Fernanda Ferral, dio hoy una rueda de prensa para exigir que se agilicen las investigaciones, pues el artero homicidio \u2013dijo\u2013 parece haber quedado en el olvido y en total impunidad.<\/p>\n<p>Fernanda Ferral lament\u00f3 que a seis meses del crimen de su madre contin\u00faan las amenazas en su contra, desde el anonimato. Ferral, quien tambi\u00e9n ejerce el periodismo a trav\u00e9s del medio digital \u201cQuinto Poder\u201d, se\u00f1al\u00f3 que tanto la CEAPP como la FGE ya le retiraron las medidas cautelares y de protecci\u00f3n, s\u00f3lo cuenta con las de la Comisi\u00f3n Ejecutiva de Atenci\u00f3n a V\u00edctimas (CEAV).<\/p>\n<p><a href=\"https:\/\/www.proceso.com.mx\/647636\/en-xalapa-y-cordoba-periodistas-protestan-por-el-asesinato-de-su-colega-julio-valdivia\" rel=\"noopener noreferrer\" target=\"_blank\">https:\/\/www.proceso.com.mx\/647636\/en-xalapa-y-cordoba-periodistas-protestan-por-el-asesinato-de-su-colega-julio-valdivia<\/a><\/p>\n","protected":false},"excerpt":{"rendered":"<p>Noe Zavaleta \/ Proceso En los z\u00f3calos de ambas localidades, los reporteros colocaron fotograf\u00edas con el rostro de la v\u00edctima y formaron la palabra justicia con las letras de la &hellip; <a href=\"https:\/\/www.grieta.org.mx\/index.php\/2020\/09\/10\/en-xalapa-y-cordoba-periodistas-protestan-por-el-asesinato-de-su-colega-julio-valdivia-veracruz\/\" class=\"more-link\">Leer m\u00e1s<\/a><\/p>\n","protected":false},"author":2,"featured_media":53309,"comment_status":"closed","ping_status":"closed","sticky":false,"template":"","format":"standard","meta":{"ngg_post_thumbnail":0,"_jetpack_newsletter_access":"","_jetpack_dont_email_post_to_subs":false,"_jetpack_newsletter_tier_id":0,"_jetpack_memberships_contains_paywalled_content":false,"_jetpack_memberships_contains_paid_content":false,"footnotes":""},"categories":[80,2,83,35,88,1221],"tags":[1180,2324],"class_list":["post-53308","post","type-post","status-publish","format-standard","has-post-thumbnail","hentry","category-cintillo","category-noticias-nacionales","category-temas-nacionales","category-veracruz","category-violencia-contra-periodistas","category-violencia-contra-periodistas-en-veracruz","tag-asesinato-de-periodistas","tag-protestas-contra-asesinato-deperiodistas","entry"],"jetpack_featured_media_url":"https:\/\/www.grieta.org.mx\/wp-content\/uploads\/2020\/09\/protesta-periodista-asesinado-veracruz-870x522-1.jpg","jetpack_sharing_enabled":true,"jetpack_shortlink":"https:\/\/wp.me\/p7ZJR4-dRO","jetpack_likes_enabled":false,"jetpack-related-posts":[{"id":47373,"url":"https:\/\/www.grieta.org.mx\/index.php\/2020\/03\/31\/exigen-un-alto-a-violencia-contra-periodistas-tras-asesinato-en-veracruz-video\/","url_meta":{"origin":53308,"position":0},"title":"Exigen un alto a violencia contra periodistas tras asesinato en Veracruz | Video","author":"Admin","date":"31 marzo, 2020","format":false,"excerpt":"Redacci\u00f3n \/ Aristegui Noticias El periodista \u00c9dgar Escamilla informa que Mar\u00eda Elena Ferral ten\u00eda 30 a\u00f1os informando en los municipios de la zona totonaca, donde se dedic\u00f3 a la cobertura de las manifestaciones y exigencias que se registraban en la zona. Informa desde la protesta por el asesinato de la\u2026","rel":"","context":"En &quot;CINTILLO&quot;","block_context":{"text":"CINTILLO","link":"https:\/\/www.grieta.org.mx\/index.php\/category\/cintillo\/"},"img":{"alt_text":"","src":"https:\/\/i0.wp.com\/www.grieta.org.mx\/wp-content\/uploads\/2020\/04\/Screenshot_2020-04-07-Exigen-un-alto-a-violencia-contra-periodistas-tras-asesinato-en-Veracruz-Video.png?resize=350%2C200&ssl=1","width":350,"height":200,"srcset":"https:\/\/i0.wp.com\/www.grieta.org.mx\/wp-content\/uploads\/2020\/04\/Screenshot_2020-04-07-Exigen-un-alto-a-violencia-contra-periodistas-tras-asesinato-en-Veracruz-Video.png?resize=350%2C200&ssl=1 1x, https:\/\/i0.wp.com\/www.grieta.org.mx\/wp-content\/uploads\/2020\/04\/Screenshot_2020-04-07-Exigen-un-alto-a-violencia-contra-periodistas-tras-asesinato-en-Veracruz-Video.png?resize=525%2C300&ssl=1 1.5x"},"classes":[]},{"id":38366,"url":"https:\/\/www.grieta.org.mx\/index.php\/2019\/08\/26\/mas-de-100-periodistas-exigen-justicia-y-garantias-de-seguridad-tras-asesinato-de-un-colega-en-el-edomex\/","url_meta":{"origin":53308,"position":1},"title":"M\u00e1s de 100 periodistas exigen justicia y garant\u00edas de seguridad tras asesinato de un colega en el Edomex","author":"grieta","date":"26 agosto, 2019","format":false,"excerpt":"Redacci\u00f3n\/Proceso CIUDAD DE M\u00c9XICO (apro). \u2013 A trav\u00e9s de una carta, un grupo de 120 periodistas conden\u00f3 el asesinato de su colega Nevith Cond\u00e9s Jaramillo en el Estado de M\u00e9xico y exigieron a las autoridades locales y federales justicia por este caso, as\u00ed como establecer mecanismos que garanticen el libre\u2026","rel":"","context":"En &quot;CINTILLO&quot;","block_context":{"text":"CINTILLO","link":"https:\/\/www.grieta.org.mx\/index.php\/category\/cintillo\/"},"img":{"alt_text":"","src":"https:\/\/i0.wp.com\/www.grieta.org.mx\/wp-content\/uploads\/2019\/08\/Nevith-870x522.jpg?resize=350%2C200&ssl=1","width":350,"height":200,"srcset":"https:\/\/i0.wp.com\/www.grieta.org.mx\/wp-content\/uploads\/2019\/08\/Nevith-870x522.jpg?resize=350%2C200&ssl=1 1x, https:\/\/i0.wp.com\/www.grieta.org.mx\/wp-content\/uploads\/2019\/08\/Nevith-870x522.jpg?resize=525%2C300&ssl=1 1.5x, https:\/\/i0.wp.com\/www.grieta.org.mx\/wp-content\/uploads\/2019\/08\/Nevith-870x522.jpg?resize=700%2C400&ssl=1 2x"},"classes":[]},{"id":53396,"url":"https:\/\/www.grieta.org.mx\/index.php\/2020\/09\/10\/asesinado-un-periodista-que-escribia-de-crimen-en-mexico-veracruz\/","url_meta":{"origin":53308,"position":2},"title":"Asesinado un periodista que escrib\u00eda de crimen en M\u00e9xico (Veracruz)","author":"grieta","date":"10 septiembre, 2020","format":false,"excerpt":"Redacci\u00f3n \/ Telemundo Javier Valdivia, padre de familia de Veracruz con una trayectoria de dos d\u00e9cadas en el periodismo, es ahora parte de uno de los muchos saldos sangrientos de M\u00e9xico: es por lo menos el cuarto reportero mexicano asesinado en lo que va del a\u00f1o. El cuerpo de Valdivia\u2026","rel":"","context":"En &quot;CINTILLO&quot;","block_context":{"text":"CINTILLO","link":"https:\/\/www.grieta.org.mx\/index.php\/category\/cintillo\/"},"img":{"alt_text":"","src":"https:\/\/i0.wp.com\/www.grieta.org.mx\/wp-content\/uploads\/2020\/09\/periodistas-asesinados-mexico.jpg?resize=350%2C200&ssl=1","width":350,"height":200,"srcset":"https:\/\/i0.wp.com\/www.grieta.org.mx\/wp-content\/uploads\/2020\/09\/periodistas-asesinados-mexico.jpg?resize=350%2C200&ssl=1 1x, https:\/\/i0.wp.com\/www.grieta.org.mx\/wp-content\/uploads\/2020\/09\/periodistas-asesinados-mexico.jpg?resize=525%2C300&ssl=1 1.5x, https:\/\/i0.wp.com\/www.grieta.org.mx\/wp-content\/uploads\/2020\/09\/periodistas-asesinados-mexico.jpg?resize=700%2C400&ssl=1 2x, https:\/\/i0.wp.com\/www.grieta.org.mx\/wp-content\/uploads\/2020\/09\/periodistas-asesinados-mexico.jpg?resize=1050%2C600&ssl=1 3x"},"classes":[]},{"id":63254,"url":"https:\/\/www.grieta.org.mx\/index.php\/2022\/01\/26\/video-asi-es-el-ya-basta-de-periodistas-en-veracruz-tras-asesinatos\/","url_meta":{"origin":53308,"position":3},"title":"[Video] As\u00ed es el ya basta de periodistas en Veracruz, tras asesinatos","author":"grieta","date":"26 enero, 2022","format":false,"excerpt":"Guadalupe Castillo \/ El Sol de C\u00f3rdoba C\u00f3rdoba, Ver. - La investigaci\u00f3n y la verdad se han visto manchados de sangre al ultimar a periodistas por hacer su trabajo diario, esta tarde periodistas libres de la ciudad de C\u00f3rdoba se suma a la manifestaci\u00f3n a nivel nacional por los 3\u2026","rel":"","context":"En &quot;CINTILLO&quot;","block_context":{"text":"CINTILLO","link":"https:\/\/www.grieta.org.mx\/index.php\/category\/cintillo\/"},"img":{"alt_text":"","src":"https:\/\/i0.wp.com\/www.grieta.org.mx\/wp-content\/uploads\/2022\/01\/Screenshot-2022-01-31-at-10-56-08-Video-Asi-es-el-ya-basta-de-periodistas-en-Veracruz-tras-asesinatos.png?resize=350%2C200&ssl=1","width":350,"height":200,"srcset":"https:\/\/i0.wp.com\/www.grieta.org.mx\/wp-content\/uploads\/2022\/01\/Screenshot-2022-01-31-at-10-56-08-Video-Asi-es-el-ya-basta-de-periodistas-en-Veracruz-tras-asesinatos.png?resize=350%2C200&ssl=1 1x, https:\/\/i0.wp.com\/www.grieta.org.mx\/wp-content\/uploads\/2022\/01\/Screenshot-2022-01-31-at-10-56-08-Video-Asi-es-el-ya-basta-de-periodistas-en-Veracruz-tras-asesinatos.png?resize=525%2C300&ssl=1 1.5x, https:\/\/i0.wp.com\/www.grieta.org.mx\/wp-content\/uploads\/2022\/01\/Screenshot-2022-01-31-at-10-56-08-Video-Asi-es-el-ya-basta-de-periodistas-en-Veracruz-tras-asesinatos.png?resize=700%2C400&ssl=1 2x"},"classes":[]},{"id":37544,"url":"https:\/\/www.grieta.org.mx\/index.php\/2019\/08\/04\/periodistas-se-manifiestan-en-veracruz\/","url_meta":{"origin":53308,"position":4},"title":"Periodistas se manifiestan en Veracruz","author":"grieta","date":"4 agosto, 2019","format":false,"excerpt":"Redacci\u00f3n \/ El Horizonte Periodistas llevaban se pod\u00edan leer mensajes como \"Somos prensa, no disparen\", \"La verdad no se mata matando periodistas\" y \"Ni uno m\u00e1s\" Periodistas de esta ciudad y del municipio de Acayucan protestaron este s\u00e1bado luego del asesinato de Jorge Ruiz V\u00e1zquez, reportero del diario Gr\u00e1fico de\u2026","rel":"","context":"En &quot;CINTILLO&quot;","block_context":{"text":"CINTILLO","link":"https:\/\/www.grieta.org.mx\/index.php\/category\/cintillo\/"},"img":{"alt_text":"","src":"https:\/\/i0.wp.com\/www.grieta.org.mx\/wp-content\/uploads\/2019\/08\/Screenshot_2019-08-07-Periodistas-se-manifiestan-en-Veracruz.png?resize=350%2C200&ssl=1","width":350,"height":200,"srcset":"https:\/\/i0.wp.com\/www.grieta.org.mx\/wp-content\/uploads\/2019\/08\/Screenshot_2019-08-07-Periodistas-se-manifiestan-en-Veracruz.png?resize=350%2C200&ssl=1 1x, https:\/\/i0.wp.com\/www.grieta.org.mx\/wp-content\/uploads\/2019\/08\/Screenshot_2019-08-07-Periodistas-se-manifiestan-en-Veracruz.png?resize=525%2C300&ssl=1 1.5x, https:\/\/i0.wp.com\/www.grieta.org.mx\/wp-content\/uploads\/2019\/08\/Screenshot_2019-08-07-Periodistas-se-manifiestan-en-Veracruz.png?resize=700%2C400&ssl=1 2x"},"classes":[]},{"id":28272,"url":"https:\/\/www.grieta.org.mx\/index.php\/2018\/11\/12\/reclama-colectivo-a-yunes-por-asesinato-de-hijo-de-periodista-veracruzano\/","url_meta":{"origin":53308,"position":5},"title":"Reclama Colectivo a Yunes por asesinato de hijo de periodista veracruzano","author":"grieta","date":"12 noviembre, 2018","format":false,"excerpt":"Eduardo Andrade \/ El Dictamen Integrantes del Colectivo Nacional Alerta Temprana de Periodistas & Activistas, expresaron su repudio al actuar del gobernador ante el crimen del hijo de Cecilio Baltazar Integrantes del Colectivo Nacional Alerta Temprana de Periodistas & Activistas, expresaron su repudio al actuar del gobernador de Veracruz, Miguel\u2026","rel":"","context":"En &quot;NOTICIAS NACIONALES&quot;","block_context":{"text":"NOTICIAS NACIONALES","link":"https:\/\/www.grieta.org.mx\/index.php\/category\/noticias-nacionales\/"},"img":{"alt_text":"","src":"https:\/\/i0.wp.com\/www.grieta.org.mx\/wp-content\/uploads\/2019\/01\/muerto-2-1.jpg?resize=350%2C200&ssl=1","width":350,"height":200,"srcset":"https:\/\/i0.wp.com\/www.grieta.org.mx\/wp-content\/uploads\/2019\/01\/muerto-2-1.jpg?resize=350%2C200&ssl=1 1x, https:\/\/i0.wp.com\/www.grieta.org.mx\/wp-content\/uploads\/2019\/01\/muerto-2-1.jpg?resize=525%2C300&ssl=1 1.5x, https:\/\/i0.wp.com\/www.grieta.org.mx\/wp-content\/uploads\/2019\/01\/muerto-2-1.jpg?resize=700%2C400&ssl=1 2x"},"classes":[]}],"_links":{"self":[{"href":"https:\/\/www.grieta.org.mx\/index.php\/wp-json\/wp\/v2\/posts\/53308","targetHints":{"allow":["GET"]}}],"collection":[{"href":"https:\/\/www.grieta.org.mx\/index.php\/wp-json\/wp\/v2\/posts"}],"about":[{"href":"https:\/\/www.grieta.org.mx\/index.php\/wp-json\/wp\/v2\/types\/post"}],"author":[{"embeddable":true,"href":"https:\/\/www.grieta.org.mx\/index.php\/wp-json\/wp\/v2\/users\/2"}],"replies":[{"embeddable":true,"href":"https:\/\/www.grieta.org.mx\/index.php\/wp-json\/wp\/v2\/comments?post=53308"}],"version-history":[{"count":1,"href":"https:\/\/www.grieta.org.mx\/index.php\/wp-json\/wp\/v2\/posts\/53308\/revisions"}],"predecessor-version":[{"id":53311,"href":"https:\/\/www.grieta.org.mx\/index.php\/wp-json\/wp\/v2\/posts\/53308\/revisions\/53311"}],"wp:featuredmedia":[{"embeddable":true,"href":"https:\/\/www.grieta.org.mx\/index.php\/wp-json\/wp\/v2\/media\/53309"}],"wp:attachment":[{"href":"https:\/\/www.grieta.org.mx\/index.php\/wp-json\/wp\/v2\/media?parent=53308"}],"wp:term":[{"taxonomy":"category","embeddable":true,"href":"https:\/\/www.grieta.org.mx\/index.php\/wp-json\/wp\/v2\/categories?post=53308"},{"taxonomy":"post_tag","embeddable":true,"href":"https:\/\/www.grieta.org.mx\/index.php\/wp-json\/wp\/v2\/tags?post=53308"}],"curies":[{"name":"wp","href":"https:\/\/api.w.org\/{rel}","templated":true}]}}