{"id":53304,"date":"2020-09-14T17:57:37","date_gmt":"2020-09-14T22:57:37","guid":{"rendered":"http:\/\/www.grieta.org.mx\/?p=53304"},"modified":"2020-09-14T17:58:17","modified_gmt":"2020-09-14T22:58:17","slug":"comunicado-del-cni-cig-ante-los-hechos-ocurridos-en-tila-chiapas","status":"publish","type":"post","link":"https:\/\/www.grieta.org.mx\/index.php\/2020\/09\/14\/comunicado-del-cni-cig-ante-los-hechos-ocurridos-en-tila-chiapas\/","title":{"rendered":"Comunicado del CNI-CIG ante los hechos ocurridos en Tila, Chiapas."},"content":{"rendered":"<p><img loading=\"lazy\" decoding=\"async\" data-attachment-id=\"53305\" data-permalink=\"https:\/\/www.grieta.org.mx\/index.php\/2020\/09\/14\/comunicado-del-cni-cig-ante-los-hechos-ocurridos-en-tila-chiapas\/logo-cni-to-7\/\" data-orig-file=\"https:\/\/www.grieta.org.mx\/wp-content\/uploads\/2020\/09\/logo-CNI-To.png\" data-orig-size=\"558,303\" data-comments-opened=\"0\" data-image-meta=\"{&quot;aperture&quot;:&quot;0&quot;,&quot;credit&quot;:&quot;&quot;,&quot;camera&quot;:&quot;&quot;,&quot;caption&quot;:&quot;&quot;,&quot;created_timestamp&quot;:&quot;0&quot;,&quot;copyright&quot;:&quot;&quot;,&quot;focal_length&quot;:&quot;0&quot;,&quot;iso&quot;:&quot;0&quot;,&quot;shutter_speed&quot;:&quot;0&quot;,&quot;title&quot;:&quot;&quot;,&quot;orientation&quot;:&quot;0&quot;}\" data-image-title=\"logo-CNI-To\" data-image-description=\"\" data-image-caption=\"\" data-medium-file=\"https:\/\/www.grieta.org.mx\/wp-content\/uploads\/2020\/09\/logo-CNI-To-300x163.png\" data-large-file=\"https:\/\/www.grieta.org.mx\/wp-content\/uploads\/2020\/09\/logo-CNI-To.png\" class=\"alignnone  wp-image-53305\" src=\"http:\/\/www.grieta.org.mx\/wp-content\/uploads\/2020\/09\/logo-CNI-To.png\" alt=\"\" width=\"652\" height=\"354\" srcset=\"https:\/\/www.grieta.org.mx\/wp-content\/uploads\/2020\/09\/logo-CNI-To.png 558w, https:\/\/www.grieta.org.mx\/wp-content\/uploads\/2020\/09\/logo-CNI-To-300x163.png 300w\" sizes=\"auto, (max-width: 652px) 100vw, 652px\" \/><\/p>\n<p>Al pueblo de M\u00e9xico<\/p>\n<p>A los pueblos del mundo<\/p>\n<p>A la Sexta Nacional e Internacional<\/p>\n<p>A los medios de comunicaci\u00f3n<\/p>\n<p>&nbsp;<\/p>\n<p>Con dolor y rabia denunciamos el cobarde ataque en el que fue asesinado el compa\u00f1ero Pedro Alejandro Jim\u00e9nez P\u00e9rez, del ejido Tila, Chiapas el pasado d\u00eda 11 de septiembre, cuando el grupo paramilitar Paz y Justicia junto con personas allegadas al Ayuntamiento municipal, atacaron con armas de grueso calibre a la poblaci\u00f3n de Tila que, por acuerdo de la asamblea general, se dirig\u00eda a liberar los bloqueos que estos grupos hab\u00edan instalado en los accesos a la cabecera del ejido para cercar a nuestro pueblo, donde los paramilitares hab\u00edan destruido un port\u00f3n de seguridad el pasado 25 de agosto.<\/p>\n<p>Adem\u00e1s de ser asesinado el compa\u00f1ero Pedro Alejandro, en dicho ataque resultaron heridos por armas de fuego Medardo P\u00e9rez Jim\u00e9nez, \u00c1ngel V\u00e1zquez Ram\u00edrez y Jaime Lugo P\u00e9rez.<\/p>\n<p>Denunciamos que el jefe paramilitar Arturo S\u00e1nchez S\u00e1nchez, su hijo Francisco Arturo S\u00e1nchez Mart\u00ednez, junto con el presidente municipal Limber Gregorio Guti\u00e9rrez G\u00f3mez, se han dedicado a fortalecer y promover la acci\u00f3n de grupos armados para acabar con la autonom\u00eda del ejido Tila y despojarlo de un supuesto fundo legal para poner su centro de corrupci\u00f3n y pudrici\u00f3n y abrir la puerta al control narco paramilitar.<\/p>\n<p>Mediante el despojo territorial y con el apoyo de los tres niveles del mal gobierno, quisieran acabar con la autonom\u00eda que tanto ha costado al pueblo chol de Tila, el cual es y ser\u00e1 reconocido plenamente por el Congreso Nacional Ind\u00edgena y el Concejo Ind\u00edgena de Gobierno.<\/p>\n<p>Estos ataques, se enmarcan en el incremento de la actividad de grupos armados y la proliferaci\u00f3n de paramilitares en torno a las comunidades que conforman el Congreso Nacional Ind\u00edgena en Chiapas y las bases de apoyo del Ej\u00e9rcito Zapatista de Liberaci\u00f3n Nacional, que intentan cercar, aterrorizar, desplazar y desmantelar a los pueblos organizados.<\/p>\n<p>El partido Morena-Verde-PRI, que es uno solo, se ha dedicado a apoyar la violencia, a querer sembrar la divisi\u00f3n, a armar a los enemigos del pueblo y a anunciar, con sus cobardes ataques, la agudizaci\u00f3n de la guerra; que tiene por objeto acabar con la vida colectiva de los pueblos, con la digna resistencia que protege a nuestra madre tierra y, como CNI-CIG, actuaremos en consecuencia y solidaridad al ejido Tila.<\/p>\n<p>Denunciamos la c\u00ednica complicidad del gobierno del estado y el gobierno federal, quienes son responsables de la violencia que crece, y llamamos a al pueblo de M\u00e9xico, a los pueblos del mundo a alzar la voz para parar la tragedia que se avecina.<\/p>\n<p>&nbsp;<\/p>\n<p style=\"text-align: center;\">Atentamente<\/p>\n<p style=\"text-align: center;\">Septiembre de 2020<\/p>\n<p style=\"text-align: center;\">Por la Reconstituci\u00f3n Integral de Nuestros Pueblos<\/p>\n<p style=\"text-align: center;\">Nunca M\u00e1s un M\u00e9xico Sin Nosotros<\/p>\n<p style=\"text-align: center;\">Congreso Nacional Ind\u00edgena- Concejo Ind\u00edgena de Gobierno<\/p>\n","protected":false},"excerpt":{"rendered":"<p>Al pueblo de M\u00e9xico A los pueblos del mundo A la Sexta Nacional e Internacional A los medios de comunicaci\u00f3n &nbsp; Con dolor y rabia denunciamos el cobarde ataque en &hellip; <a href=\"https:\/\/www.grieta.org.mx\/index.php\/2020\/09\/14\/comunicado-del-cni-cig-ante-los-hechos-ocurridos-en-tila-chiapas\/\" class=\"more-link\">Leer m\u00e1s<\/a><\/p>\n","protected":false},"author":2,"featured_media":53305,"comment_status":"closed","ping_status":"closed","sticky":false,"template":"","format":"standard","meta":{"ngg_post_thumbnail":0,"_jetpack_newsletter_access":"","_jetpack_dont_email_post_to_subs":false,"_jetpack_newsletter_tier_id":0,"_jetpack_memberships_contains_paywalled_content":false,"_jetpack_memberships_contains_paid_content":false,"footnotes":""},"categories":[80,79,921],"tags":[3237],"class_list":["post-53304","post","type-post","status-publish","format-standard","has-post-thumbnail","hentry","category-cintillo","category-cni","category-comunicados","tag-cni-cig","entry"],"jetpack_featured_media_url":"https:\/\/www.grieta.org.mx\/wp-content\/uploads\/2020\/09\/logo-CNI-To.png","jetpack_sharing_enabled":true,"jetpack_shortlink":"https:\/\/wp.me\/p7ZJR4-dRK","jetpack_likes_enabled":false,"jetpack-related-posts":[{"id":42461,"url":"https:\/\/www.grieta.org.mx\/index.php\/2019\/12\/23\/la-lucha-que-ahora-estamos-haciendo-es-por-la-vida-foro-ezln-cni-cig\/","url_meta":{"origin":53304,"position":0},"title":"\u201cLa lucha que ahora estamos haciendo es por la vida\u201d, Foro EZLN CNI-CIG","author":"grieta","date":"23 diciembre, 2019","format":false,"excerpt":"Radio Pozol \/ Foto e informaci\u00f3n: CNI San Crist\u00f3bal de las Casas, Chiapas. 21 de diciembre. \u201cNosotros como Ejido Tila, estamos en defensa de tierra y territorio y en camino de la autonom\u00eda y autogobierno, a pesar del constante acoso, represi\u00f3n y sabotaje legal del mal gobierno. Creemos lo que\u2026","rel":"","context":"En &quot;CINTILLO&quot;","block_context":{"text":"CINTILLO","link":"https:\/\/www.grieta.org.mx\/index.php\/category\/cintillo\/"},"img":{"alt_text":"","src":"https:\/\/i0.wp.com\/www.grieta.org.mx\/wp-content\/uploads\/2019\/12\/A-2.jpg?resize=350%2C200&ssl=1","width":350,"height":200,"srcset":"https:\/\/i0.wp.com\/www.grieta.org.mx\/wp-content\/uploads\/2019\/12\/A-2.jpg?resize=350%2C200&ssl=1 1x, https:\/\/i0.wp.com\/www.grieta.org.mx\/wp-content\/uploads\/2019\/12\/A-2.jpg?resize=525%2C300&ssl=1 1.5x, https:\/\/i0.wp.com\/www.grieta.org.mx\/wp-content\/uploads\/2019\/12\/A-2.jpg?resize=700%2C400&ssl=1 2x"},"classes":[]},{"id":68320,"url":"https:\/\/www.grieta.org.mx\/index.php\/2024\/01\/13\/el-cni-publica-denuncia-del-ejido-tila-ante-los-asesinatos-en-el-ejido-tila\/","url_meta":{"origin":53304,"position":1},"title":"EL CNI PUBLICA DENUNCIA DEL EJIDO TILA ANTE LOS ASESINATOS EN EL EJIDO TILA","author":"grieta","date":"13 enero, 2024","format":false,"excerpt":"Denuncia publicada en la p\u00e1gina del Congreso Nacional Ind\u00edgena Ejido Tila, Chiapas, M\u00e9xico; a 13 de enero de 2024 Denuncia publica A la opini\u00f3n publica A los derechos humanos nacional e internacional no gubernamental A los pueblos originarios en defensa de la tierra el territorio y la vida A los\u2026","rel":"","context":"En &quot;CINTILLO&quot;","block_context":{"text":"CINTILLO","link":"https:\/\/www.grieta.org.mx\/index.php\/category\/cintillo\/"},"img":{"alt_text":"","src":"https:\/\/i0.wp.com\/www.grieta.org.mx\/wp-content\/uploads\/2024\/01\/CNI_nuncamas.jpg?resize=350%2C200&ssl=1","width":350,"height":200,"srcset":"https:\/\/i0.wp.com\/www.grieta.org.mx\/wp-content\/uploads\/2024\/01\/CNI_nuncamas.jpg?resize=350%2C200&ssl=1 1x, https:\/\/i0.wp.com\/www.grieta.org.mx\/wp-content\/uploads\/2024\/01\/CNI_nuncamas.jpg?resize=525%2C300&ssl=1 1.5x"},"classes":[]},{"id":18898,"url":"https:\/\/www.grieta.org.mx\/index.php\/2016\/08\/05\/congreso-nacional-indigena-repudia-energicamente-el-hostigamiento-que-esta-sufriendo-la-comunidad-chol-del-ejido-tila-en-chiapas\/","url_meta":{"origin":53304,"position":2},"title":"Congreso Nacional Ind\u00edgena repudia en\u00e9rgicamente el hostigamiento que est\u00e1 sufriendo la comunidad Chol del ejido Tila en Chiapas","author":"grieta","date":"5 agosto, 2016","format":false,"excerpt":"A los pueblos del mundo A la Sexta Nacional e Internacional A los medios libres de comunicaci\u00f3n. Los pueblos, naciones, barrios y tribus que conformamos el Congreso Nacional Ind\u00edgena, repudiamos en\u00e9rgicamente el hostigamiento que est\u00e1 sufriendo la comunidad Chol del ejido Tila, en el estado de Chiapas, resaltando la provocaci\u00f3n\u2026","rel":"","context":"En &quot;CINTILLO&quot;","block_context":{"text":"CINTILLO","link":"https:\/\/www.grieta.org.mx\/index.php\/category\/cintillo\/"},"img":{"alt_text":"","src":"https:\/\/i0.wp.com\/www.grieta.org.mx\/wp-content\/uploads\/2018\/03\/14524434_1106112876131411_958039263622046936_o.jpg?resize=350%2C200&ssl=1","width":350,"height":200,"srcset":"https:\/\/i0.wp.com\/www.grieta.org.mx\/wp-content\/uploads\/2018\/03\/14524434_1106112876131411_958039263622046936_o.jpg?resize=350%2C200&ssl=1 1x, https:\/\/i0.wp.com\/www.grieta.org.mx\/wp-content\/uploads\/2018\/03\/14524434_1106112876131411_958039263622046936_o.jpg?resize=525%2C300&ssl=1 1.5x, https:\/\/i0.wp.com\/www.grieta.org.mx\/wp-content\/uploads\/2018\/03\/14524434_1106112876131411_958039263622046936_o.jpg?resize=700%2C400&ssl=1 2x"},"classes":[]},{"id":3433,"url":"https:\/\/www.grieta.org.mx\/index.php\/2015\/12\/20\/frente-a-la-tormenta-que-se-avecina\/","url_meta":{"origin":53304,"position":3},"title":"Frente a la tormenta que se avecina","author":"grieta","date":"20 diciembre, 2015","format":false,"excerpt":"A los Pueblos, Naciones, Tribus y Barrios que integran el Congreso Nacional Ind\u00edgena; A la Sexta Nacional e Internacional A los pueblos de M\u00e9xico y el Mundo Frente a la tormenta que se avecina Este 16 de diciembre nuestros hermanas y hermanos del pueblo ch\u2019ol del Ejido Tila, en la\u2026","rel":"","context":"En &quot;CNI&quot;","block_context":{"text":"CNI","link":"https:\/\/www.grieta.org.mx\/index.php\/category\/cni\/"},"img":{"alt_text":"","src":"https:\/\/i0.wp.com\/www.grieta.org.mx\/wp-content\/uploads\/2018\/03\/14524434_1106112876131411_958039263622046936_o.jpg?resize=350%2C200&ssl=1","width":350,"height":200,"srcset":"https:\/\/i0.wp.com\/www.grieta.org.mx\/wp-content\/uploads\/2018\/03\/14524434_1106112876131411_958039263622046936_o.jpg?resize=350%2C200&ssl=1 1x, https:\/\/i0.wp.com\/www.grieta.org.mx\/wp-content\/uploads\/2018\/03\/14524434_1106112876131411_958039263622046936_o.jpg?resize=525%2C300&ssl=1 1.5x, https:\/\/i0.wp.com\/www.grieta.org.mx\/wp-content\/uploads\/2018\/03\/14524434_1106112876131411_958039263622046936_o.jpg?resize=700%2C400&ssl=1 2x"},"classes":[]},{"id":27703,"url":"https:\/\/www.grieta.org.mx\/index.php\/2018\/11\/24\/comunicado-del-cni-cig-y-ezln-al-pueblo-mapuche\/","url_meta":{"origin":53304,"position":4},"title":"Comunicado [conjunto del CNI, CIG y EZLN] al pueblo Mapuche","author":"grieta","date":"24 noviembre, 2018","format":false,"excerpt":"Comunicado: Al pueblo mapuche Al pueblo chileno A los pueblos originarios de Am\u00e9rica A la Sexta Internacional Hermanos y hermanas del digno pueblo mapuche, Los pueblos, naciones, tribus y barrios que conformamos el Congreso Nacional Ind\u00edgena, el Concejo Ind\u00edgena de Gobierno y el EZLN abrazamos solidariamente la familia del compa\u00f1ero\u2026","rel":"","context":"En &quot;CINTILLO&quot;","block_context":{"text":"CINTILLO","link":"https:\/\/www.grieta.org.mx\/index.php\/category\/cintillo\/"},"img":{"alt_text":"","src":"","width":0,"height":0},"classes":[]},{"id":23302,"url":"https:\/\/www.grieta.org.mx\/index.php\/2018\/05\/25\/comunicado-del-cni-cig-condenando-el-ataque-a-la-comunidad-purepecha-de-nurio-michoacan\/","url_meta":{"origin":53304,"position":5},"title":"COMUNICADO DEL CNI- CIG CONDENANDO EL ATAQUE A LA COMUNIDAD PUR\u00c9PECHA DE NUR\u00cdO, MICHOAC\u00c1N","author":"grieta","date":"25 mayo, 2018","format":false,"excerpt":"Al pueblo de M\u00e9xico y del mundo Con dolor y rabia, pero tambi\u00e9n con una urgencia de justicia, el CNI- CIG manifestamos nuestro apoyo y solidaridad a la comunidad pur\u00e9pecha de Nur\u00edo, Michoac\u00e1n. El pasado 22 de mayo un grupo fuertemente armado, ingres\u00f3 a esta comunidad con la intenci\u00f3n de\u2026","rel":"","context":"En &quot;28. Nur\u00edo&quot;","block_context":{"text":"28. Nur\u00edo","link":"https:\/\/www.grieta.org.mx\/index.php\/category\/espejos-de-la-resistencia\/28-nurio\/"},"img":{"alt_text":"","src":"https:\/\/i0.wp.com\/www.grieta.org.mx\/wp-content\/uploads\/2018\/03\/14524434_1106112876131411_958039263622046936_o.jpg?resize=350%2C200&ssl=1","width":350,"height":200,"srcset":"https:\/\/i0.wp.com\/www.grieta.org.mx\/wp-content\/uploads\/2018\/03\/14524434_1106112876131411_958039263622046936_o.jpg?resize=350%2C200&ssl=1 1x, https:\/\/i0.wp.com\/www.grieta.org.mx\/wp-content\/uploads\/2018\/03\/14524434_1106112876131411_958039263622046936_o.jpg?resize=525%2C300&ssl=1 1.5x, https:\/\/i0.wp.com\/www.grieta.org.mx\/wp-content\/uploads\/2018\/03\/14524434_1106112876131411_958039263622046936_o.jpg?resize=700%2C400&ssl=1 2x"},"classes":[]}],"_links":{"self":[{"href":"https:\/\/www.grieta.org.mx\/index.php\/wp-json\/wp\/v2\/posts\/53304","targetHints":{"allow":["GET"]}}],"collection":[{"href":"https:\/\/www.grieta.org.mx\/index.php\/wp-json\/wp\/v2\/posts"}],"about":[{"href":"https:\/\/www.grieta.org.mx\/index.php\/wp-json\/wp\/v2\/types\/post"}],"author":[{"embeddable":true,"href":"https:\/\/www.grieta.org.mx\/index.php\/wp-json\/wp\/v2\/users\/2"}],"replies":[{"embeddable":true,"href":"https:\/\/www.grieta.org.mx\/index.php\/wp-json\/wp\/v2\/comments?post=53304"}],"version-history":[{"count":1,"href":"https:\/\/www.grieta.org.mx\/index.php\/wp-json\/wp\/v2\/posts\/53304\/revisions"}],"predecessor-version":[{"id":53307,"href":"https:\/\/www.grieta.org.mx\/index.php\/wp-json\/wp\/v2\/posts\/53304\/revisions\/53307"}],"wp:featuredmedia":[{"embeddable":true,"href":"https:\/\/www.grieta.org.mx\/index.php\/wp-json\/wp\/v2\/media\/53305"}],"wp:attachment":[{"href":"https:\/\/www.grieta.org.mx\/index.php\/wp-json\/wp\/v2\/media?parent=53304"}],"wp:term":[{"taxonomy":"category","embeddable":true,"href":"https:\/\/www.grieta.org.mx\/index.php\/wp-json\/wp\/v2\/categories?post=53304"},{"taxonomy":"post_tag","embeddable":true,"href":"https:\/\/www.grieta.org.mx\/index.php\/wp-json\/wp\/v2\/tags?post=53304"}],"curies":[{"name":"wp","href":"https:\/\/api.w.org\/{rel}","templated":true}]}}