{"id":5329,"date":"2015-11-27T19:44:48","date_gmt":"2015-11-27T19:44:48","guid":{"rendered":"http:\/\/50.22.11.12\/~grietaor\/?p=5329"},"modified":"2016-03-26T19:47:07","modified_gmt":"2016-03-26T19:47:07","slug":"protestan-en-guanajuato-por-la-donacion-de-terrenos-a-toyota","status":"publish","type":"post","link":"https:\/\/www.grieta.org.mx\/index.php\/2015\/11\/27\/protestan-en-guanajuato-por-la-donacion-de-terrenos-a-toyota\/","title":{"rendered":"Protestan en Guanajuato por la donaci\u00f3n de terrenos a Toyota"},"content":{"rendered":"<p>Carmen Pizano,   Guanajuato, Gto. <\/p>\n<p>Habitantes de la zona 12 de la colonia Las Joyas, correspondiente al municipio de Le\u00f3n, se manifestaron en Guanajuato capital para exigir la regularizaci\u00f3n de la zona en que residen.<\/p>\n<p>Alrededor de 100 personas caminaron desde el Congreso del Estado hasta palacio de gobierno para exigir que se les brinden servicios como agua, luz, drenaje y una lecher\u00eda.<\/p>\n<p>Los inconformes reclamaron que mientras el gobierno del estado hace inversiones millonarias para la empresa armadora Toyota, sus habitantes viven en marginaci\u00f3n.<\/p>\n<p>Gabriela Ruiz tiene 16 a\u00f1os viviendo en Las Joyas, tiempo que ha estado pugnando por tener un espacio digno para vivir.<\/p>\n<p>\u201cNosotros reclamamos que para grandes inversionistas como Toyota, que viene a pagar (sueldos) deplorables a la mano de obra mexicana, s\u00ed hay y para nosotros no hay servicios, no tenemos agua, no tenemos luz, nada m\u00e1s voltean a ver a los inversionistas y les dan millones\u201d.<\/p>\n<p>Una comitiva de colonos fue recibida por asesores de gobierno, con la esperanza de que el gobierno del estado colabore para acercar los servicios b\u00e1sicos a Las Joyas.<\/p>\n<p>Gabriela Ruiz coment\u00f3 que los servicios que han logrado tener en la colonia es gracias a sus esfuerzos econ\u00f3micos y a manifestaciones para que el Gobierno del Estado autorice los permisos.<\/p>\n<p>El Gobierno del Estado pretende donar alrededor de 607 hect\u00e1reas para la instalaci\u00f3n de la armadora Toyota en el municipio de Apaseo el Grande.<\/p>\n<p><img loading=\"lazy\" decoding=\"async\" data-attachment-id=\"5332\" data-permalink=\"https:\/\/www.grieta.org.mx\/index.php\/2015\/11\/27\/protestan-en-guanajuato-por-la-donacion-de-terrenos-a-toyota\/toyota-300x300\/\" data-orig-file=\"https:\/\/www.grieta.org.mx\/wp-content\/uploads\/2015\/11\/toyota-300x300.jpg\" data-orig-size=\"300,300\" data-comments-opened=\"0\" data-image-meta=\"{&quot;aperture&quot;:&quot;0&quot;,&quot;credit&quot;:&quot;&quot;,&quot;camera&quot;:&quot;&quot;,&quot;caption&quot;:&quot;&quot;,&quot;created_timestamp&quot;:&quot;0&quot;,&quot;copyright&quot;:&quot;&quot;,&quot;focal_length&quot;:&quot;0&quot;,&quot;iso&quot;:&quot;0&quot;,&quot;shutter_speed&quot;:&quot;0&quot;,&quot;title&quot;:&quot;&quot;,&quot;orientation&quot;:&quot;0&quot;}\" data-image-title=\"toyota-300&amp;#215;300\" data-image-description=\"\" data-image-caption=\"\" data-medium-file=\"https:\/\/www.grieta.org.mx\/wp-content\/uploads\/2015\/11\/toyota-300x300.jpg\" data-large-file=\"https:\/\/www.grieta.org.mx\/wp-content\/uploads\/2015\/11\/toyota-300x300.jpg\" src=\"http:\/\/grieta.org.mx\/wp-content\/uploads\/2015\/11\/toyota-300x300.jpg\" alt=\"toyota-300x300\" width=\"300\" height=\"300\" class=\"alignnone size-full wp-image-5332\" srcset=\"https:\/\/www.grieta.org.mx\/wp-content\/uploads\/2015\/11\/toyota-300x300.jpg 300w, https:\/\/www.grieta.org.mx\/wp-content\/uploads\/2015\/11\/toyota-300x300-150x150.jpg 150w\" sizes=\"auto, (max-width: 300px) 100vw, 300px\" \/><\/p>\n<p><a href=\"http:\/\/zonafranca.mx\/vecinos-de-las-joyas-protestan-contra-donacion-de-terrenos-para-toyota-demandan-servicios-basicos-en-guanajuato-capital\/\" target=\"_blank\">zonafranca.mx\/vecinos-de-las-joyas-protestan-contra-donacion-de-terrenos-para-toyota-demandan-servicios-basicos-en-guanajuato-capital\/<\/a><\/p>\n","protected":false},"excerpt":{"rendered":"<p>Carmen Pizano, Guanajuato, Gto. Habitantes de la zona 12 de la colonia Las Joyas, correspondiente al municipio de Le\u00f3n, se manifestaron en Guanajuato capital para exigir la regularizaci\u00f3n de la &hellip; <a href=\"https:\/\/www.grieta.org.mx\/index.php\/2015\/11\/27\/protestan-en-guanajuato-por-la-donacion-de-terrenos-a-toyota\/\" class=\"more-link\">Leer m\u00e1s<\/a><\/p>\n","protected":false},"author":2,"featured_media":21928,"comment_status":"closed","ping_status":"open","sticky":false,"template":"","format":"standard","meta":{"ngg_post_thumbnail":0,"_jetpack_newsletter_access":"","_jetpack_dont_email_post_to_subs":false,"_jetpack_newsletter_tier_id":0,"_jetpack_memberships_contains_paywalled_content":false,"_jetpack_memberships_contains_paid_content":false,"footnotes":""},"categories":[80],"tags":[],"class_list":["post-5329","post","type-post","status-publish","format-standard","has-post-thumbnail","hentry","category-cintillo","entry"],"jetpack_featured_media_url":"https:\/\/www.grieta.org.mx\/wp-content\/uploads\/2018\/03\/14524434_1106112876131411_958039263622046936_o.jpg","jetpack_sharing_enabled":true,"jetpack_shortlink":"https:\/\/wp.me\/p7ZJR4-1nX","jetpack_likes_enabled":false,"jetpack-related-posts":[{"id":5338,"url":"https:\/\/www.grieta.org.mx\/index.php\/2015\/11\/19\/aprueba-congreso-de-guanajuato-donar-607-hectareas-a-toyota\/","url_meta":{"origin":5329,"position":0},"title":"Aprueba Congreso de Guanajuato donar 607 hect\u00e1reas a Toyota","author":"grieta","date":"19 noviembre, 2015","format":false,"excerpt":"Carmen Pizano, Guanajuato, Gto. El Congreso de Guanajuato aprob\u00f3 la desafectaci\u00f3n de 607 hect\u00e1reas, para que el Ejecutivo estatal done los predios a la armadora automotriz Toyota, que est\u00e1 por instalarse en la zona laja-baj\u00edo. De las m\u00e1s de 600 hect\u00e1reas que donar\u00e1 el Gobierno del Estado a la empresa\u2026","rel":"","context":"En &quot;CINTILLO&quot;","block_context":{"text":"CINTILLO","link":"https:\/\/www.grieta.org.mx\/index.php\/category\/cintillo\/"},"img":{"alt_text":"","src":"https:\/\/i0.wp.com\/www.grieta.org.mx\/wp-content\/uploads\/2018\/03\/14524434_1106112876131411_958039263622046936_o.jpg?resize=350%2C200&ssl=1","width":350,"height":200,"srcset":"https:\/\/i0.wp.com\/www.grieta.org.mx\/wp-content\/uploads\/2018\/03\/14524434_1106112876131411_958039263622046936_o.jpg?resize=350%2C200&ssl=1 1x, https:\/\/i0.wp.com\/www.grieta.org.mx\/wp-content\/uploads\/2018\/03\/14524434_1106112876131411_958039263622046936_o.jpg?resize=525%2C300&ssl=1 1.5x, https:\/\/i0.wp.com\/www.grieta.org.mx\/wp-content\/uploads\/2018\/03\/14524434_1106112876131411_958039263622046936_o.jpg?resize=700%2C400&ssl=1 2x"},"classes":[]},{"id":5327,"url":"https:\/\/www.grieta.org.mx\/index.php\/2015\/12\/01\/toyota-pidio-expropiacion-de-tierras-como-condicion-para-instalarse-en-guanajuato\/","url_meta":{"origin":5329,"position":1},"title":"Toyota pidi\u00f3 expropiaci\u00f3n de tierras como condici\u00f3n para instalarse en Guanajuato","author":"grieta","date":"1 diciembre, 2015","format":false,"excerpt":"Vanya de la Cruz, Le\u00f3n, Gto. El secretario de Desarrollo Econ\u00f3mico Sustentable, Guillermo Romero Pacheco, afirm\u00f3 que la expropiaci\u00f3n de las tierras que ser\u00e1n donadas a Toyota por parte del gobierno del estado fue una de las condicionantes que puso la empresa automotriz. Esto luego de que se diera a\u2026","rel":"","context":"En &quot;CINTILLO&quot;","block_context":{"text":"CINTILLO","link":"https:\/\/www.grieta.org.mx\/index.php\/category\/cintillo\/"},"img":{"alt_text":"","src":"https:\/\/i0.wp.com\/www.grieta.org.mx\/wp-content\/uploads\/2018\/03\/14524434_1106112876131411_958039263622046936_o.jpg?resize=350%2C200&ssl=1","width":350,"height":200,"srcset":"https:\/\/i0.wp.com\/www.grieta.org.mx\/wp-content\/uploads\/2018\/03\/14524434_1106112876131411_958039263622046936_o.jpg?resize=350%2C200&ssl=1 1x, https:\/\/i0.wp.com\/www.grieta.org.mx\/wp-content\/uploads\/2018\/03\/14524434_1106112876131411_958039263622046936_o.jpg?resize=525%2C300&ssl=1 1.5x, https:\/\/i0.wp.com\/www.grieta.org.mx\/wp-content\/uploads\/2018\/03\/14524434_1106112876131411_958039263622046936_o.jpg?resize=700%2C400&ssl=1 2x"},"classes":[]},{"id":17941,"url":"https:\/\/www.grieta.org.mx\/index.php\/2016\/04\/26\/acusan-presiones-para-abaratar-tierras-destinadas-a-toyota-en-guanajuato\/","url_meta":{"origin":5329,"position":2},"title":"Acusan presiones para abaratar tierras destinadas a Toyota en Guanajuato","author":"grieta","date":"26 abril, 2016","format":false,"excerpt":"POR VER\u00d3NICA ESPINOSA GUANAJUATO, Gto., (apro).- Representantes del ejido Caleras de Ameche, en el municipio de Apaseo el Grande, denunciaron los afanes especulativos que en su perjuicio ha desatado el gobierno del estado en la adquisici\u00f3n de terrenos donde se instalar\u00e1 la nueva planta de la armadora Toyota, proceso que\u2026","rel":"","context":"En &quot;CINTILLO&quot;","block_context":{"text":"CINTILLO","link":"https:\/\/www.grieta.org.mx\/index.php\/category\/cintillo\/"},"img":{"alt_text":"","src":"https:\/\/i0.wp.com\/www.grieta.org.mx\/wp-content\/uploads\/2018\/03\/14524434_1106112876131411_958039263622046936_o.jpg?resize=350%2C200&ssl=1","width":350,"height":200,"srcset":"https:\/\/i0.wp.com\/www.grieta.org.mx\/wp-content\/uploads\/2018\/03\/14524434_1106112876131411_958039263622046936_o.jpg?resize=350%2C200&ssl=1 1x, https:\/\/i0.wp.com\/www.grieta.org.mx\/wp-content\/uploads\/2018\/03\/14524434_1106112876131411_958039263622046936_o.jpg?resize=525%2C300&ssl=1 1.5x, https:\/\/i0.wp.com\/www.grieta.org.mx\/wp-content\/uploads\/2018\/03\/14524434_1106112876131411_958039263622046936_o.jpg?resize=700%2C400&ssl=1 2x"},"classes":[]},{"id":18891,"url":"https:\/\/www.grieta.org.mx\/index.php\/2016\/04\/06\/acusan-presiones-para-abaratar-tierras-destinadas-a-toyota-en-guanajuato-2\/","url_meta":{"origin":5329,"position":3},"title":"Acusan presiones para abaratar tierras destinadas a Toyota en Guanajuato","author":"grieta","date":"6 abril, 2016","format":false,"excerpt":"POR VER\u00d3NICA ESPINOSA GUANAJUATO, Gto., (apro).- Representantes del ejido Caleras de Ameche, en el municipio de Apaseo el Grande, denunciaron los afanes especulativos que en su perjuicio ha desatado el gobierno del estado en la adquisici\u00f3n de terrenos donde se instalar\u00e1 la nueva planta de la armadora Toyota, proceso que\u2026","rel":"","context":"En &quot;CINTILLO&quot;","block_context":{"text":"CINTILLO","link":"https:\/\/www.grieta.org.mx\/index.php\/category\/cintillo\/"},"img":{"alt_text":"","src":"https:\/\/i0.wp.com\/www.grieta.org.mx\/wp-content\/uploads\/2018\/03\/14524434_1106112876131411_958039263622046936_o.jpg?resize=350%2C200&ssl=1","width":350,"height":200,"srcset":"https:\/\/i0.wp.com\/www.grieta.org.mx\/wp-content\/uploads\/2018\/03\/14524434_1106112876131411_958039263622046936_o.jpg?resize=350%2C200&ssl=1 1x, https:\/\/i0.wp.com\/www.grieta.org.mx\/wp-content\/uploads\/2018\/03\/14524434_1106112876131411_958039263622046936_o.jpg?resize=525%2C300&ssl=1 1.5x, https:\/\/i0.wp.com\/www.grieta.org.mx\/wp-content\/uploads\/2018\/03\/14524434_1106112876131411_958039263622046936_o.jpg?resize=700%2C400&ssl=1 2x"},"classes":[]},{"id":21644,"url":"https:\/\/www.grieta.org.mx\/index.php\/2016\/09\/06\/toyota-paga-el-gobierno-federal-7-veces-mas-barato-por-terrenos-que-lo-pagado-por-gobierno-de-marquez\/","url_meta":{"origin":5329,"position":4},"title":"Toyota: Paga el Gobierno Federal 7 veces m\u00e1s barato por terrenos, que lo pagado por gobierno de M\u00e1rquez","author":"grieta","date":"6 septiembre, 2016","format":false,"excerpt":"06\/09\/16. Toyota: paga Gobierno Federal 7 veces m\u00e1s barato por terrenos, que lo pagado por gobierno de M\u00e1rquez Zona Franca","rel":"","context":"En &quot;Guanajuato&quot;","block_context":{"text":"Guanajuato","link":"https:\/\/www.grieta.org.mx\/index.php\/category\/noticias-nacionales\/guanajuato\/"},"img":{"alt_text":"","src":"https:\/\/i0.wp.com\/www.grieta.org.mx\/wp-content\/uploads\/2018\/03\/14524434_1106112876131411_958039263622046936_o.jpg?resize=350%2C200&ssl=1","width":350,"height":200,"srcset":"https:\/\/i0.wp.com\/www.grieta.org.mx\/wp-content\/uploads\/2018\/03\/14524434_1106112876131411_958039263622046936_o.jpg?resize=350%2C200&ssl=1 1x, https:\/\/i0.wp.com\/www.grieta.org.mx\/wp-content\/uploads\/2018\/03\/14524434_1106112876131411_958039263622046936_o.jpg?resize=525%2C300&ssl=1 1.5x, https:\/\/i0.wp.com\/www.grieta.org.mx\/wp-content\/uploads\/2018\/03\/14524434_1106112876131411_958039263622046936_o.jpg?resize=700%2C400&ssl=1 2x"},"classes":[]},{"id":5345,"url":"https:\/\/www.grieta.org.mx\/index.php\/2015\/11\/13\/expropiaran-mas-de-500-hectareas-para-instalacion-de-toyota-en-guanajuato\/","url_meta":{"origin":5329,"position":5},"title":"Expropiar\u00e1n m\u00e1s de 500 hect\u00e1reas para instalaci\u00f3n de Toyota en Guanajuato","author":"grieta","date":"13 noviembre, 2015","format":false,"excerpt":"Luz Z\u00e1rate, Guanajuato, Gto. El Estado solicitar\u00e1 al Congreso local la expropiaci\u00f3n de poco m\u00e1s de 500 hect\u00e1reas ubicadas en Apaseo el Grande para la instalaci\u00f3n de la empresa Toyota, anunci\u00f3 ayer el gobernador Miguel M\u00e1rquez M\u00e1rquez. Espero que hoy ingresemos al Congreso del Estado el Decreto de Expropiaci\u00f3n para\u2026","rel":"","context":"En &quot;CINTILLO&quot;","block_context":{"text":"CINTILLO","link":"https:\/\/www.grieta.org.mx\/index.php\/category\/cintillo\/"},"img":{"alt_text":"","src":"https:\/\/i0.wp.com\/www.grieta.org.mx\/wp-content\/uploads\/2018\/03\/14524434_1106112876131411_958039263622046936_o.jpg?resize=350%2C200&ssl=1","width":350,"height":200,"srcset":"https:\/\/i0.wp.com\/www.grieta.org.mx\/wp-content\/uploads\/2018\/03\/14524434_1106112876131411_958039263622046936_o.jpg?resize=350%2C200&ssl=1 1x, https:\/\/i0.wp.com\/www.grieta.org.mx\/wp-content\/uploads\/2018\/03\/14524434_1106112876131411_958039263622046936_o.jpg?resize=525%2C300&ssl=1 1.5x, https:\/\/i0.wp.com\/www.grieta.org.mx\/wp-content\/uploads\/2018\/03\/14524434_1106112876131411_958039263622046936_o.jpg?resize=700%2C400&ssl=1 2x"},"classes":[]}],"_links":{"self":[{"href":"https:\/\/www.grieta.org.mx\/index.php\/wp-json\/wp\/v2\/posts\/5329","targetHints":{"allow":["GET"]}}],"collection":[{"href":"https:\/\/www.grieta.org.mx\/index.php\/wp-json\/wp\/v2\/posts"}],"about":[{"href":"https:\/\/www.grieta.org.mx\/index.php\/wp-json\/wp\/v2\/types\/post"}],"author":[{"embeddable":true,"href":"https:\/\/www.grieta.org.mx\/index.php\/wp-json\/wp\/v2\/users\/2"}],"replies":[{"embeddable":true,"href":"https:\/\/www.grieta.org.mx\/index.php\/wp-json\/wp\/v2\/comments?post=5329"}],"version-history":[{"count":1,"href":"https:\/\/www.grieta.org.mx\/index.php\/wp-json\/wp\/v2\/posts\/5329\/revisions"}],"predecessor-version":[{"id":5333,"href":"https:\/\/www.grieta.org.mx\/index.php\/wp-json\/wp\/v2\/posts\/5329\/revisions\/5333"}],"wp:featuredmedia":[{"embeddable":true,"href":"https:\/\/www.grieta.org.mx\/index.php\/wp-json\/wp\/v2\/media\/21928"}],"wp:attachment":[{"href":"https:\/\/www.grieta.org.mx\/index.php\/wp-json\/wp\/v2\/media?parent=5329"}],"wp:term":[{"taxonomy":"category","embeddable":true,"href":"https:\/\/www.grieta.org.mx\/index.php\/wp-json\/wp\/v2\/categories?post=5329"},{"taxonomy":"post_tag","embeddable":true,"href":"https:\/\/www.grieta.org.mx\/index.php\/wp-json\/wp\/v2\/tags?post=5329"}],"curies":[{"name":"wp","href":"https:\/\/api.w.org\/{rel}","templated":true}]}}