{"id":53285,"date":"2020-09-11T13:37:45","date_gmt":"2020-09-11T18:37:45","guid":{"rendered":"http:\/\/www.grieta.org.mx\/?p=53285"},"modified":"2020-09-13T15:08:37","modified_gmt":"2020-09-13T20:08:37","slug":"comunidad-de-ciesas-exige-resultados-a-fiscalia-de-nl-por-desaparicion-de-companera","status":"publish","type":"post","link":"https:\/\/www.grieta.org.mx\/index.php\/2020\/09\/11\/comunidad-de-ciesas-exige-resultados-a-fiscalia-de-nl-por-desaparicion-de-companera\/","title":{"rendered":"Comunidad de CIESAS exige resultados a Fiscal\u00eda de NL por desaparici\u00f3n de compa\u00f1era"},"content":{"rendered":"<p>Luciano Campos Garza\/ PROCESO<\/p>\n<figure id=\"attachment_53286\" aria-describedby=\"caption-attachment-53286\" style=\"width: 800px\" class=\"wp-caption alignnone\"><img loading=\"lazy\" decoding=\"async\" data-attachment-id=\"53286\" data-permalink=\"https:\/\/www.grieta.org.mx\/index.php\/2020\/09\/11\/comunidad-de-ciesas-exige-resultados-a-fiscalia-de-nl-por-desaparicion-de-companera\/mayela-alvarez-870x522\/\" data-orig-file=\"https:\/\/www.grieta.org.mx\/wp-content\/uploads\/2020\/09\/mayela-alvarez-870x522-1.jpg\" data-orig-size=\"870,522\" data-comments-opened=\"0\" data-image-meta=\"{&quot;aperture&quot;:&quot;0&quot;,&quot;credit&quot;:&quot;&quot;,&quot;camera&quot;:&quot;&quot;,&quot;caption&quot;:&quot;&quot;,&quot;created_timestamp&quot;:&quot;0&quot;,&quot;copyright&quot;:&quot;&quot;,&quot;focal_length&quot;:&quot;0&quot;,&quot;iso&quot;:&quot;0&quot;,&quot;shutter_speed&quot;:&quot;0&quot;,&quot;title&quot;:&quot;&quot;,&quot;orientation&quot;:&quot;0&quot;}\" data-image-title=\"mayela-alvarez-870&amp;#215;522\" data-image-description=\"\" data-image-caption=\"&lt;p&gt;En un video difundido en redes sociales, trabajadores del CIESAS demandan que Mayela \u00c1lvarez sea presentada viva. Foto: Facebook \u00bfD\u00f3nde est\u00e1 Mayela \u00c1lvarez?&lt;\/p&gt;\n\" data-medium-file=\"https:\/\/www.grieta.org.mx\/wp-content\/uploads\/2020\/09\/mayela-alvarez-870x522-1-300x180.jpg\" data-large-file=\"https:\/\/www.grieta.org.mx\/wp-content\/uploads\/2020\/09\/mayela-alvarez-870x522-1.jpg\" class=\"wp-image-53286\" src=\"http:\/\/www.grieta.org.mx\/wp-content\/uploads\/2020\/09\/mayela-alvarez-870x522-1.jpg\" alt=\"\" width=\"800\" height=\"480\" srcset=\"https:\/\/www.grieta.org.mx\/wp-content\/uploads\/2020\/09\/mayela-alvarez-870x522-1.jpg 870w, https:\/\/www.grieta.org.mx\/wp-content\/uploads\/2020\/09\/mayela-alvarez-870x522-1-300x180.jpg 300w, https:\/\/www.grieta.org.mx\/wp-content\/uploads\/2020\/09\/mayela-alvarez-870x522-1-768x461.jpg 768w, https:\/\/www.grieta.org.mx\/wp-content\/uploads\/2020\/09\/mayela-alvarez-870x522-1-833x500.jpg 833w\" sizes=\"auto, (max-width: 800px) 100vw, 800px\" \/><figcaption id=\"caption-attachment-53286\" class=\"wp-caption-text\">En un video difundido en redes sociales, trabajadores del CIESAS demandan que Mayela \u00c1lvarez sea presentada viva. Foto: Facebook \u00bfD\u00f3nde est\u00e1 Mayela \u00c1lvarez?<\/figcaption><\/figure>\n<p>MONTERREY, N.L. (apro).- Integrantes de la comunidad acad\u00e9mica, administrativa y estudiantil del CIESAS demandaron a la Fiscal\u00eda de Nuevo Le\u00f3n que ofrezca resultados en la investigaci\u00f3n que se sigue por la desaparici\u00f3n de la trabajadora de la instituci\u00f3n Mayela \u00c1lvarez, ocurrida hace un mes, en forma no esclarecida.<\/p>\n<p>En conferencia de prensa, efectuada hoy, los compa\u00f1eros de quien es secretaria t\u00e9cnica del Centro de Investigaciones y Estudios Superiores en Antropolog\u00eda Social (CIESAS), Unidad Noreste, protestaron por que la Fiscal\u00eda estatal no ha presentado avances significativos en torno a la desaparici\u00f3n de la mujer, que fue vista por \u00faltima vez el 11 de agosto pasado en el municipio de San Nicol\u00e1s, cuando se dirig\u00eda a su trabajo, en las instalaciones ubicadas en el Barrio Antiguo, de esta capital.<\/p>\n<p>Shinji Hirai, investigador y catedr\u00e1tico del organismo dependiente de Conacyt, dijo que luego de un mes transcurrido desde la ausencia de Mayela \u00c1lvarez Rodr\u00edguez, les preocupa que la Fiscal\u00eda especializada en Personas Desaparecidas y el Grupo Especializado de B\u00fasqueda Inmediata (GEBI) no han reportado ninguna progresi\u00f3n en las pesquisas.<\/p>\n<p>\u201cHoy se cumple un mes y no ha pasado nada. Nos imaginamos que ya se recab\u00f3 informaci\u00f3n suficiente que las autoridades podr\u00edan tener en las \u00faltimas semanas, y no ha pasado nada. La familia de Mayela con el acompa\u00f1amiento de la Comisi\u00f3n Local de b\u00fasqueda detect\u00f3 omisi\u00f3n e irregularidades, pero lo cierto es que no hay resultado\u201d, dijo.<\/p>\n<p>D\u00edas despu\u00e9s de que los familiares presentaran la denuncia por la desaparici\u00f3n, los compa\u00f1eros de Mayela manifestaron confianza en la Fiscal\u00eda estatal, pero al ver que, transcurridos los d\u00edas, no hay avances, expresaron su decepci\u00f3n y exigieron resultados.<\/p>\n<p>Hirai mencion\u00f3 que los familiares acudieron el jueves a presentar una queja ante la Comisi\u00f3n Estatal de Derechos Humanos por la falta de resultados que evidencian la Fiscal\u00eda Especializada y el GEBI, en torno a este caso.<\/p>\n<p>\u201cEl motivo de esta segunda rueda de prensa es hacer un pronunciamiento para exigir a la Fiscal\u00eda Especializada que haga una investigaci\u00f3n pronta y eficiente. Nos enfocamos en generar presi\u00f3n a la Fiscal\u00eda estatal porque la sociedad civil, la comunidad acad\u00e9mica, medios de comunicaci\u00f3n local y nacional, nos han apoyado, pero quien debe hacer la investigaci\u00f3n son las autoridades del estado\u201d, se\u00f1al\u00f3.<\/p>\n<p>Mediante un comunicado difundido tras la rueda de prensa de hoy, estudiantes, acad\u00e9micos y trabajadores del CIESAS, quienes acompa\u00f1an a los hijos adolescentes de Mayela, se dijeron agraviados por la falta de avances significativos en la b\u00fasqueda.<\/p>\n<p>Expusieron que la desaparici\u00f3n de su colega provoca incertidumbre a los familiares, allegados y a la comunidad entera, pues en la entidad abundan los casos de mujeres desaparecidas.<\/p>\n<p>\u201cSomos muchas las personas que estamos siendo afectadas por su desaparici\u00f3n. Como investigadoras e investigadores en ciencias sociales, nos preguntamos: \u00bfpor qu\u00e9 est\u00e1n siendo desaparecidas tantas mujeres en Nuevo Le\u00f3n en este a\u00f1o 2020? De acuerdo con registros period\u00edsticos, son m\u00e1s de veinte las mujeres desaparecidas en Nuevo Le\u00f3n en lo que va del a\u00f1o. Esta situaci\u00f3n nos parece dram\u00e1tica y requiere de investigaciones con perspectiva de g\u00e9nero\u201d, se\u00f1alaron.<\/p>\n<p>Manifestaron su repudio por las m\u00e1s de 73 mil desapariciones ocurridas en M\u00e9xico y la impunidad que hay en torno a este fen\u00f3meno.<\/p>\n<p>La comunidad del CIESAS mostr\u00f3 un video, difundido en redes sociales, en el que se ven trabajadores del instituto, de diversos puntos del pa\u00eds, que demandan que Mayela \u00c1lvarez sea presentada viva.<\/p>\n<div class=\"fb-video\" data-allowfullscreen=\"true\" data-href=\"https:\/\/www.facebook.com\/watch\/?v=3349780665105463&#038;extid=yw8E9jHsRKkFMHAX\" style=\"background-color: #fff; display: inline-block;\"><\/div>\n<p>&nbsp;<\/p>\n<p><a href=\"https:\/\/www.proceso.com.mx\/647783\/comunidad-de-ciesas-exige-resultados-a-fiscalia-de-nl-por-desaparicion-de-companera\" target=\"_blank\" rel=\"noopener noreferrer\">https:\/\/www.proceso.com.mx\/647783\/comunidad-de-ciesas-exige-resultados-a-fiscalia-de-nl-por-desaparicion-de-companera<\/a><\/p>\n","protected":false},"excerpt":{"rendered":"<p>Luciano Campos Garza\/ PROCESO MONTERREY, N.L. (apro).- Integrantes de la comunidad acad\u00e9mica, administrativa y estudiantil del CIESAS demandaron a la Fiscal\u00eda de Nuevo Le\u00f3n que ofrezca resultados en la investigaci\u00f3n &hellip; <a href=\"https:\/\/www.grieta.org.mx\/index.php\/2020\/09\/11\/comunidad-de-ciesas-exige-resultados-a-fiscalia-de-nl-por-desaparicion-de-companera\/\" class=\"more-link\">Leer m\u00e1s<\/a><\/p>\n","protected":false},"author":2,"featured_media":53286,"comment_status":"closed","ping_status":"closed","sticky":false,"template":"","format":"standard","meta":{"ngg_post_thumbnail":0,"_jetpack_newsletter_access":"","_jetpack_dont_email_post_to_subs":false,"_jetpack_newsletter_tier_id":0,"_jetpack_memberships_contains_paywalled_content":false,"_jetpack_memberships_contains_paid_content":false,"footnotes":""},"categories":[80,87,1043,2,24,83,2332],"tags":[3647,631,641],"class_list":["post-53285","post","type-post","status-publish","format-standard","has-post-thumbnail","hentry","category-cintillo","category-desaparecidos","category-desaparecidos-en-nuevo-leon","category-noticias-nacionales","category-nuevo-leon","category-temas-nacionales","category-violencia-contra-las-mujeres-en-nuevo-leon","tag-ciesas","tag-desaparecidas","tag-mujeres","entry"],"jetpack_featured_media_url":"https:\/\/www.grieta.org.mx\/wp-content\/uploads\/2020\/09\/mayela-alvarez-870x522-1.jpg","jetpack_sharing_enabled":true,"jetpack_shortlink":"https:\/\/wp.me\/p7ZJR4-dRr","jetpack_likes_enabled":false,"jetpack-related-posts":[{"id":53289,"url":"https:\/\/www.grieta.org.mx\/index.php\/2020\/09\/11\/buscan-a-secretaria-tecnica-de-ciesas-desaparecida-hace-un-mes-nuevo-leon\/","url_meta":{"origin":53285,"position":0},"title":"Buscan a secretaria t\u00e9cnica de CIESAS desaparecida hace un mes (Nuevo Le\u00f3n)","author":"grieta","date":"11 septiembre, 2020","format":false,"excerpt":"Luciano Campos Garza\/ PROCESO MONTERREY, N.L., (apro).- Compa\u00f1eros de trabajo y familiares buscan a Mayela \u00c1lvarez Rodr\u00edguez, secretaria t\u00e9cnica del Centro de Investigaciones y Estudios Superiores en Antropolog\u00eda Social (CIESAS) quien fue vista por \u00faltima vez el 11 de agosto en el municipio de San Nicol\u00e1s, sin que se sepa\u2026","rel":"","context":"En &quot;Desaparecidos en Nuevo Le\u00f3n&quot;","block_context":{"text":"Desaparecidos en Nuevo Le\u00f3n","link":"https:\/\/www.grieta.org.mx\/index.php\/category\/noticias-nacionales\/nuevo-leon\/desaparecidos-en-nuevo-leon\/"},"img":{"alt_text":"","src":"https:\/\/i0.wp.com\/www.grieta.org.mx\/wp-content\/uploads\/2020\/09\/CIESAS-secretaria-tecnica-709x522-1.jpg?resize=350%2C200&ssl=1","width":350,"height":200,"srcset":"https:\/\/i0.wp.com\/www.grieta.org.mx\/wp-content\/uploads\/2020\/09\/CIESAS-secretaria-tecnica-709x522-1.jpg?resize=350%2C200&ssl=1 1x, https:\/\/i0.wp.com\/www.grieta.org.mx\/wp-content\/uploads\/2020\/09\/CIESAS-secretaria-tecnica-709x522-1.jpg?resize=525%2C300&ssl=1 1.5x, https:\/\/i0.wp.com\/www.grieta.org.mx\/wp-content\/uploads\/2020\/09\/CIESAS-secretaria-tecnica-709x522-1.jpg?resize=700%2C400&ssl=1 2x"},"classes":[]},{"id":4894,"url":"https:\/\/www.grieta.org.mx\/index.php\/2016\/08\/05\/desaparecidos-en-nuevo-leon\/","url_meta":{"origin":53285,"position":1},"title":"Desaparecidos en Nuevo Le\u00f3n","author":"grieta","date":"5 agosto, 2016","format":false,"excerpt":"03\/08\/16. Empeora situaci\u00f3n de v\u00edctimas de desaparici\u00f3n en Nuevo Le\u00f3nVanguardia Mx 10\/06\/16. Familias de Nuevo Le\u00f3n piden localizar a padres desaparecidos Vanguardia Mx 10\/01\/16. Realizan evento en memoria de desaparecidos en NL La Jornada 19\/11\/15. En Nuevo Le\u00f3n, 173 casos de desaparici\u00f3n que involucran a 314 v\u00edctimas Desinform\u00e9monos 08\/11\/15. En\u2026","rel":"","context":"En &quot;Desaparecidos&quot;","block_context":{"text":"Desaparecidos","link":"https:\/\/www.grieta.org.mx\/index.php\/category\/temas-nacionales\/desaparecidos\/"},"img":{"alt_text":"","src":"https:\/\/i0.wp.com\/www.grieta.org.mx\/wp-content\/uploads\/2018\/03\/14524434_1106112876131411_958039263622046936_o.jpg?resize=350%2C200&ssl=1","width":350,"height":200,"srcset":"https:\/\/i0.wp.com\/www.grieta.org.mx\/wp-content\/uploads\/2018\/03\/14524434_1106112876131411_958039263622046936_o.jpg?resize=350%2C200&ssl=1 1x, https:\/\/i0.wp.com\/www.grieta.org.mx\/wp-content\/uploads\/2018\/03\/14524434_1106112876131411_958039263622046936_o.jpg?resize=525%2C300&ssl=1 1.5x, https:\/\/i0.wp.com\/www.grieta.org.mx\/wp-content\/uploads\/2018\/03\/14524434_1106112876131411_958039263622046936_o.jpg?resize=700%2C400&ssl=1 2x"},"classes":[]},{"id":23357,"url":"https:\/\/www.grieta.org.mx\/index.php\/2018\/05\/31\/exigen-a-estado-mayores-esfuerzos-por-desaparecidos-nuevo-leon\/","url_meta":{"origin":53285,"position":2},"title":"Exigen a Estado mayores esfuerzos por desaparecidos (Nuevo Le\u00f3n)","author":"grieta","date":"31 mayo, 2018","format":false,"excerpt":"Iram Hern\u00e1ndez \/ El Horizonte Este mi\u00e9rcoles, integrantes de Amores y de Cadhac se manifestaron en la Explanada de los H\u00e9roes para exigir mayores esfuerzos y resultados a las autoridades para esclarecer situaci\u00f3n de personas desaparecidas Integrantes de la Agrupaci\u00f3n de Mujeres Organizadas por los Ejecutados, Secuestrados y Desaparecidos (Amores)\u2026","rel":"","context":"En &quot;CINTILLO&quot;","block_context":{"text":"CINTILLO","link":"https:\/\/www.grieta.org.mx\/index.php\/category\/cintillo\/"},"img":{"alt_text":"","src":"https:\/\/i0.wp.com\/www.grieta.org.mx\/wp-content\/uploads\/2018\/05\/Exigen-a-Estado-mayores-esfuerzos-por-desaparecidos.jpg?resize=350%2C200&ssl=1","width":350,"height":200,"srcset":"https:\/\/i0.wp.com\/www.grieta.org.mx\/wp-content\/uploads\/2018\/05\/Exigen-a-Estado-mayores-esfuerzos-por-desaparecidos.jpg?resize=350%2C200&ssl=1 1x, https:\/\/i0.wp.com\/www.grieta.org.mx\/wp-content\/uploads\/2018\/05\/Exigen-a-Estado-mayores-esfuerzos-por-desaparecidos.jpg?resize=525%2C300&ssl=1 1.5x, https:\/\/i0.wp.com\/www.grieta.org.mx\/wp-content\/uploads\/2018\/05\/Exigen-a-Estado-mayores-esfuerzos-por-desaparecidos.jpg?resize=700%2C400&ssl=1 2x, https:\/\/i0.wp.com\/www.grieta.org.mx\/wp-content\/uploads\/2018\/05\/Exigen-a-Estado-mayores-esfuerzos-por-desaparecidos.jpg?resize=1050%2C600&ssl=1 3x"},"classes":[]},{"id":33319,"url":"https:\/\/www.grieta.org.mx\/index.php\/2019\/05\/10\/marchan-madres-en-nuevo-leon-por-sus-hijos-desaparecidos\/","url_meta":{"origin":53285,"position":3},"title":"Marchan madres en Nuevo Le\u00f3n por sus hijos desaparecidos","author":"grieta","date":"10 mayo, 2019","format":false,"excerpt":"Aracely Chantaka \/ Vanguardia La movilizaci\u00f3n se registr\u00f3, este viernes, en el marco del D\u00eda de las Madres y congreg\u00f3 a decenas de integrantes de esa agrupaci\u00f3n que es respaldada por Ciudadanos en Apoyo a los Derechos Humanos (Cadhac) Monterrey, Nuevo Le\u00f3n.- La ausencia de un hijo desaparecido no se\u2026","rel":"","context":"En &quot;CINTILLO&quot;","block_context":{"text":"CINTILLO","link":"https:\/\/www.grieta.org.mx\/index.php\/category\/cintillo\/"},"img":{"alt_text":"","src":"https:\/\/i0.wp.com\/www.grieta.org.mx\/wp-content\/uploads\/2019\/05\/Marchan-madres-en-Nuevo-Le%C3%B3n-por-sus-hijos-desaparecidos-nl-may.jpg?resize=350%2C200&ssl=1","width":350,"height":200,"srcset":"https:\/\/i0.wp.com\/www.grieta.org.mx\/wp-content\/uploads\/2019\/05\/Marchan-madres-en-Nuevo-Le%C3%B3n-por-sus-hijos-desaparecidos-nl-may.jpg?resize=350%2C200&ssl=1 1x, https:\/\/i0.wp.com\/www.grieta.org.mx\/wp-content\/uploads\/2019\/05\/Marchan-madres-en-Nuevo-Le%C3%B3n-por-sus-hijos-desaparecidos-nl-may.jpg?resize=525%2C300&ssl=1 1.5x, https:\/\/i0.wp.com\/www.grieta.org.mx\/wp-content\/uploads\/2019\/05\/Marchan-madres-en-Nuevo-Le%C3%B3n-por-sus-hijos-desaparecidos-nl-may.jpg?resize=700%2C400&ssl=1 2x"},"classes":[]},{"id":28398,"url":"https:\/\/www.grieta.org.mx\/index.php\/2019\/01\/16\/critican-que-fiscalia-de-nl-no-invierta-en-investigadores-nuevo-leon\/","url_meta":{"origin":53285,"position":4},"title":"Critican que Fiscal\u00eda de NL no invierta en investigadores (Nuevo Le\u00f3n)","author":"grieta","date":"16 enero, 2019","format":false,"excerpt":"Melva Frutos \/ Posta NUEVO LE\u00d3N.- Fuerzas Unidas por Nuestros Desaparecidos en Nuevo Le\u00f3n (FUNDENL) reproch\u00f3 que la Fiscal\u00eda\u00a0General busque contratar 291 empleados administrativos y s\u00f3lo siete para puestos para an\u00e1lisis e inteligencia. En recientes declaraciones, el fiscal general de Nuevo Le\u00f3n, Gustavo Adolfo Guerrero, ha comentado que derivado de\u2026","rel":"","context":"En &quot;CINTILLO&quot;","block_context":{"text":"CINTILLO","link":"https:\/\/www.grieta.org.mx\/index.php\/category\/cintillo\/"},"img":{"alt_text":"","src":"https:\/\/i0.wp.com\/www.grieta.org.mx\/wp-content\/uploads\/2018\/03\/14524434_1106112876131411_958039263622046936_o.jpg?resize=350%2C200&ssl=1","width":350,"height":200,"srcset":"https:\/\/i0.wp.com\/www.grieta.org.mx\/wp-content\/uploads\/2018\/03\/14524434_1106112876131411_958039263622046936_o.jpg?resize=350%2C200&ssl=1 1x, https:\/\/i0.wp.com\/www.grieta.org.mx\/wp-content\/uploads\/2018\/03\/14524434_1106112876131411_958039263622046936_o.jpg?resize=525%2C300&ssl=1 1.5x, https:\/\/i0.wp.com\/www.grieta.org.mx\/wp-content\/uploads\/2018\/03\/14524434_1106112876131411_958039263622046936_o.jpg?resize=700%2C400&ssl=1 2x"},"classes":[]},{"id":33322,"url":"https:\/\/www.grieta.org.mx\/index.php\/2019\/05\/11\/en-nuevo-leon-desapariciones-van-a-la-baja-pero-homicidios-al-alza\/","url_meta":{"origin":53285,"position":5},"title":"En Nuevo Le\u00f3n, desapariciones van a la baja\u2026 pero homicidios al alza","author":"grieta","date":"11 mayo, 2019","format":false,"excerpt":"Aracely Garza \/ Exc\u00e9lsior Al contrario de las ejecuciones, en Nuevo Le\u00f3n los casos de desapariciones han bajado, de acuerdo con lo que report\u00f3 Ciudadanos en Apoyo a los Derechos Humanos NUEVO LE\u00d3N. Al contrario de las ejecuciones, en Nuevo Le\u00f3n los casos de desapariciones han bajado, de acuerdo con\u2026","rel":"","context":"En &quot;CINTILLO&quot;","block_context":{"text":"CINTILLO","link":"https:\/\/www.grieta.org.mx\/index.php\/category\/cintillo\/"},"img":{"alt_text":"","src":"https:\/\/i0.wp.com\/www.grieta.org.mx\/wp-content\/uploads\/2019\/05\/En-Nuevo-Le%C3%B3n-desapariciones-van-a-la-baja%E2%80%A6-pero-homicidios-al-alza-nl-may.jpg?resize=350%2C200&ssl=1","width":350,"height":200,"srcset":"https:\/\/i0.wp.com\/www.grieta.org.mx\/wp-content\/uploads\/2019\/05\/En-Nuevo-Le%C3%B3n-desapariciones-van-a-la-baja%E2%80%A6-pero-homicidios-al-alza-nl-may.jpg?resize=350%2C200&ssl=1 1x, https:\/\/i0.wp.com\/www.grieta.org.mx\/wp-content\/uploads\/2019\/05\/En-Nuevo-Le%C3%B3n-desapariciones-van-a-la-baja%E2%80%A6-pero-homicidios-al-alza-nl-may.jpg?resize=525%2C300&ssl=1 1.5x"},"classes":[]}],"_links":{"self":[{"href":"https:\/\/www.grieta.org.mx\/index.php\/wp-json\/wp\/v2\/posts\/53285","targetHints":{"allow":["GET"]}}],"collection":[{"href":"https:\/\/www.grieta.org.mx\/index.php\/wp-json\/wp\/v2\/posts"}],"about":[{"href":"https:\/\/www.grieta.org.mx\/index.php\/wp-json\/wp\/v2\/types\/post"}],"author":[{"embeddable":true,"href":"https:\/\/www.grieta.org.mx\/index.php\/wp-json\/wp\/v2\/users\/2"}],"replies":[{"embeddable":true,"href":"https:\/\/www.grieta.org.mx\/index.php\/wp-json\/wp\/v2\/comments?post=53285"}],"version-history":[{"count":1,"href":"https:\/\/www.grieta.org.mx\/index.php\/wp-json\/wp\/v2\/posts\/53285\/revisions"}],"predecessor-version":[{"id":53288,"href":"https:\/\/www.grieta.org.mx\/index.php\/wp-json\/wp\/v2\/posts\/53285\/revisions\/53288"}],"wp:featuredmedia":[{"embeddable":true,"href":"https:\/\/www.grieta.org.mx\/index.php\/wp-json\/wp\/v2\/media\/53286"}],"wp:attachment":[{"href":"https:\/\/www.grieta.org.mx\/index.php\/wp-json\/wp\/v2\/media?parent=53285"}],"wp:term":[{"taxonomy":"category","embeddable":true,"href":"https:\/\/www.grieta.org.mx\/index.php\/wp-json\/wp\/v2\/categories?post=53285"},{"taxonomy":"post_tag","embeddable":true,"href":"https:\/\/www.grieta.org.mx\/index.php\/wp-json\/wp\/v2\/tags?post=53285"}],"curies":[{"name":"wp","href":"https:\/\/api.w.org\/{rel}","templated":true}]}}