{"id":53267,"date":"2020-09-07T12:30:32","date_gmt":"2020-09-07T17:30:32","guid":{"rendered":"http:\/\/www.grieta.org.mx\/?p=53267"},"modified":"2020-09-12T12:36:30","modified_gmt":"2020-09-12T17:36:30","slug":"en-imss-nayarit-desabasto-de-tratamientos-de-vih-sida","status":"publish","type":"post","link":"https:\/\/www.grieta.org.mx\/index.php\/2020\/09\/07\/en-imss-nayarit-desabasto-de-tratamientos-de-vih-sida\/","title":{"rendered":"En IMSS Nayarit, desabasto de tratamientos de VIH\/SIDA"},"content":{"rendered":"<p><img loading=\"lazy\" decoding=\"async\" data-attachment-id=\"53268\" data-permalink=\"https:\/\/www.grieta.org.mx\/index.php\/2020\/09\/07\/en-imss-nayarit-desabasto-de-tratamientos-de-vih-sida\/vih-1\/\" data-orig-file=\"https:\/\/www.grieta.org.mx\/wp-content\/uploads\/2020\/09\/vih-1.jpg\" data-orig-size=\"800,400\" data-comments-opened=\"0\" data-image-meta=\"{&quot;aperture&quot;:&quot;0&quot;,&quot;credit&quot;:&quot;&quot;,&quot;camera&quot;:&quot;&quot;,&quot;caption&quot;:&quot;&quot;,&quot;created_timestamp&quot;:&quot;0&quot;,&quot;copyright&quot;:&quot;&quot;,&quot;focal_length&quot;:&quot;0&quot;,&quot;iso&quot;:&quot;0&quot;,&quot;shutter_speed&quot;:&quot;0&quot;,&quot;title&quot;:&quot;&quot;,&quot;orientation&quot;:&quot;0&quot;}\" data-image-title=\"vih-1\" data-image-description=\"\" data-image-caption=\"\" data-medium-file=\"https:\/\/www.grieta.org.mx\/wp-content\/uploads\/2020\/09\/vih-1-300x150.jpg\" data-large-file=\"https:\/\/www.grieta.org.mx\/wp-content\/uploads\/2020\/09\/vih-1.jpg\" class=\" wp-image-53268 aligncenter\" src=\"http:\/\/www.grieta.org.mx\/wp-content\/uploads\/2020\/09\/vih-1.jpg\" alt=\"\" width=\"799\" height=\"400\" srcset=\"https:\/\/www.grieta.org.mx\/wp-content\/uploads\/2020\/09\/vih-1.jpg 800w, https:\/\/www.grieta.org.mx\/wp-content\/uploads\/2020\/09\/vih-1-300x150.jpg 300w, https:\/\/www.grieta.org.mx\/wp-content\/uploads\/2020\/09\/vih-1-768x384.jpg 768w\" sizes=\"auto, (max-width: 799px) 100vw, 799px\" \/><\/p>\n<p>Imagen: Realidades de Nayarit<\/p>\n<p>Mildra Ben\u00edtez Robledo<\/p>\n<p>Tepic, Nayarit.- Lunes 07 de septiembre del 2020.- El presidente en el Estado de la \u201cRed de Diversidad Sexual\u201d, Omar Cordero, denunci\u00f3 que desde que inici\u00f3 la pandemia por COVID-19 en la Entidad, el Instituto Mexicano del Seguro Social (IMSS), ha dejado de entregar el tratamiento m\u00e9dico a derechohabientes con VIH\/SIDA, lo cual pone en serio riesgo la salud de los enfermos.<\/p>\n<p>El activista, explic\u00f3 que hasta la asociaci\u00f3n que representa han llegado 17 quejas por dicha situaci\u00f3n , de las que, 7 se han formalizado ante la Comisi\u00f3n Nacional de Derechos Humanos (CNDH), resuelviendo a favor del paciente en algunas 72 horas, pero aclar\u00f3 que no pueden estar interponiendo queja tras queja, para que los tomen en cuenta.<\/p>\n<p>Pese a que entiende que el tema del Coronavirus es de suma relevancia, aclar\u00f3 que no se les puede negar el servicio a las personas con dicho padecimiento, pues despu\u00e9s de unos d\u00edas sin medicarse, tienen que cambiar de tratamiento, porque su cuerpo genera resistencia al anterior, ah\u00ed la importancia de que reciban sus medicinas en la fecha establecida, para ello.<\/p>\n<p>No solo les han negado el tratamiento, sino tambi\u00e9n las citas y los estudios, tanto a los que ya est\u00e1n medic\u00e1ndose como a los que apenas han sido diagn\u00f3sticados y requieren de una carga viral, debido a que su salud puede verse en riesgo ante el mismo Covid-19.<\/p>\n<p>Para concluir, Omar Cordero, a\u00f1adi\u00f3 que de continuar esta situaci\u00f3n, el activista Omar Cordero augur\u00f3 que se incrementar\u00e1n en el Estado los casos de contagio por el virus del VIH\/SIDA, a ra\u00edz de que no existe un seguimiento sobre estos y a la par aumentar\u00e1n los fallecimientos.<\/p>\n<p><a href=\"http:\/\/realidadessperiodico.com\/54160\/\">http:\/\/realidadessperiodico.com\/54160\/<\/a><\/p>\n","protected":false},"excerpt":{"rendered":"<p>Imagen: Realidades de Nayarit Mildra Ben\u00edtez Robledo Tepic, Nayarit.- Lunes 07 de septiembre del 2020.- El presidente en el Estado de la \u201cRed de Diversidad Sexual\u201d, Omar Cordero, denunci\u00f3 que &hellip; <a href=\"https:\/\/www.grieta.org.mx\/index.php\/2020\/09\/07\/en-imss-nayarit-desabasto-de-tratamientos-de-vih-sida\/\" class=\"more-link\">Leer m\u00e1s<\/a><\/p>\n","protected":false},"author":2,"featured_media":53268,"comment_status":"closed","ping_status":"closed","sticky":false,"template":"","format":"standard","meta":{"ngg_post_thumbnail":0,"_jetpack_newsletter_access":"","_jetpack_dont_email_post_to_subs":false,"_jetpack_newsletter_tier_id":0,"_jetpack_memberships_contains_paywalled_content":false,"_jetpack_memberships_contains_paid_content":false,"footnotes":""},"categories":[80,918,2573,23,2,83],"tags":[3133,2367,3134,3604,166,3605],"class_list":["post-53267","post","type-post","status-publish","format-standard","has-post-thumbnail","hentry","category-cintillo","category-privatizacion-del-sector-salud","category-crisis-del-sector-salud-en-nayarit","category-nayarit","category-noticias-nacionales","category-temas-nacionales","tag-crisis-del-sector-salud","tag-crisis-en-el-sector-salud","tag-falta-de-atencion-medica","tag-falta-de-medicamentos","tag-imss","tag-pacientes-de-vih","entry"],"jetpack_featured_media_url":"https:\/\/www.grieta.org.mx\/wp-content\/uploads\/2020\/09\/vih-1.jpg","jetpack_sharing_enabled":true,"jetpack_shortlink":"https:\/\/wp.me\/p7ZJR4-dR9","jetpack_likes_enabled":false,"jetpack-related-posts":[{"id":33770,"url":"https:\/\/www.grieta.org.mx\/index.php\/2019\/05\/09\/se-agrava-situacion-de-pacientes-con-vih-nayarit\/","url_meta":{"origin":53267,"position":0},"title":"Se agrava situaci\u00f3n de pacientes con VIH (Nayarit)","author":"grieta","date":"9 mayo, 2019","format":false,"excerpt":"Ver\u00f3nica Ram\u00edrez \/Realidades Tepic, Nayarit.- Jueves 09 de mayo del 2019.- Al igual que en el resto del pa\u00eds, Nayarit registra desabasto de antiretrovirales, es decir, el medicamento para los pacientes con VIH no est\u00e1n en los estantes de las instituciones de salud p\u00fablica, denunci\u00f3 la dirigente de la Asociaci\u00f3n,\u2026","rel":"","context":"En &quot;CINTILLO&quot;","block_context":{"text":"CINTILLO","link":"https:\/\/www.grieta.org.mx\/index.php\/category\/cintillo\/"},"img":{"alt_text":"","src":"https:\/\/i0.wp.com\/www.grieta.org.mx\/wp-content\/uploads\/2018\/03\/14524434_1106112876131411_958039263622046936_o.jpg?resize=350%2C200&ssl=1","width":350,"height":200,"srcset":"https:\/\/i0.wp.com\/www.grieta.org.mx\/wp-content\/uploads\/2018\/03\/14524434_1106112876131411_958039263622046936_o.jpg?resize=350%2C200&ssl=1 1x, https:\/\/i0.wp.com\/www.grieta.org.mx\/wp-content\/uploads\/2018\/03\/14524434_1106112876131411_958039263622046936_o.jpg?resize=525%2C300&ssl=1 1.5x, https:\/\/i0.wp.com\/www.grieta.org.mx\/wp-content\/uploads\/2018\/03\/14524434_1106112876131411_958039263622046936_o.jpg?resize=700%2C400&ssl=1 2x"},"classes":[]},{"id":72093,"url":"https:\/\/www.grieta.org.mx\/index.php\/2025\/07\/18\/hospital-tondoroque-nuevamente-en-crisis-sin-medicamento-y-falta-de-aire-acondicionado-nayarit\/","url_meta":{"origin":53267,"position":1},"title":"Hospital Tondoroque nuevamente en crisis; sin medicamento y falta de aire acondicionado (Nayarit)","author":"grieta","date":"18 julio, 2025","format":false,"excerpt":"imagen: CPS El Hospital de Tondoroque, en Bah\u00eda de Banderas, atraviesa una de sus peores crisis: enfrenta desabasto de medicamentos y, nuevamente, su sistema de aire acondicionado se averi\u00f3, justo en medio de la intensa ola de calor que afecta a la regi\u00f3n. Pacientes internados y del \u00e1rea de urgencias\u2026","rel":"","context":"En &quot;CINTILLO&quot;","block_context":{"text":"CINTILLO","link":"https:\/\/www.grieta.org.mx\/index.php\/category\/cintillo\/"},"img":{"alt_text":"","src":"https:\/\/i0.wp.com\/www.grieta.org.mx\/wp-content\/uploads\/2025\/07\/WhatsApp-Image-2025-07-18-at-7.16.26-PM-1.jpeg.webp?resize=350%2C200&ssl=1","width":350,"height":200,"srcset":"https:\/\/i0.wp.com\/www.grieta.org.mx\/wp-content\/uploads\/2025\/07\/WhatsApp-Image-2025-07-18-at-7.16.26-PM-1.jpeg.webp?resize=350%2C200&ssl=1 1x, https:\/\/i0.wp.com\/www.grieta.org.mx\/wp-content\/uploads\/2025\/07\/WhatsApp-Image-2025-07-18-at-7.16.26-PM-1.jpeg.webp?resize=525%2C300&ssl=1 1.5x, https:\/\/i0.wp.com\/www.grieta.org.mx\/wp-content\/uploads\/2025\/07\/WhatsApp-Image-2025-07-18-at-7.16.26-PM-1.jpeg.webp?resize=700%2C400&ssl=1 2x, https:\/\/i0.wp.com\/www.grieta.org.mx\/wp-content\/uploads\/2025\/07\/WhatsApp-Image-2025-07-18-at-7.16.26-PM-1.jpeg.webp?resize=1050%2C600&ssl=1 3x"},"classes":[]},{"id":48604,"url":"https:\/\/www.grieta.org.mx\/index.php\/2020\/04\/28\/pide-universidad-de-nayarit-a-sector-salud-retirar-internos-durante-pandemia\/","url_meta":{"origin":53267,"position":2},"title":"Pide Universidad de Nayarit a sector Salud retirar internos durante pandemia","author":"grieta","date":"28 abril, 2020","format":false,"excerpt":"Foto: Cortes\u00eda Crys Ben\u00edtez \/ El Occidental Tepic, Nayarit.- Derivado del peligro que representa que los estudiantes se encuentren durante la pandemia, terminando sus estad\u00edas o servicio social, la Universidad Aut\u00f3noma de Nayarit (UAN), se pronuncia en contra de que sigan asistiendo, ya que ellos como instituci\u00f3n est\u00e1n obligada a\u2026","rel":"","context":"En &quot;CINTILLO&quot;","block_context":{"text":"CINTILLO","link":"https:\/\/www.grieta.org.mx\/index.php\/category\/cintillo\/"},"img":{"alt_text":"","src":"https:\/\/i0.wp.com\/www.grieta.org.mx\/wp-content\/uploads\/2020\/05\/uan.jpg?resize=350%2C200&ssl=1","width":350,"height":200,"srcset":"https:\/\/i0.wp.com\/www.grieta.org.mx\/wp-content\/uploads\/2020\/05\/uan.jpg?resize=350%2C200&ssl=1 1x, https:\/\/i0.wp.com\/www.grieta.org.mx\/wp-content\/uploads\/2020\/05\/uan.jpg?resize=525%2C300&ssl=1 1.5x, https:\/\/i0.wp.com\/www.grieta.org.mx\/wp-content\/uploads\/2020\/05\/uan.jpg?resize=700%2C400&ssl=1 2x"},"classes":[]},{"id":44949,"url":"https:\/\/www.grieta.org.mx\/index.php\/2020\/02\/17\/el-imss-de-mal-en-peor-nayarti\/","url_meta":{"origin":53267,"position":3},"title":"El IMSS de mal en peor (Nayarti)","author":"grieta","date":"17 febrero, 2020","format":false,"excerpt":"Foto: Realidades de Nayarit Javier Rojo Fregoso \/ Realidades de Nayarit Tepic, Nayarit.- Lunes 17 de febrero del 2020.- No es la primera y tampoco la \u00faltima creo yo, de las quejas constantes y sonantes de personas, madres, padres, hijos, nietos, primos, hermanos, abuelos, t\u00edos, t\u00edas y dem\u00e1s seres queridos\u2026","rel":"","context":"En &quot;CINTILLO&quot;","block_context":{"text":"CINTILLO","link":"https:\/\/www.grieta.org.mx\/index.php\/category\/cintillo\/"},"img":{"alt_text":"","src":"https:\/\/i0.wp.com\/www.grieta.org.mx\/wp-content\/uploads\/2020\/02\/imss-2-1-753x420.jpg?resize=350%2C200&ssl=1","width":350,"height":200,"srcset":"https:\/\/i0.wp.com\/www.grieta.org.mx\/wp-content\/uploads\/2020\/02\/imss-2-1-753x420.jpg?resize=350%2C200&ssl=1 1x, https:\/\/i0.wp.com\/www.grieta.org.mx\/wp-content\/uploads\/2020\/02\/imss-2-1-753x420.jpg?resize=525%2C300&ssl=1 1.5x, https:\/\/i0.wp.com\/www.grieta.org.mx\/wp-content\/uploads\/2020\/02\/imss-2-1-753x420.jpg?resize=700%2C400&ssl=1 2x"},"classes":[]},{"id":53003,"url":"https:\/\/www.grieta.org.mx\/index.php\/2020\/09\/04\/cierran-el-nuevo-hospital-del-issste-nayarit\/","url_meta":{"origin":53267,"position":4},"title":"Cierran el nuevo hospital del ISSSTE (Nayarit)","author":"grieta","date":"4 septiembre, 2020","format":false,"excerpt":"Foto: Realidades de Nayarit Durante 5 d\u00edas no funcionar\u00e1 porque culminaron los contratos del personal m\u00e9dico que laboran all\u00ed Mildra Ben\u00edtez Robledo \/ Realidades de Nayarit Tepic, Nayarit.- Viernes 04 de septiembre del 2020.- El hospital del ISSSTE ubicado en la zona de La Cantera, Tepic, mismo que atiende a\u2026","rel":"","context":"En &quot;CINTILLO&quot;","block_context":{"text":"CINTILLO","link":"https:\/\/www.grieta.org.mx\/index.php\/category\/cintillo\/"},"img":{"alt_text":"","src":"https:\/\/i0.wp.com\/www.grieta.org.mx\/wp-content\/uploads\/2020\/09\/hospital.jpg?resize=350%2C200&ssl=1","width":350,"height":200,"srcset":"https:\/\/i0.wp.com\/www.grieta.org.mx\/wp-content\/uploads\/2020\/09\/hospital.jpg?resize=350%2C200&ssl=1 1x, https:\/\/i0.wp.com\/www.grieta.org.mx\/wp-content\/uploads\/2020\/09\/hospital.jpg?resize=525%2C300&ssl=1 1.5x, https:\/\/i0.wp.com\/www.grieta.org.mx\/wp-content\/uploads\/2020\/09\/hospital.jpg?resize=700%2C400&ssl=1 2x"},"classes":[]},{"id":42375,"url":"https:\/\/www.grieta.org.mx\/index.php\/2019\/12\/19\/denuncian-falta-de-antirretrovirales-en-el-imss-jalisco\/","url_meta":{"origin":53267,"position":5},"title":"Denuncian falta de antirretrovirales en el IMSS Jalisco","author":"grieta","date":"19 diciembre, 2019","format":false,"excerpt":"Las cl\u00ednicas donde han encontrado desabasto son 45, 46, 110 y 180, ubicadas en Guadalajara y Tlajomulco de Z\u00fa\u00f1iga Foto: Antonio Miramontes Viridiana Saavedra \/ El Occidental Desde hace mes y medio hay desabasto de antirretrovirales en el Instituto Mexicano del Seguro Social (IMSS), informaron miembros de organismos que colaboran\u2026","rel":"","context":"En &quot;CINTILLO&quot;","block_context":{"text":"CINTILLO","link":"https:\/\/www.grieta.org.mx\/index.php\/category\/cintillo\/"},"img":{"alt_text":"","src":"https:\/\/i0.wp.com\/www.grieta.org.mx\/wp-content\/uploads\/2019\/12\/WhatsApp-Image-2019-12-19-at-11.31.08.jpeg?resize=350%2C200&ssl=1","width":350,"height":200,"srcset":"https:\/\/i0.wp.com\/www.grieta.org.mx\/wp-content\/uploads\/2019\/12\/WhatsApp-Image-2019-12-19-at-11.31.08.jpeg?resize=350%2C200&ssl=1 1x, https:\/\/i0.wp.com\/www.grieta.org.mx\/wp-content\/uploads\/2019\/12\/WhatsApp-Image-2019-12-19-at-11.31.08.jpeg?resize=525%2C300&ssl=1 1.5x, https:\/\/i0.wp.com\/www.grieta.org.mx\/wp-content\/uploads\/2019\/12\/WhatsApp-Image-2019-12-19-at-11.31.08.jpeg?resize=700%2C400&ssl=1 2x"},"classes":[]}],"_links":{"self":[{"href":"https:\/\/www.grieta.org.mx\/index.php\/wp-json\/wp\/v2\/posts\/53267","targetHints":{"allow":["GET"]}}],"collection":[{"href":"https:\/\/www.grieta.org.mx\/index.php\/wp-json\/wp\/v2\/posts"}],"about":[{"href":"https:\/\/www.grieta.org.mx\/index.php\/wp-json\/wp\/v2\/types\/post"}],"author":[{"embeddable":true,"href":"https:\/\/www.grieta.org.mx\/index.php\/wp-json\/wp\/v2\/users\/2"}],"replies":[{"embeddable":true,"href":"https:\/\/www.grieta.org.mx\/index.php\/wp-json\/wp\/v2\/comments?post=53267"}],"version-history":[{"count":1,"href":"https:\/\/www.grieta.org.mx\/index.php\/wp-json\/wp\/v2\/posts\/53267\/revisions"}],"predecessor-version":[{"id":53269,"href":"https:\/\/www.grieta.org.mx\/index.php\/wp-json\/wp\/v2\/posts\/53267\/revisions\/53269"}],"wp:featuredmedia":[{"embeddable":true,"href":"https:\/\/www.grieta.org.mx\/index.php\/wp-json\/wp\/v2\/media\/53268"}],"wp:attachment":[{"href":"https:\/\/www.grieta.org.mx\/index.php\/wp-json\/wp\/v2\/media?parent=53267"}],"wp:term":[{"taxonomy":"category","embeddable":true,"href":"https:\/\/www.grieta.org.mx\/index.php\/wp-json\/wp\/v2\/categories?post=53267"},{"taxonomy":"post_tag","embeddable":true,"href":"https:\/\/www.grieta.org.mx\/index.php\/wp-json\/wp\/v2\/tags?post=53267"}],"curies":[{"name":"wp","href":"https:\/\/api.w.org\/{rel}","templated":true}]}}