{"id":53254,"date":"2020-09-08T13:29:29","date_gmt":"2020-09-08T18:29:29","guid":{"rendered":"http:\/\/www.grieta.org.mx\/?p=53254"},"modified":"2020-09-11T13:37:50","modified_gmt":"2020-09-11T18:37:50","slug":"camioneta-con-trabajadores-del-campo-cae-a-un-canal-murio-nino-de-5-anos-otro-esta-desaparecido-colima","status":"publish","type":"post","link":"https:\/\/www.grieta.org.mx\/index.php\/2020\/09\/08\/camioneta-con-trabajadores-del-campo-cae-a-un-canal-murio-nino-de-5-anos-otro-esta-desaparecido-colima\/","title":{"rendered":"Camioneta con trabajadores del campo cae a un canal; muri\u00f3 ni\u00f1o de 5 a\u00f1os, otro est\u00e1 desaparecido (Colima)"},"content":{"rendered":"<p><img loading=\"lazy\" decoding=\"async\" data-attachment-id=\"53255\" data-permalink=\"https:\/\/www.grieta.org.mx\/index.php\/2020\/09\/08\/camioneta-con-trabajadores-del-campo-cae-a-un-canal-murio-nino-de-5-anos-otro-esta-desaparecido-colima\/image-50\/\" data-orig-file=\"https:\/\/www.grieta.org.mx\/wp-content\/uploads\/2020\/09\/image-50.png\" data-orig-size=\"704,593\" data-comments-opened=\"0\" data-image-meta=\"{&quot;aperture&quot;:&quot;0&quot;,&quot;credit&quot;:&quot;&quot;,&quot;camera&quot;:&quot;&quot;,&quot;caption&quot;:&quot;&quot;,&quot;created_timestamp&quot;:&quot;0&quot;,&quot;copyright&quot;:&quot;&quot;,&quot;focal_length&quot;:&quot;0&quot;,&quot;iso&quot;:&quot;0&quot;,&quot;shutter_speed&quot;:&quot;0&quot;,&quot;title&quot;:&quot;&quot;,&quot;orientation&quot;:&quot;0&quot;}\" data-image-title=\"image-50\" data-image-description=\"\" data-image-caption=\"\" data-medium-file=\"https:\/\/www.grieta.org.mx\/wp-content\/uploads\/2020\/09\/image-50-300x253.png\" data-large-file=\"https:\/\/www.grieta.org.mx\/wp-content\/uploads\/2020\/09\/image-50.png\" class=\" wp-image-53255 aligncenter\" src=\"http:\/\/www.grieta.org.mx\/wp-content\/uploads\/2020\/09\/image-50.png\" alt=\"\" width=\"801\" height=\"675\" srcset=\"https:\/\/www.grieta.org.mx\/wp-content\/uploads\/2020\/09\/image-50.png 704w, https:\/\/www.grieta.org.mx\/wp-content\/uploads\/2020\/09\/image-50-300x253.png 300w, https:\/\/www.grieta.org.mx\/wp-content\/uploads\/2020\/09\/image-50-594x500.png 594w\" sizes=\"auto, (max-width: 801px) 100vw, 801px\" \/><\/p>\n<p>Foto: Luis Rosales<\/p>\n<p>Redacci\u00f3n \/ Diario Avanzada<\/p>\n<p>Colima, M\u00e9xico, Avanzada (07\/09\/2020).- Un menor de cinco a\u00f1os de edad muri\u00f3 y otro m\u00e1s se encuentra desaparecido, porque la camioneta en la que viajaban junto con otros ni\u00f1os trabajadores del campo, se volc\u00f3 en un canal de agua.<\/p>\n<p>Los hechos ocurrieron en Tecom\u00e1n, un municipio con vocaci\u00f3n agr\u00edcola, altas tasas de pobreza y en donde es frecuente el trabajo infantil, pese a estar prohibido por los riesgos que implica para los menores de edad.<\/p>\n<p>De acuerdo a los hechos, este martes por la ma\u00f1ana una camioneta que transportaba a varios trabajadores agr\u00edcolas, entre ellos menores de edad, \u00a0volc\u00f3 en un canal de agua cuando transitaba por un sinuoso camino de terracer\u00eda.<\/p>\n<p>Por este hecho, un menor de cinco a\u00f1os de edad \u2013 se desconoce si era trabajador o hijo de alguno de los adultos- falleci\u00f3 en el lugar, mientras que otro ni\u00f1o se encuentra desaparecido.<\/p>\n<p>Otros tres menores fueron trasladados al hospital de Tecom\u00e1n por los golpes que recibieron y su estado de salud se reporta estable.<\/p>\n<p>Versiones extraoficiales se\u00f1alan que en la camioneta viajaban aproximadamente 4 adultos y ocho menores de edad, entre ni\u00f1os y adolescentes.<\/p>\n<p>En el lugar del accidente, se encuentra personal de Protecci\u00f3n Civil estatal y municipal realizando las labores de b\u00fasqueda para localizar al infante, quien al parecer fue arrastrado por la corriente de agua del canal donde cay\u00f3 la camioneta que los llevaba a los campos agr\u00edcolas.<\/p>\n<p><a href=\"https:\/\/www.diarioavanzada.com.mx\/?p=15276\">https:\/\/www.diarioavanzada.com.mx\/?p=15276<\/a><\/p>\n","protected":false},"excerpt":{"rendered":"<p>Foto: Luis Rosales Redacci\u00f3n \/ Diario Avanzada Colima, M\u00e9xico, Avanzada (07\/09\/2020).- Un menor de cinco a\u00f1os de edad muri\u00f3 y otro m\u00e1s se encuentra desaparecido, porque la camioneta en la &hellip; <a href=\"https:\/\/www.grieta.org.mx\/index.php\/2020\/09\/08\/camioneta-con-trabajadores-del-campo-cae-a-un-canal-murio-nino-de-5-anos-otro-esta-desaparecido-colima\/\" class=\"more-link\">Leer m\u00e1s<\/a><\/p>\n","protected":false},"author":2,"featured_media":53255,"comment_status":"closed","ping_status":"closed","sticky":false,"template":"","format":"standard","meta":{"ngg_post_thumbnail":0,"_jetpack_newsletter_access":"","_jetpack_dont_email_post_to_subs":false,"_jetpack_newsletter_tier_id":0,"_jetpack_memberships_contains_paywalled_content":false,"_jetpack_memberships_contains_paid_content":false,"footnotes":""},"categories":[80,13,1827,3112,2,83],"tags":[2362,1386,723],"class_list":["post-53254","post","type-post","status-publish","format-standard","has-post-thumbnail","hentry","category-cintillo","category-colima","category-la-ninez-en-la-tormenta-capitalista","category-la-ninez-en-la-tormenta-en-colima","category-noticias-nacionales","category-temas-nacionales","tag-la-ninez-en-la-tormenta","tag-ninos-jornaleros","tag-trabajo-infantil","entry"],"jetpack_featured_media_url":"https:\/\/www.grieta.org.mx\/wp-content\/uploads\/2020\/09\/image-50.png","jetpack_sharing_enabled":true,"jetpack_shortlink":"https:\/\/wp.me\/p7ZJR4-dQW","jetpack_likes_enabled":false,"jetpack-related-posts":[{"id":49339,"url":"https:\/\/www.grieta.org.mx\/index.php\/2020\/05\/11\/20-mil-ninos-trabajan-en-colima-56-en-actividades-peligrosas\/","url_meta":{"origin":53254,"position":0},"title":"20 mil ni\u00f1os trabajan en Colima; 56% en actividades peligrosas","author":"grieta","date":"11 mayo, 2020","format":false,"excerpt":"Foto: Ilustrativa Heidi de Le\u00f3n Guti\u00e9rrez \/ Diario Avanzada Colima, M\u00e9xico, Avanzada (11\/05\/2020).- La secretar\u00eda de Trabajo y Previsi\u00f3n Social (STYPS) detect\u00f3 a 20 mil 86 ni\u00f1os, ni\u00f1as y adolescentes que realizan una ocupaci\u00f3n o actividad laboral que no est\u00e1 permitida, principalmente en el campo colimense. Adem\u00e1s de esos 20\u2026","rel":"","context":"En &quot;CINTILLO&quot;","block_context":{"text":"CINTILLO","link":"https:\/\/www.grieta.org.mx\/index.php\/category\/cintillo\/"},"img":{"alt_text":"","src":"https:\/\/i0.wp.com\/www.grieta.org.mx\/wp-content\/uploads\/2020\/05\/b2d91eca3_normal_noticia.jpg?resize=350%2C200&ssl=1","width":350,"height":200,"srcset":"https:\/\/i0.wp.com\/www.grieta.org.mx\/wp-content\/uploads\/2020\/05\/b2d91eca3_normal_noticia.jpg?resize=350%2C200&ssl=1 1x, https:\/\/i0.wp.com\/www.grieta.org.mx\/wp-content\/uploads\/2020\/05\/b2d91eca3_normal_noticia.jpg?resize=525%2C300&ssl=1 1.5x, https:\/\/i0.wp.com\/www.grieta.org.mx\/wp-content\/uploads\/2020\/05\/b2d91eca3_normal_noticia.jpg?resize=700%2C400&ssl=1 2x"},"classes":[]},{"id":67919,"url":"https:\/\/www.grieta.org.mx\/index.php\/2023\/10\/06\/catorce-mil-ninos-en-colima-estan-en-riesgo-por-el-trabajo-que-realizan\/","url_meta":{"origin":53254,"position":1},"title":"Catorce mil ni\u00f1os en Colima est\u00e1n en riesgo por el trabajo que realizan","author":"grieta","date":"6 octubre, 2023","format":false,"excerpt":"Imagen: Diario Avanzada Heidi de Le\u00f3n Guti\u00e9rrez \/ luzia.com Colima, M\u00e9xico, Avanzada (06\/10\/2023).- La Encuesta Nacional de Trabajo Infantil (ENTI) 2022, revel\u00f3 que m\u00e1s de 28 mil ni\u00f1os y ni\u00f1as en Colima est\u00e1n involucrados en actividades laborales, y la mitad de ellos realizan trabajos no aptos para su edad, lo\u2026","rel":"","context":"En &quot;CINTILLO&quot;","block_context":{"text":"CINTILLO","link":"https:\/\/www.grieta.org.mx\/index.php\/category\/cintillo\/"},"img":{"alt_text":"","src":"https:\/\/i0.wp.com\/www.grieta.org.mx\/wp-content\/uploads\/2023\/10\/Imagen-de-WhatsApp-2023-10-06-a-las-07.09.10_ae8d068c.jpg?resize=350%2C200&ssl=1","width":350,"height":200,"srcset":"https:\/\/i0.wp.com\/www.grieta.org.mx\/wp-content\/uploads\/2023\/10\/Imagen-de-WhatsApp-2023-10-06-a-las-07.09.10_ae8d068c.jpg?resize=350%2C200&ssl=1 1x, https:\/\/i0.wp.com\/www.grieta.org.mx\/wp-content\/uploads\/2023\/10\/Imagen-de-WhatsApp-2023-10-06-a-las-07.09.10_ae8d068c.jpg?resize=525%2C300&ssl=1 1.5x, https:\/\/i0.wp.com\/www.grieta.org.mx\/wp-content\/uploads\/2023\/10\/Imagen-de-WhatsApp-2023-10-06-a-las-07.09.10_ae8d068c.jpg?resize=700%2C400&ssl=1 2x"},"classes":[]},{"id":71623,"url":"https:\/\/www.grieta.org.mx\/index.php\/2025\/04\/30\/dia-del-nino-en-colima-mas-balas-que-juegos\/","url_meta":{"origin":53254,"position":2},"title":"D\u00eda del Ni\u00f1o en Colima: m\u00e1s balas que juegos","author":"grieta","date":"30 abril, 2025","format":false,"excerpt":"Imagen: Diario Avanzada Heidi de Le\u00f3n Guti\u00e9rrez \/ Diario Avanzada Colima, M\u00e9xico, Avanzada (30\/04\/2025).- En el marco de la celebraci\u00f3n del D\u00eda del Ni\u00f1o, Colima no tiene mucho que festejar. Las infancias en la entidad enfrentan \u00a0la violencia, el crimen organizado y la desaparici\u00f3n. Los hechos anteriores se han convertido\u2026","rel":"","context":"En &quot;CINTILLO&quot;","block_context":{"text":"CINTILLO","link":"https:\/\/www.grieta.org.mx\/index.php\/category\/cintillo\/"},"img":{"alt_text":"","src":"https:\/\/i0.wp.com\/www.grieta.org.mx\/wp-content\/uploads\/2025\/05\/35f04a10-6e20-4b56-93db-5e43b3ac4158-1.png?resize=350%2C200&ssl=1","width":350,"height":200,"srcset":"https:\/\/i0.wp.com\/www.grieta.org.mx\/wp-content\/uploads\/2025\/05\/35f04a10-6e20-4b56-93db-5e43b3ac4158-1.png?resize=350%2C200&ssl=1 1x, https:\/\/i0.wp.com\/www.grieta.org.mx\/wp-content\/uploads\/2025\/05\/35f04a10-6e20-4b56-93db-5e43b3ac4158-1.png?resize=525%2C300&ssl=1 1.5x, https:\/\/i0.wp.com\/www.grieta.org.mx\/wp-content\/uploads\/2025\/05\/35f04a10-6e20-4b56-93db-5e43b3ac4158-1.png?resize=700%2C400&ssl=1 2x"},"classes":[]},{"id":65945,"url":"https:\/\/www.grieta.org.mx\/index.php\/2022\/12\/04\/colima-entre-los-estados-mas-inseguros-para-ninas-y-adolescentes\/","url_meta":{"origin":53254,"position":3},"title":"Colima, entre los estados m\u00e1s inseguros para ni\u00f1as y adolescentes","author":"grieta","date":"4 diciembre, 2022","format":false,"excerpt":"Imagen: Diario Avanzada Heidi de Le\u00f3n Guti\u00e9rrez \/ Diario Avanzada Colima, M\u00e9xico, Avanzada (04\/12\/2022).- Colima se encuentra entre los 14 estados m\u00e1s inseguros para las ni\u00f1as y adolescentes, de acuerdo al monitoreo que realiz\u00f3 la organizaci\u00f3n: Aqu\u00ed estamos: feminicidio infantil en M\u00e9xico. El reporte fue elaborado por un grupo de\u2026","rel":"","context":"En &quot;CINTILLO&quot;","block_context":{"text":"CINTILLO","link":"https:\/\/www.grieta.org.mx\/index.php\/category\/cintillo\/"},"img":{"alt_text":"","src":"https:\/\/i0.wp.com\/www.grieta.org.mx\/wp-content\/uploads\/2022\/12\/image-25-1.png?resize=350%2C200&ssl=1","width":350,"height":200,"srcset":"https:\/\/i0.wp.com\/www.grieta.org.mx\/wp-content\/uploads\/2022\/12\/image-25-1.png?resize=350%2C200&ssl=1 1x, https:\/\/i0.wp.com\/www.grieta.org.mx\/wp-content\/uploads\/2022\/12\/image-25-1.png?resize=525%2C300&ssl=1 1.5x"},"classes":[]},{"id":59124,"url":"https:\/\/www.grieta.org.mx\/index.php\/2021\/05\/01\/sufren-abuso-sexual-infantil-24-de-cada-100-mil-infantes-en-colima\/","url_meta":{"origin":53254,"position":4},"title":"Sufren abuso sexual infantil 24 de cada 100 mil infantes en Colima","author":"grieta","date":"1 mayo, 2021","format":false,"excerpt":"Imagen: Diario Avanzada Heidi de Le\u00f3n Guti\u00e9rrez \/ Diario Avanzada Colima, M\u00e9xico, Avanzada (01\/05\/2021).- Los altos \u00edndices de violencia que se registran en el estado, no s\u00f3lo afectan a los adultos, tambi\u00e9n a los ni\u00f1os y las ni\u00f1as, quienes son v\u00edctimas de diversos delitos, como el abuso sexual o conductas\u2026","rel":"","context":"En &quot;CINTILLO&quot;","block_context":{"text":"CINTILLO","link":"https:\/\/www.grieta.org.mx\/index.php\/category\/cintillo\/"},"img":{"alt_text":"","src":"https:\/\/i0.wp.com\/www.grieta.org.mx\/wp-content\/uploads\/2021\/05\/Nin%CC%83o-Proletario-1.jpg?resize=350%2C200&ssl=1","width":350,"height":200,"srcset":"https:\/\/i0.wp.com\/www.grieta.org.mx\/wp-content\/uploads\/2021\/05\/Nin%CC%83o-Proletario-1.jpg?resize=350%2C200&ssl=1 1x, https:\/\/i0.wp.com\/www.grieta.org.mx\/wp-content\/uploads\/2021\/05\/Nin%CC%83o-Proletario-1.jpg?resize=525%2C300&ssl=1 1.5x, https:\/\/i0.wp.com\/www.grieta.org.mx\/wp-content\/uploads\/2021\/05\/Nin%CC%83o-Proletario-1.jpg?resize=700%2C400&ssl=1 2x"},"classes":[]},{"id":69196,"url":"https:\/\/www.grieta.org.mx\/index.php\/2024\/06\/13\/en-riesgo-14-mil-ninos-colimenses-5-mil-no-van-a-la-escuela-inegi-colima\/","url_meta":{"origin":53254,"position":5},"title":"En riesgo, 14 mil ni\u00f1os colimenses; 5 mil no van a la escuela: INEGI (Colima)","author":"grieta","date":"13 junio, 2024","format":false,"excerpt":"Imagen: Ilustrativa, tomada de la Red, Diario Avanzada Heidi de Le\u00f3n Guti\u00e9rrez \/ Diario Avanzada Colima, M\u00e9xico, Avanzada (13\/06\/2024).- En el marco del D\u00eda Mundial contra el Trabajo Infantil que se conmemor\u00f3 ayer, el Instituto Nacional de Estad\u00edstica y Geograf\u00eda (INEGI) revel\u00f3 que 14 mil ni\u00f1os y adolescentes colimenses, de\u2026","rel":"","context":"En &quot;CINTILLO&quot;","block_context":{"text":"CINTILLO","link":"https:\/\/www.grieta.org.mx\/index.php\/category\/cintillo\/"},"img":{"alt_text":"","src":"https:\/\/i0.wp.com\/www.grieta.org.mx\/wp-content\/uploads\/2024\/06\/img_0384-1.jpg?resize=350%2C200&ssl=1","width":350,"height":200,"srcset":"https:\/\/i0.wp.com\/www.grieta.org.mx\/wp-content\/uploads\/2024\/06\/img_0384-1.jpg?resize=350%2C200&ssl=1 1x, https:\/\/i0.wp.com\/www.grieta.org.mx\/wp-content\/uploads\/2024\/06\/img_0384-1.jpg?resize=525%2C300&ssl=1 1.5x, https:\/\/i0.wp.com\/www.grieta.org.mx\/wp-content\/uploads\/2024\/06\/img_0384-1.jpg?resize=700%2C400&ssl=1 2x, https:\/\/i0.wp.com\/www.grieta.org.mx\/wp-content\/uploads\/2024\/06\/img_0384-1.jpg?resize=1050%2C600&ssl=1 3x, https:\/\/i0.wp.com\/www.grieta.org.mx\/wp-content\/uploads\/2024\/06\/img_0384-1.jpg?resize=1400%2C800&ssl=1 4x"},"classes":[]}],"_links":{"self":[{"href":"https:\/\/www.grieta.org.mx\/index.php\/wp-json\/wp\/v2\/posts\/53254","targetHints":{"allow":["GET"]}}],"collection":[{"href":"https:\/\/www.grieta.org.mx\/index.php\/wp-json\/wp\/v2\/posts"}],"about":[{"href":"https:\/\/www.grieta.org.mx\/index.php\/wp-json\/wp\/v2\/types\/post"}],"author":[{"embeddable":true,"href":"https:\/\/www.grieta.org.mx\/index.php\/wp-json\/wp\/v2\/users\/2"}],"replies":[{"embeddable":true,"href":"https:\/\/www.grieta.org.mx\/index.php\/wp-json\/wp\/v2\/comments?post=53254"}],"version-history":[{"count":1,"href":"https:\/\/www.grieta.org.mx\/index.php\/wp-json\/wp\/v2\/posts\/53254\/revisions"}],"predecessor-version":[{"id":53257,"href":"https:\/\/www.grieta.org.mx\/index.php\/wp-json\/wp\/v2\/posts\/53254\/revisions\/53257"}],"wp:featuredmedia":[{"embeddable":true,"href":"https:\/\/www.grieta.org.mx\/index.php\/wp-json\/wp\/v2\/media\/53255"}],"wp:attachment":[{"href":"https:\/\/www.grieta.org.mx\/index.php\/wp-json\/wp\/v2\/media?parent=53254"}],"wp:term":[{"taxonomy":"category","embeddable":true,"href":"https:\/\/www.grieta.org.mx\/index.php\/wp-json\/wp\/v2\/categories?post=53254"},{"taxonomy":"post_tag","embeddable":true,"href":"https:\/\/www.grieta.org.mx\/index.php\/wp-json\/wp\/v2\/tags?post=53254"}],"curies":[{"name":"wp","href":"https:\/\/api.w.org\/{rel}","templated":true}]}}