{"id":53195,"date":"2020-08-28T23:42:04","date_gmt":"2020-08-29T04:42:04","guid":{"rendered":"http:\/\/www.grieta.org.mx\/?p=53195"},"modified":"2020-09-09T23:45:29","modified_gmt":"2020-09-10T04:45:29","slug":"repechique-los-raramuri-que-defienden-el-bosque-y-su-territorio-ancestral-chihuahua","status":"publish","type":"post","link":"https:\/\/www.grieta.org.mx\/index.php\/2020\/08\/28\/repechique-los-raramuri-que-defienden-el-bosque-y-su-territorio-ancestral-chihuahua\/","title":{"rendered":"Repechique: los rar\u00e1muri que defienden el bosque y su territorio ancestral (Chihuahua)"},"content":{"rendered":"<p><img decoding=\"async\" src=\"https:\/\/piedepagina.mx\/wp-content\/uploads\/2020\/08\/Manifestacioncontragasoducto-Repechique-1.jpeg\" \/><\/p>\n<p>Texto y fotos: Patricia Mayorga \/ Mongabay<\/p>\n<p>CHIHUAHUA.- Teresa Gonz\u00e1lez Parra defiende su derecho a so\u00f1ar. Ella es rar\u00e1muri y por a\u00f1os ha hecho todo lo posible para que su comunidad, Bosques de San El\u00edas Repechique, logre el reconocimiento de su territorio ancestral. Su otro anhelo est\u00e1 a un paso de hacerse realidad: abrir un taller de costura comunitario.<\/p>\n<p>La construcci\u00f3n del taller, que tiene un avance del 90 por ciento, se detuvo el pasado 13 de agosto. Ese d\u00eda alrededor de 15 polic\u00edas del estado de Chihuahua clausuraron la obra e intentaron detener a Teresa Gonz\u00e1lez. La ind\u00edgena rar\u00e1muri tiene una demanda en su contra; el empresario Fernando Cuesta la acusa de haberlo despojado del terreno donde se construye el taller.<\/p>\n<p>\u201cNo quieren que construyamos aqu\u00ed nuestra casa (el taller) que es de la comunidad. No quieren porque nos dicen que (el terreno) es de otro se\u00f1or\u2026 Pero nosotros (los rar\u00e1muri) somos los primeros que somos de aqu\u00ed\u201d. Es la voz de Teresa; su vestimenta colorida contrasta con la serenidad y fortaleza que muestra cuando habla de las agresiones que, desde hace d\u00e9cadas, enfrenta su comunidad.<\/p>\n<figure class=\"wp-block-image size-large\"><img loading=\"lazy\" decoding=\"async\" data-attachment-id=\"44475\" data-permalink=\"https:\/\/www.grieta.org.mx\/index.php\/2020\/02\/20\/imagenes-de-la-movilizacion-zapatista-iniciada-la-madrugada-de-este-20-de-febrero-en-defensa-del-territorio-y-la-madre-tierra-por-justicia-para-nuestrs-muerts-nuestrs-desaparecids-nuestrs-pres\/7d-1-640x480\/\" data-orig-file=\"https:\/\/www.grieta.org.mx\/wp-content\/uploads\/2020\/02\/7d-1-640x480.jpeg\" data-orig-size=\"640,480\" data-comments-opened=\"0\" data-image-meta=\"{&quot;aperture&quot;:&quot;0&quot;,&quot;credit&quot;:&quot;&quot;,&quot;camera&quot;:&quot;&quot;,&quot;caption&quot;:&quot;&quot;,&quot;created_timestamp&quot;:&quot;0&quot;,&quot;copyright&quot;:&quot;&quot;,&quot;focal_length&quot;:&quot;0&quot;,&quot;iso&quot;:&quot;0&quot;,&quot;shutter_speed&quot;:&quot;0&quot;,&quot;title&quot;:&quot;&quot;,&quot;orientation&quot;:&quot;0&quot;}\" data-image-title=\"7d-1-640&amp;#215;480\" data-image-description=\"\" data-image-caption=\"\" data-medium-file=\"https:\/\/www.grieta.org.mx\/wp-content\/uploads\/2020\/02\/7d-1-640x480-300x225.jpeg\" data-large-file=\"https:\/\/www.grieta.org.mx\/wp-content\/uploads\/2020\/02\/7d-1-640x480.jpeg\" class=\"wp-image-44475\" src=\"https:\/\/piedepagina.mx\/wp-content\/uploads\/2020\/08\/Clausura-del-taller-Repechique-11.jpeg\" sizes=\"auto, (max-width: 850px) 100vw, 850px\" srcset=\"https:\/\/piedepagina.mx\/wp-content\/uploads\/2020\/08\/Clausura-del-taller-Repechique-11.jpeg 850w, https:\/\/piedepagina.mx\/wp-content\/uploads\/2020\/08\/Clausura-del-taller-Repechique-11-480x300.jpeg 480w, https:\/\/piedepagina.mx\/wp-content\/uploads\/2020\/08\/Clausura-del-taller-Repechique-11-768x480.jpeg 768w\" alt=\"\" width=\"850\" height=\"531\" \/><figcaption>El 13 de agosto de 2020, polic\u00edas del estado de Chihuahua clausuraron el taller de costura comunitario. Foto: Patricia Mayorga.<\/figcaption><\/figure>\n<p>Los habitantes de Bosques de San El\u00edas Repechique \u2014municipio de Bocoyna, al norte de la Sierra Tarahumara, en el estado de Chihuahua\u2014 han luchado desde hace d\u00e9cadas para que no les arrebaten las tierras de las que tienen posesi\u00f3n, pero no los documentos que avalen la propiedad.<\/p>\n<p>En su reclamo por el reconocimiento de su territorio ancestral, la comunidad ind\u00edgena ha enfrentado a empresarios de la regi\u00f3n, a \u201cchabochis\u201d \u2014como los rar\u00e1muri les dicen a los mestizos\u2014 que aseguran ser los due\u00f1os de buena parte del territorio y a quienes la Secretar\u00eda del Medio Ambiente y Recursos Naturales (Semarnat) ha entregado permisos de aprovechamiento maderero, pese a los reclamos y denuncias de los ind\u00edgenas.<\/p>\n<h3><strong>Apropiarse de un bosque ancestral<\/strong><\/h3>\n<figure class=\"wp-block-image size-large\"><img loading=\"lazy\" decoding=\"async\" data-attachment-id=\"44476\" data-permalink=\"https:\/\/www.grieta.org.mx\/index.php\/2020\/02\/20\/imagenes-de-la-movilizacion-zapatista-iniciada-la-madrugada-de-este-20-de-febrero-en-defensa-del-territorio-y-la-madre-tierra-por-justicia-para-nuestrs-muerts-nuestrs-desaparecids-nuestrs-pres\/8d-1-640x480\/\" data-orig-file=\"https:\/\/www.grieta.org.mx\/wp-content\/uploads\/2020\/02\/8d-1-640x480.jpeg\" data-orig-size=\"640,480\" data-comments-opened=\"0\" data-image-meta=\"{&quot;aperture&quot;:&quot;0&quot;,&quot;credit&quot;:&quot;&quot;,&quot;camera&quot;:&quot;&quot;,&quot;caption&quot;:&quot;&quot;,&quot;created_timestamp&quot;:&quot;0&quot;,&quot;copyright&quot;:&quot;&quot;,&quot;focal_length&quot;:&quot;0&quot;,&quot;iso&quot;:&quot;0&quot;,&quot;shutter_speed&quot;:&quot;0&quot;,&quot;title&quot;:&quot;&quot;,&quot;orientation&quot;:&quot;0&quot;}\" data-image-title=\"8d-1-640&amp;#215;480\" data-image-description=\"\" data-image-caption=\"\" data-medium-file=\"https:\/\/www.grieta.org.mx\/wp-content\/uploads\/2020\/02\/8d-1-640x480-300x225.jpeg\" data-large-file=\"https:\/\/www.grieta.org.mx\/wp-content\/uploads\/2020\/02\/8d-1-640x480.jpeg\" class=\"wp-image-44476\" src=\"https:\/\/piedepagina.mx\/wp-content\/uploads\/2020\/08\/Comunidad-Repechique-plantonaeropuerto.jpeg\" sizes=\"auto, (max-width: 765px) 100vw, 765px\" srcset=\"https:\/\/piedepagina.mx\/wp-content\/uploads\/2020\/08\/Comunidad-Repechique-plantonaeropuerto.jpeg 765w, https:\/\/piedepagina.mx\/wp-content\/uploads\/2020\/08\/Comunidad-Repechique-plantonaeropuerto-480x300.jpeg 480w\" alt=\"\" width=\"765\" height=\"478\" \/><figcaption>En 2014, la comunidad gan\u00f3 un amparo contra el aeropuerto de Creel. Foto: Patricia Mayorga.<\/figcaption><\/figure>\n<p>En la Sierra Tarahumara, a muchas comunidades originarias no se les reconoci\u00f3 su territorio ancestral durante la Reforma Agraria, explica el bi\u00f3logo Salvador Anta, del Consejo Civil Mexicano para la Silvicultura Sostenible (CCMSS) y de la organizaci\u00f3n Pol\u00edtica y Legislaci\u00f3n Ambiental (Polea A.C.).<\/p>\n<p>Esa falta de reconocimiento provoc\u00f3, entre otras cosas, que gente externa a las comunidades originarias se apropiara de los territorios y tambi\u00e9n aprovechara los recursos naturales de esos lugares.<\/p>\n<p>Al igual que Bosques de San El\u00edas Repechique otras comunidades sostienen luchas hist\u00f3ricas por su territorio ancestral y recursos naturales. Algunas de ellas son Chor\u00e9achi y Coloradas de la Virgen en el municipio de Guadalupe y Calvo, las cuales han sido acompa\u00f1adas por la organizaci\u00f3n Alianza Sierra Madre.<\/p>\n<p>Choreachi logr\u00f3 llegar a la Corte Interamericana de Derechos Humanos (CIDH), organismo que en marzo de 2017 emiti\u00f3 medidas provisionales para toda la comunidad, con el objetivo de salvaguardar la integridad f\u00edsica de sus habitantes. Y Coloradas de la Virgen es la comunidad ind\u00edgena que m\u00e1s l\u00edderes asesinados ha aportado en la lucha por el territorio.<\/p>\n<p>En el municipio de Carich\u00ed, comunidades como Baqueachi, acompa\u00f1adas por la organizaci\u00f3n Bowerasa, ha ganado ocho juicos agrarios contra caciques. El \u00faltimo fue en mayo de 2018, cuando recuperaron 350 hect\u00e1reas de agostadero y 100 hect\u00e1reas agr\u00edcolas que ya estaban devastadas.<\/p>\n<p>En el caso de Bosques de San El\u00edas Repechique, hace m\u00e1s de cuarenta a\u00f1os, empresarios de la regi\u00f3n adquirieron 12 propiedades \u2014poco m\u00e1s de 11 mil 500 hect\u00e1reas\u2014, sin importar que esas tierras ya eran habitadas desde mucho tiempo atr\u00e1s por los rar\u00e1muri, explica Diana Villalobos, directora de Consultor\u00eda T\u00e9cnica Comunitaria (Contec), organizaci\u00f3n que da acompa\u00f1amiento legal a la comunidad.<\/p>\n<p>De esos 12 predios, ocho han obtenido permisos de aprovechamiento forestal en forma constante. \u201cDesde que era ni\u00f1a ve\u00edamos camiones que llevaban bolillos (troncos); que cortaban pinos. Nos quej\u00e1bamos con los gobernadores (l\u00edderes ind\u00edgenas), pero nunca les hac\u00edan caso. Han seguido cortando el bosque, tambi\u00e9n se llevan las piedras\u201d, explica Teresa Gonz\u00e1lez.<\/p>\n<p>Los nombres de quienes aparecen como due\u00f1os de esos ocho predios, de acuerdo con datos de la Secretar\u00eda de Desarrollo Rural del gobierno de Chihuahua, son: Manuel Navarro Trieste (predio San Javier), Mireya Ayala Torres (predio Rinconcito Lejano o Batuivo), Carlos Aguilar P\u00e9rez (predio La Merced), Lorenzo Sandoval Valenzuela (predio Aguizania), Pedro Parra Ramos (predios San Antonio y Gomeg\u00f3), Laila Miledi P\u00e9rez (predio Pino Gordo) y Fernando Higinio Cuesta Miledi (predio El Venado).<\/p>\n<p>Los mismos datos de la Secretar\u00eda de Desarrollo Rural muestran que, tan solo en 2019, esos predios registraron vol\u00famenes de aprovechamiento maderable que van de los 326 metros c\u00fabicos de madera (predio La Merced) hasta los 1 213 metros c\u00fabicos (predio San Javier).<\/p>\n<p>Quienes aprovechan la madera de Repechique no viven en el lugar, solo mandan trabajadores a cortar los \u00e1rboles; tampoco realizan acciones que garanticen la recuperaci\u00f3n y el cuidado del bosque.<\/p>\n<p>\u201cLos que talan, ellos no cuidan nada\u201d, dice indignada Teresa Gonz\u00e1lez. \u201cPor ejemplo, cuando hay incendio normalmente nosotros, los de la comunidad, somos los que estamos m\u00e1s al pendiente y los que talan nom\u00e1s lo que buscan son los pinos o donde hay bosque muy cerrado, por ah\u00ed entran. Donde est\u00e1 muy escondido, ah\u00ed se van a talar\u201d.<\/p>\n<figure class=\"wp-block-image size-large\"><img loading=\"lazy\" decoding=\"async\" data-attachment-id=\"44477\" data-permalink=\"https:\/\/www.grieta.org.mx\/index.php\/2020\/02\/20\/imagenes-de-la-movilizacion-zapatista-iniciada-la-madrugada-de-este-20-de-febrero-en-defensa-del-territorio-y-la-madre-tierra-por-justicia-para-nuestrs-muerts-nuestrs-desaparecids-nuestrs-pres\/9d-1-640x480\/\" data-orig-file=\"https:\/\/www.grieta.org.mx\/wp-content\/uploads\/2020\/02\/9d-1-640x480.jpeg\" data-orig-size=\"640,480\" data-comments-opened=\"0\" data-image-meta=\"{&quot;aperture&quot;:&quot;0&quot;,&quot;credit&quot;:&quot;&quot;,&quot;camera&quot;:&quot;&quot;,&quot;caption&quot;:&quot;&quot;,&quot;created_timestamp&quot;:&quot;0&quot;,&quot;copyright&quot;:&quot;&quot;,&quot;focal_length&quot;:&quot;0&quot;,&quot;iso&quot;:&quot;0&quot;,&quot;shutter_speed&quot;:&quot;0&quot;,&quot;title&quot;:&quot;&quot;,&quot;orientation&quot;:&quot;0&quot;}\" data-image-title=\"9d-1-640&amp;#215;480\" data-image-description=\"\" data-image-caption=\"\" data-medium-file=\"https:\/\/www.grieta.org.mx\/wp-content\/uploads\/2020\/02\/9d-1-640x480-300x225.jpeg\" data-large-file=\"https:\/\/www.grieta.org.mx\/wp-content\/uploads\/2020\/02\/9d-1-640x480.jpeg\" class=\"wp-image-44477\" src=\"https:\/\/piedepagina.mx\/wp-content\/uploads\/2020\/08\/Mujeres-Repechique-3.jpeg\" sizes=\"auto, (max-width: 850px) 100vw, 850px\" srcset=\"https:\/\/piedepagina.mx\/wp-content\/uploads\/2020\/08\/Mujeres-Repechique-3.jpeg 850w, https:\/\/piedepagina.mx\/wp-content\/uploads\/2020\/08\/Mujeres-Repechique-3-480x300.jpeg 480w, https:\/\/piedepagina.mx\/wp-content\/uploads\/2020\/08\/Mujeres-Repechique-3-768x480.jpeg 768w\" alt=\"\" width=\"850\" height=\"531\" \/><figcaption>Mujeres rar\u00e1muri cocinan durante una manifestaci\u00f3n para denunciar la tala. Foto: Patricia Mayorga.<\/figcaption><\/figure>\n<p>Al preguntarle sobre las denuncias de los rar\u00e1muri, el delegado de la Secretar\u00eda del Medio Ambiente y Recursos Naturales (Semarnat) en Chihuahua, Gustavo Heredia, respondi\u00f3 que no est\u00e1 autorizado para dar esa informaci\u00f3n, solo a trav\u00e9s de las oficinas centrales. Mongabay Latam solicit\u00f3 entrevista a la oficina de prensa de Semarnat, pero hasta el momento de la publicaci\u00f3n del reportaje no se tuvo respuesta.<\/p>\n<h3><strong>\u201cTodos somos Teresa\u201d<\/strong><\/h3>\n<p>El predio Pino Gordo, que comprende poco m\u00e1s de 2 500 hect\u00e1reas, est\u00e1 a nombre de Laila Miledi P\u00e9rez, de acuerdo con datos de la Secretar\u00eda de Desarrollo Rural del gobierno de Chihuahua. Es dentro de la superficie de ese terreno en donde las mujeres de Bosques de San El\u00edas Repechique construyen su taller de costura y por el que Teresa Gonz\u00e1lez est\u00e1 demandada por despojo.<\/p>\n<p>El d\u00eda en que los polic\u00edas estatales llegaron por ella y colocaron los sellos de clausura, la comunidad la protegi\u00f3. \u201cTodos somos Teresa\u201d, respondieron. Los agentes advirtieron que los arrestar\u00edan a todos; los rar\u00e1muri no bajaron la guardia: \u201cTodos somos Teresa\u201d, repitieron.<\/p>\n<p>Alrededor de 50 mujeres, hombres, ni\u00f1as, ni\u00f1os y adultos mayores caminaron por el sendero de terracer\u00eda que va de la comunidad a la carretera. Siguieron andando durante cerca de dos horas hasta llegar a la ciudad de Creel, donde se encuentra la oficina del Ministerio P\u00fablico. Los acompa\u00f1aron dos abogadas de Contec, entre ellas Diana Villalobos.<\/p>\n<p>Algunos medios locales publicaron lo que ocurr\u00eda. Cuando la caravana de Repechique entr\u00f3 a Creel, los polic\u00edas de la Fiscal\u00eda General del Estado los dejaron. Los ind\u00edgenas decidieron ir a la plaza principal; ah\u00ed esperaron durante m\u00e1s de media hora al agente del Ministerio P\u00fablico, quien les dijo que ya no ten\u00eda la carpeta de investigaci\u00f3n, por lo que tendr\u00edan que ir a Cuauth\u00e9moc, municipio ubicado a tres horas de Creel.<\/p>\n<p>Hasta mediados de agosto, las abogadas que acompa\u00f1an a la comunidad no han logrado tener acceso al expediente. La Fiscal\u00eda General del Estado inform\u00f3 a Mongabay Latam que Fernando Cuesta Miledi es quien demand\u00f3 a Teresa Gonz\u00e1lez.<\/p>\n<p>Al d\u00eda siguiente, el gobierno estatal emiti\u00f3 un comunicado en donde asegur\u00f3 que los ind\u00edgenas de Repechique nunca fueron arrestados y que, por su seguridad, los resguardaron hasta Creel. Sin embargo, cuando los rar\u00e1muri regresaron a su comunidad ninguna autoridad los resguard\u00f3, pese a que era de noche y caminaron por una zona donde existe una fuerte presencia de grupos de la delincuencia organizada.<\/p>\n<p>Mongabay Latam contact\u00f3 a Fernando Cuesta Miledi para entrevistarlo sobre la denuncia y la compra de predios en la comunidad de Bosques de San El\u00edas Repechique. En entrevista telef\u00f3nica asegur\u00f3 que su familia compr\u00f3 esas tierras en la d\u00e9cada de los sesenta y que tienen evidencia de que, desde hace m\u00e1s de 150 a\u00f1os, los terrenos ha pertenecido a particulares.<\/p>\n<p>El predio Pino Gordo, se\u00f1al\u00f3, lo adquiri\u00f3 su t\u00edo Salom\u00f3n Miledi P\u00e9rez en 1961; qui\u00e9n se lo dej\u00f3 a \u00e9l y a otros sobrinos. Otros dos predios, El \u00c1guila y El Venado, los adquiri\u00f3 en esa misma \u00e9poca su pap\u00e1, Gregorio Cuesta.<\/p>\n<p>Para el empresario, la comunidad Bosques de San El\u00edas Repechique no viv\u00eda en el lugar hasta hace pocos a\u00f1os. \u201cEl juez no dice que ellos son due\u00f1os de las tierras o que sean propietarios de ciertas tierras. No tienen nada que compruebe que ellos son los due\u00f1os de esas tierras\u2026 A nosotros nadie nos ha quitado la propiedad, nadie nos ha dicho en un juicio que no es nuestra, nadie nos ha dicho que no nos pertenece en ninguna forma\u201d.<\/p>\n<p>Fernando Cuesta acusa a la comunidad ind\u00edgena de usar la madera, de los \u00e1rboles que est\u00e1n en los predios que reclama de su propiedad, para construir sus casas. \u201cNosotros no podemos talar un solo \u00e1rbol si no est\u00e1n autorizados por la Semarnat, por la Conafor\u201d. Cuesta se\u00f1ala que la denuncia contra Teresa Gonz\u00e1lez Parra la interpuso porque ser ella quien promovi\u00f3 el proyecto del taller de costura. \u201cSi tienen algo que comprueben por qu\u00e9 est\u00e1n invadiendo el terreno, que resuelva el juez, y acatamos\u201d.<\/p>\n<h3><strong>Denuncias que se quedan en el aire<\/strong><\/h3>\n<p>Luis Enrique P\u00e9rez, segundo gobernador de Bosques de San El\u00edas Repechique, recuerda lo que le dec\u00edan sus abuelos y padres: \u201cLa historia cuenta que cuando lleg\u00f3 el tren (a la Tarahumara) comenzaron a tumbar los \u00e1rboles. Tambi\u00e9n llegaron muchos aserraderos y pon\u00edan a trabajar a las personas de una manera muy violenta\u201d.<\/p>\n<p>Los mayores tambi\u00e9n le contaron que las personas que llegaban de fuera les quitaban su producci\u00f3n de ma\u00edz: \u201cMis ancestros ten\u00edan que levantar la cosecha antes de tiempo, antes de que llegaran a quitarles. Otras personas murieron por defender. Ha sido una lucha muy triste. Cuando estaba chiquito, me dec\u00edan: \u2018vamos por la carretera, si ves personas mestizas, esc\u00f3ndete\u2019. Crecimos con ese miedo\u201d, dice el joven rar\u00e1muri.<\/p>\n<p>Como segundo gobernador de Bosques de San El\u00edas Repechique, Luis tambi\u00e9n tiene la responsabilidad de seguir con las demandas que, desde hace d\u00e9cadas, han puesto otras autoridades tradicionales para reclamar el derecho a su territorio ancestral, pero tambi\u00e9n para denunciar la tala en el bosque donde ellos siempre han vivido.<\/p>\n<p>Las denuncias por la tala se han presentado en diferentes instancias, tanto federales como estatales, pero la gran mayor\u00eda no han prosperado.<\/p>\n<p>\u201cHa sido muy dif\u00edcil, porque nuestra palabra y exigencia no ha sido respetada. Pero cuando vienen personas de fuera, como el caso que pas\u00f3 aqu\u00ed con el taller de costura, llegaron ministeriales y luego luego cerraron. Y nuestras exigencias ah\u00ed est\u00e1n, vamos y venimos y pura vuelta. A veces ni siquiera nos hacen un documento, nada. Vamos al Ministerio P\u00fablico y nada m\u00e1s nos oyen, nunca ha habido una resoluci\u00f3n\u201d, resalta Luis.<\/p>\n<p>La extracci\u00f3n de \u00e1rboles no cesa. El corte de pinos sigue, incluso, durante la temporada de emergencia sanitaria provocada por la pandemia de COVID-19.<\/p>\n<p>La comunidad, por su parte, hace uso del bosque como les ense\u00f1aron sus abuelos: recolectan quelites, hongos y madera para hacer le\u00f1a. Tienen veredas que utilizan para el pastoreo de animales. Han creado zonas donde se encuentran sus centros ceremoniales, donde hacen sus juegos ancestrales.<\/p>\n<p>Luis P\u00e9rez explica por qu\u00e9 su defensa del territorio es tambi\u00e9n una defensa del bosque: \u201cLos \u00e1rboles retienen la tierra. De otra forma, ser\u00eda pura laja y no tendr\u00edamos ni d\u00f3nde sembrar. Los \u00e1rboles detienen la humedad, que no haya deslave. Ya hay partes que est\u00e1n secas por los incendios o por la tala indiscriminada. Hay lugares donde casi no hay tierra para sembrar. Ya hay una zona que mucho tiempo talaron, ahora casi no hay tierra, hay muchas manchas ya en la comunidad\u201d.<\/p>\n<figure class=\"wp-block-image size-large\"><img loading=\"lazy\" decoding=\"async\" data-attachment-id=\"44478\" data-permalink=\"https:\/\/www.grieta.org.mx\/index.php\/2020\/02\/20\/imagenes-de-la-movilizacion-zapatista-iniciada-la-madrugada-de-este-20-de-febrero-en-defensa-del-territorio-y-la-madre-tierra-por-justicia-para-nuestrs-muerts-nuestrs-desaparecids-nuestrs-pres\/10d-1-640x480\/\" data-orig-file=\"https:\/\/www.grieta.org.mx\/wp-content\/uploads\/2020\/02\/10d-1-640x480.jpeg\" data-orig-size=\"640,480\" data-comments-opened=\"0\" data-image-meta=\"{&quot;aperture&quot;:&quot;0&quot;,&quot;credit&quot;:&quot;&quot;,&quot;camera&quot;:&quot;&quot;,&quot;caption&quot;:&quot;&quot;,&quot;created_timestamp&quot;:&quot;0&quot;,&quot;copyright&quot;:&quot;&quot;,&quot;focal_length&quot;:&quot;0&quot;,&quot;iso&quot;:&quot;0&quot;,&quot;shutter_speed&quot;:&quot;0&quot;,&quot;title&quot;:&quot;&quot;,&quot;orientation&quot;:&quot;0&quot;}\" data-image-title=\"10d-1-640&amp;#215;480\" data-image-description=\"\" data-image-caption=\"\" data-medium-file=\"https:\/\/www.grieta.org.mx\/wp-content\/uploads\/2020\/02\/10d-1-640x480-300x225.jpeg\" data-large-file=\"https:\/\/www.grieta.org.mx\/wp-content\/uploads\/2020\/02\/10d-1-640x480.jpeg\" class=\"wp-image-44478\" src=\"https:\/\/piedepagina.mx\/wp-content\/uploads\/2020\/08\/Mujeres-de-Repechique-afuera-del-taller-3.jpeg\" sizes=\"auto, (max-width: 1032px) 100vw, 1032px\" srcset=\"https:\/\/piedepagina.mx\/wp-content\/uploads\/2020\/08\/Mujeres-de-Repechique-afuera-del-taller-3.jpeg 1032w, https:\/\/piedepagina.mx\/wp-content\/uploads\/2020\/08\/Mujeres-de-Repechique-afuera-del-taller-3-500x281.jpeg 500w, https:\/\/piedepagina.mx\/wp-content\/uploads\/2020\/08\/Mujeres-de-Repechique-afuera-del-taller-3-768x432.jpeg 768w\" alt=\"\" width=\"1032\" height=\"581\" \/><figcaption><em>Mujeres de Repechique esperan que pueda continuar la construcci\u00f3n del taller de costura comunitario. Foto: Patricia Mayorga.<\/em><\/figcaption><\/figure>\n<p>A los rar\u00e1muri que viven en Bosques de San El\u00edas Repechique les preocupa la deforestaci\u00f3n que hacen los mestizos, porque cada vez hay menos agua.<\/p>\n<p>En varias ocasiones han solicitado a la Semarnat que cancele los permisos de aprovechamiento forestal que se han otrogado en el \u00e1rea. Solo en una ocasi\u00f3n la dependencia federal cancel\u00f3 los permisos, pero fue de manera provisional. Eso sucedi\u00f3 cuando la comunidad consigui\u00f3 una victoria en la lucha por la defensa de su territorio.<\/p>\n<h3><strong>Reconocimiento del territorio comunitario<\/strong><\/h3>\n<p>En abril de 2014, el juez Octavo de Distrito, Ignacio Cuenca Zamora, fall\u00f3 a favor de la comunidad de Bosque de San El\u00edas Repechique porque no fueron consultados para la construcci\u00f3n del aeropuerto de Creel. El amparo favoreci\u00f3 a 33 rancher\u00edas de la regi\u00f3n.<\/p>\n<p>En la sentencia, el juez reconoci\u00f3 la posesi\u00f3n ancestral del territorio de la comunidad demandante y orden\u00f3 al gobierno estatal la creaci\u00f3n de un fideicomiso, por 65 millones de pesos (alrededor de 2 millones de d\u00f3lares), como reparaci\u00f3n por el da\u00f1o causado. Un comit\u00e9 t\u00e9cnico revisa y da seguimiento a ese fideicomiso que comenz\u00f3 a ser efectivo hasta 2017.<\/p>\n<p>El juez tambi\u00e9n orden\u00f3 que la comunidad ten\u00eda que presentar una serie de proyectos comunitarios en los que se invertir\u00eda el dinero. El plan primero fue aprobado por la asamblea rar\u00e1muri y despu\u00e9s por el comit\u00e9 t\u00e9cnico, del que forman parte cuatro secretar\u00edas del gobierno estatal: Hacienda, Desarrollo Municipal, Innovaci\u00f3n y Desarrollo Econ\u00f3mico y la Secretar\u00eda General. Los funcionarios que est\u00e1n al frente de esas cuatro dependencias conocen la sentencia del juez Cuenca Zamora, donde se reconoce que la comunidad tiene posesi\u00f3n ancestral del territorio.<\/p>\n<p>En 2019, la comunidad recibi\u00f3 los primeros recursos del fideicomiso: 1 300 000 pesos (alrededor de 59 mil d\u00f3lares). Primero, construyeron un sal\u00f3n de usos m\u00faltiples. El taller de costura es otro de los proyectos aprobados y su realizaci\u00f3n est\u00e1 a cargo de Teresa Gonz\u00e1lez, quien cuenta con apoyo contable externo para que todas las facturas que debe entregar est\u00e9n a tiempo y, adem\u00e1s, para tener transparencia en el uso del dinero.<\/p>\n<p>Otros de los proyectos contemplados es un programa de apoyo mensual para personas con discapacidad y adultos mayores. Durante la pandemia, lograron que se apoyara a 220 personas. Adem\u00e1s, avanzan en la construcci\u00f3n de una casa comunal, as\u00ed como en la instalaci\u00f3n de una huerta de manzana para la rancher\u00eda Ratuivo, en el que trabajar\u00e1n 20 personas.<\/p>\n<p>En 2018, la comunidad de Bosques de San El\u00edas Repechique interpuso otra demanda de amparo, ante el Juzgado D\u00e9cimo de Distrito. En esa ocasi\u00f3n fue para exigir la cancelaci\u00f3n de las escrituras de los 12 predios; adem\u00e1s, solicitan la titulaci\u00f3n de esas tierras.<\/p>\n<p>La jueza les neg\u00f3 el amparo. La comunidad impugn\u00f3. El caso estaba a punto de entrar a un Tribunal Colegiado, pero lleg\u00f3 la pandemia y paraliz\u00f3 la actividad judicial. El caso podr\u00eda llegar a la Suprema Corte de Justicia de la Naci\u00f3n, se\u00f1ala Diana Villalobos, de Contec, organizaci\u00f3n que acompa\u00f1a legalmente a Bosque de San El\u00edas Repechique.<\/p>\n<h3><strong>Seguir en el camino<\/strong><\/h3>\n<p>La comunidad ha exigido el reconocimiento del territorio ancestral ante diferentes instancias. En 2014 acudieron al Senado de la Rep\u00fablica y denunciaron el aprovechamiento que hac\u00edan los \u201cchabochis\u201d de su bosque, pero tambi\u00e9n denunciaron que, sin consultarles, se pretend\u00eda instalar un gasoducto en su territorio. Con marchas y otras acciones legales, Repechique consigui\u00f3 que el gasoducto no pasara por su comunidad.<\/p>\n<p>El 2018, los particulares que tienen a su nombre los 12 predios presentaron dos denuncias en contra de los rar\u00e1muri, por \u201cfalsedad de declaraciones\u201d. Cuando se hizo el peritaje y se comprob\u00f3 que la comunidad ind\u00edgena s\u00ed existe y est\u00e1 en el territorio, las denuncias se archivaron.<\/p>\n<p>Despu\u00e9s vino la demanda en contra de Teresa Gonz\u00e1lez. Agentes de la Fiscal\u00eda Zona Occidente han acudido en tres ocasiones al taller de costura para clausurar la construcci\u00f3n que est\u00e1 a cargo de la misma comunidad.<\/p>\n<p>Teresa no entiende por qu\u00e9 la acusan de despojo: \u201cNosotros somos los primeros que somos aqu\u00ed. Nosotros vivimos cuidando todo el bosque, trabajando la tierra y haciendo quehaceres, cuidando nuestro hogar y no nom\u00e1s como dicen (\u2026) nosotros no compramos un terreno para estarnos nada m\u00e1s ah\u00ed. Nosotros cuidamos alrededor del territorio. Ellos compraron seg\u00fan el territorio, cuando ya exist\u00edamos aqu\u00ed, pero ellos qui\u00e9nes son o qu\u00e9\u201d.<\/p>\n<p>Por un momento, Teresa Gonz\u00e1lez reconoce que \u201ca veces quisiera una tirar la toalla\u201d. Pero esas palabras se desvanecen cuando recuerda las agresiones que ha recibido por defender su territorio y sus sue\u00f1os. Y entonces cuenta sus planes con entusiasmo:<\/p>\n<p>\u201cEl taller de costura lo so\u00f1amos muy bonito. Las se\u00f1oras dicen: \u2018qu\u00e9 bueno que esta vez va a existir este taller\u2019. Las personas van a aprender mucho, van a aprender a usar m\u00e1quinas. Es un espacio para las se\u00f1oras\u201d.<\/p>\n<p>La comunidad ya eligi\u00f3 el nombre que tendr\u00e1 el taller de costura. Lo llamaran \u201cNajativo\u201d, palabra rar\u00e1muri que significa \u201cseguir el camino\u201d. Un vocablo que representa, tambi\u00e9n, lo que ha sido su lucha: \u201cEs un camino largo y a pesar de todo \u2014dice Teresa\u2014, estamos con la esperanza de que se respete el territorio\u201d.<\/p>\n<p>Mientras las demandas siguen su curso\u2014o se archivan en alguna dependencia p\u00fablica\u2014 la gente de Bosques de San El\u00edas sigue con su vida cotidiana, con la milpa, con el cuidado de sus animales, con la recolecci\u00f3n de le\u00f1a, haciendo sus artesan\u00edas y, tambi\u00e9n, mirando c\u00f3mo los que llegan de fuera \u201cempiezan a tumbar madera, a prohibir a la gente de la comunidad que no tire \u00e1rboles, como si nosotros fu\u00e9ramos los extra\u00f1os \u2014reclama Teresa\u2014, como si nosotros vini\u00e9ramos de fuera. Eso s\u00ed causa tristeza\u201d.<\/p>\n<blockquote class=\"wp-embedded-content\" data-secret=\"0btTAG6a90\"><p><a href=\"https:\/\/piedepagina.mx\/repechique-los-raramuri-que-defienden-el-bosque-y-su-territorio-ancestral\/\">Repechique: los rar\u00e1muri que defienden el bosque y su territorio ancestral<\/a><\/p><\/blockquote>\n<p><iframe loading=\"lazy\" class=\"wp-embedded-content\" sandbox=\"allow-scripts\" security=\"restricted\" style=\"position: absolute; clip: rect(1px, 1px, 1px, 1px);\" title=\"\u00abRepechique: los rar\u00e1muri que defienden el bosque y su territorio ancestral\u00bb \u2014 Pie de P\u00e1gina\" src=\"https:\/\/piedepagina.mx\/repechique-los-raramuri-que-defienden-el-bosque-y-su-territorio-ancestral\/embed\/#?secret=0btTAG6a90\" data-secret=\"0btTAG6a90\" width=\"600\" height=\"338\" frameborder=\"0\" marginwidth=\"0\" marginheight=\"0\" scrolling=\"no\"><\/iframe><\/p>\n","protected":false},"excerpt":{"rendered":"<p>Texto y fotos: Patricia Mayorga \/ Mongabay CHIHUAHUA.- Teresa Gonz\u00e1lez Parra defiende su derecho a so\u00f1ar. Ella es rar\u00e1muri y por a\u00f1os ha hecho todo lo posible para que su &hellip; <a href=\"https:\/\/www.grieta.org.mx\/index.php\/2020\/08\/28\/repechique-los-raramuri-que-defienden-el-bosque-y-su-territorio-ancestral-chihuahua\/\" class=\"more-link\">Leer m\u00e1s<\/a><\/p>\n","protected":false},"author":2,"featured_media":53196,"comment_status":"closed","ping_status":"closed","sticky":false,"template":"","format":"standard","meta":{"ngg_post_thumbnail":0,"_jetpack_newsletter_access":"","_jetpack_dont_email_post_to_subs":false,"_jetpack_newsletter_tier_id":0,"_jetpack_memberships_contains_paywalled_content":false,"_jetpack_memberships_contains_paid_content":false,"footnotes":""},"categories":[12,80,1029,2662,2211],"tags":[184,2466],"class_list":["post-53195","post","type-post","status-publish","format-standard","has-post-thumbnail","hentry","category-chihuahua","category-cintillo","category-conflictos-y-resistencias-del-pueblo-raramuri","category-lucha-y-resistencia-de-los-pueblos-originarios-de-chihuahua","category-tala-ilegal-en-la-tarahumara","tag-despojo","tag-luchas-y-resistencias-de-pueblos-originarios","entry"],"jetpack_featured_media_url":"https:\/\/www.grieta.org.mx\/wp-content\/uploads\/2020\/09\/Manifestacioncontragasoducto-Repechique-1.jpeg","jetpack_sharing_enabled":true,"jetpack_shortlink":"https:\/\/wp.me\/p7ZJR4-dPZ","jetpack_likes_enabled":false,"jetpack-related-posts":[{"id":55920,"url":"https:\/\/www.grieta.org.mx\/index.php\/2020\/12\/22\/comunidad-raramuri-exige-el-reconocimiento-de-su-territorio-ancestral-chihuahua\/","url_meta":{"origin":53195,"position":0},"title":"Comunidad rar\u00e1muri exige el reconocimiento de su territorio ancestral (Chihuahua)","author":"grieta","date":"22 diciembre, 2020","format":false,"excerpt":"Pie de P\u00e1gina\/Texto y fotos: Isabel Brise\u00f1o En Palacio Nacional y la Suprema Corte de Justicia de la Naci\u00f3n, integrantes de la comunidad rar\u00e1muri de Bosque de San El\u00edas Repechique demandaron el reconocimiento de su territorio por parte del Estado mexicano y el cese a proyectos extractivistas \u00a0 Habitantes de\u2026","rel":"","context":"En &quot;Chihuahua&quot;","block_context":{"text":"Chihuahua","link":"https:\/\/www.grieta.org.mx\/index.php\/category\/noticias-nacionales\/chihuahua\/"},"img":{"alt_text":"","src":"https:\/\/i0.wp.com\/www.grieta.org.mx\/wp-content\/uploads\/2020\/12\/raramuri_teresaGonzalez_isabelBriseno_PdP.jpg?resize=350%2C200&ssl=1","width":350,"height":200,"srcset":"https:\/\/i0.wp.com\/www.grieta.org.mx\/wp-content\/uploads\/2020\/12\/raramuri_teresaGonzalez_isabelBriseno_PdP.jpg?resize=350%2C200&ssl=1 1x, https:\/\/i0.wp.com\/www.grieta.org.mx\/wp-content\/uploads\/2020\/12\/raramuri_teresaGonzalez_isabelBriseno_PdP.jpg?resize=525%2C300&ssl=1 1.5x, https:\/\/i0.wp.com\/www.grieta.org.mx\/wp-content\/uploads\/2020\/12\/raramuri_teresaGonzalez_isabelBriseno_PdP.jpg?resize=700%2C400&ssl=1 2x, https:\/\/i0.wp.com\/www.grieta.org.mx\/wp-content\/uploads\/2020\/12\/raramuri_teresaGonzalez_isabelBriseno_PdP.jpg?resize=1050%2C600&ssl=1 3x"},"classes":[]},{"id":60157,"url":"https:\/\/www.grieta.org.mx\/index.php\/2021\/06\/19\/bowe-najativo-abre-taller-de-costura-raramuri-en-resistencia-chihuahua\/","url_meta":{"origin":53195,"position":1},"title":"Bowe Najativo: abre taller de costura rar\u00e1muri en resistencia (Chihuahua)","author":"grieta","date":"19 junio, 2021","format":false,"excerpt":"Diez meses despu\u00e9s de haber sido clausurado por la fiscal\u00eda de Chihuahua, la comunidad rar\u00e1muri de Bosques de San El\u00edas Repechique logr\u00f3 inaugurar el taller de costura Bowe Najativo, a pesar de que el proceso penal iniciado por un grupo de empresarios contin\u00faa en su contra Texto y fotos: Ra\u00fal\u2026","rel":"","context":"En &quot;Chihuahua&quot;","block_context":{"text":"Chihuahua","link":"https:\/\/www.grieta.org.mx\/index.php\/category\/noticias-nacionales\/chihuahua\/"},"img":{"alt_text":"","src":"https:\/\/i0.wp.com\/www.grieta.org.mx\/wp-content\/uploads\/2021\/06\/Raichali_repechique_Bowe_Najativo_RaulFernando_portada.jpg?resize=350%2C200&ssl=1","width":350,"height":200,"srcset":"https:\/\/i0.wp.com\/www.grieta.org.mx\/wp-content\/uploads\/2021\/06\/Raichali_repechique_Bowe_Najativo_RaulFernando_portada.jpg?resize=350%2C200&ssl=1 1x, https:\/\/i0.wp.com\/www.grieta.org.mx\/wp-content\/uploads\/2021\/06\/Raichali_repechique_Bowe_Najativo_RaulFernando_portada.jpg?resize=525%2C300&ssl=1 1.5x, https:\/\/i0.wp.com\/www.grieta.org.mx\/wp-content\/uploads\/2021\/06\/Raichali_repechique_Bowe_Najativo_RaulFernando_portada.jpg?resize=700%2C400&ssl=1 2x, https:\/\/i0.wp.com\/www.grieta.org.mx\/wp-content\/uploads\/2021\/06\/Raichali_repechique_Bowe_Najativo_RaulFernando_portada.jpg?resize=1050%2C600&ssl=1 3x"},"classes":[]},{"id":40465,"url":"https:\/\/www.grieta.org.mx\/index.php\/2019\/10\/25\/a-un-ano-del-asesinato-del-defensor-raramuri-julian-carrillo-su-familia-sigue-desplazada-chihuahua\/","url_meta":{"origin":53195,"position":2},"title":"A un a\u00f1o del asesinato del defensor rar\u00e1muri Juli\u00e1n Carrillo, su familia sigue desplazada (Chihuahua)","author":"grieta","date":"25 octubre, 2019","format":false,"excerpt":"Alberto Pradilla\/Animal Pol\u00edtico Juli\u00e1n Carrillo, de 54 a\u00f1os, defensor rar\u00e1muri de la comunidad Coloradas de la Virgen, Chihuahua, fue asesinado hace exactamente un a\u00f1o. Su muerte fue la \u00faltima de una serie de homicidios en los que se ensa\u00f1aron con su familia. El 5 de febrero de 2016, su hijo\u2026","rel":"","context":"En &quot;Chihuahua&quot;","block_context":{"text":"Chihuahua","link":"https:\/\/www.grieta.org.mx\/index.php\/category\/noticias-nacionales\/chihuahua\/"},"img":{"alt_text":"","src":"https:\/\/i0.wp.com\/www.grieta.org.mx\/wp-content\/uploads\/2019\/10\/8-1024x683-1.jpg?resize=350%2C200&ssl=1","width":350,"height":200,"srcset":"https:\/\/i0.wp.com\/www.grieta.org.mx\/wp-content\/uploads\/2019\/10\/8-1024x683-1.jpg?resize=350%2C200&ssl=1 1x, https:\/\/i0.wp.com\/www.grieta.org.mx\/wp-content\/uploads\/2019\/10\/8-1024x683-1.jpg?resize=525%2C300&ssl=1 1.5x, https:\/\/i0.wp.com\/www.grieta.org.mx\/wp-content\/uploads\/2019\/10\/8-1024x683-1.jpg?resize=700%2C400&ssl=1 2x, https:\/\/i0.wp.com\/www.grieta.org.mx\/wp-content\/uploads\/2019\/10\/8-1024x683-1.jpg?resize=1050%2C600&ssl=1 3x"},"classes":[]},{"id":40732,"url":"https:\/\/www.grieta.org.mx\/index.php\/2019\/10\/26\/plasman-en-mural-los-rostros-de-tres-defensores-indigenas-del-medio-ambiente-en-chihuahua\/","url_meta":{"origin":53195,"position":3},"title":"Plasman en mural los rostros de tres defensores ind\u00edgenas del medio ambiente en Chihuahua","author":"grieta","date":"26 octubre, 2019","format":false,"excerpt":"Patricia Mayorga\/Proceso CIUDAD DE M\u00c9XICO (apro).- Los rostros de Juli\u00e1n Carrillo Mart\u00ednez, Isidro Baldenegro L\u00f3pez y Juan Ontiveros Ramos, defensores ind\u00edgenas del medio ambiente, fueron plasmados en un mural en las instalaciones de la organizaci\u00f3n Alianza Sierra Madre, en la capital de Chihuahua. Los muralistas Antonio Leal Bejarano \u2018Terremoto\u2019 y\u2026","rel":"","context":"En &quot;Chihuahua&quot;","block_context":{"text":"Chihuahua","link":"https:\/\/www.grieta.org.mx\/index.php\/category\/noticias-nacionales\/chihuahua\/"},"img":{"alt_text":"","src":"https:\/\/i0.wp.com\/www.grieta.org.mx\/wp-content\/uploads\/2019\/10\/Alianza-Sierra-Madre-OK-870x522.jpg?resize=350%2C200&ssl=1","width":350,"height":200,"srcset":"https:\/\/i0.wp.com\/www.grieta.org.mx\/wp-content\/uploads\/2019\/10\/Alianza-Sierra-Madre-OK-870x522.jpg?resize=350%2C200&ssl=1 1x, https:\/\/i0.wp.com\/www.grieta.org.mx\/wp-content\/uploads\/2019\/10\/Alianza-Sierra-Madre-OK-870x522.jpg?resize=525%2C300&ssl=1 1.5x, https:\/\/i0.wp.com\/www.grieta.org.mx\/wp-content\/uploads\/2019\/10\/Alianza-Sierra-Madre-OK-870x522.jpg?resize=700%2C400&ssl=1 2x"},"classes":[]},{"id":59731,"url":"https:\/\/www.grieta.org.mx\/index.php\/2021\/06\/05\/los-ecos-de-indignacion-indigena-mogotavo-exige-justicia-chihuahua\/","url_meta":{"origin":53195,"position":4},"title":"Los ecos de indignaci\u00f3n ind\u00edgena: Mog\u00f3tavo exige justicia (Chihuahua)","author":"grieta","date":"5 junio, 2021","format":false,"excerpt":"Ni el sol abrasador, la dura jornada de pie o la presencia de elementos de seguridad estatal, fueron impedimentos para que los pueblos originarios de la Sierra Tarahumara reclamaran con danzas, m\u00fasica y un esp\u00edritu de uni\u00f3n, el respeto a su territorio que se ve amenazado por empresarios y actores\u2026","rel":"","context":"En &quot;Chihuahua&quot;","block_context":{"text":"Chihuahua","link":"https:\/\/www.grieta.org.mx\/index.php\/category\/noticias-nacionales\/chihuahua\/"},"img":{"alt_text":"","src":"https:\/\/i0.wp.com\/www.grieta.org.mx\/wp-content\/uploads\/2021\/06\/untitled-197-1024x683-1.jpg?resize=350%2C200&ssl=1","width":350,"height":200,"srcset":"https:\/\/i0.wp.com\/www.grieta.org.mx\/wp-content\/uploads\/2021\/06\/untitled-197-1024x683-1.jpg?resize=350%2C200&ssl=1 1x, https:\/\/i0.wp.com\/www.grieta.org.mx\/wp-content\/uploads\/2021\/06\/untitled-197-1024x683-1.jpg?resize=525%2C300&ssl=1 1.5x, https:\/\/i0.wp.com\/www.grieta.org.mx\/wp-content\/uploads\/2021\/06\/untitled-197-1024x683-1.jpg?resize=700%2C400&ssl=1 2x"},"classes":[]},{"id":10344,"url":"https:\/\/www.grieta.org.mx\/index.php\/2016\/04\/24\/despojo-por-la-construccion-del-aeropuerto-en-creel\/","url_meta":{"origin":53195,"position":5},"title":"Despojo por la construcci\u00f3n del aeropuerto en Creel","author":"grieta","date":"24 abril, 2016","format":false,"excerpt":"23\/04\/16. Acuerdan 65 mdp para reparar da\u00f1o de Repechique; habitantes retirar\u00e1n plant\u00f3nProceso 13\/04\/16. En un hecho hist\u00f3rico los rar\u00e1muri de Bosques de San El\u00edas Repechique toman el aeropuerto regional Barrancas del Cobre. Defensa Tarahumara 13\/04\/16. Comunidad rar\u00e1muri toma aeropuerto de Creel; denuncian da\u00f1os e incumplimiento sin embargo 12\/01\/16. Tiene gobierno\u2026","rel":"","context":"En &quot;Aeropuerto Barrancas del Cobre&quot;","block_context":{"text":"Aeropuerto Barrancas del Cobre","link":"https:\/\/www.grieta.org.mx\/index.php\/category\/megaproyectos\/comunicaciones-y-transportes\/aeropuerto-barrancas-del-cobre\/"},"img":{"alt_text":"","src":"https:\/\/i0.wp.com\/www.grieta.org.mx\/wp-content\/uploads\/2018\/03\/14524434_1106112876131411_958039263622046936_o.jpg?resize=350%2C200&ssl=1","width":350,"height":200,"srcset":"https:\/\/i0.wp.com\/www.grieta.org.mx\/wp-content\/uploads\/2018\/03\/14524434_1106112876131411_958039263622046936_o.jpg?resize=350%2C200&ssl=1 1x, https:\/\/i0.wp.com\/www.grieta.org.mx\/wp-content\/uploads\/2018\/03\/14524434_1106112876131411_958039263622046936_o.jpg?resize=525%2C300&ssl=1 1.5x, https:\/\/i0.wp.com\/www.grieta.org.mx\/wp-content\/uploads\/2018\/03\/14524434_1106112876131411_958039263622046936_o.jpg?resize=700%2C400&ssl=1 2x"},"classes":[]}],"_links":{"self":[{"href":"https:\/\/www.grieta.org.mx\/index.php\/wp-json\/wp\/v2\/posts\/53195","targetHints":{"allow":["GET"]}}],"collection":[{"href":"https:\/\/www.grieta.org.mx\/index.php\/wp-json\/wp\/v2\/posts"}],"about":[{"href":"https:\/\/www.grieta.org.mx\/index.php\/wp-json\/wp\/v2\/types\/post"}],"author":[{"embeddable":true,"href":"https:\/\/www.grieta.org.mx\/index.php\/wp-json\/wp\/v2\/users\/2"}],"replies":[{"embeddable":true,"href":"https:\/\/www.grieta.org.mx\/index.php\/wp-json\/wp\/v2\/comments?post=53195"}],"version-history":[{"count":1,"href":"https:\/\/www.grieta.org.mx\/index.php\/wp-json\/wp\/v2\/posts\/53195\/revisions"}],"predecessor-version":[{"id":53197,"href":"https:\/\/www.grieta.org.mx\/index.php\/wp-json\/wp\/v2\/posts\/53195\/revisions\/53197"}],"wp:featuredmedia":[{"embeddable":true,"href":"https:\/\/www.grieta.org.mx\/index.php\/wp-json\/wp\/v2\/media\/53196"}],"wp:attachment":[{"href":"https:\/\/www.grieta.org.mx\/index.php\/wp-json\/wp\/v2\/media?parent=53195"}],"wp:term":[{"taxonomy":"category","embeddable":true,"href":"https:\/\/www.grieta.org.mx\/index.php\/wp-json\/wp\/v2\/categories?post=53195"},{"taxonomy":"post_tag","embeddable":true,"href":"https:\/\/www.grieta.org.mx\/index.php\/wp-json\/wp\/v2\/tags?post=53195"}],"curies":[{"name":"wp","href":"https:\/\/api.w.org\/{rel}","templated":true}]}}