{"id":53189,"date":"2020-09-06T23:29:20","date_gmt":"2020-09-07T04:29:20","guid":{"rendered":"http:\/\/www.grieta.org.mx\/?p=53189"},"modified":"2020-09-09T23:33:22","modified_gmt":"2020-09-10T04:33:22","slug":"marcha-de-mujeres-culmina-con-represion-de-la-policia-de-ciudad-juarez","status":"publish","type":"post","link":"https:\/\/www.grieta.org.mx\/index.php\/2020\/09\/06\/marcha-de-mujeres-culmina-con-represion-de-la-policia-de-ciudad-juarez\/","title":{"rendered":"Marcha de mujeres culmina con represi\u00f3n de la polic\u00eda de Ciudad Ju\u00e1rez"},"content":{"rendered":"<p><strong>Roc\u00edo Gallegos<\/strong> \/ La Verdad<\/p>\n<p><img loading=\"lazy\" decoding=\"async\" class=\"\" src=\"https:\/\/laverdadjuarez.com\/wp-content\/uploads\/2020\/09\/Foto-Mujeres-1_represion_Cdjz_Rocio-Gallegos-ok.jpg\" width=\"802\" height=\"512\" \/><\/p>\n<p>Foto: La Verdad<\/p>\n<p>En medio de una marcha feminista en contra el abuso policiaco, polic\u00edas municipales de Ciudad Ju\u00e1rez realizaron una redada y detuvieron a 28 mujeres, cuatro de ellas menores de edad, presuntamente por da\u00f1os a terceros. Tambi\u00e9n se inform\u00f3 que durante las acciones ocho hombres fueron arrestados.<\/p>\n<p>Los hechos ocurrieron cerca de las 18:30 horas de este s\u00e1bado sobre la avenida Ju\u00e1rez, en la zona centro, cuando las manifestantes se dirig\u00edan hacia la Cruz de Clavos, donde permanecen colgados los nombres de v\u00edctimas de asesinato y desaparici\u00f3n. La marcha se convoc\u00f3 en sororidad con grupos feministas de Guanajuato, donde el pasado 22 de agosto polic\u00edas municipales torturaron y agreden sexualmente a adolescentes.<\/p>\n<p>Hasta los primeros minutos de este domingo, las mujeres \u2013 en su mayor\u00eda estudiantes de la Universidad Aut\u00f3noma de Ciudad Ju\u00e1rez (UAJC)\u2013 segu\u00edan en la c\u00e1rcel municipal, donde a cada una de ellas se les pidi\u00f3 el pago de una multa de mil 129 pesos, se inform\u00f3. Cerca de las 3:30 horas de este domingo todas estaban en libertad. Sobre la situaci\u00f3n de los hombres detenidos no se dio informaci\u00f3n.<\/p>\n<figure class=\"wp-block-image size-large\"><img loading=\"lazy\" decoding=\"async\" class=\"wp-image-14757\" src=\"https:\/\/laverdadjuarez.com\/wp-content\/uploads\/2020\/09\/Foto-Mujeres_represion_Cdjz_Rocio-Gallegos-1024x768.jpg\" sizes=\"auto, (max-width: 1024px) 100vw, 1024px\" srcset=\"https:\/\/laverdadjuarez.com\/wp-content\/uploads\/2020\/09\/Foto-Mujeres_represion_Cdjz_Rocio-Gallegos-1024x768.jpg 1024w, https:\/\/laverdadjuarez.com\/wp-content\/uploads\/2020\/09\/Foto-Mujeres_represion_Cdjz_Rocio-Gallegos-300x225.jpg 300w, https:\/\/laverdadjuarez.com\/wp-content\/uploads\/2020\/09\/Foto-Mujeres_represion_Cdjz_Rocio-Gallegos-768x576.jpg 768w, https:\/\/laverdadjuarez.com\/wp-content\/uploads\/2020\/09\/Foto-Mujeres_represion_Cdjz_Rocio-Gallegos-1536x1152.jpg 1536w, https:\/\/laverdadjuarez.com\/wp-content\/uploads\/2020\/09\/Foto-Mujeres_represion_Cdjz_Rocio-Gallegos.jpg 1632w\" alt=\"\" width=\"1024\" height=\"768\" \/><figcaption>Fotograf\u00eda: Roc\u00edo Gallegos \/ La Verdad<\/figcaption><\/figure>\n<h3 class=\"has-text-align-center\"><strong>IRRUMPIERON CON VIOLENCIA<\/strong><\/h3>\n<p>De acuerdo con varios testimonios, los agentes municipales irrumpieron el contingente feminista y persiguieron a las mujeres para arrestarlas, justo cuando algunas de ellas realizaban pintas y gritaban consignas contra el alcalde Armando Cabada. Algunas fueron golpeadas con violencia durante la detenci\u00f3n, denunciaron. La Secretar\u00eda de Seguridad P\u00fablica Municipal no dio informaci\u00f3n sobre estas acciones.<\/p>\n<p>La movilizaci\u00f3n pac\u00edfica, llamada \u2018ni una agresi\u00f3n sin respuesta\u2019, culmin\u00f3 con represi\u00f3n. Supuestamente el incidente se gener\u00f3 cuando los polic\u00edas invadieron el contingente e intentaron arrestar a una de las manifestantes. Al notar la situaci\u00f3n, el resto de sus compa\u00f1eras se acercaron para intervenir pero fueron reprimidas, golpeadas y detenidas.<\/p>\n<p>Quieren criminalizarlas cuando est\u00e1n haciendo uso de su derecho leg\u00edtimo a la libre manifestaci\u00f3n\u201d denunciaron\u00a0<strong>Hijas de su Maquilera Madre<\/strong>, \u201ccolectiva\u201d que sufri\u00f3 la detenci\u00f3n de algunas de sus integrantes. Tambi\u00e9n fueron arrestadas participantes de\u00a0<strong>Mujeres en Rebeli\u00f3n<\/strong>\u00a0y\u00a0<strong>Ju\u00e1rez Feministas<\/strong>, se inform\u00f3.<\/p>\n<p>Tras los hechos, \u201clas colectivas\u201d convocaron a un plant\u00f3n frente a la estaci\u00f3n de polic\u00eda en el Distrito Universidad, ubicado en eje vial Juan Gabriel y la calle Pedro N. Garc\u00eda. Ah\u00ed se concentraron cerca de 50 personas que exig\u00edan la libertad inmediata de las detenidas y denunciaron que los agentes manten\u00edan incomunicadas a las mujeres, que les quitaron sus celulares y borraron los videos de las transmisiones en vivo que estaban realizando en sus redes sociales.<\/p>\n<p>Al arribo del contingente, los agentes acordaron los accesos a la estaci\u00f3n de polic\u00eda y cerraron la calle Pedro N. Garc\u00eda. Impidieron el paso de todas las personas que buscaban informaci\u00f3n de las detenidas e incluso a la abogada que lleg\u00f3 en su defensa, Elizabeth Flores.<\/p>\n<figure class=\"wp-block-image size-large\"><img loading=\"lazy\" decoding=\"async\" class=\"wp-image-14759\" src=\"https:\/\/laverdadjuarez.com\/wp-content\/uploads\/2020\/09\/Foto-Mujeres-4_represion_Cdjz_Rocio-Gallegos-1024x768.jpg\" sizes=\"auto, (max-width: 1024px) 100vw, 1024px\" srcset=\"https:\/\/laverdadjuarez.com\/wp-content\/uploads\/2020\/09\/Foto-Mujeres-4_represion_Cdjz_Rocio-Gallegos-1024x768.jpg 1024w, https:\/\/laverdadjuarez.com\/wp-content\/uploads\/2020\/09\/Foto-Mujeres-4_represion_Cdjz_Rocio-Gallegos-300x225.jpg 300w, https:\/\/laverdadjuarez.com\/wp-content\/uploads\/2020\/09\/Foto-Mujeres-4_represion_Cdjz_Rocio-Gallegos-768x576.jpg 768w, https:\/\/laverdadjuarez.com\/wp-content\/uploads\/2020\/09\/Foto-Mujeres-4_represion_Cdjz_Rocio-Gallegos-1536x1152.jpg 1536w, https:\/\/laverdadjuarez.com\/wp-content\/uploads\/2020\/09\/Foto-Mujeres-4_represion_Cdjz_Rocio-Gallegos.jpg 1632w\" alt=\"\" width=\"1024\" height=\"768\" \/><figcaption>Estaci\u00f3n de polic\u00eda Distrito Univerdad en Ciudad Ju\u00e1rez. Fotograf\u00eda: Roc\u00edo Gallegos \/ La Verdad<\/figcaption><\/figure>\n<p>&nbsp;<\/p>\n<p>\u201cLa orden que tienen los agentes es que no entre su defensa, las tiene incomunicadas y est\u00e1n violentando sus derechos\u201d, denunci\u00f3 la abogada.<\/p>\n<p>El \u00fanico que pudo ingresar a la estaci\u00f3n de polic\u00eda fue el visitador de la Comisi\u00f3n Estatal de Derechos Humanos, en la zona norte, C\u00e9sar D\u00edaz, quien luego de un rato sali\u00f3 del edifico e inform\u00f3 que era 27 mujeres detenidas, cuatro de ellas menores que ya eran acompa\u00f1adas por familiares. Indic\u00f3 que tambi\u00e9n hab\u00eda 8 hombres detenidos por esos hechos. M\u00e1s tarde se inform\u00f3 que el total de mujeres detenidas sumaban 28.<\/p>\n<p>D\u00edaz indic\u00f3 que se les acusaba de da\u00f1os a terceros, pero no se precis\u00f3 qu\u00e9 destruyeron ni qui\u00e9nes las acusaban.<\/p>\n<p>\u201cNo son delincuentes, exigimos su libertad\u201d, \u201csu detenci\u00f3n es una injusticia, estaba en libertad de protesta\u201d, \u201cNi la chota ni Cabada detendr\u00e1n el movimiento\u201d, dec\u00edan a trav\u00e9s de un altavoz.<\/p>\n<p>Los manifestantes en el plant\u00f3n frente a la estaci\u00f3n de polic\u00edas portaban mantas y cartulinas donde denunciaban que las detenidas eran presas pol\u00edticas del gobierno de Cabada. Tambi\u00e9n se pod\u00edan leer varios mensajes, como \u201cprotestar es un derecho, la represi\u00f3n es un delito\u201d y \u201cCabada feminicida\u201d.<\/p>\n<p>\u201cCon las mujeres muy cabrones, con los narcos maricones\u201d gritaba una mujer de 63 a\u00f1os a los agentes que permanec\u00edan en alerta desde varios puntos del edificio de la estaci\u00f3n Universidad de la Secretar\u00eda de Seguridad P\u00fablica Municipal.<\/p>\n<figure class=\"wp-block-image size-large\"><img loading=\"lazy\" decoding=\"async\" class=\"wp-image-14758\" src=\"https:\/\/laverdadjuarez.com\/wp-content\/uploads\/2020\/09\/Foto-Mujeres-2_represion_Cdjz_Rocio-Gallegos-1024x768.jpg\" sizes=\"auto, (max-width: 1024px) 100vw, 1024px\" srcset=\"https:\/\/laverdadjuarez.com\/wp-content\/uploads\/2020\/09\/Foto-Mujeres-2_represion_Cdjz_Rocio-Gallegos-1024x768.jpg 1024w, https:\/\/laverdadjuarez.com\/wp-content\/uploads\/2020\/09\/Foto-Mujeres-2_represion_Cdjz_Rocio-Gallegos-300x225.jpg 300w, https:\/\/laverdadjuarez.com\/wp-content\/uploads\/2020\/09\/Foto-Mujeres-2_represion_Cdjz_Rocio-Gallegos-768x576.jpg 768w, https:\/\/laverdadjuarez.com\/wp-content\/uploads\/2020\/09\/Foto-Mujeres-2_represion_Cdjz_Rocio-Gallegos-1536x1152.jpg 1536w, https:\/\/laverdadjuarez.com\/wp-content\/uploads\/2020\/09\/Foto-Mujeres-2_represion_Cdjz_Rocio-Gallegos.jpg 1632w\" alt=\"\" width=\"1024\" height=\"768\" \/><figcaption>Protesta sobre carriles del eje vial Juan Gabriel por la detenci\u00f3n de mujeres. Fotograf\u00eda: Roc\u00edo Gallegos \/ La Verdad<\/figcaption><\/figure>\n<p>&nbsp;<\/p>\n<p>Durante la protesta, los manifestantes realizaron cierres intermitentes de los carriles con circulaci\u00f3n de sur a norte del eje vial Juan Gabriel.<\/p>\n<p>\u201cLes importan m\u00e1s sus pinches paredes, ojal\u00e1 as\u00ed cuidar\u00e1n a sus mujeres\u201d pronunci\u00f3 otra de las mujeres que tom\u00f3 el altavoz durante la protesta.<\/p>\n<p>Los manifestantes se mantuvieron en plant\u00f3n hasta la madrugada de este domingo, hasta que las detenidas lograron su liberaci\u00f3n con el pago de una multa. Al salir de la estaci\u00f3n de polic\u00edas algunas fueron trasladadas a revisi\u00f3n m\u00e9dica.<\/p>\n<blockquote class=\"wp-embedded-content\" data-secret=\"6ln6oI6CIt\"><p><a href=\"https:\/\/laverdadjuarez.com\/index.php\/2020\/09\/06\/marcha-de-mujeres-culmina-con-represion-de-la-policia-de-ciudad-juarez\/\">Marcha de mujeres culmina con represi\u00f3n de la polic\u00eda de Ciudad Ju\u00e1rez<\/a><\/p><\/blockquote>\n<p><iframe loading=\"lazy\" class=\"wp-embedded-content\" sandbox=\"allow-scripts\" security=\"restricted\" style=\"position: absolute; clip: rect(1px, 1px, 1px, 1px);\" title=\"&#8220;Marcha de mujeres culmina con represi\u00f3n de la polic\u00eda de Ciudad Ju\u00e1rez&#8221; &#8212; La Verdad Ju\u00e1rez\" src=\"https:\/\/laverdadjuarez.com\/index.php\/2020\/09\/06\/marcha-de-mujeres-culmina-con-represion-de-la-policia-de-ciudad-juarez\/embed\/#?secret=6ln6oI6CIt\" data-secret=\"6ln6oI6CIt\" width=\"600\" height=\"338\" frameborder=\"0\" marginwidth=\"0\" marginheight=\"0\" scrolling=\"no\"><\/iframe><\/p>\n","protected":false},"excerpt":{"rendered":"<p>Roc\u00edo Gallegos \/ La Verdad Foto: La Verdad En medio de una marcha feminista en contra el abuso policiaco, polic\u00edas municipales de Ciudad Ju\u00e1rez realizaron una redada y detuvieron a &hellip; <a href=\"https:\/\/www.grieta.org.mx\/index.php\/2020\/09\/06\/marcha-de-mujeres-culmina-con-represion-de-la-policia-de-ciudad-juarez\/\" class=\"more-link\">Leer m\u00e1s<\/a><\/p>\n","protected":false},"author":2,"featured_media":53190,"comment_status":"closed","ping_status":"closed","sticky":false,"template":"","format":"standard","meta":{"ngg_post_thumbnail":0,"_jetpack_newsletter_access":"","_jetpack_dont_email_post_to_subs":false,"_jetpack_newsletter_tier_id":0,"_jetpack_memberships_contains_paywalled_content":false,"_jetpack_memberships_contains_paid_content":false,"footnotes":""},"categories":[12,80,2815],"tags":[3225],"class_list":["post-53189","post","type-post","status-publish","format-standard","has-post-thumbnail","hentry","category-chihuahua","category-cintillo","category-protestas-y-movilizaciones-de-mujeres-en-chihuahua","tag-aumento-de-la-violencia-contra-las-mujeres","entry"],"jetpack_featured_media_url":"https:\/\/www.grieta.org.mx\/wp-content\/uploads\/2020\/09\/Foto-Mujeres-1_represion_Cdjz_Rocio-Gallegos-ok.jpg","jetpack_sharing_enabled":true,"jetpack_shortlink":"https:\/\/wp.me\/p7ZJR4-dPT","jetpack_likes_enabled":false,"jetpack-related-posts":[{"id":38097,"url":"https:\/\/www.grieta.org.mx\/index.php\/2019\/08\/16\/galeria-glitter-rosa-la-marcha-feminista-en-ciudad-juarez-chihuahua\/","url_meta":{"origin":53189,"position":0},"title":"Galer\u00eda: Glitter Rosa, la marcha feminista en Ciudad Ju\u00e1rez (Chihuahua)","author":"grieta","date":"16 agosto, 2019","format":false,"excerpt":"Redacci\u00f3n; Fotograf\u00edas: Rey J. Jauregui\/ LA VERDAD DE JU\u00c1REZ Ciudad Ju\u00e1rez \u2013 Entre gritos de consignas contra \u201cactitudes machistas\u201d, haciendo pintas y lanzando brillantina rosa, decenas de mujeres marcharon en Ciudad Ju\u00e1rez para exigir un alto a la violencia de g\u00e9nero y en protesta por la revictimizaci\u00f3n de las autoridades\u2026","rel":"","context":"En &quot;Chihuahua&quot;","block_context":{"text":"Chihuahua","link":"https:\/\/www.grieta.org.mx\/index.php\/category\/noticias-nacionales\/chihuahua\/"},"img":{"alt_text":"","src":"https:\/\/i0.wp.com\/www.grieta.org.mx\/wp-content\/uploads\/2019\/08\/Foto-Galer%C3%ADa-Mujeres.jpg?resize=350%2C200&ssl=1","width":350,"height":200,"srcset":"https:\/\/i0.wp.com\/www.grieta.org.mx\/wp-content\/uploads\/2019\/08\/Foto-Galer%C3%ADa-Mujeres.jpg?resize=350%2C200&ssl=1 1x, https:\/\/i0.wp.com\/www.grieta.org.mx\/wp-content\/uploads\/2019\/08\/Foto-Galer%C3%ADa-Mujeres.jpg?resize=525%2C300&ssl=1 1.5x, https:\/\/i0.wp.com\/www.grieta.org.mx\/wp-content\/uploads\/2019\/08\/Foto-Galer%C3%ADa-Mujeres.jpg?resize=700%2C400&ssl=1 2x, https:\/\/i0.wp.com\/www.grieta.org.mx\/wp-content\/uploads\/2019\/08\/Foto-Galer%C3%ADa-Mujeres.jpg?resize=1050%2C600&ssl=1 3x, https:\/\/i0.wp.com\/www.grieta.org.mx\/wp-content\/uploads\/2019\/08\/Foto-Galer%C3%ADa-Mujeres.jpg?resize=1400%2C800&ssl=1 4x"},"classes":[]},{"id":53054,"url":"https:\/\/www.grieta.org.mx\/index.php\/2020\/09\/05\/detienen-a-40-activistas-en-marcha-contra-violencia-policial-en-ciudad-juarez-chihuahua\/","url_meta":{"origin":53189,"position":1},"title":"Detienen a 40 activistas en marcha contra violencia policial en Ciudad Ju\u00e1rez (Chihuahua)","author":"grieta","date":"5 septiembre, 2020","format":false,"excerpt":"Manifestantes feministas de Ciudad Ju\u00e1rez fueron reprimidas el d\u00eda de hoy por el gobierno de Armando Cabada. Hasta ahora s\u00f3lo se conoce la identidad de 25 de ellas, pero se reporta que la cifra puede alcanzar hasta 40 mujeres. Pan y Rosas Ciudad Ju\u00e1rez\/ LA IZQUIERDA DIARIO Alrededor de las\u2026","rel":"","context":"En &quot;Chihuahua&quot;","block_context":{"text":"Chihuahua","link":"https:\/\/www.grieta.org.mx\/index.php\/category\/noticias-nacionales\/chihuahua\/"},"img":{"alt_text":"","src":"https:\/\/i0.wp.com\/www.grieta.org.mx\/wp-content\/uploads\/2020\/09\/arton172051-6c3eb.jpg?resize=350%2C200&ssl=1","width":350,"height":200,"srcset":"https:\/\/i0.wp.com\/www.grieta.org.mx\/wp-content\/uploads\/2020\/09\/arton172051-6c3eb.jpg?resize=350%2C200&ssl=1 1x, https:\/\/i0.wp.com\/www.grieta.org.mx\/wp-content\/uploads\/2020\/09\/arton172051-6c3eb.jpg?resize=525%2C300&ssl=1 1.5x, https:\/\/i0.wp.com\/www.grieta.org.mx\/wp-content\/uploads\/2020\/09\/arton172051-6c3eb.jpg?resize=700%2C400&ssl=1 2x"},"classes":[]},{"id":53180,"url":"https:\/\/www.grieta.org.mx\/index.php\/2020\/09\/07\/exigen-castigo-por-represion-policiaca-contra-mujeres-en-ciudad-juarez\/","url_meta":{"origin":53189,"position":2},"title":"Exigen castigo por represi\u00f3n policiaca contra mujeres en Ciudad Ju\u00e1rez","author":"grieta","date":"7 septiembre, 2020","format":false,"excerpt":"Proceso\/Patricia Mayorga \u00a0 Foto: Proceso CHIHUAHUA, Chih. (apro).- Organismos estatales y federales condenaron la agresi\u00f3n contra mujeres, perpetrada el s\u00e1bado 5 en Ciudad Ju\u00e1rez, cuando 28 de ellas fueron detenidas mientras protestaban contra la represi\u00f3n policiaca que sufrieron sus compa\u00f1eras en Le\u00f3n, Guanajuato, el pasado 22 de agosto. La Comisi\u00f3n\u2026","rel":"","context":"En &quot;Chihuahua&quot;","block_context":{"text":"Chihuahua","link":"https:\/\/www.grieta.org.mx\/index.php\/category\/noticias-nacionales\/chihuahua\/"},"img":{"alt_text":"","src":"https:\/\/i0.wp.com\/www.grieta.org.mx\/wp-content\/uploads\/2020\/09\/represion-a-mujeres-ciudad-juarez-870x522-1.jpg?resize=350%2C200&ssl=1","width":350,"height":200,"srcset":"https:\/\/i0.wp.com\/www.grieta.org.mx\/wp-content\/uploads\/2020\/09\/represion-a-mujeres-ciudad-juarez-870x522-1.jpg?resize=350%2C200&ssl=1 1x, https:\/\/i0.wp.com\/www.grieta.org.mx\/wp-content\/uploads\/2020\/09\/represion-a-mujeres-ciudad-juarez-870x522-1.jpg?resize=525%2C300&ssl=1 1.5x, https:\/\/i0.wp.com\/www.grieta.org.mx\/wp-content\/uploads\/2020\/09\/represion-a-mujeres-ciudad-juarez-870x522-1.jpg?resize=700%2C400&ssl=1 2x"},"classes":[]},{"id":11003,"url":"https:\/\/www.grieta.org.mx\/index.php\/2016\/04\/24\/protestan-contra-violencia-de-genero-en-chihuahua\/","url_meta":{"origin":53189,"position":3},"title":"Protestan contra violencia de g\u00e9nero en Chihuahua","author":"grieta","date":"24 abril, 2016","format":false,"excerpt":"En Ciudad Ju\u00e1rez se congregaron familiares de personas desaparecidas y las obreras que realizaron durante meses una huelga afuera de la maquiladora Lexmark para exigir mejores condiciones laborales y sueldos. El contingente de la ciudad de Chihuahua recorri\u00f3 la avenida Universidad e hizo cuatro paradas para realizar actos representativos de\u2026","rel":"","context":"En &quot;chihuahua&quot;","block_context":{"text":"chihuahua","link":"https:\/\/www.grieta.org.mx\/index.php\/category\/chihuahua\/"},"img":{"alt_text":"","src":"https:\/\/i0.wp.com\/www.grieta.org.mx\/wp-content\/uploads\/2018\/03\/14524434_1106112876131411_958039263622046936_o.jpg?resize=350%2C200&ssl=1","width":350,"height":200,"srcset":"https:\/\/i0.wp.com\/www.grieta.org.mx\/wp-content\/uploads\/2018\/03\/14524434_1106112876131411_958039263622046936_o.jpg?resize=350%2C200&ssl=1 1x, https:\/\/i0.wp.com\/www.grieta.org.mx\/wp-content\/uploads\/2018\/03\/14524434_1106112876131411_958039263622046936_o.jpg?resize=525%2C300&ssl=1 1.5x, https:\/\/i0.wp.com\/www.grieta.org.mx\/wp-content\/uploads\/2018\/03\/14524434_1106112876131411_958039263622046936_o.jpg?resize=700%2C400&ssl=1 2x"},"classes":[]},{"id":4042,"url":"https:\/\/www.grieta.org.mx\/index.php\/2016\/09\/07\/feminicidios-en-chihuahua\/","url_meta":{"origin":53189,"position":4},"title":"Feminicidios en Chihuahua","author":"grieta","date":"7 septiembre, 2016","format":false,"excerpt":"01\/08\/16. A 18 a\u00f1os de la desaparici\u00f3n de joven en Cd. Ju\u00e1rez, madre realiza las investigaciones que corresponde a las autoridadesRevolucionTresPuntoCero 22\/07\/16. Chihuahua sigue siendo l\u00ecder en...feminicidiosLa Parada Digital 28\/04\/16. \u201cAy\u00fadenme, s\u00e1quenme de aqu\u00ed. Sigo viva, tengo miedo\u201d; militares los detienen y llevan 7 a\u00f1os desaparecidos Revoluci\u00f3nTresPuntoCero 11\/03\/16. Familiares de\u2026","rel":"","context":"En &quot;Chihuahua&quot;","block_context":{"text":"Chihuahua","link":"https:\/\/www.grieta.org.mx\/index.php\/category\/noticias-nacionales\/chihuahua\/"},"img":{"alt_text":"","src":"https:\/\/i0.wp.com\/www.grieta.org.mx\/wp-content\/uploads\/2018\/03\/14524434_1106112876131411_958039263622046936_o.jpg?resize=350%2C200&ssl=1","width":350,"height":200,"srcset":"https:\/\/i0.wp.com\/www.grieta.org.mx\/wp-content\/uploads\/2018\/03\/14524434_1106112876131411_958039263622046936_o.jpg?resize=350%2C200&ssl=1 1x, https:\/\/i0.wp.com\/www.grieta.org.mx\/wp-content\/uploads\/2018\/03\/14524434_1106112876131411_958039263622046936_o.jpg?resize=525%2C300&ssl=1 1.5x, https:\/\/i0.wp.com\/www.grieta.org.mx\/wp-content\/uploads\/2018\/03\/14524434_1106112876131411_958039263622046936_o.jpg?resize=700%2C400&ssl=1 2x"},"classes":[]},{"id":67972,"url":"https:\/\/www.grieta.org.mx\/index.php\/2023\/10\/21\/67972\/","url_meta":{"origin":53189,"position":5},"title":"A m\u00e1s de 30 a\u00f1os\u2026","author":"grieta","date":"21 octubre, 2023","format":false,"excerpt":"A m\u00e1s de 30 a\u00f1os de que se empezaron a documentar los asesinatos de mujeres en Chihuahua y Ciudad Ju\u00e1rez, cientos de familias de v\u00edctimas a\u00fan no tienen acceso a la justicia Feminicidios: Paula y Julia, primeras v\u00edctimas, \u00edconos de la lucha por justicia en Ciudad Ju\u00e1rez.A m\u00e1s de 30\u2026","rel":"","context":"En &quot;Chihuahua&quot;","block_context":{"text":"Chihuahua","link":"https:\/\/www.grieta.org.mx\/index.php\/category\/noticias-nacionales\/chihuahua\/"},"img":{"alt_text":"","src":"https:\/\/i0.wp.com\/www.grieta.org.mx\/wp-content\/uploads\/2023\/10\/imagen.jpg?resize=350%2C200&ssl=1","width":350,"height":200,"srcset":"https:\/\/i0.wp.com\/www.grieta.org.mx\/wp-content\/uploads\/2023\/10\/imagen.jpg?resize=350%2C200&ssl=1 1x, https:\/\/i0.wp.com\/www.grieta.org.mx\/wp-content\/uploads\/2023\/10\/imagen.jpg?resize=525%2C300&ssl=1 1.5x, https:\/\/i0.wp.com\/www.grieta.org.mx\/wp-content\/uploads\/2023\/10\/imagen.jpg?resize=700%2C400&ssl=1 2x"},"classes":[]}],"_links":{"self":[{"href":"https:\/\/www.grieta.org.mx\/index.php\/wp-json\/wp\/v2\/posts\/53189","targetHints":{"allow":["GET"]}}],"collection":[{"href":"https:\/\/www.grieta.org.mx\/index.php\/wp-json\/wp\/v2\/posts"}],"about":[{"href":"https:\/\/www.grieta.org.mx\/index.php\/wp-json\/wp\/v2\/types\/post"}],"author":[{"embeddable":true,"href":"https:\/\/www.grieta.org.mx\/index.php\/wp-json\/wp\/v2\/users\/2"}],"replies":[{"embeddable":true,"href":"https:\/\/www.grieta.org.mx\/index.php\/wp-json\/wp\/v2\/comments?post=53189"}],"version-history":[{"count":1,"href":"https:\/\/www.grieta.org.mx\/index.php\/wp-json\/wp\/v2\/posts\/53189\/revisions"}],"predecessor-version":[{"id":53191,"href":"https:\/\/www.grieta.org.mx\/index.php\/wp-json\/wp\/v2\/posts\/53189\/revisions\/53191"}],"wp:featuredmedia":[{"embeddable":true,"href":"https:\/\/www.grieta.org.mx\/index.php\/wp-json\/wp\/v2\/media\/53190"}],"wp:attachment":[{"href":"https:\/\/www.grieta.org.mx\/index.php\/wp-json\/wp\/v2\/media?parent=53189"}],"wp:term":[{"taxonomy":"category","embeddable":true,"href":"https:\/\/www.grieta.org.mx\/index.php\/wp-json\/wp\/v2\/categories?post=53189"},{"taxonomy":"post_tag","embeddable":true,"href":"https:\/\/www.grieta.org.mx\/index.php\/wp-json\/wp\/v2\/tags?post=53189"}],"curies":[{"name":"wp","href":"https:\/\/api.w.org\/{rel}","templated":true}]}}