{"id":53186,"date":"2020-09-06T23:22:27","date_gmt":"2020-09-07T04:22:27","guid":{"rendered":"http:\/\/www.grieta.org.mx\/?p=53186"},"modified":"2020-09-09T23:28:34","modified_gmt":"2020-09-10T04:28:34","slug":"un-taller-ahora-clausurado-era-la-esperanza-de-mujeres-raramuris-para-sobrevivir-chihuahua","status":"publish","type":"post","link":"https:\/\/www.grieta.org.mx\/index.php\/2020\/09\/06\/un-taller-ahora-clausurado-era-la-esperanza-de-mujeres-raramuris-para-sobrevivir-chihuahua\/","title":{"rendered":"Un taller, ahora clausurado, era la esperanza de mujeres rar\u00e1muris para sobrevivir (Chihuahua)"},"content":{"rendered":"<p>Animal Pol\u00edtico\/Andrea Vega<\/p>\n<div class=\"ap_single_first\">\n<div class=\"ap_desktop_container\">\n<div class=\"ap_single_thumbnail ap_mobile_noshow\"><img decoding=\"async\" class=\"lazy\" src=\"https:\/\/www.animalpolitico.com\/wp-content\/uploads\/2020\/09\/9c59101c-5d05-4453-bccc-79f7cbf624bc.jpg\" \/><\/div>\n<div class=\"ap_single_credits ap_mobile_noshow\">Foto: Contec<\/div>\n<div class=\"ap_single_first_info\"><\/div>\n<div class=\"ap_single_sharers_head ap_single_sharers\">\n<div class=\"ap_single_sharers_share ap_single_sharers_share_tw\"><\/div>\n<\/div>\n<\/div>\n<\/div>\n<div class=\"ap_desktop_container\">\n<div class=\"ap_single_desktop_cols\">\n<div class=\"ap_single_desktop_col\">\n<div class=\"ap_single_content\">\n<p>Para estos d\u00edas, Teresa Gonz\u00e1lez y nueve m\u00e1s de sus compa\u00f1eras de la comunidad de Bosques San El\u00edas Repechique, en la Sierra Tarahumara, en Chihuahua, esperaban ya tener en marcha su taller de costura. Ten\u00edan planeado hacer trajes tradicionales y otras prendas para venderlas en Creel, el poblado donde bajan de todas las comunidades a comprar.<\/p>\n<p>Ya con el taller encarrillado, al que nombrar\u00edan Bowe Najativo, quer\u00edan poner un comedor para que los adultos mayores de la zona que se han quedado solos en sus casas, mientras sus familias trabajan fuera, pudieran ir a comer.<\/p>\n<p>\u201cLuego muchos est\u00e1n ah\u00ed solos y les cuesta prepararse su comida. Yo me tuve que ir a trabajar muchos a\u00f1os a las casas de Chihuahua y mi madre se qued\u00f3 sola. Por eso quer\u00eda que los mayores pudieran venir a comer ac\u00e1\u201d, dice Teresa.<\/p>\n<p>Como varias de las compa\u00f1eras involucradas en el proyecto tienen hijos, pensaban tambi\u00e9n en poner una guarder\u00eda.<\/p>\n<p>Con ese plan, las diez mujeres y sus familias estar\u00edan en una mucho mejor situaci\u00f3n que la que tienen ahora. Las lluvias se han retrasado en la Sierra Tarahumara. Hace un mes que deber\u00eda estar lloviendo. Pero hace unas semanas cayeron apenas unas pocas lloviznas que sirvieron nada m\u00e1s para crecer unos cuantos hongos en el bosque.<\/p>\n<p>Despu\u00e9s de eso solo ha habido sequ\u00eda, una sequ\u00eda que ya malogr\u00f3 los elotes de las milpas y dej\u00f3 a las familias rar\u00e1muris sin las cosechas para el autoconsumo.<\/p>\n<p>\u201cNo hay elotes, no hay trabajo en ning\u00fan lado y nosotras que queremos trabajar, no nos dejan\u201d, dice Teresa<\/p>\n<p>El taller de costura se qued\u00f3 a medio levantar. Tres veces llegaron agentes del Ministerio P\u00fablico de Creel a decirle a los pobladores que no pod\u00edan construir all\u00ed, porque esa no era su tierra.<\/p>\n<div id=\"attachment_710511\" class=\"wp-caption alignnone\" style=\"width: 800px;\"><img loading=\"lazy\" decoding=\"async\" class=\"wp-image-710511 \" src=\"https:\/\/www.animalpolitico.com\/wp-content\/uploads\/2020\/09\/942a6185-daa9-44b5-994a-d35a98e66a9d.jpg\" sizes=\"auto, (max-width: 1032px) 100vw, 1032px\" srcset=\"https:\/\/www.animalpolitico.com\/wp-content\/uploads\/2020\/09\/942a6185-daa9-44b5-994a-d35a98e66a9d.jpg 1032w, https:\/\/www.animalpolitico.com\/wp-content\/uploads\/2020\/09\/942a6185-daa9-44b5-994a-d35a98e66a9d-300x169.jpg 300w, https:\/\/www.animalpolitico.com\/wp-content\/uploads\/2020\/09\/942a6185-daa9-44b5-994a-d35a98e66a9d-456x257.jpg 456w, https:\/\/www.animalpolitico.com\/wp-content\/uploads\/2020\/09\/942a6185-daa9-44b5-994a-d35a98e66a9d-768x432.jpg 768w\" alt=\"\" width=\"800\" height=\"451\" aria-describedby=\"caption-attachment-710511\" \/><\/p>\n<p id=\"caption-attachment-710511\" class=\"wp-caption-text\">Foto: CONTEC<\/p>\n<\/div>\n<p>La \u00faltima vez obligaron a unas 50 personas de la comunidad, a las que iban acompa\u00f1ando ni\u00f1os y ni\u00f1as, a caminar dos horas hasta la agencia ministerial de Creel, dici\u00e9ndoles que estaban detenidos.<\/p>\n<p>Para la comunidad eso que consideran un atropello no tiene explicaci\u00f3n l\u00f3gica. \u201cNosotros aqu\u00ed nacimos. Yo tengo m\u00e1s de 50 a\u00f1os y esta tierra ya era nuestra desde antes, desde mi madre y mis abuelos. Pero un se\u00f1or, Gregorio Cuesta Musy, la reclam\u00f3 como suya y ahora seg\u00fan que es de sus hijos\u201d, dice Teresa.<\/p>\n<p>Diana Villalobos, directora de Consultor\u00eda T\u00e9cnica Comunitaria A.C. (Contec), organizaci\u00f3n civil que acompa\u00f1a legalmente a esta comunidad, explica que\u00a0<strong>los pobladores de Repechique vienen denunciando el derecho al reconocimiento legal de su territorio desde hace muchos a\u00f1os.<\/strong><\/p>\n<p>\u201cDesde 2006 est\u00e1 esto en juicio. Ha habido varios para solicitar la titulaci\u00f3n de las tierras. En 2018 inici\u00f3 otro, en el Juzgado D\u00e9cimo de Distrito, que est\u00e1 en curso\u201d, precisa Villalobos.<\/p>\n<p>Teresa asegura que ni ella ni sus vecinos conocen a los que dicen ser los due\u00f1os de la tierra donde los rar\u00e1muris nacieron, viven y pretende trabajar en el taller de costura.<\/p>\n<p>\u201cNi los conocemos. No los vemos que vivan en la tierra que dicen que es suya, no los vemos trabajarla. Nom\u00e1s nos dicen las autoridades que hay documentos donde dice que esos se\u00f1ores son los due\u00f1os. Eso son ellos, como papeles que vuelen en el aire, pero sin ra\u00edz en la tierra, en esta tierra que es nuestra porque aqu\u00ed hemos estado desde siempre\u201d, reclama Teresa.<\/p>\n<p>Entre 1888 y de 1906, Porfirio D\u00edaz vendi\u00f3 la regi\u00f3n, dividi\u00e9ndola en dos grandes propiedades, una de 70 mil hect\u00e1reas y otra de 15 mil, en ambos casos las escrituras especificaban que eran tierras habitadas por ind\u00edgenas<\/p>\n<p>Despu\u00e9s de la Revoluci\u00f3n, a esas dos propiedades les restaron terreno para crear nuevos ejidos, pero sus propietarios originales, los rar\u00e1muris, no estuvieron incluidos en la dotaci\u00f3n de tierras.<\/p>\n<p>Con el reparto agrario, Bosques San El\u00edas Repechique se redujo de 85 mil a 33 mil hect\u00e1reas, oficialmente divididas en 12 propiedades particulares, cuyos due\u00f1os \u2018legales\u2019 son 50 personas que nunca han pisado la zona: familias que viven en Toluca, en Estados Unidos, en Chihuahua, en Ciudad Cuauht\u00e9moc.<\/p>\n<p>En 2007, Cuesta le envi\u00f3 una carta a la familia de Teresa y a sus vecinos. \u201cEse papel dice que el posesionario de la tierra es \u00e9l, pero que nos la presta, solo que cuando la necesite, se la tendremos que entregar. Esa carta lleg\u00f3 un d\u00eda que mi madre \u2013cuenta Teresa\u2013 que no entend\u00eda espa\u00f1ol y no sab\u00eda leer ni escribir estaba sola. La recibi\u00f3, no entendi\u00f3, le dijeron firma y solo puso su huella\u201d.<\/p>\n<div id=\"attachment_710512\" class=\"wp-caption alignnone\" style=\"width: 813px;\"><img loading=\"lazy\" decoding=\"async\" class=\"wp-image-710512 \" src=\"https:\/\/www.animalpolitico.com\/wp-content\/uploads\/2020\/09\/11717e9e-6d4e-49af-9f3f-24cc7d63fe85-1.jpg\" sizes=\"auto, (max-width: 1280px) 100vw, 1280px\" srcset=\"https:\/\/www.animalpolitico.com\/wp-content\/uploads\/2020\/09\/11717e9e-6d4e-49af-9f3f-24cc7d63fe85-1.jpg 1280w, https:\/\/www.animalpolitico.com\/wp-content\/uploads\/2020\/09\/11717e9e-6d4e-49af-9f3f-24cc7d63fe85-1-300x225.jpg 300w, https:\/\/www.animalpolitico.com\/wp-content\/uploads\/2020\/09\/11717e9e-6d4e-49af-9f3f-24cc7d63fe85-1-456x342.jpg 456w, https:\/\/www.animalpolitico.com\/wp-content\/uploads\/2020\/09\/11717e9e-6d4e-49af-9f3f-24cc7d63fe85-1-768x576.jpg 768w\" alt=\"\" width=\"813\" height=\"610\" aria-describedby=\"caption-attachment-710512\" \/><\/p>\n<p id=\"caption-attachment-710512\" class=\"wp-caption-text\">Foto: Contec<\/p>\n<\/div>\n<h2><strong>\u201cCada que queremos hacer algo, salen los guaruras\u201d<\/strong><\/h2>\n<p>Teresa y sus compa\u00f1eras, estaban construyendo el taller, con permiso de la comunidad y con los fondos de un fideicomiso que el gobierno les entreg\u00f3 por un agravio m\u00e1s contra los rar\u00e1muris.<\/p>\n<p>En 2014, los pobladores de Bosques San El\u00edas Repechique ganaron un amparo que interpusieron por la construcci\u00f3n del Aeropuerto Regional Barrancas del Cobre-Creel.\u00a0<strong>Las autoridades hab\u00edan concesionado parte de estas tierras<\/strong>\u00a0para la construcci\u00f3n de la obra, sin consultar a las comunidades ind\u00edgenas, que reclaman como suyo este territorio.<\/p>\n<p>El amparo, promovido por los \u201cgobernadores ind\u00edgenas\u201d de Bosques San El\u00edas Repechique, reconoce que, en cumplimiento de los acuerdos internacionales que el Estado mexicano ha firmado, la construcci\u00f3n del aeropuerto debi\u00f3 ser consultada a los pueblos rar\u00e1muris.<\/p>\n<p>Un juez federal orden\u00f3 la constituci\u00f3n de un fideicomiso que resarciera los da\u00f1os causados a las poblaciones ind\u00edgenas por esa construcci\u00f3n.<\/p>\n<p>De ah\u00ed sali\u00f3 el dinero para el taller que ahora est\u00e1 detenido y clausurado.<\/p>\n<p>El 13 de agosto llegaron los agentes ministeriales cuando los pobladores se encontraban trabajando en la construcci\u00f3n del taller. Era la tercera vez que se presentaban a decirles que ah\u00ed no pod\u00edan levantar el centro de trabajo porque la tierra no era suya. Ese d\u00eda no se conformaron con dar otro aviso. Acordonaron el \u00e1rea y les dijeron a los rar\u00e1muris que estaban detenidos.<\/p>\n<p>Hicieron que 50 personas, acompa\u00f1adas de unos 10 ni\u00f1os y ni\u00f1as, caminaran durante dos horas a la agencia municipal de Creel. Pero cuando los pobladores de Repechique llegaron a la delegaci\u00f3n, cuenta Teresa, algo extra\u00f1o sucedi\u00f3.<\/p>\n<div id=\"attachment_710513\" class=\"wp-caption alignnone\" style=\"width: 806px;\"><img loading=\"lazy\" decoding=\"async\" class=\"wp-image-710513 \" src=\"https:\/\/www.animalpolitico.com\/wp-content\/uploads\/2020\/09\/b3011d9c-06cb-498b-be7d-3a0211c6e95e.jpg\" sizes=\"auto, (max-width: 1280px) 100vw, 1280px\" srcset=\"https:\/\/www.animalpolitico.com\/wp-content\/uploads\/2020\/09\/b3011d9c-06cb-498b-be7d-3a0211c6e95e.jpg 1280w, https:\/\/www.animalpolitico.com\/wp-content\/uploads\/2020\/09\/b3011d9c-06cb-498b-be7d-3a0211c6e95e-300x225.jpg 300w, https:\/\/www.animalpolitico.com\/wp-content\/uploads\/2020\/09\/b3011d9c-06cb-498b-be7d-3a0211c6e95e-456x342.jpg 456w, https:\/\/www.animalpolitico.com\/wp-content\/uploads\/2020\/09\/b3011d9c-06cb-498b-be7d-3a0211c6e95e-768x576.jpg 768w\" alt=\"\" width=\"806\" height=\"604\" aria-describedby=\"caption-attachment-710513\" \/><\/p>\n<p id=\"caption-attachment-710513\" class=\"wp-caption-text\">Foto: Contec<\/p>\n<\/div>\n<p>Los pobladores llegaron a la entrada y los ministeriales no se hac\u00edan presentes. Se tardaron un rato en llegar, cuando lo hicieron se quedaron ah\u00ed afuera tambi\u00e9n, solo observando.<\/p>\n<p>\u201cNadie nos dec\u00eda nada. La gente de Creel pasaba y nos miraba extra\u00f1ada. Ah\u00ed estuvimos como dos horas, en la entrada, bajo el sol, esperando que los ministeriales nos dijeran algo, hasta que dijimos pues vamos a entrar. El que estaba ah\u00ed de encargado se hizo que no sab\u00eda nada. Nos dijo que la carpeta de investigaci\u00f3n no estaba ah\u00ed, que estaba en la agencia de Cuauht\u00e9moc, a tres horas m\u00e1s de distancia. Nosotros ya mejor nos regresamos a Repechique\u201d.<\/p>\n<p>A Teresa le esperaba all\u00e1 otro aviso. Mientras ella caminaba junto con los otros pobladores a la delegaci\u00f3n de Creel, un grupo de ministeriales fue a la casa de su prima, segunda gobernadora de la comunidad.<\/p>\n<p>\u201cFueron hasta el ranchito a exigirle que nos dijera que ya le paremos, que ya no abramos el taller. Nom\u00e1s la fueron a amedrentar. Al otro d\u00eda ella me fue a buscar a la construcci\u00f3n y me dijo que ya le par\u00e1ramos, y pues le paramos ya, por el bien de la gente de la comunidad\u201d.<\/p>\n<p>Con la sequ\u00eda encima, sin opciones para trabajar y sin elotes para al menos tener comida, Teresa dice que no sabe qu\u00e9 har\u00e1n si no se arregla lo del taller.<\/p>\n<p>\u201cYo ya no puedo regresar a trabajar a Chihuahua. Trabaj\u00e9 tanto all\u00e1 limpiando casas, hoteles, que me dio artritis. Ya no aguantaba el dolor en las manos, en las rodillas, en los pies. Me regres\u00e9 y ac\u00e1, en el bosque, en el territorio, con mi gente, me empec\u00e9 a sentir mejor. Tenemos muchas ganas de trabajar duro en el taller. Si pudi\u00e9ramos ver a los que dicen que son due\u00f1os de la tierra, a la mejor les podr\u00edamos explicar, platicar, arreglar, pero nunca los vemos\u201d.<\/p>\n<p>Villalobos explica que han tenido reuniones con representantes del Instituto Nacional de Pueblos Ind\u00edgenas (INPI), de la Secretar\u00eda de Desarrollo Agrario, Territorial y Urbano (Sedatu) y con el gobierno del Estado, instancias a las que les han pedido interceder para llegar a un arreglo que le permita a las diez mujeres terminar y operar el taller de costura.<\/p>\n<p>Patricia Mac\u00edas, directora general de Concertacesi\u00f3n Social de Sedatu, precisa que por ahora est\u00e1n en el an\u00e1lisis de los documentos que posee la comunidad sobre el territorio, para generar un diagn\u00f3stico y hacer una propuesta de ruta de atenci\u00f3n. Pero adelante que apoyar\u00e1n para que la comunidad sea reconocida como la poseedora legal de su territorio.<\/p>\n<p>\u201cLa comunidad no tiene todos los documentos que avalen la propiedad respecto del territorio que posee, pero, por ejemplo, cuando se les reconoce como afectados por la construcci\u00f3n del aeropuerto de Creel, este es un precedente muy importante porque la juez que conoci\u00f3 del asunto les reconoce el derecho a la posesi\u00f3n, el derecho que tienen respecto del territorio\u201d.<\/p>\n<p>De manera que lo har\u00e1n Sedatu y el Instituto Nacional de los Pueblos Ind\u00edgenas (INPI) es reconocer este derecho al territorio en t\u00e9rminos de la normatividad de los art\u00edculos constitucionales y del Convenio 169 de la OIT sobre Pueblos Ind\u00edgenas y Tribales. \u201cVamos a empezar a trabajar para reconocer este derecho de la comunidad respecto del territorio\u201d, asegura Mac\u00edas.<\/p>\n<p>Luis Fernando Mesta, secretario de Gobierno de Chihuahua, asegura en entrevista con este portal que, aunque ellos son solo intermediarios en el tema, est\u00e1n en la disposici\u00f3n de coadyuvar para encontrar una soluci\u00f3n que beneficie a ambas partes.<\/p>\n<p>Aunque para el funcionario esa soluci\u00f3n no es precisamente reconocer a los rar\u00e1muris como los poseedores de su territorio (11 mil 300 hect\u00e1reas aproximadamente), sino s\u00f3lo de una parte.<\/p>\n<p>\u201cLo que podemos buscar, siempre que la comunidad lo apruebe, es que del total de hect\u00e1reas en disputa se determine la propiedad para una parte (los rar\u00e1muris) y la otra para los otros, pero que sea v\u00e1lida y suficiente, no un rinc\u00f3n para las comunidades ni para los particulares\u201d.<\/p>\n<blockquote class=\"wp-embedded-content\" data-secret=\"xnnhVZlqjz\"><p><a href=\"https:\/\/www.animalpolitico.com\/2020\/09\/taller-clausurado-esperanza-mujeres-raramuris-sobrevivir\/\">Un taller, ahora clausurado, era la esperanza de mujeres rar\u00e1muris para sobrevivir<\/a><\/p><\/blockquote>\n<p><iframe loading=\"lazy\" class=\"wp-embedded-content\" sandbox=\"allow-scripts\" security=\"restricted\" style=\"position: absolute; clip: rect(1px, 1px, 1px, 1px);\" title=\"&#8220;Un taller, ahora clausurado, era la esperanza de mujeres rar\u00e1muris para sobrevivir&#8221; &#8212; Animal Pol\u00edtico\" src=\"https:\/\/www.animalpolitico.com\/2020\/09\/taller-clausurado-esperanza-mujeres-raramuris-sobrevivir\/embed\/#?secret=xnnhVZlqjz\" data-secret=\"xnnhVZlqjz\" width=\"600\" height=\"338\" frameborder=\"0\" marginwidth=\"0\" marginheight=\"0\" scrolling=\"no\"><\/iframe><\/p>\n<\/div>\n<\/div>\n<\/div>\n<\/div>\n","protected":false},"excerpt":{"rendered":"<p>Animal Pol\u00edtico\/Andrea Vega Foto: Contec Para estos d\u00edas, Teresa Gonz\u00e1lez y nueve m\u00e1s de sus compa\u00f1eras de la comunidad de Bosques San El\u00edas Repechique, en la Sierra Tarahumara, en Chihuahua, &hellip; <a href=\"https:\/\/www.grieta.org.mx\/index.php\/2020\/09\/06\/un-taller-ahora-clausurado-era-la-esperanza-de-mujeres-raramuris-para-sobrevivir-chihuahua\/\" class=\"more-link\">Leer m\u00e1s<\/a><\/p>\n","protected":false},"author":2,"featured_media":53187,"comment_status":"closed","ping_status":"closed","sticky":false,"template":"","format":"standard","meta":{"ngg_post_thumbnail":0,"_jetpack_newsletter_access":"","_jetpack_dont_email_post_to_subs":false,"_jetpack_newsletter_tier_id":0,"_jetpack_memberships_contains_paywalled_content":false,"_jetpack_memberships_contains_paid_content":false,"footnotes":""},"categories":[12,80,1029,2184],"tags":[1718],"class_list":["post-53186","post","type-post","status-publish","format-standard","has-post-thumbnail","hentry","category-chihuahua","category-cintillo","category-conflictos-y-resistencias-del-pueblo-raramuri","category-criminalizacion-de-la-pobreza-en-chihuahua","tag-desprecio-contra-indigenas","entry"],"jetpack_featured_media_url":"https:\/\/www.grieta.org.mx\/wp-content\/uploads\/2020\/09\/9c59101c-5d05-4453-bccc-79f7cbf624bc.jpg","jetpack_sharing_enabled":true,"jetpack_shortlink":"https:\/\/wp.me\/p7ZJR4-dPQ","jetpack_likes_enabled":false,"jetpack-related-posts":[{"id":35138,"url":"https:\/\/www.grieta.org.mx\/index.php\/2019\/06\/01\/crean-la-primera-organizacion-ndee-para-exigir-el-reconocimiento-de-la-etnia-chihuahua\/","url_meta":{"origin":53186,"position":0},"title":"Crean la primera organizaci\u00f3n nde\u00e9 para exigir el reconocimiento de la etnia (Chihuahua)","author":"grieta","date":"1 junio, 2019","format":false,"excerpt":"Redacci\u00f3n\/ RA\u00cdCHALI Para ello se eligieron representantes para coordinar los estados de Sonora, Chihuahua y Coahuila quienes, a su vez, trabajar\u00e1n de la mano con la Naci\u00f3n chihene nde\u00e9 y con los jicarilla apache en el estado de Nuevo M\u00e9xico. Como coordinador fue nombrado Iv\u00e1n Alexander de Le\u00f3n; Juan Luis\u2026","rel":"","context":"En &quot;Chihuahua&quot;","block_context":{"text":"Chihuahua","link":"https:\/\/www.grieta.org.mx\/index.php\/category\/noticias-nacionales\/chihuahua\/"},"img":{"alt_text":"","src":"https:\/\/i0.wp.com\/www.grieta.org.mx\/wp-content\/uploads\/2019\/06\/Pueblos-de-chihuahua.jpg?resize=350%2C200&ssl=1","width":350,"height":200},"classes":[]},{"id":4594,"url":"https:\/\/www.grieta.org.mx\/index.php\/2015\/09\/05\/mujeres-exigen-frenar-feminicidios-y-desapariciones-en-chihuahua\/","url_meta":{"origin":53186,"position":1},"title":"Mujeres exigen frenar feminicidios y desapariciones en Chihuahua","author":"grieta","date":"5 septiembre, 2015","format":false,"excerpt":"CHIHUAHUA, Chih. (proceso.com.mx).- Cientos de mujeres de la zona norte del pa\u00eds pertenecientes al Movimiento Regeneraci\u00f3n Nacional (Morena) se congregaron hoy en esta ciudad para capacitarse en pol\u00edtica y liderazgo, con el fin de capitalizar la paridad de g\u00e9nero en las candidaturas y demostrar su capacidad. Las participantes marcharon hacia\u2026","rel":"","context":"En &quot;chihuahua&quot;","block_context":{"text":"chihuahua","link":"https:\/\/www.grieta.org.mx\/index.php\/category\/chihuahua\/"},"img":{"alt_text":"","src":"https:\/\/i0.wp.com\/www.grieta.org.mx\/wp-content\/uploads\/2018\/03\/14524434_1106112876131411_958039263622046936_o.jpg?resize=350%2C200&ssl=1","width":350,"height":200,"srcset":"https:\/\/i0.wp.com\/www.grieta.org.mx\/wp-content\/uploads\/2018\/03\/14524434_1106112876131411_958039263622046936_o.jpg?resize=350%2C200&ssl=1 1x, https:\/\/i0.wp.com\/www.grieta.org.mx\/wp-content\/uploads\/2018\/03\/14524434_1106112876131411_958039263622046936_o.jpg?resize=525%2C300&ssl=1 1.5x, https:\/\/i0.wp.com\/www.grieta.org.mx\/wp-content\/uploads\/2018\/03\/14524434_1106112876131411_958039263622046936_o.jpg?resize=700%2C400&ssl=1 2x"},"classes":[]},{"id":55920,"url":"https:\/\/www.grieta.org.mx\/index.php\/2020\/12\/22\/comunidad-raramuri-exige-el-reconocimiento-de-su-territorio-ancestral-chihuahua\/","url_meta":{"origin":53186,"position":2},"title":"Comunidad rar\u00e1muri exige el reconocimiento de su territorio ancestral (Chihuahua)","author":"grieta","date":"22 diciembre, 2020","format":false,"excerpt":"Pie de P\u00e1gina\/Texto y fotos: Isabel Brise\u00f1o En Palacio Nacional y la Suprema Corte de Justicia de la Naci\u00f3n, integrantes de la comunidad rar\u00e1muri de Bosque de San El\u00edas Repechique demandaron el reconocimiento de su territorio por parte del Estado mexicano y el cese a proyectos extractivistas \u00a0 Habitantes de\u2026","rel":"","context":"En &quot;Chihuahua&quot;","block_context":{"text":"Chihuahua","link":"https:\/\/www.grieta.org.mx\/index.php\/category\/noticias-nacionales\/chihuahua\/"},"img":{"alt_text":"","src":"https:\/\/i0.wp.com\/www.grieta.org.mx\/wp-content\/uploads\/2020\/12\/raramuri_teresaGonzalez_isabelBriseno_PdP.jpg?resize=350%2C200&ssl=1","width":350,"height":200,"srcset":"https:\/\/i0.wp.com\/www.grieta.org.mx\/wp-content\/uploads\/2020\/12\/raramuri_teresaGonzalez_isabelBriseno_PdP.jpg?resize=350%2C200&ssl=1 1x, https:\/\/i0.wp.com\/www.grieta.org.mx\/wp-content\/uploads\/2020\/12\/raramuri_teresaGonzalez_isabelBriseno_PdP.jpg?resize=525%2C300&ssl=1 1.5x, https:\/\/i0.wp.com\/www.grieta.org.mx\/wp-content\/uploads\/2020\/12\/raramuri_teresaGonzalez_isabelBriseno_PdP.jpg?resize=700%2C400&ssl=1 2x, https:\/\/i0.wp.com\/www.grieta.org.mx\/wp-content\/uploads\/2020\/12\/raramuri_teresaGonzalez_isabelBriseno_PdP.jpg?resize=1050%2C600&ssl=1 3x"},"classes":[]},{"id":35101,"url":"https:\/\/www.grieta.org.mx\/index.php\/2019\/06\/15\/artesanos-del-tianguis-cultural-revolucion-juntan-firmas-ante-amenaza-de-desalojo-chihuahua\/","url_meta":{"origin":53186,"position":3},"title":"Artesanos del Tianguis Cultural Revoluci\u00f3n juntan firmas ante amenaza de desalojo (Chihuahua)","author":"grieta","date":"15 junio, 2019","format":false,"excerpt":"Redacci\u00f3n\/ RA\u00cdCHALI Chihuahua.- Con la amenaza de que en cualquier momento pueden ser desalojados, los artesanos del Tianguis\u00a0Cultural Revoluci\u00f3n aseguraron que van a continuar sus actividades culturales porque tienen\u00a0el derecho\u00a0de\u00a0utilizar\u00a0el espacio p\u00fablico.Hace una semana, mientras realizaban un taller de medicina tradicional, dos inspectores de Gobernaci\u00f3n Municipal llegaron al Parque Revoluci\u00f3n\u2026","rel":"","context":"En &quot;Chihuahua&quot;","block_context":{"text":"Chihuahua","link":"https:\/\/www.grieta.org.mx\/index.php\/category\/noticias-nacionales\/chihuahua\/"},"img":{"alt_text":"","src":"https:\/\/i0.wp.com\/www.grieta.org.mx\/wp-content\/uploads\/2019\/06\/Tianguero.jpg?resize=350%2C200&ssl=1","width":350,"height":200,"srcset":"https:\/\/i0.wp.com\/www.grieta.org.mx\/wp-content\/uploads\/2019\/06\/Tianguero.jpg?resize=350%2C200&ssl=1 1x, https:\/\/i0.wp.com\/www.grieta.org.mx\/wp-content\/uploads\/2019\/06\/Tianguero.jpg?resize=525%2C300&ssl=1 1.5x, https:\/\/i0.wp.com\/www.grieta.org.mx\/wp-content\/uploads\/2019\/06\/Tianguero.jpg?resize=700%2C400&ssl=1 2x, https:\/\/i0.wp.com\/www.grieta.org.mx\/wp-content\/uploads\/2019\/06\/Tianguero.jpg?resize=1050%2C600&ssl=1 3x"},"classes":[]},{"id":24166,"url":"https:\/\/www.grieta.org.mx\/index.php\/2018\/07\/04\/inconformidad-entre-maestras-por-asignacion-de-nuevas-plazas-chihuahua\/","url_meta":{"origin":53186,"position":4},"title":"Inconformidad entre maestras por asignaci\u00f3n de nuevas plazas (Chihuahua)","author":"grieta","date":"4 julio, 2018","format":false,"excerpt":"Orlando Ch\u00e1vez\/El Diario de Chihuahua Chihuahua.- Maestras reci\u00e9n egresadas fueron citadas en las instalaciones de los Servicios Educativos del Estado de Chihuahua para informarles que les asignar\u00e1n nuevos lugares de trabajo a pesar de que desde hace meses se les dijo que les respetar\u00eda la regi\u00f3n en la que viven.\u2026","rel":"","context":"En &quot;Chihuahua&quot;","block_context":{"text":"Chihuahua","link":"https:\/\/www.grieta.org.mx\/index.php\/category\/noticias-nacionales\/chihuahua\/"},"img":{"alt_text":"","src":"https:\/\/i0.wp.com\/www.grieta.org.mx\/wp-content\/uploads\/2018\/07\/Maestras.jpg?resize=350%2C200&ssl=1","width":350,"height":200,"srcset":"https:\/\/i0.wp.com\/www.grieta.org.mx\/wp-content\/uploads\/2018\/07\/Maestras.jpg?resize=350%2C200&ssl=1 1x, https:\/\/i0.wp.com\/www.grieta.org.mx\/wp-content\/uploads\/2018\/07\/Maestras.jpg?resize=525%2C300&ssl=1 1.5x, https:\/\/i0.wp.com\/www.grieta.org.mx\/wp-content\/uploads\/2018\/07\/Maestras.jpg?resize=700%2C400&ssl=1 2x"},"classes":[]},{"id":41212,"url":"https:\/\/www.grieta.org.mx\/index.php\/2019\/11\/16\/chihuahua-inmerso-en-epidemia-de-feminicidio\/","url_meta":{"origin":53186,"position":5},"title":"Chihuahua inmerso en epidemia de feminicidio","author":"grieta","date":"16 noviembre, 2019","format":false,"excerpt":"La Opci\u00f3n\/Redacci\u00f3n Chihuahua.- El estado se encuentra inmerso en una epidemia de Feminicidio, indic\u00f3 la acad\u00e9mica investigadora Mar\u00eda Salguero, en el marco de la conmemoraci\u00f3n del 25 de noviembre D\u00eda Internacional de la Eliminaci\u00f3n de la Violencia. Salguero present\u00f3 en el Sal\u00f3n Gobernadores de palacio de gobierno, el mapa de\u2026","rel":"","context":"En &quot;Chihuahua&quot;","block_context":{"text":"Chihuahua","link":"https:\/\/www.grieta.org.mx\/index.php\/category\/noticias-nacionales\/chihuahua\/"},"img":{"alt_text":"","src":"https:\/\/i0.wp.com\/www.grieta.org.mx\/wp-content\/uploads\/2019\/11\/e16489b1-8178-4a3e-96ca-3bb56e5231ae.jpg?resize=350%2C200&ssl=1","width":350,"height":200,"srcset":"https:\/\/i0.wp.com\/www.grieta.org.mx\/wp-content\/uploads\/2019\/11\/e16489b1-8178-4a3e-96ca-3bb56e5231ae.jpg?resize=350%2C200&ssl=1 1x, https:\/\/i0.wp.com\/www.grieta.org.mx\/wp-content\/uploads\/2019\/11\/e16489b1-8178-4a3e-96ca-3bb56e5231ae.jpg?resize=525%2C300&ssl=1 1.5x, https:\/\/i0.wp.com\/www.grieta.org.mx\/wp-content\/uploads\/2019\/11\/e16489b1-8178-4a3e-96ca-3bb56e5231ae.jpg?resize=700%2C400&ssl=1 2x"},"classes":[]}],"_links":{"self":[{"href":"https:\/\/www.grieta.org.mx\/index.php\/wp-json\/wp\/v2\/posts\/53186","targetHints":{"allow":["GET"]}}],"collection":[{"href":"https:\/\/www.grieta.org.mx\/index.php\/wp-json\/wp\/v2\/posts"}],"about":[{"href":"https:\/\/www.grieta.org.mx\/index.php\/wp-json\/wp\/v2\/types\/post"}],"author":[{"embeddable":true,"href":"https:\/\/www.grieta.org.mx\/index.php\/wp-json\/wp\/v2\/users\/2"}],"replies":[{"embeddable":true,"href":"https:\/\/www.grieta.org.mx\/index.php\/wp-json\/wp\/v2\/comments?post=53186"}],"version-history":[{"count":1,"href":"https:\/\/www.grieta.org.mx\/index.php\/wp-json\/wp\/v2\/posts\/53186\/revisions"}],"predecessor-version":[{"id":53188,"href":"https:\/\/www.grieta.org.mx\/index.php\/wp-json\/wp\/v2\/posts\/53186\/revisions\/53188"}],"wp:featuredmedia":[{"embeddable":true,"href":"https:\/\/www.grieta.org.mx\/index.php\/wp-json\/wp\/v2\/media\/53187"}],"wp:attachment":[{"href":"https:\/\/www.grieta.org.mx\/index.php\/wp-json\/wp\/v2\/media?parent=53186"}],"wp:term":[{"taxonomy":"category","embeddable":true,"href":"https:\/\/www.grieta.org.mx\/index.php\/wp-json\/wp\/v2\/categories?post=53186"},{"taxonomy":"post_tag","embeddable":true,"href":"https:\/\/www.grieta.org.mx\/index.php\/wp-json\/wp\/v2\/tags?post=53186"}],"curies":[{"name":"wp","href":"https:\/\/api.w.org\/{rel}","templated":true}]}}