{"id":53143,"date":"2020-09-08T13:02:43","date_gmt":"2020-09-08T18:02:43","guid":{"rendered":"http:\/\/www.grieta.org.mx\/?p=53143"},"modified":"2020-09-09T13:13:30","modified_gmt":"2020-09-09T18:13:30","slug":"obreros-de-plataformas-de-la-sonda-de-campeche-inician-huelga-de-hambre","status":"publish","type":"post","link":"https:\/\/www.grieta.org.mx\/index.php\/2020\/09\/08\/obreros-de-plataformas-de-la-sonda-de-campeche-inician-huelga-de-hambre\/","title":{"rendered":"Obreros de plataformas de la Sonda de Campeche inician huelga de hambre"},"content":{"rendered":"<p><img loading=\"lazy\" decoding=\"async\" data-attachment-id=\"53144\" data-permalink=\"https:\/\/www.grieta.org.mx\/index.php\/2020\/09\/08\/obreros-de-plataformas-de-la-sonda-de-campeche-inician-huelga-de-hambre\/sonda-campec-he\/\" data-orig-file=\"https:\/\/www.grieta.org.mx\/wp-content\/uploads\/2020\/09\/sonda-campec-he-e1599675029340.jpg\" data-orig-size=\"800,480\" data-comments-opened=\"0\" data-image-meta=\"{&quot;aperture&quot;:&quot;0&quot;,&quot;credit&quot;:&quot;&quot;,&quot;camera&quot;:&quot;&quot;,&quot;caption&quot;:&quot;&quot;,&quot;created_timestamp&quot;:&quot;0&quot;,&quot;copyright&quot;:&quot;&quot;,&quot;focal_length&quot;:&quot;0&quot;,&quot;iso&quot;:&quot;0&quot;,&quot;shutter_speed&quot;:&quot;0&quot;,&quot;title&quot;:&quot;&quot;,&quot;orientation&quot;:&quot;1&quot;}\" data-image-title=\"sonda-campec-he\" data-image-description=\"\" data-image-caption=\"\" data-medium-file=\"https:\/\/www.grieta.org.mx\/wp-content\/uploads\/2020\/09\/sonda-campec-he-300x180.jpg\" data-large-file=\"https:\/\/www.grieta.org.mx\/wp-content\/uploads\/2020\/09\/sonda-campec-he-e1599675029340.jpg\" src=\"http:\/\/www.grieta.org.mx\/wp-content\/uploads\/2020\/09\/sonda-campec-he-e1599675029340.jpg\" alt=\"\" width=\"800\" height=\"480\" class=\"alignnone size-full wp-image-53144\" \/><\/p>\n<p>Rosa Santana \/ Proceso<\/p>\n<p>CIUDAD DEL CARMEN, Cam. (apro).- Cientos de obreros abordo de las plataformas petroleras Abkat\u00fan Alfa, Pool Alfa y N1, en la Sonda de Campeche, se declararon en huelga de hambre en protesta por el deficiente servicio de alimentaci\u00f3n que reciben de la empresa Topqual Food 365.<\/p>\n<p>La inconformidad estall\u00f3 el lunes en el Centro de Procesos Abkat\u00fan Alfa, a la que el martes se sumaron los trabajadores de las plataformas Pool-A y N1.<\/p>\n<p>En sus redes sociales, los manifestantes dieron a conocer que dijeron que cerraron los comedores y se mantendr\u00e1n en ayuno hasta que alguna autoridad de Petr\u00f3leos Mexicanos (Pemex) resuelva el problema.<\/p>\n<p>Explicaron que adem\u00e1s de que los alimentos que les proporciona la contratista encargada del servicio son de mala calidad, el men\u00fa es precario, y escasean las frutas y verduras, las raciones son recortadas por lo que no se cumple el standard de 400 pesos por trabajador estipulados en el contrato.<\/p>\n<p>En abril de 2019, con una protesta similar, trabajadores de la plataforma petrolera Akal-C, en la Sonda de Campeche, denunciaron la mala calidad de los alimentos que les suministraba la compa\u00f1\u00eda Veggies Health de M\u00e9xico, con los que un centenar de ellos se hab\u00edan intoxicado.<\/p>\n<p>Ahora fueron los de la Abkat\u00fan Alfa, donde hace unos meses se origin\u00f3 la cadena de contagios de covid-19 en instalaciones petroleras costa afuera, los de la Pool Alfa y N1.<\/p>\n<p><a href=\"https:\/\/www.proceso.com.mx\/647154\/obreros-de-plataformas-de-la-sonda-de-campeche-inician-huelga-de-hambre\" rel=\"noopener noreferrer\" target=\"_blank\">https:\/\/www.proceso.com.mx\/647154\/obreros-de-plataformas-de-la-sonda-de-campeche-inician-huelga-de-hambre<\/a><\/p>\n","protected":false},"excerpt":{"rendered":"<p>Rosa Santana \/ Proceso CIUDAD DEL CARMEN, Cam. (apro).- Cientos de obreros abordo de las plataformas petroleras Abkat\u00fan Alfa, Pool Alfa y N1, en la Sonda de Campeche, se declararon &hellip; <a href=\"https:\/\/www.grieta.org.mx\/index.php\/2020\/09\/08\/obreros-de-plataformas-de-la-sonda-de-campeche-inician-huelga-de-hambre\/\" class=\"more-link\">Leer m\u00e1s<\/a><\/p>\n","protected":false},"author":2,"featured_media":53144,"comment_status":"closed","ping_status":"closed","sticky":false,"template":"","format":"standard","meta":{"ngg_post_thumbnail":0,"_jetpack_newsletter_access":"","_jetpack_dont_email_post_to_subs":false,"_jetpack_newsletter_tier_id":0,"_jetpack_memberships_contains_paywalled_content":false,"_jetpack_memberships_contains_paid_content":false,"footnotes":""},"categories":[11,80,1040,910,2,83],"tags":[634,105],"class_list":["post-53143","post","type-post","status-publish","format-standard","has-post-thumbnail","hentry","category-campeche","category-cintillo","category-conflictos-laborales-en-campeche","category-explotacion-y-precariedad-laboral","category-noticias-nacionales","category-temas-nacionales","tag-condiciones-laborales","tag-derechos-laborales","entry"],"jetpack_featured_media_url":"https:\/\/www.grieta.org.mx\/wp-content\/uploads\/2020\/09\/sonda-campec-he-e1599675029340.jpg","jetpack_sharing_enabled":true,"jetpack_shortlink":"https:\/\/wp.me\/p7ZJR4-dP9","jetpack_likes_enabled":false,"jetpack-related-posts":[{"id":60705,"url":"https:\/\/www.grieta.org.mx\/index.php\/2021\/07\/18\/alimentos-perecederos-infecta-a-130-trabajadores-de-pemex-en-ciudad-del-carmen-campeche\/","url_meta":{"origin":53143,"position":0},"title":"Alimentos perecederos infecta a 130 trabajadores de Pemex en Ciudad del Carmen (Campeche)","author":"grieta","date":"18 julio, 2021","format":false,"excerpt":"Fernando Kant\u00fan \/ PorEsto! Aproximadamente 130 trabajadores de las plataformas Abkat\u00fan N1 y Abkat\u00fan Alfa se encuentran infectados presuntamente de tifoidea por consumo de alimentos perecederos y agua indebidamente tratada, el contagio inici\u00f3 en la guardia anterior de 40 trabajadores (hace un mes) en la plataforma Abkat\u00fan N1 de inyecci\u00f3n\u2026","rel":"","context":"En &quot;Campeche&quot;","block_context":{"text":"Campeche","link":"https:\/\/www.grieta.org.mx\/index.php\/category\/noticias-nacionales\/campeche\/"},"img":{"alt_text":"","src":"https:\/\/i0.wp.com\/www.grieta.org.mx\/wp-content\/uploads\/2021\/07\/CdCarmenAlimentos2.jpg?resize=350%2C200","width":350,"height":200},"classes":[]},{"id":47751,"url":"https:\/\/www.grieta.org.mx\/index.php\/2020\/04\/10\/trasladan-a-trabajadores-petroleros-de-abkatun-por-sospecha-de-covid-19-campeche\/","url_meta":{"origin":53143,"position":1},"title":"Trasladan a trabajadores petroleros de Abkat\u00fan por sospecha de COVID-19 (Campeche)","author":"grieta","date":"10 abril, 2020","format":false,"excerpt":"Gabriel Graniel Herrera \/ Foto: Notimex \/ La Jornada Maya Ciudad del Carmen, Campeche S\u00e1bado 10 de abril, 2020 Por presentar cuadro febriles y s\u00edntomas de COVID-19, cuatro trabajadores petroleros fueron trasladados a tierra, de la plataforma Abkat\u00fan Alfa de Petr\u00f3leos Mexicanos (Pemex) en la Sonda de Campeche; mientras que\u2026","rel":"","context":"En &quot;Campeche&quot;","block_context":{"text":"Campeche","link":"https:\/\/www.grieta.org.mx\/index.php\/category\/noticias-nacionales\/campeche\/"},"img":{"alt_text":"","src":"https:\/\/i0.wp.com\/www.grieta.org.mx\/wp-content\/uploads\/2020\/04\/PemexCampeche.png?resize=350%2C200&ssl=1","width":350,"height":200,"srcset":"https:\/\/i0.wp.com\/www.grieta.org.mx\/wp-content\/uploads\/2020\/04\/PemexCampeche.png?resize=350%2C200&ssl=1 1x, https:\/\/i0.wp.com\/www.grieta.org.mx\/wp-content\/uploads\/2020\/04\/PemexCampeche.png?resize=525%2C300&ssl=1 1.5x"},"classes":[]},{"id":1746,"url":"https:\/\/www.grieta.org.mx\/index.php\/2015\/04\/01\/arde-plataforma-en-la-sonda-de-campeche\/","url_meta":{"origin":53143,"position":2},"title":"Arde plataforma en la Sonda de Campeche","author":"grieta","date":"1 abril, 2015","format":false,"excerpt":"Petr\u00f3leos Mexicanos (Pemex) inform\u00f3 que cuatro trabajadores murieron al estallar un incendio en la madrugada del mi\u00e9rcoles en la plataforma Abkatun Permanente, en la Sonda de Campeche. Previamente, hab\u00eda confirmado solo un fallecimiento \u2013empleado de la compa\u00f1\u00eda Cotemar\u2013 y 16 heridos. Luego la cifra de heridos subi\u00f3 a 39. Dos\u2026","rel":"","context":"En &quot;campeche&quot;","block_context":{"text":"campeche","link":"https:\/\/www.grieta.org.mx\/index.php\/category\/campeche\/"},"img":{"alt_text":"","src":"https:\/\/i0.wp.com\/www.grieta.org.mx\/wp-content\/uploads\/2018\/03\/14524434_1106112876131411_958039263622046936_o.jpg?resize=350%2C200&ssl=1","width":350,"height":200,"srcset":"https:\/\/i0.wp.com\/www.grieta.org.mx\/wp-content\/uploads\/2018\/03\/14524434_1106112876131411_958039263622046936_o.jpg?resize=350%2C200&ssl=1 1x, https:\/\/i0.wp.com\/www.grieta.org.mx\/wp-content\/uploads\/2018\/03\/14524434_1106112876131411_958039263622046936_o.jpg?resize=525%2C300&ssl=1 1.5x, https:\/\/i0.wp.com\/www.grieta.org.mx\/wp-content\/uploads\/2018\/03\/14524434_1106112876131411_958039263622046936_o.jpg?resize=700%2C400&ssl=1 2x"},"classes":[]},{"id":1728,"url":"https:\/\/www.grieta.org.mx\/index.php\/2015\/06\/22\/pemex-suma-ya-tres-accidentes-en-la-sonda-de-campeche\/","url_meta":{"origin":53143,"position":3},"title":"Pemex suma ya tres accidentes en la Sonda de Campeche","author":"grieta","date":"22 junio, 2015","format":false,"excerpt":"CIUDAD DEL CARMEN.- Con la fuga de gas registrada hoy en la plataforma Akal-H, ubicada en la Sonda de Campeche, Petr\u00f3leos Mexicanos suma ya tres incidentes en sus instalaciones. Abkat\u00fan El primer incidente en el a\u00f1o fue en abril, cuando se registr\u00f3 una mega explosi\u00f3n en la plataforma Abkat\u00fan-Alfa, que\u2026","rel":"","context":"En &quot;campeche&quot;","block_context":{"text":"campeche","link":"https:\/\/www.grieta.org.mx\/index.php\/category\/campeche\/"},"img":{"alt_text":"","src":"https:\/\/i0.wp.com\/www.grieta.org.mx\/wp-content\/uploads\/2018\/03\/14524434_1106112876131411_958039263622046936_o.jpg?resize=350%2C200&ssl=1","width":350,"height":200,"srcset":"https:\/\/i0.wp.com\/www.grieta.org.mx\/wp-content\/uploads\/2018\/03\/14524434_1106112876131411_958039263622046936_o.jpg?resize=350%2C200&ssl=1 1x, https:\/\/i0.wp.com\/www.grieta.org.mx\/wp-content\/uploads\/2018\/03\/14524434_1106112876131411_958039263622046936_o.jpg?resize=525%2C300&ssl=1 1.5x, https:\/\/i0.wp.com\/www.grieta.org.mx\/wp-content\/uploads\/2018\/03\/14524434_1106112876131411_958039263622046936_o.jpg?resize=700%2C400&ssl=1 2x"},"classes":[]},{"id":1726,"url":"https:\/\/www.grieta.org.mx\/index.php\/2016\/02\/07\/planean-cadenas-productivas-petroleras-en-la-sonda-campeche-donde-la-explosiones-y-los-accidentes-no-cesan\/","url_meta":{"origin":53143,"position":4},"title":"Planean cadenas productivas petroleras en La Sonda, Campeche, donde la explosiones y los accidentes no cesan","author":"grieta","date":"7 febrero, 2016","format":false,"excerpt":"07\/02\/16. Incendio en plataforma de Pemex de Abkat\u00fan deja tres muertos El Financiero 25\/01\/16. Temen tragedias en plataformas petroleras de Pemex por reducci\u00f3n presupuestal Jorge Castro Comunicaci\u00f3n Digital 24\/01\/16. Nueva explosi\u00f3n de Pemex en la Sonda de Campeche P\u00e1gin@bierta 20\/10\/15. Campeche tendr\u00e1 cadenas productivas para industria petrolera El Financiero 28\/08\/15.\u2026","rel":"","context":"En &quot;Campeche&quot;","block_context":{"text":"Campeche","link":"https:\/\/www.grieta.org.mx\/index.php\/category\/noticias-nacionales\/campeche\/"},"img":{"alt_text":"","src":"https:\/\/i0.wp.com\/www.grieta.org.mx\/wp-content\/uploads\/2018\/03\/14524434_1106112876131411_958039263622046936_o.jpg?resize=350%2C200&ssl=1","width":350,"height":200,"srcset":"https:\/\/i0.wp.com\/www.grieta.org.mx\/wp-content\/uploads\/2018\/03\/14524434_1106112876131411_958039263622046936_o.jpg?resize=350%2C200&ssl=1 1x, https:\/\/i0.wp.com\/www.grieta.org.mx\/wp-content\/uploads\/2018\/03\/14524434_1106112876131411_958039263622046936_o.jpg?resize=525%2C300&ssl=1 1.5x, https:\/\/i0.wp.com\/www.grieta.org.mx\/wp-content\/uploads\/2018\/03\/14524434_1106112876131411_958039263622046936_o.jpg?resize=700%2C400&ssl=1 2x"},"classes":[]},{"id":1750,"url":"https:\/\/www.grieta.org.mx\/index.php\/2015\/04\/01\/explota-plataforma-abkatun-a-en-campeche\/","url_meta":{"origin":53143,"position":5},"title":"Explota plataforma Abkatun-A en Campeche","author":"grieta","date":"1 abril, 2015","format":false,"excerpt":"Aproximadamente a las 2:30 de la ma\u00f1ana de este mi\u00e9rcoles, se suscit\u00f3 una explosi\u00f3n en la plataforma ABKATUN-ALFA ubicada en el \u00e1rea de los ABKATUNES, en la sonda de Campeche, a 80 kil\u00f3metros de Ciudad del Carmen, cuyo saldo hasta el momento es de una persona fallecida, un desaparecido y\u2026","rel":"","context":"En &quot;campeche&quot;","block_context":{"text":"campeche","link":"https:\/\/www.grieta.org.mx\/index.php\/category\/campeche\/"},"img":{"alt_text":"","src":"https:\/\/i0.wp.com\/www.grieta.org.mx\/wp-content\/uploads\/2018\/03\/14524434_1106112876131411_958039263622046936_o.jpg?resize=350%2C200&ssl=1","width":350,"height":200,"srcset":"https:\/\/i0.wp.com\/www.grieta.org.mx\/wp-content\/uploads\/2018\/03\/14524434_1106112876131411_958039263622046936_o.jpg?resize=350%2C200&ssl=1 1x, https:\/\/i0.wp.com\/www.grieta.org.mx\/wp-content\/uploads\/2018\/03\/14524434_1106112876131411_958039263622046936_o.jpg?resize=525%2C300&ssl=1 1.5x, https:\/\/i0.wp.com\/www.grieta.org.mx\/wp-content\/uploads\/2018\/03\/14524434_1106112876131411_958039263622046936_o.jpg?resize=700%2C400&ssl=1 2x"},"classes":[]}],"_links":{"self":[{"href":"https:\/\/www.grieta.org.mx\/index.php\/wp-json\/wp\/v2\/posts\/53143","targetHints":{"allow":["GET"]}}],"collection":[{"href":"https:\/\/www.grieta.org.mx\/index.php\/wp-json\/wp\/v2\/posts"}],"about":[{"href":"https:\/\/www.grieta.org.mx\/index.php\/wp-json\/wp\/v2\/types\/post"}],"author":[{"embeddable":true,"href":"https:\/\/www.grieta.org.mx\/index.php\/wp-json\/wp\/v2\/users\/2"}],"replies":[{"embeddable":true,"href":"https:\/\/www.grieta.org.mx\/index.php\/wp-json\/wp\/v2\/comments?post=53143"}],"version-history":[{"count":1,"href":"https:\/\/www.grieta.org.mx\/index.php\/wp-json\/wp\/v2\/posts\/53143\/revisions"}],"predecessor-version":[{"id":53145,"href":"https:\/\/www.grieta.org.mx\/index.php\/wp-json\/wp\/v2\/posts\/53143\/revisions\/53145"}],"wp:featuredmedia":[{"embeddable":true,"href":"https:\/\/www.grieta.org.mx\/index.php\/wp-json\/wp\/v2\/media\/53144"}],"wp:attachment":[{"href":"https:\/\/www.grieta.org.mx\/index.php\/wp-json\/wp\/v2\/media?parent=53143"}],"wp:term":[{"taxonomy":"category","embeddable":true,"href":"https:\/\/www.grieta.org.mx\/index.php\/wp-json\/wp\/v2\/categories?post=53143"},{"taxonomy":"post_tag","embeddable":true,"href":"https:\/\/www.grieta.org.mx\/index.php\/wp-json\/wp\/v2\/tags?post=53143"}],"curies":[{"name":"wp","href":"https:\/\/api.w.org\/{rel}","templated":true}]}}