{"id":53136,"date":"2020-09-06T12:27:53","date_gmt":"2020-09-06T17:27:53","guid":{"rendered":"http:\/\/www.grieta.org.mx\/?p=53136"},"modified":"2020-09-09T12:47:23","modified_gmt":"2020-09-09T17:47:23","slug":"ejercera-influencia-transformadora-y-destructiva-mas-de-100-arqueologos-de-mexico-y-otros-paises-se-oponen-al-tren-maya","status":"publish","type":"post","link":"https:\/\/www.grieta.org.mx\/index.php\/2020\/09\/06\/ejercera-influencia-transformadora-y-destructiva-mas-de-100-arqueologos-de-mexico-y-otros-paises-se-oponen-al-tren-maya\/","title":{"rendered":"\u201cEjercer\u00e1 influencia transformadora y destructiva\u201d: M\u00e1s de 100 arque\u00f3logos de M\u00e9xico y otros pa\u00edses se oponen al Tren Maya"},"content":{"rendered":"<p><img loading=\"lazy\" decoding=\"async\" data-attachment-id=\"53137\" data-permalink=\"https:\/\/www.grieta.org.mx\/index.php\/2020\/09\/06\/ejercera-influencia-transformadora-y-destructiva-mas-de-100-arqueologos-de-mexico-y-otros-paises-se-oponen-al-tren-maya\/arqueologosoponen\/\" data-orig-file=\"https:\/\/www.grieta.org.mx\/wp-content\/uploads\/2020\/09\/ArqueologosOponen.png\" data-orig-size=\"733,427\" data-comments-opened=\"0\" data-image-meta=\"{&quot;aperture&quot;:&quot;0&quot;,&quot;credit&quot;:&quot;&quot;,&quot;camera&quot;:&quot;&quot;,&quot;caption&quot;:&quot;&quot;,&quot;created_timestamp&quot;:&quot;0&quot;,&quot;copyright&quot;:&quot;&quot;,&quot;focal_length&quot;:&quot;0&quot;,&quot;iso&quot;:&quot;0&quot;,&quot;shutter_speed&quot;:&quot;0&quot;,&quot;title&quot;:&quot;&quot;,&quot;orientation&quot;:&quot;0&quot;}\" data-image-title=\"ArqueologosOponen\" data-image-description=\"\" data-image-caption=\"\" data-medium-file=\"https:\/\/www.grieta.org.mx\/wp-content\/uploads\/2020\/09\/ArqueologosOponen-300x175.png\" data-large-file=\"https:\/\/www.grieta.org.mx\/wp-content\/uploads\/2020\/09\/ArqueologosOponen.png\" src=\"http:\/\/www.grieta.org.mx\/wp-content\/uploads\/2020\/09\/ArqueologosOponen.png\" alt=\"\" width=\"733\" height=\"427\" class=\"alignnone size-full wp-image-53137\" srcset=\"https:\/\/www.grieta.org.mx\/wp-content\/uploads\/2020\/09\/ArqueologosOponen.png 733w, https:\/\/www.grieta.org.mx\/wp-content\/uploads\/2020\/09\/ArqueologosOponen-300x175.png 300w\" sizes=\"auto, (max-width: 733px) 100vw, 733px\" \/><\/p>\n<p>Itzel Chan \/ Noticaribe<\/p>\n<p>M\u00c9RIDA, MX.- M\u00e1s de 100 arque\u00f3logos, acad\u00e9micos e investigadores de M\u00e9xico, Brasil, Canad\u00e1, Estados Unidos y otros pa\u00edses, han fijado su postura en contra del Tren Maya, sobre todo porque denuncian la presunta destrucci\u00f3n de monumentos arqueol\u00f3gicos, localizados en los estados de Chiapas, Campeche, Tabasco, Yucat\u00e1n y Quintana Roo.<\/p>\n<p>Felipe Ignacio Echenique March en entrevista, mencion\u00f3 que a la denuncia interpuesta de manera oficial ante la Fiscal\u00eda General de la Rep\u00fablica (FGR) tambi\u00e9n se han sumado profesores investigadores del Instituto Nacional de Antropolog\u00eda e Historia (INAH), sobre todo porque denuncian que los posibles da\u00f1os a las zonas arqueol\u00f3gicas y monumentos se tratar\u00eda de un delito federal.<\/p>\n<p>\u201cLos impactos del Tren Maya provocar\u00e1n la inminente destrucci\u00f3n inducida y continuada a Monumentos Arqueol\u00f3gicos, Hist\u00f3ricos, Art\u00edsticos y Paleontol\u00f3gicos, no s\u00f3lo por las tierras por las que transitar\u00e1 los trenes, sino tambi\u00e9n por todos los territorios donde ejercer\u00e1n su influencia transformadora y destructiva\u201d, indic\u00f3 Echenique March.<\/p>\n<p>Adem\u00e1s, los denunciantes se\u00f1alan que en la Manifestaci\u00f3n de Impacto Ambiental (MIA) del proyecto, no hay informaci\u00f3n sustentada en an\u00e1lisis cient\u00edficos y sociales que pudieran exhibir ponderadamente, tanto lo que se supone ser\u00e1n los beneficios como los perjuicios.<\/p>\n<p>Por otra parte, las y los especialistas afirman que el da\u00f1o no ser\u00eda solamente para las zonas arqueol\u00f3gicas abiertas sino hay vestigios que se encuentran en muchos casos bajo densas capas de vegetaci\u00f3n o inclusive de tierra y polvo.<\/p>\n<p>\u201cEsta situaci\u00f3n nos lleva a solicitarle formalmente a la Fiscal\u00eda General de la Rep\u00fablica que tome las medidas conducentes para evitar la prosecuci\u00f3n de esos proyectos, pues de llevarse a cabo sin duda alguna las pr\u00f3ximas generaciones al ver los resultados negativos que arrojaran en el plano social y de la protecci\u00f3n Monumentos Arqueol\u00f3gicos, terminar\u00e1n reconociendo que la administraci\u00f3n que encabeza Andr\u00e9s Manuel L\u00f3pez Obrador, continu\u00f3 con la pol\u00edtica de cr\u00edmenes de lesa arqueol\u00f3gica y culturicidio, iniciados hace 500 a\u00f1os\u201d, precisaron a trav\u00e9s del documento.<\/p>\n<p>Cabe se\u00f1alar que en la zona de influencia del Tren Maya hay 30 zonas arqueol\u00f3gicas y tres est\u00e1n inscritas en la Lista del Patrimonio Mundial de la Organizaci\u00f3n de las Naciones Unidas para la Educaci\u00f3n, la Ciencia y la Cultura (Unesco), las cuales son Palenque, Chich\u00e9n Itz\u00e1 y Calakmul, esta \u00faltima inscrita como Bien Mixto por sus componentes natural y cultural.<\/p>\n<p>Hay tambi\u00e9n dos zonas de Monumentos Hist\u00f3ricos y son tres mil 24 sitios arqueol\u00f3gicos.<\/p>\n<p>\u201cLa expectativa de querer abrir las zonas arqueol\u00f3gicas a la visita masiva, intensiva y extensiva de millones de turistas y aun prometer que se pueden abrir otras tantas para incrementar la oferta tur\u00edstica de zonas arqueol\u00f3gicas a los portadores de divisas, no s\u00f3lo es un desprop\u00f3sito, sino tambi\u00e9n una propuesta atentatoria con sus propias existencias, conservaci\u00f3n y resguardo como Bienes Nacionales excluidos del comercio\u201d, agregaron.<\/p>\n<p>De igual forma, se\u00f1alaron que las visitas masivas de turistas provocar\u00e1n destrucciones de los cientos de miles de Monumentos Arqueol\u00f3gicos existentes en todo el sur y sureste de la Rep\u00fablica Mexicana, porque impedir\u00e1n una conservaci\u00f3n adecuada de los monumentos exhumados al tiempo que restringir\u00e1n las continuas investigaciones cient\u00edficas, dado que las prioridades de la demanda tur\u00edstica privaran sobre los criterios acad\u00e9micos.<\/p>\n<p>Incluso, tambi\u00e9n argumentan que se corre el riesgo de que el tren pase por encima de cientos de vestigios arqueol\u00f3gicos sin documentar.<\/p>\n<p>En este sentido, recordaron que esta denuncia fue interpuesta de manera formal en mayo y contin\u00faan darle seguimiento. <\/p>\n<p><a href=\"https:\/\/noticaribe.com.mx\/2020\/09\/06\/ejercera-influencia-transformadora-y-destructiva-mas-de-100-arqueologos-de-mexico-y-otros-paises-se-oponen-al-tren-maya\/\" rel=\"noopener noreferrer\" target=\"_blank\">https:\/\/noticaribe.com.mx\/2020\/09\/06\/ejercera-influencia-transformadora-y-destructiva-mas-de-100-arqueologos-de-mexico-y-otros-paises-se-oponen-al-tren-maya\/<\/a><\/p>\n","protected":false},"excerpt":{"rendered":"<p>Itzel Chan \/ Noticaribe M\u00c9RIDA, MX.- M\u00e1s de 100 arque\u00f3logos, acad\u00e9micos e investigadores de M\u00e9xico, Brasil, Canad\u00e1, Estados Unidos y otros pa\u00edses, han fijado su postura en contra del Tren &hellip; <a href=\"https:\/\/www.grieta.org.mx\/index.php\/2020\/09\/06\/ejercera-influencia-transformadora-y-destructiva-mas-de-100-arqueologos-de-mexico-y-otros-paises-se-oponen-al-tren-maya\/\" class=\"more-link\">Leer m\u00e1s<\/a><\/p>\n","protected":false},"author":2,"featured_media":53137,"comment_status":"closed","ping_status":"closed","sticky":false,"template":"","format":"standard","meta":{"ngg_post_thumbnail":0,"_jetpack_newsletter_access":"","_jetpack_dont_email_post_to_subs":false,"_jetpack_newsletter_tier_id":0,"_jetpack_memberships_contains_paywalled_content":false,"_jetpack_memberships_contains_paid_content":false,"footnotes":""},"categories":[11,80,3,922,926,944,952,2,28,1876,1877,1875,2044,36],"tags":[1878],"class_list":["post-53136","post","type-post","status-publish","format-standard","has-post-thumbnail","hentry","category-campeche","category-cintillo","category-megaproyectos","category-megaproyectos-estados","category-mp-campeche","category-mp-quintana-roo","category-mp-yucatan","category-noticias-nacionales","category-quintana-roo","category-resistencia-al-tren-maya-en-la-peninsula-de-yucatan-quintana-roo","category-resistencia-al-tren-maya-en-la-peninsula-de-yucatan-campeche","category-resistencia-al-tren-maya-en-la-peninsula-de-yucatan","category-tren-maya-analisis","category-yucatan","tag-tren-maya","entry"],"jetpack_featured_media_url":"https:\/\/www.grieta.org.mx\/wp-content\/uploads\/2020\/09\/ArqueologosOponen.png","jetpack_sharing_enabled":true,"jetpack_shortlink":"https:\/\/wp.me\/p7ZJR4-dP2","jetpack_likes_enabled":false,"jetpack-related-posts":[{"id":47874,"url":"https:\/\/www.grieta.org.mx\/index.php\/2020\/04\/13\/las-vias-torcidas-del-tren-maya-video\/","url_meta":{"origin":53136,"position":0},"title":"Las v\u00edas torcidas del tren maya (Video)","author":"grieta","date":"13 abril, 2020","format":false,"excerpt":"https:\/\/www.youtube.com\/watch?v=k8FRX9eT0YY","rel":"","context":"En &quot;16. Pueblo Maya&quot;","block_context":{"text":"16. Pueblo Maya","link":"https:\/\/www.grieta.org.mx\/index.php\/category\/espejos-de-la-resistencia\/16-pueblo-maya\/"},"img":{"alt_text":"","src":"https:\/\/i0.wp.com\/www.grieta.org.mx\/wp-content\/uploads\/2020\/04\/ViasTorcidasTrenMaya.png?resize=350%2C200&ssl=1","width":350,"height":200,"srcset":"https:\/\/i0.wp.com\/www.grieta.org.mx\/wp-content\/uploads\/2020\/04\/ViasTorcidasTrenMaya.png?resize=350%2C200&ssl=1 1x, https:\/\/i0.wp.com\/www.grieta.org.mx\/wp-content\/uploads\/2020\/04\/ViasTorcidasTrenMaya.png?resize=525%2C300&ssl=1 1.5x, https:\/\/i0.wp.com\/www.grieta.org.mx\/wp-content\/uploads\/2020\/04\/ViasTorcidasTrenMaya.png?resize=700%2C400&ssl=1 2x"},"classes":[]},{"id":35945,"url":"https:\/\/www.grieta.org.mx\/index.php\/2019\/07\/05\/expansion-de-megaproyectos-en-la-peninsula-de-yucatan-video\/","url_meta":{"origin":53136,"position":1},"title":"Expansi\u00f3n de Megaproyectos en la Pen\u00ednsula de Yucat\u00e1n (Video)","author":"grieta","date":"5 julio, 2019","format":false,"excerpt":"https:\/\/youtu.be\/qLBARIAaBsI","rel":"","context":"En &quot;Campeche&quot;","block_context":{"text":"Campeche","link":"https:\/\/www.grieta.org.mx\/index.php\/category\/noticias-nacionales\/campeche\/"},"img":{"alt_text":"","src":"https:\/\/i0.wp.com\/img.youtube.com\/vi\/qLBARIAaBsI\/0.jpg?resize=350%2C200","width":350,"height":200},"classes":[]},{"id":53770,"url":"https:\/\/www.grieta.org.mx\/index.php\/2020\/09\/22\/tal-como-advirtieron-arqueologos-tren-maya-podria-danar-vestigios-y-zonas-arqueologicas-detienen-obras-en-campeche-por-hallazgo\/","url_meta":{"origin":53136,"position":2},"title":"Tal como advirtieron arque\u00f3logos, Tren Maya podr\u00eda da\u00f1ar vestigios y zonas arqueol\u00f3gicas; detienen obras en Campeche por hallazgo","author":"grieta","date":"22 septiembre, 2020","format":false,"excerpt":"Itzel Chan \/ Noticaribe M\u00c9RIDA, MX.- Tal como han expuesto m\u00e1s de 100 arque\u00f3logos, acad\u00e9micos e investigadores de M\u00e9xico, Brasil, Canad\u00e1, Estados Unidos y otros pa\u00edses sobre el riesgo que existe de que el Tren Maya podr\u00eda destruir algunos monumentos arqueol\u00f3gicos, recientemente fueron canceladas las obras en Campeche, debido a\u2026","rel":"","context":"En &quot;Campeche&quot;","block_context":{"text":"Campeche","link":"https:\/\/www.grieta.org.mx\/index.php\/category\/noticias-nacionales\/campeche\/"},"img":{"alt_text":"","src":"https:\/\/i0.wp.com\/www.grieta.org.mx\/wp-content\/uploads\/2020\/09\/TrenViasCampeche-e1600970198628.png?resize=350%2C200&ssl=1","width":350,"height":200,"srcset":"https:\/\/i0.wp.com\/www.grieta.org.mx\/wp-content\/uploads\/2020\/09\/TrenViasCampeche-e1600970198628.png?resize=350%2C200&ssl=1 1x, https:\/\/i0.wp.com\/www.grieta.org.mx\/wp-content\/uploads\/2020\/09\/TrenViasCampeche-e1600970198628.png?resize=525%2C300&ssl=1 1.5x, https:\/\/i0.wp.com\/www.grieta.org.mx\/wp-content\/uploads\/2020\/09\/TrenViasCampeche-e1600970198628.png?resize=700%2C400&ssl=1 2x"},"classes":[]},{"id":45360,"url":"https:\/\/www.grieta.org.mx\/index.php\/2020\/02\/27\/no-estamos-peleando-la-suspension-provisional-del-tren-maya-sino-la-definitiva-cruz-rueda\/","url_meta":{"origin":53136,"position":3},"title":"&#8220;No estamos peleando la suspensi\u00f3n provisional del Tren Maya, sino la definitiva&#8221;: Cruz Rueda","author":"grieta","date":"27 febrero, 2020","format":false,"excerpt":"Impugnaci\u00f3n de Presidencia \"no nos quita el sue\u00f1o\" Abraham Bote \/Foto: Tomada de Twitter \/La Jornada Maya M\u00e9rida, Yucat\u00e1n Respecto a la impugnaci\u00f3n que realiz\u00f3 la Presidencia de la Rep\u00fablica y el apoderado de la Naci\u00f3n Financiera (Nafin), contra la suspensi\u00f3n provisional del proyecto de Tren Maya, la asesora jur\u00eddica\u2026","rel":"","context":"En &quot;16. Pueblo Maya&quot;","block_context":{"text":"16. Pueblo Maya","link":"https:\/\/www.grieta.org.mx\/index.php\/category\/espejos-de-la-resistencia\/16-pueblo-maya\/"},"img":{"alt_text":"","src":"https:\/\/i0.wp.com\/www.grieta.org.mx\/wp-content\/uploads\/2020\/02\/TrenMallaCampeche.png?resize=350%2C200&ssl=1","width":350,"height":200,"srcset":"https:\/\/i0.wp.com\/www.grieta.org.mx\/wp-content\/uploads\/2020\/02\/TrenMallaCampeche.png?resize=350%2C200&ssl=1 1x, https:\/\/i0.wp.com\/www.grieta.org.mx\/wp-content\/uploads\/2020\/02\/TrenMallaCampeche.png?resize=525%2C300&ssl=1 1.5x, https:\/\/i0.wp.com\/www.grieta.org.mx\/wp-content\/uploads\/2020\/02\/TrenMallaCampeche.png?resize=700%2C400&ssl=1 2x"},"classes":[]},{"id":68844,"url":"https:\/\/www.grieta.org.mx\/index.php\/2024\/04\/29\/ambientalistas-clausuran-las-oficinas-de-semarnat-tras-calificarla-de-ecocida-quintana-roo\/","url_meta":{"origin":53136,"position":4},"title":"Ambientalistas &#8220;clausuran&#8221; las oficinas de Semarnat tras calificarla de ecocida (Quintana Roo)","author":"grieta","date":"29 abril, 2024","format":false,"excerpt":"Leslie Gordillo \/ NOTICARIBE PENINSULAR CANC\u00daN.- Un grupo de ambientalistas, representante de diferentes organismos y asociaciones civiles, se manifestaron en la zona hotelera de Canc\u00fan y clausuraron de manera simb\u00f3lica las oficinas de la Secretar\u00eda de Medio Ambiente y Recursos Naturales (Semarnat). La denuncia es que la Semarnat ha sido\u2026","rel":"","context":"En &quot;Campeche&quot;","block_context":{"text":"Campeche","link":"https:\/\/www.grieta.org.mx\/index.php\/category\/noticias-nacionales\/campeche\/"},"img":{"alt_text":"","src":"https:\/\/i0.wp.com\/www.grieta.org.mx\/wp-content\/uploads\/2024\/04\/ambientalitas-e1715552774254.jpg?resize=350%2C200&ssl=1","width":350,"height":200,"srcset":"https:\/\/i0.wp.com\/www.grieta.org.mx\/wp-content\/uploads\/2024\/04\/ambientalitas-e1715552774254.jpg?resize=350%2C200&ssl=1 1x, https:\/\/i0.wp.com\/www.grieta.org.mx\/wp-content\/uploads\/2024\/04\/ambientalitas-e1715552774254.jpg?resize=525%2C300&ssl=1 1.5x, https:\/\/i0.wp.com\/www.grieta.org.mx\/wp-content\/uploads\/2024\/04\/ambientalitas-e1715552774254.jpg?resize=700%2C400&ssl=1 2x"},"classes":[]},{"id":48940,"url":"https:\/\/www.grieta.org.mx\/index.php\/2020\/05\/11\/interponen-queja-ante-la-cndh-contra-obras-del-tren-maya\/","url_meta":{"origin":53136,"position":5},"title":"Interponen queja ante la CNDH contra obras del Tren Maya","author":"grieta","date":"11 mayo, 2020","format":false,"excerpt":"Lilia Balam \/ Informe Fracto Colectivos ind\u00edgenas y organizaciones civiles argumentaron que continuar con la construcci\u00f3n del proyecto durante la pandemia vulnera los derechos de los pobladores de la regi\u00f3n. Colectivos ind\u00edgenas y organizaciones civiles de la Pen\u00ednsula de Yucat\u00e1n interpusieron una queja ante la Comisi\u00f3n Nacional de los Derechos\u2026","rel":"","context":"En &quot;Campeche&quot;","block_context":{"text":"Campeche","link":"https:\/\/www.grieta.org.mx\/index.php\/category\/noticias-nacionales\/campeche\/"},"img":{"alt_text":"","src":"https:\/\/i0.wp.com\/www.grieta.org.mx\/wp-content\/uploads\/2020\/05\/tren_maya.jpg1_-640x360-1-e1589284542406.jpg?resize=350%2C200&ssl=1","width":350,"height":200,"srcset":"https:\/\/i0.wp.com\/www.grieta.org.mx\/wp-content\/uploads\/2020\/05\/tren_maya.jpg1_-640x360-1-e1589284542406.jpg?resize=350%2C200&ssl=1 1x, https:\/\/i0.wp.com\/www.grieta.org.mx\/wp-content\/uploads\/2020\/05\/tren_maya.jpg1_-640x360-1-e1589284542406.jpg?resize=525%2C300&ssl=1 1.5x, https:\/\/i0.wp.com\/www.grieta.org.mx\/wp-content\/uploads\/2020\/05\/tren_maya.jpg1_-640x360-1-e1589284542406.jpg?resize=700%2C400&ssl=1 2x"},"classes":[]}],"_links":{"self":[{"href":"https:\/\/www.grieta.org.mx\/index.php\/wp-json\/wp\/v2\/posts\/53136","targetHints":{"allow":["GET"]}}],"collection":[{"href":"https:\/\/www.grieta.org.mx\/index.php\/wp-json\/wp\/v2\/posts"}],"about":[{"href":"https:\/\/www.grieta.org.mx\/index.php\/wp-json\/wp\/v2\/types\/post"}],"author":[{"embeddable":true,"href":"https:\/\/www.grieta.org.mx\/index.php\/wp-json\/wp\/v2\/users\/2"}],"replies":[{"embeddable":true,"href":"https:\/\/www.grieta.org.mx\/index.php\/wp-json\/wp\/v2\/comments?post=53136"}],"version-history":[{"count":1,"href":"https:\/\/www.grieta.org.mx\/index.php\/wp-json\/wp\/v2\/posts\/53136\/revisions"}],"predecessor-version":[{"id":53138,"href":"https:\/\/www.grieta.org.mx\/index.php\/wp-json\/wp\/v2\/posts\/53136\/revisions\/53138"}],"wp:featuredmedia":[{"embeddable":true,"href":"https:\/\/www.grieta.org.mx\/index.php\/wp-json\/wp\/v2\/media\/53137"}],"wp:attachment":[{"href":"https:\/\/www.grieta.org.mx\/index.php\/wp-json\/wp\/v2\/media?parent=53136"}],"wp:term":[{"taxonomy":"category","embeddable":true,"href":"https:\/\/www.grieta.org.mx\/index.php\/wp-json\/wp\/v2\/categories?post=53136"},{"taxonomy":"post_tag","embeddable":true,"href":"https:\/\/www.grieta.org.mx\/index.php\/wp-json\/wp\/v2\/tags?post=53136"}],"curies":[{"name":"wp","href":"https:\/\/api.w.org\/{rel}","templated":true}]}}