{"id":53090,"date":"2020-08-19T10:27:12","date_gmt":"2020-08-19T15:27:12","guid":{"rendered":"http:\/\/www.grieta.org.mx\/?p=53090"},"modified":"2020-09-07T10:38:19","modified_gmt":"2020-09-07T15:38:19","slug":"vallarta-un-destino-para-la-trata-y-la-explotacion-sexual-jalisco","status":"publish","type":"post","link":"https:\/\/www.grieta.org.mx\/index.php\/2020\/08\/19\/vallarta-un-destino-para-la-trata-y-la-explotacion-sexual-jalisco\/","title":{"rendered":"Vallarta, un destino para la trata y la explotaci\u00f3n sexual (Jalisco)"},"content":{"rendered":"<p><img loading=\"lazy\" decoding=\"async\" data-attachment-id=\"53091\" data-permalink=\"https:\/\/www.grieta.org.mx\/index.php\/2020\/08\/19\/vallarta-un-destino-para-la-trata-y-la-explotacion-sexual-jalisco\/perimetral01\/\" data-orig-file=\"https:\/\/www.grieta.org.mx\/wp-content\/uploads\/2020\/09\/Perimetral01.jpg\" data-orig-size=\"1200,801\" data-comments-opened=\"0\" data-image-meta=\"{&quot;aperture&quot;:&quot;0&quot;,&quot;credit&quot;:&quot;&quot;,&quot;camera&quot;:&quot;&quot;,&quot;caption&quot;:&quot;&quot;,&quot;created_timestamp&quot;:&quot;0&quot;,&quot;copyright&quot;:&quot;&quot;,&quot;focal_length&quot;:&quot;0&quot;,&quot;iso&quot;:&quot;0&quot;,&quot;shutter_speed&quot;:&quot;0&quot;,&quot;title&quot;:&quot;&quot;,&quot;orientation&quot;:&quot;0&quot;}\" data-image-title=\"Perimetral01\" data-image-description=\"\" data-image-caption=\"\" data-medium-file=\"https:\/\/www.grieta.org.mx\/wp-content\/uploads\/2020\/09\/Perimetral01-300x200.jpg\" data-large-file=\"https:\/\/www.grieta.org.mx\/wp-content\/uploads\/2020\/09\/Perimetral01-1024x684.jpg\" class=\" wp-image-53091 aligncenter\" src=\"http:\/\/www.grieta.org.mx\/wp-content\/uploads\/2020\/09\/Perimetral01.jpg\" alt=\"\" width=\"800\" height=\"534\" srcset=\"https:\/\/www.grieta.org.mx\/wp-content\/uploads\/2020\/09\/Perimetral01.jpg 1200w, https:\/\/www.grieta.org.mx\/wp-content\/uploads\/2020\/09\/Perimetral01-300x200.jpg 300w, https:\/\/www.grieta.org.mx\/wp-content\/uploads\/2020\/09\/Perimetral01-1024x684.jpg 1024w, https:\/\/www.grieta.org.mx\/wp-content\/uploads\/2020\/09\/Perimetral01-768x513.jpg 768w, https:\/\/www.grieta.org.mx\/wp-content\/uploads\/2020\/09\/Perimetral01-749x500.jpg 749w\" sizes=\"auto, (max-width: 800px) 100vw, 800px\" \/><\/p>\n<p>Foto: Perimetral<\/p>\n<p>Puerto Vallarta, en Jalisco, es uno de los dos destinos tur\u00edsticos en donde hay m\u00e1s trata y explotaci\u00f3n sexual. El abuso que sufri\u00f3 una ni\u00f1a por parte de un funcionario municipal no es un caso aislado y evidencia la complicidad de autoridades, advierte la abogada\u00a0de la familia<\/p>\n<p>Jade Ram\u00edrez-Cuevas &#8211; Perimetral \/ Pi\u00e9 de P\u00e1gina<\/p>\n<p>JALISCO.- Puerto Vallarta est\u00e1 detectado como un destino tur\u00edstico que atrae inter\u00e9s por la trata de personas, la explotaci\u00f3n sexual de menores y la pornograf\u00eda. As\u00ed lo clasifica desde 2014 el Diagn\u00f3stico Nacional sobre Trata de Personas en M\u00e9xico que realiz\u00f3 la Oficina de Naciones Unidas contra la Droga y el Delito.<\/p>\n<p>El a\u00f1o pasado la Comisi\u00f3n Estatal de Derechos Humanos emiti\u00f3 un\u00a0<a href=\"http:\/\/cedhj.org.mx\/relatoria%20mujeres\/2019\/Informe%20Especial%20de%20la%20situaci%C3%B3n%20de%20violencia%20contra%20las%20Mujeres%20en%20Puerto%20Vallarta.pdf\">informe especial sobre violencia de g\u00e9nero en el municipio costero,<\/a>\u00a0y en el documento denuncia el riesgo que enfrentan ni\u00f1as ante el delito, as\u00ed como la deuda del gobierno municipal para prevenirlo: Mediana protecci\u00f3n normativa; bajo presupuesto para protecci\u00f3n; buena protecci\u00f3n por estarse construyendo el Centro de Justicia para las Mujeres; alto rezago respecto a educaci\u00f3n y una sustantiva brecha de desigualdad a las mujeres.<\/p>\n<p>Con ese contexto ocurri\u00f3 el hecho que involucra a un funcionario de la polic\u00eda local que ha conmocionado a los jaliscienses: El domingo 26 de julio, en la periferia del municipio, encontraron en un veh\u00edculo a un adulto y una ni\u00f1a de 10 a\u00f1os de edad. La ni\u00f1a estaba desnuda.\u00a0El agresor result\u00f3 ser un funcionario p\u00fablico del gobierno municipal: nada menos que el Jefe de Recursos Humanos de la Direcci\u00f3n de Seguridad Ciudadana.<\/p>\n<p>Los hechos ocurrieron entre las 3 y las 4 de la tarde, Pero fue hasta tres d\u00edas despu\u00e9s, en la tarde del mi\u00e9rcoles 19, que los medios de comunicaci\u00f3n a nivel nacional comenzaron a difundir la noticia.<\/p>\n<p>Y, como en el caso de secuestro, homicidio y desaparici\u00f3n de empresarios de Guanajuato, tambi\u00e9n en el Vallarta, el fiscal general de Jalisco Gerardo Octavio Sol\u00eds, se vio obligado a salir a declarar.<\/p>\n<p>En una muy breve rueda de prensa en la que se trat\u00f3 otro asunto de seguridad en el estado, Sol\u00eds G\u00f3mez asegur\u00f3 que el agresor, Luis Alfonso \u201cN\u201d fue detenido y presentado ante el ministerio p\u00fablico.<\/p>\n<p><strong>El abordaje<\/strong><\/p>\n<p>Pero seg\u00fan los dict\u00e1menes a los que la Fiscal\u00eda tuvo acceso, los peritos no encontraron huellas de abuso sexual ni maltrato, aunque s\u00ed da\u00f1os psicol\u00f3gicos.<\/p>\n<p>Lo que saben, seg\u00fan declar\u00f3 la madre de la peque\u00f1a, es que Luis Alonso la abord\u00f3 en la v\u00eda p\u00fablica y la convenci\u00f3 de que subiera a su auto. La\u00a0<strong>polic\u00eda lo encontr\u00f3 en flagrancia<\/strong>.<\/p>\n<p>El funcionario de la Secretar\u00eda Ciudadana qued\u00f3 separado del cargo que ten\u00eda como director de Recursos Humanos en que se conservaba por reinstalaci\u00f3n, despu\u00e9s de un juicio laboral que gan\u00f3; el gobierno municipal de Puerto Vallarta asegur\u00f3 que \u201cno se tolerar\u00e1n actos que atenten contra la integridad de los menores\u201d.<\/p>\n<p>Seg\u00fan medios locales del puerto Luis Alonso \u201cN\u201d ya hab\u00eda ejercido otros otros cargos p\u00fablicos como Jefe de Patrimonio, Coordinador de Patrimonio, Contabilidad y Presupuesto del Sistema de los Servicios de Agua Potable, Drenaje y Alcantarillado de Puerto Vallarta, adem\u00e1s de\u00a0<strong>ser militante del Partido Revolucionario Institucional.<\/strong><strong>\u00a0<\/strong><\/p>\n<p>No se sabe si ha cometido otros delitos de este tipo aunque se ha dicho que ten\u00eda antecedentes por conflictos en el ayuntamiento.<\/p>\n<p><strong>Sin certeza la salud de la ni\u00f1a<\/strong><\/p>\n<p>Ning\u00fan organismo ha dado declaraciones sobre el acompa\u00f1amiento necesario que debe tener la ni\u00f1a y su familia, despu\u00e9s del abuso sexual del que fue v\u00edctima, excepto que estar\u00e1 a cargo del ayuntamiento a trav\u00e9s del DIF.<\/p>\n<p>El Comit\u00e9 de Am\u00e9rica Latina y el Caribe para la Defensa de los Derechos Humanos de las Mujeres (CLADEM), emiti\u00f3 un pronunciamiento en el que advierten que la fiscal\u00eda debe realizar\u00a0<strong>una investigaci\u00f3n con perspectiva de g\u00e9nero<\/strong><strong>\u00a0<\/strong>y con los lineamientos que exige el principio superior de la menor para proteger sus derechos.<\/p>\n<p>Adem\u00e1s exigen, entre otras cosas, que se le otorgue a la menor y a su familia el reconocimiento de v\u00edctimas para que la Comisi\u00f3n Estatal Ejecutiva de V\u00edctimas de Jalisco, proporcione el acompa\u00f1amiento necesario ante los hechos, as\u00ed como una revisi\u00f3n de parte del ayuntamiento de Puerto Vallarta sobre el comportamiento del funcionario imputado, para determinar si act\u00faa solo o de manera protegida por personal de la instituci\u00f3n para la que trabajaba y si existen denuncias previas.<\/p>\n<p><strong>Falla Fiscal\u00eda en investigar a pederasta<\/strong><\/p>\n<p>Luis Alonso \u201cN\u201d,\u00a0fue\u00a0detenido en flagrancia por polic\u00edas municipales\u00a0y vinculado a proceso por el delito de\u00a0abuso sexual infantil\u00a0el pasado 3 de agosto. Sin embargo, durante la audiencia del viernes 14 de agosto, el Juez de Control y Oralidad del Centro de Justicia para las Mujeres,\u00a0Jorge Luis Sol\u00eds Arana, decidi\u00f3 no vincular al imputado por el delito de corrupci\u00f3n de menores, al manifestar que no pod\u00eda acreditarse, puesto que,\u00a0la ni\u00f1a de 10 a\u00f1os \u201cno hab\u00eda sentido placer\u201d.<\/p>\n<p>Por ese motivo el juez fue suspendido sin goce de sueldo, seg\u00fan un tweet del presidente del Consejo de la Judicatura del Estado, Ricardo Suro Esteves.<\/p>\n<p>En la audiencia que no fue p\u00fablica por tratarse de delitos sexuales en contra de una menor, la v\u00edctima de 10 a\u00f1os pas\u00f3 junto a su familia otro momento indigno y de dolor innecesario, dice la abogada Sandra Qui\u00f1ones quien ya es coadyuvante del ministerio p\u00fablico, por aprobaci\u00f3n de la familia.<\/p>\n<p>\u00ab<em>Nunca me esper\u00e9 que el juez fuera a hacer esta no vinculaci\u00f3n m\u00e1s desde los prejuicios sexuales, m\u00e1s desde imponerle a la v\u00edctima una serie de condiciones que ning\u00fan tipo penal impone; eso me movi\u00f3 y a la familia de la v\u00edctima tambi\u00e9n, les movi\u00f3 muy feo: entendieron que su hija hab\u00eda sido la responsable \u2013<\/em>del abuso sexual<em>-, porque no tuvo ciertas conductas, y entonces ella fue la responsable\u201d<\/em>, describe Qui\u00f1ones.<\/p>\n<p>La abogada cuenta a Perimetral que la familia est\u00e1 bajo resguardo porque ha sido abrumador todo el suceso. Afirma que tanto el gobernador Enrique Alfaro como la Secretar\u00eda de Igualdad Sustantiva entre Mujeres y Hombres, est\u00e1n haciendo uso pol\u00edtico o cuidando m\u00e1s las relaciones de poder a las que puede alcanzar el caso, que a la menor en riesgo.<\/p>\n<p>La destituci\u00f3n del juez es lo que menos pesa en estos momentos para el caso, asegura la abogada, sino qui\u00e9n es la defensa del exservidor p\u00fablico, la cadena de involucrados en actos de pederastia y lo tarde que aparece la Secretar\u00eda de Igualdad Sustantiva, pues a decir de la activista, no ha habido acciones en Puerto Vallarta hasta antes del caso de la menor pese a que el municipio tiene Alerta de Violencia de G\u00e9nero.<\/p>\n<p><a href=\"https:\/\/piedepagina.mx\/vallarta-un-destino-para-la-trata-y-la-explotacion-sexual\/\">https:\/\/piedepagina.mx\/vallarta-un-destino-para-la-trata-y-la-explotacion-sexual\/<\/a><\/p>\n","protected":false},"excerpt":{"rendered":"<p>Foto: Perimetral Puerto Vallarta, en Jalisco, es uno de los dos destinos tur\u00edsticos en donde hay m\u00e1s trata y explotaci\u00f3n sexual. El abuso que sufri\u00f3 una ni\u00f1a por parte de &hellip; <a href=\"https:\/\/www.grieta.org.mx\/index.php\/2020\/08\/19\/vallarta-un-destino-para-la-trata-y-la-explotacion-sexual-jalisco\/\" class=\"more-link\">Leer m\u00e1s<\/a><\/p>\n","protected":false},"author":2,"featured_media":53091,"comment_status":"closed","ping_status":"closed","sticky":false,"template":"","format":"standard","meta":{"ngg_post_thumbnail":0,"_jetpack_newsletter_access":"","_jetpack_dont_email_post_to_subs":false,"_jetpack_newsletter_tier_id":0,"_jetpack_memberships_contains_paywalled_content":false,"_jetpack_memberships_contains_paid_content":false,"footnotes":""},"categories":[80,20,1827,2303,2,83,2504],"tags":[2362,3065,3139],"class_list":["post-53090","post","type-post","status-publish","format-standard","has-post-thumbnail","hentry","category-cintillo","category-jalisco","category-la-ninez-en-la-tormenta-capitalista","category-la-ninez-en-la-tormenta-en-jalisco","category-noticias-nacionales","category-temas-nacionales","category-violencia-contra-las-mujeres-en-jalisco","tag-la-ninez-en-la-tormenta","tag-violencia-contra-la-ninez","tag-violencia-sexual-contra-ninas","entry"],"jetpack_featured_media_url":"https:\/\/www.grieta.org.mx\/wp-content\/uploads\/2020\/09\/Perimetral01.jpg","jetpack_sharing_enabled":true,"jetpack_shortlink":"https:\/\/wp.me\/p7ZJR4-dOi","jetpack_likes_enabled":false,"jetpack-related-posts":[{"id":35925,"url":"https:\/\/www.grieta.org.mx\/index.php\/2019\/07\/03\/cedh-entrega-informe-a-puerto-vallarta-de-que-su-foco-rojo-es-la-trata-de-personas-jalisco\/","url_meta":{"origin":53090,"position":0},"title":"CEDH entrega informe a Puerto Vallarta de que su &#8220;foco rojo&#8221; es la trata de personas (Jalisco)","author":"grieta","date":"3 julio, 2019","format":false,"excerpt":"Habla el estudio que despu\u00e9s de tres a\u00f1os de haber decretado la alerta local y seis meses de la alerta Federal, existe un contexto de violencia y ausencia que las autoridades. Rosario Bare\u00f1o Dom\u00ednguez \/ El Occidental La Comisi\u00f3n Estatal de Derechos Humanos Jalisco (CEDHJ) entreg\u00f3 al Ayuntamiento de Puerto\u2026","rel":"","context":"En &quot;CINTILLO&quot;","block_context":{"text":"CINTILLO","link":"https:\/\/www.grieta.org.mx\/index.php\/category\/cintillo\/"},"img":{"alt_text":"","src":"https:\/\/i0.wp.com\/www.grieta.org.mx\/wp-content\/uploads\/2019\/07\/Puerto-Vallarta.jpg?resize=350%2C200&ssl=1","width":350,"height":200,"srcset":"https:\/\/i0.wp.com\/www.grieta.org.mx\/wp-content\/uploads\/2019\/07\/Puerto-Vallarta.jpg?resize=350%2C200&ssl=1 1x, https:\/\/i0.wp.com\/www.grieta.org.mx\/wp-content\/uploads\/2019\/07\/Puerto-Vallarta.jpg?resize=525%2C300&ssl=1 1.5x, https:\/\/i0.wp.com\/www.grieta.org.mx\/wp-content\/uploads\/2019\/07\/Puerto-Vallarta.jpg?resize=700%2C400&ssl=1 2x"},"classes":[]},{"id":53261,"url":"https:\/\/www.grieta.org.mx\/index.php\/2020\/09\/11\/secuestran-a-las-jovenes-y-las-ofrecen-en-picaderos-asi-operan-los-tratantes-en-puerto-vallarta-jalisco\/","url_meta":{"origin":53090,"position":1},"title":"\u201cSecuestran a las j\u00f3venes y las ofrecen en picaderos\u201d. As\u00ed operan los tratantes en Puerto Vallarta (Jalisco)","author":"grieta","date":"11 septiembre, 2020","format":false,"excerpt":"Foto: Fernando Carranza Garc\u00eda, Cuartoscuro Mariana Gonz\u00e1lez-Marqu\u00e9z - EFE \/ Sin Embargo Guadalajara (M\u00e9xico), 11 sep (EFE).- El caso de una menor que sufri\u00f3 abusos sexuales por parte de un funcionario de Puerto Vallarta ha aumentado la preocupaci\u00f3n por las redes de trata y prostituci\u00f3n infantil en este balneario mexicano\u2026","rel":"","context":"En &quot;CINTILLO&quot;","block_context":{"text":"CINTILLO","link":"https:\/\/www.grieta.org.mx\/index.php\/category\/cintillo\/"},"img":{"alt_text":"","src":"https:\/\/i0.wp.com\/www.grieta.org.mx\/wp-content\/uploads\/2020\/09\/abuso.jpg?resize=350%2C200&ssl=1","width":350,"height":200,"srcset":"https:\/\/i0.wp.com\/www.grieta.org.mx\/wp-content\/uploads\/2020\/09\/abuso.jpg?resize=350%2C200&ssl=1 1x, https:\/\/i0.wp.com\/www.grieta.org.mx\/wp-content\/uploads\/2020\/09\/abuso.jpg?resize=525%2C300&ssl=1 1.5x, https:\/\/i0.wp.com\/www.grieta.org.mx\/wp-content\/uploads\/2020\/09\/abuso.jpg?resize=700%2C400&ssl=1 2x"},"classes":[]},{"id":58841,"url":"https:\/\/www.grieta.org.mx\/index.php\/2021\/04\/14\/detienen-con-violencia-al-papa-de-la-nina-abusada-en-vallarta-por-elemento-de-seguridad-ciudadana-jalisco\/","url_meta":{"origin":53090,"position":2},"title":"Detienen con violencia al pap\u00e1 de la ni\u00f1a abusada en Vallarta por elemento de seguridad ciudadana (Jalisco)","author":"grieta","date":"14 abril, 2021","format":false,"excerpt":"Imagen: Vallarta Independiente Milton Colmenares\u00a0 \/ Vallarta Independiente Esta ma\u00f1ana fue detenido el pap\u00e1 de la ni\u00f1a abusada sexualmente por el ex titular de Recursos Humanos de la Direcci\u00f3n de Seguridad Ciudadana de Puerto Vallarta. De acuerdo a la periodista Carolina G\u00f3mez, al pap\u00e1 de la infante lo esper\u00f3 un\u2026","rel":"","context":"En &quot;CINTILLO&quot;","block_context":{"text":"CINTILLO","link":"https:\/\/www.grieta.org.mx\/index.php\/category\/cintillo\/"},"img":{"alt_text":"","src":"https:\/\/i0.wp.com\/www.grieta.org.mx\/wp-content\/uploads\/2021\/04\/policia.jpg?resize=350%2C200&ssl=1","width":350,"height":200,"srcset":"https:\/\/i0.wp.com\/www.grieta.org.mx\/wp-content\/uploads\/2021\/04\/policia.jpg?resize=350%2C200&ssl=1 1x, https:\/\/i0.wp.com\/www.grieta.org.mx\/wp-content\/uploads\/2021\/04\/policia.jpg?resize=525%2C300&ssl=1 1.5x"},"classes":[]},{"id":57363,"url":"https:\/\/www.grieta.org.mx\/index.php\/2021\/03\/03\/ven-irregular-proceso-por-abuso-infantil-de-funcionario-de-puerto-vallarta-jalisco\/","url_meta":{"origin":53090,"position":3},"title":"Ven irregular proceso por abuso infantil de funcionario de Puerto Vallarta (Jalisco)","author":"grieta","date":"3 marzo, 2021","format":false,"excerpt":"Foto: Cuartoscuro Juan Levario \/ El Diario NTR La Fiscal\u00eda del Estado, la Comisar\u00eda de Puerto Vallarta y la procuradur\u00eda de la ni\u00f1ez del municipio violaron los derechos humanos de una ni\u00f1a que fue vulnerada sexualmente por un funcionario municipal. La Comisi\u00f3n Estatal de Derechos Humanos de Jalisco (CEDHJ) emiti\u00f3\u2026","rel":"","context":"En &quot;CINTILLO&quot;","block_context":{"text":"CINTILLO","link":"https:\/\/www.grieta.org.mx\/index.php\/category\/cintillo\/"},"img":{"alt_text":"","src":"https:\/\/i0.wp.com\/www.grieta.org.mx\/wp-content\/uploads\/2021\/03\/2021-03-03_02-03-16___1992.jpg?resize=350%2C200&ssl=1","width":350,"height":200,"srcset":"https:\/\/i0.wp.com\/www.grieta.org.mx\/wp-content\/uploads\/2021\/03\/2021-03-03_02-03-16___1992.jpg?resize=350%2C200&ssl=1 1x, https:\/\/i0.wp.com\/www.grieta.org.mx\/wp-content\/uploads\/2021\/03\/2021-03-03_02-03-16___1992.jpg?resize=525%2C300&ssl=1 1.5x, https:\/\/i0.wp.com\/www.grieta.org.mx\/wp-content\/uploads\/2021\/03\/2021-03-03_02-03-16___1992.jpg?resize=700%2C400&ssl=1 2x"},"classes":[]},{"id":65948,"url":"https:\/\/www.grieta.org.mx\/index.php\/2022\/12\/07\/municipios-metropolitanos-con-mas-victimas-de-abuso-sexual-infantil-en-jalisco\/","url_meta":{"origin":53090,"position":4},"title":"Municipios metropolitanos con m\u00e1s v\u00edctimas de abuso sexual infantil en Jalisco","author":"grieta","date":"7 diciembre, 2022","format":false,"excerpt":"Imagen; Cuartoscuro Redacci\u00f3n \/ El Diario NTR Jalisco es uno de los estados con m\u00e1s v\u00edctimas de abuso sexual infantil, Guadalajara, Tlaquepaque, Tonal\u00e1, Zapopan y Puerto Vallarta son los municipios con m\u00e1s casos, de acuerdo con el estudio de investigaci\u00f3n sobre la violencia sexual y la muerte de ni\u00f1as y\u2026","rel":"","context":"En &quot;CINTILLO&quot;","block_context":{"text":"CINTILLO","link":"https:\/\/www.grieta.org.mx\/index.php\/category\/cintillo\/"},"img":{"alt_text":"","src":"https:\/\/i0.wp.com\/www.grieta.org.mx\/wp-content\/uploads\/2022\/12\/2022-12-07_06-12-21___7.jpg?resize=350%2C200&ssl=1","width":350,"height":200,"srcset":"https:\/\/i0.wp.com\/www.grieta.org.mx\/wp-content\/uploads\/2022\/12\/2022-12-07_06-12-21___7.jpg?resize=350%2C200&ssl=1 1x, https:\/\/i0.wp.com\/www.grieta.org.mx\/wp-content\/uploads\/2022\/12\/2022-12-07_06-12-21___7.jpg?resize=525%2C300&ssl=1 1.5x, https:\/\/i0.wp.com\/www.grieta.org.mx\/wp-content\/uploads\/2022\/12\/2022-12-07_06-12-21___7.jpg?resize=700%2C400&ssl=1 2x"},"classes":[]},{"id":64610,"url":"https:\/\/www.grieta.org.mx\/index.php\/2022\/07\/18\/violencia-sexual-ninas-adolescentes-y-mujeres-son-sus-victimas-jalisco\/","url_meta":{"origin":53090,"position":5},"title":"Violencia sexual: Ni\u00f1as, adolescentes y mujeres son sus v\u00edctimas (Jalisco)","author":"grieta","date":"18 julio, 2022","format":false,"excerpt":"Imagen: Pexels Isaura L\u00f3pez \/ El Occidental Las mujeres enfrentan una serie de violencia que vulnera su integridad f\u00edsica, sexual y emocional, el enemigo principal es la impunidad. Activistas de Am\u00e9rica Latina y el Caribe levantan la voz, exigen a los pa\u00edses cero tolerancias a la esclavitud del siglo XXI:\u2026","rel":"","context":"En &quot;CINTILLO&quot;","block_context":{"text":"CINTILLO","link":"https:\/\/www.grieta.org.mx\/index.php\/category\/cintillo\/"},"img":{"alt_text":"","src":"https:\/\/i0.wp.com\/www.grieta.org.mx\/wp-content\/uploads\/2022\/07\/Violencia-contra-las-mujeres.jpg?resize=350%2C200&ssl=1","width":350,"height":200,"srcset":"https:\/\/i0.wp.com\/www.grieta.org.mx\/wp-content\/uploads\/2022\/07\/Violencia-contra-las-mujeres.jpg?resize=350%2C200&ssl=1 1x, https:\/\/i0.wp.com\/www.grieta.org.mx\/wp-content\/uploads\/2022\/07\/Violencia-contra-las-mujeres.jpg?resize=525%2C300&ssl=1 1.5x, https:\/\/i0.wp.com\/www.grieta.org.mx\/wp-content\/uploads\/2022\/07\/Violencia-contra-las-mujeres.jpg?resize=700%2C400&ssl=1 2x"},"classes":[]}],"_links":{"self":[{"href":"https:\/\/www.grieta.org.mx\/index.php\/wp-json\/wp\/v2\/posts\/53090","targetHints":{"allow":["GET"]}}],"collection":[{"href":"https:\/\/www.grieta.org.mx\/index.php\/wp-json\/wp\/v2\/posts"}],"about":[{"href":"https:\/\/www.grieta.org.mx\/index.php\/wp-json\/wp\/v2\/types\/post"}],"author":[{"embeddable":true,"href":"https:\/\/www.grieta.org.mx\/index.php\/wp-json\/wp\/v2\/users\/2"}],"replies":[{"embeddable":true,"href":"https:\/\/www.grieta.org.mx\/index.php\/wp-json\/wp\/v2\/comments?post=53090"}],"version-history":[{"count":1,"href":"https:\/\/www.grieta.org.mx\/index.php\/wp-json\/wp\/v2\/posts\/53090\/revisions"}],"predecessor-version":[{"id":53092,"href":"https:\/\/www.grieta.org.mx\/index.php\/wp-json\/wp\/v2\/posts\/53090\/revisions\/53092"}],"wp:featuredmedia":[{"embeddable":true,"href":"https:\/\/www.grieta.org.mx\/index.php\/wp-json\/wp\/v2\/media\/53091"}],"wp:attachment":[{"href":"https:\/\/www.grieta.org.mx\/index.php\/wp-json\/wp\/v2\/media?parent=53090"}],"wp:term":[{"taxonomy":"category","embeddable":true,"href":"https:\/\/www.grieta.org.mx\/index.php\/wp-json\/wp\/v2\/categories?post=53090"},{"taxonomy":"post_tag","embeddable":true,"href":"https:\/\/www.grieta.org.mx\/index.php\/wp-json\/wp\/v2\/tags?post=53090"}],"curies":[{"name":"wp","href":"https:\/\/api.w.org\/{rel}","templated":true}]}}