{"id":53023,"date":"2020-09-02T20:57:24","date_gmt":"2020-09-03T01:57:24","guid":{"rendered":"http:\/\/www.grieta.org.mx\/?p=53023"},"modified":"2020-09-04T21:10:21","modified_gmt":"2020-09-05T02:10:21","slug":"pacientes-renales-protestan-por-falta-de-medicamentos-jalisco","status":"publish","type":"post","link":"https:\/\/www.grieta.org.mx\/index.php\/2020\/09\/02\/pacientes-renales-protestan-por-falta-de-medicamentos-jalisco\/","title":{"rendered":"Pacientes renales protestan por falta de medicamentos (Jalisco)"},"content":{"rendered":"<p><img loading=\"lazy\" decoding=\"async\" data-attachment-id=\"53024\" data-permalink=\"https:\/\/www.grieta.org.mx\/index.php\/2020\/09\/02\/pacientes-renales-protestan-por-falta-de-medicamentos-jalisco\/2020-09-02_11-09-36___2301\/\" data-orig-file=\"https:\/\/www.grieta.org.mx\/wp-content\/uploads\/2020\/09\/2020-09-02_11-09-36___2301.jpg\" data-orig-size=\"750,500\" data-comments-opened=\"0\" data-image-meta=\"{&quot;aperture&quot;:&quot;0&quot;,&quot;credit&quot;:&quot;&quot;,&quot;camera&quot;:&quot;&quot;,&quot;caption&quot;:&quot;&quot;,&quot;created_timestamp&quot;:&quot;0&quot;,&quot;copyright&quot;:&quot;&quot;,&quot;focal_length&quot;:&quot;0&quot;,&quot;iso&quot;:&quot;0&quot;,&quot;shutter_speed&quot;:&quot;0&quot;,&quot;title&quot;:&quot;&quot;,&quot;orientation&quot;:&quot;0&quot;}\" data-image-title=\"2020-09-02_11-09-36___2301\" data-image-description=\"\" data-image-caption=\"\" data-medium-file=\"https:\/\/www.grieta.org.mx\/wp-content\/uploads\/2020\/09\/2020-09-02_11-09-36___2301-300x200.jpg\" data-large-file=\"https:\/\/www.grieta.org.mx\/wp-content\/uploads\/2020\/09\/2020-09-02_11-09-36___2301.jpg\" class=\" wp-image-53024 aligncenter\" src=\"http:\/\/www.grieta.org.mx\/wp-content\/uploads\/2020\/09\/2020-09-02_11-09-36___2301.jpg\" alt=\"\" width=\"800\" height=\"534\" srcset=\"https:\/\/www.grieta.org.mx\/wp-content\/uploads\/2020\/09\/2020-09-02_11-09-36___2301.jpg 750w, https:\/\/www.grieta.org.mx\/wp-content\/uploads\/2020\/09\/2020-09-02_11-09-36___2301-300x200.jpg 300w\" sizes=\"auto, (max-width: 800px) 100vw, 800px\" \/><\/p>\n<p>Foto: Jorge Alberto Mendoza<\/p>\n<p>Edgar Flotes \/ El Diario NTR<\/p>\n<p>Unos 20 pacientes renales y sus familias, se manifestaron hoy a las afueras de la Delegaci\u00f3n Estatal del Instituto Mexicano del Seguro Social (IMSS) para exigir medicamentos.<\/p>\n<p>A decir de los inconformes, hay un atraso de hasta dos meses en la entrega de medicinas, y por este motivo ya hay muertes e incluso p\u00e9rdida de ri\u00f1ones donados.<\/p>\n<p>Los quejosos fueron recibidos en la Delegaci\u00f3n Estatal, en espera de una respuesta, pues adem\u00e1s, piden que sus pacientes sean atendidos en hospitales no covid, debido al riesgo que representa el virus para esta poblaci\u00f3n vulnerable.<\/p>\n<p>A decir de los enfermos, el desabastecimiento se ha agudizado con la actual administraci\u00f3n federal, y ha quienes tienen que gastar hasta 12 mil pesos mensuales para poder solventar compra de sus medicinas.<\/p>\n<p><a href=\"https:\/\/www.ntrguadalajara.com\/post.php?id_nota=154145\">https:\/\/www.ntrguadalajara.com\/post.php?id_nota=154145<\/a><\/p>\n","protected":false},"excerpt":{"rendered":"<p>Foto: Jorge Alberto Mendoza Edgar Flotes \/ El Diario NTR Unos 20 pacientes renales y sus familias, se manifestaron hoy a las afueras de la Delegaci\u00f3n Estatal del Instituto Mexicano &hellip; <a href=\"https:\/\/www.grieta.org.mx\/index.php\/2020\/09\/02\/pacientes-renales-protestan-por-falta-de-medicamentos-jalisco\/\" class=\"more-link\">Leer m\u00e1s<\/a><\/p>\n","protected":false},"author":2,"featured_media":53024,"comment_status":"closed","ping_status":"closed","sticky":false,"template":"","format":"standard","meta":{"ngg_post_thumbnail":0,"_jetpack_newsletter_access":"","_jetpack_dont_email_post_to_subs":false,"_jetpack_newsletter_tier_id":0,"_jetpack_memberships_contains_paywalled_content":false,"_jetpack_memberships_contains_paid_content":false,"footnotes":""},"categories":[80,918,2535,20,2,83],"tags":[3133,2367,3604],"class_list":["post-53023","post","type-post","status-publish","format-standard","has-post-thumbnail","hentry","category-cintillo","category-privatizacion-del-sector-salud","category-crisis-del-sector-salud-en-jalisco","category-jalisco","category-noticias-nacionales","category-temas-nacionales","tag-crisis-del-sector-salud","tag-crisis-en-el-sector-salud","tag-falta-de-medicamentos","entry"],"jetpack_featured_media_url":"https:\/\/www.grieta.org.mx\/wp-content\/uploads\/2020\/09\/2020-09-02_11-09-36___2301.jpg","jetpack_sharing_enabled":true,"jetpack_shortlink":"https:\/\/wp.me\/p7ZJR4-dNd","jetpack_likes_enabled":false,"jetpack-related-posts":[{"id":60261,"url":"https:\/\/www.grieta.org.mx\/index.php\/2021\/07\/01\/falta-de-medicamentos-un-crimen-de-lesa-humanidad-pacientes-renales-jalisco\/","url_meta":{"origin":53023,"position":0},"title":"Falta de medicamentos, un crimen de lesa humanidad: pacientes renales (Jalisco)","author":"grieta","date":"1 julio, 2021","format":false,"excerpt":"Foto: Jorge Alberto Mendoza, Archivo Redacci\u00f3n \/ El Diario NTR Desde hace 31 a\u00f1os, Mar\u00eda Esther Marr\u00f3n padece una enfermedad renal que la ha llevado a terapia de reemplazo renal y hemodi\u00e1lisis, sin embargo, nunca antes hab\u00eda vivido una situaci\u00f3n \u201ctan grave y deprimente\u201d como la falta de medicamentos para\u2026","rel":"","context":"En &quot;CINTILLO&quot;","block_context":{"text":"CINTILLO","link":"https:\/\/www.grieta.org.mx\/index.php\/category\/cintillo\/"},"img":{"alt_text":"","src":"https:\/\/i0.wp.com\/www.grieta.org.mx\/wp-content\/uploads\/2021\/07\/2021-07-01_06-07-06___3842.jpg?resize=350%2C200&ssl=1","width":350,"height":200,"srcset":"https:\/\/i0.wp.com\/www.grieta.org.mx\/wp-content\/uploads\/2021\/07\/2021-07-01_06-07-06___3842.jpg?resize=350%2C200&ssl=1 1x, https:\/\/i0.wp.com\/www.grieta.org.mx\/wp-content\/uploads\/2021\/07\/2021-07-01_06-07-06___3842.jpg?resize=525%2C300&ssl=1 1.5x, https:\/\/i0.wp.com\/www.grieta.org.mx\/wp-content\/uploads\/2021\/07\/2021-07-01_06-07-06___3842.jpg?resize=700%2C400&ssl=1 2x"},"classes":[]},{"id":61101,"url":"https:\/\/www.grieta.org.mx\/index.php\/2021\/08\/04\/enfermos-renales-exigen-medicinas-jalisco\/","url_meta":{"origin":53023,"position":1},"title":"Enfermos renales exigen medicinas (Jalisco)","author":"grieta","date":"4 agosto, 2021","format":false,"excerpt":"Foto: Jorge Alberto Mendoza Lauro Rodr\u00edguez \/ El Diario NTR Pacientes renales y trasplantados, sus familias y organizaciones civiles se manifestaron ayer en Casa Jalisco para exigir al gobierno del estado que se encargue de la dotaci\u00f3n de medicinas que requieren en lo que llegan las del gobierno federal. Reconocieron\u2026","rel":"","context":"En &quot;CINTILLO&quot;","block_context":{"text":"CINTILLO","link":"https:\/\/www.grieta.org.mx\/index.php\/category\/cintillo\/"},"img":{"alt_text":"","src":"https:\/\/i0.wp.com\/www.grieta.org.mx\/wp-content\/uploads\/2021\/08\/2021-08-04_11-08-51___9693.jpg?resize=350%2C200&ssl=1","width":350,"height":200,"srcset":"https:\/\/i0.wp.com\/www.grieta.org.mx\/wp-content\/uploads\/2021\/08\/2021-08-04_11-08-51___9693.jpg?resize=350%2C200&ssl=1 1x, https:\/\/i0.wp.com\/www.grieta.org.mx\/wp-content\/uploads\/2021\/08\/2021-08-04_11-08-51___9693.jpg?resize=525%2C300&ssl=1 1.5x, https:\/\/i0.wp.com\/www.grieta.org.mx\/wp-content\/uploads\/2021\/08\/2021-08-04_11-08-51___9693.jpg?resize=700%2C400&ssl=1 2x"},"classes":[]},{"id":38830,"url":"https:\/\/www.grieta.org.mx\/index.php\/2019\/09\/05\/protestan-por-falta-de-medicamentos-contra-el-cancer-jalisco\/","url_meta":{"origin":53023,"position":2},"title":"Protestan por falta de medicamentos contra el c\u00e1ncer (Jalisco)","author":"grieta","date":"5 septiembre, 2019","format":false,"excerpt":"Foto: R. Rivas - El Informador Afectados explican que desde el pasado 20 de agosto no tienen tratamiento en el Hospital de Zapoquipan Rodrigo Rivas Uribe \/ El Informador Familiares de pacientes con c\u00e1ncer se manifestaron frente al Congreso de Jalisco\u00a0para\u00a0denunciar el desabasto de los medicamentos en hospitales p\u00fablicos\u00a0mismos que\u2026","rel":"","context":"En &quot;CINTILLO&quot;","block_context":{"text":"CINTILLO","link":"https:\/\/www.grieta.org.mx\/index.php\/category\/cintillo\/"},"img":{"alt_text":"","src":"https:\/\/i0.wp.com\/www.grieta.org.mx\/wp-content\/uploads\/2019\/09\/el_info__crop1567711099611.jpg_1970638775.jpg?resize=350%2C200&ssl=1","width":350,"height":200,"srcset":"https:\/\/i0.wp.com\/www.grieta.org.mx\/wp-content\/uploads\/2019\/09\/el_info__crop1567711099611.jpg_1970638775.jpg?resize=350%2C200&ssl=1 1x, https:\/\/i0.wp.com\/www.grieta.org.mx\/wp-content\/uploads\/2019\/09\/el_info__crop1567711099611.jpg_1970638775.jpg?resize=525%2C300&ssl=1 1.5x, https:\/\/i0.wp.com\/www.grieta.org.mx\/wp-content\/uploads\/2019\/09\/el_info__crop1567711099611.jpg_1970638775.jpg?resize=700%2C400&ssl=1 2x"},"classes":[]},{"id":68565,"url":"https:\/\/www.grieta.org.mx\/index.php\/2024\/02\/23\/pacientes-renales-protestan-por-falta-de-medicamentos-y-atencion-en-manzanillo-colima\/","url_meta":{"origin":53023,"position":3},"title":"Pacientes renales protestan por falta de medicamentos y atenci\u00f3n en Manzanillo (Colima)","author":"grieta","date":"23 febrero, 2024","format":false,"excerpt":"Imagen: Diario Avanzada Redacci\u00f3n \/ Diario Avanzada Colima, M\u00e9xico, Avanzada (23\/02\/2024).- Pacientes que reciben tratamiento de hemodi\u00e1lisis se manifestaron en el Hospital de Manzanillo por la falta de medicamentos, especialmente sueros y vitaminas que han tenido que costear. La ma\u00f1ana de este viernes, un grupo de personas se manifestaron a\u2026","rel":"","context":"En &quot;CINTILLO&quot;","block_context":{"text":"CINTILLO","link":"https:\/\/www.grieta.org.mx\/index.php\/category\/cintillo\/"},"img":{"alt_text":"","src":"https:\/\/i0.wp.com\/www.grieta.org.mx\/wp-content\/uploads\/2024\/02\/a1-153.jpg?resize=350%2C200&ssl=1","width":350,"height":200,"srcset":"https:\/\/i0.wp.com\/www.grieta.org.mx\/wp-content\/uploads\/2024\/02\/a1-153.jpg?resize=350%2C200&ssl=1 1x, https:\/\/i0.wp.com\/www.grieta.org.mx\/wp-content\/uploads\/2024\/02\/a1-153.jpg?resize=525%2C300&ssl=1 1.5x, https:\/\/i0.wp.com\/www.grieta.org.mx\/wp-content\/uploads\/2024\/02\/a1-153.jpg?resize=700%2C400&ssl=1 2x"},"classes":[]},{"id":61583,"url":"https:\/\/www.grieta.org.mx\/index.php\/2021\/09\/06\/medicamento-apocrifo-reciben-pacientes-con-insuficiencia-renal-jalisco\/","url_meta":{"origin":53023,"position":4},"title":"Medicamento ap\u00f3crifo reciben pacientes con insuficiencia renal (Jalisco)","author":"grieta","date":"6 septiembre, 2021","format":false,"excerpt":"Foto: Francisco Rodr\u00edguez Isaura L\u00f3pez \/ El Occidental Con la exigencia de \"medicamentos de calidad\", pacientes con insuficiencia renal del Instituto Mexicano del Seguro Social (IMSS) se manifestaron en la explanada del Centro M\u00e9dico Nacional de Occidente (CMNO). Denuncian la autenticidad de un lote de medicamentos de \u00e1cido micofen\u00f3lico bajo\u2026","rel":"","context":"En &quot;CINTILLO&quot;","block_context":{"text":"CINTILLO","link":"https:\/\/www.grieta.org.mx\/index.php\/category\/cintillo\/"},"img":{"alt_text":"","src":"https:\/\/i0.wp.com\/www.grieta.org.mx\/wp-content\/uploads\/2021\/09\/Pacientes.jpeg?resize=350%2C200&ssl=1","width":350,"height":200,"srcset":"https:\/\/i0.wp.com\/www.grieta.org.mx\/wp-content\/uploads\/2021\/09\/Pacientes.jpeg?resize=350%2C200&ssl=1 1x, https:\/\/i0.wp.com\/www.grieta.org.mx\/wp-content\/uploads\/2021\/09\/Pacientes.jpeg?resize=525%2C300&ssl=1 1.5x, https:\/\/i0.wp.com\/www.grieta.org.mx\/wp-content\/uploads\/2021\/09\/Pacientes.jpeg?resize=700%2C400&ssl=1 2x"},"classes":[]},{"id":45036,"url":"https:\/\/www.grieta.org.mx\/index.php\/2020\/02\/19\/hay-urgencia-nacional-de-medicamentos-contra-el-cancer-nariz-roja-jalisco\/","url_meta":{"origin":53023,"position":5},"title":"Hay urgencia nacional de medicamentos contra el c\u00e1ncer: Nariz Roja (Jalisco)","author":"grieta","date":"19 febrero, 2020","format":false,"excerpt":"Foto: El Occidental- Archivo Isaura L\u00f3pez \/ El Occidental Sin medicamentos no hay lucha contra el c\u00e1ncer. La Asociaci\u00f3n Civil Nariz Roja anuncia que no participar\u00e1 en el evento de la Secretar\u00eda de Salud Jalisco (SSJ) ante el desabasto de medicinas que hay en M\u00e9xico y en el territorio jalisciense\u2026","rel":"","context":"En &quot;CINTILLO&quot;","block_context":{"text":"CINTILLO","link":"https:\/\/www.grieta.org.mx\/index.php\/category\/cintillo\/"},"img":{"alt_text":"","src":"https:\/\/i0.wp.com\/www.grieta.org.mx\/wp-content\/uploads\/2020\/02\/exigen-medicamentos.jpg?resize=350%2C200&ssl=1","width":350,"height":200,"srcset":"https:\/\/i0.wp.com\/www.grieta.org.mx\/wp-content\/uploads\/2020\/02\/exigen-medicamentos.jpg?resize=350%2C200&ssl=1 1x, https:\/\/i0.wp.com\/www.grieta.org.mx\/wp-content\/uploads\/2020\/02\/exigen-medicamentos.jpg?resize=525%2C300&ssl=1 1.5x, https:\/\/i0.wp.com\/www.grieta.org.mx\/wp-content\/uploads\/2020\/02\/exigen-medicamentos.jpg?resize=700%2C400&ssl=1 2x"},"classes":[]}],"_links":{"self":[{"href":"https:\/\/www.grieta.org.mx\/index.php\/wp-json\/wp\/v2\/posts\/53023","targetHints":{"allow":["GET"]}}],"collection":[{"href":"https:\/\/www.grieta.org.mx\/index.php\/wp-json\/wp\/v2\/posts"}],"about":[{"href":"https:\/\/www.grieta.org.mx\/index.php\/wp-json\/wp\/v2\/types\/post"}],"author":[{"embeddable":true,"href":"https:\/\/www.grieta.org.mx\/index.php\/wp-json\/wp\/v2\/users\/2"}],"replies":[{"embeddable":true,"href":"https:\/\/www.grieta.org.mx\/index.php\/wp-json\/wp\/v2\/comments?post=53023"}],"version-history":[{"count":1,"href":"https:\/\/www.grieta.org.mx\/index.php\/wp-json\/wp\/v2\/posts\/53023\/revisions"}],"predecessor-version":[{"id":53025,"href":"https:\/\/www.grieta.org.mx\/index.php\/wp-json\/wp\/v2\/posts\/53023\/revisions\/53025"}],"wp:featuredmedia":[{"embeddable":true,"href":"https:\/\/www.grieta.org.mx\/index.php\/wp-json\/wp\/v2\/media\/53024"}],"wp:attachment":[{"href":"https:\/\/www.grieta.org.mx\/index.php\/wp-json\/wp\/v2\/media?parent=53023"}],"wp:term":[{"taxonomy":"category","embeddable":true,"href":"https:\/\/www.grieta.org.mx\/index.php\/wp-json\/wp\/v2\/categories?post=53023"},{"taxonomy":"post_tag","embeddable":true,"href":"https:\/\/www.grieta.org.mx\/index.php\/wp-json\/wp\/v2\/tags?post=53023"}],"curies":[{"name":"wp","href":"https:\/\/api.w.org\/{rel}","templated":true}]}}