{"id":53017,"date":"2020-09-02T20:41:15","date_gmt":"2020-09-03T01:41:15","guid":{"rendered":"http:\/\/www.grieta.org.mx\/?p=53017"},"modified":"2020-09-04T20:55:34","modified_gmt":"2020-09-05T01:55:34","slug":"segundo-miercoles-por-los-desaparecidos-jalisco","status":"publish","type":"post","link":"https:\/\/www.grieta.org.mx\/index.php\/2020\/09\/02\/segundo-miercoles-por-los-desaparecidos-jalisco\/","title":{"rendered":"Segundo mi\u00e9rcoles por los desaparecidos (Jalisco)"},"content":{"rendered":"<p><img loading=\"lazy\" decoding=\"async\" data-attachment-id=\"53019\" data-permalink=\"https:\/\/www.grieta.org.mx\/index.php\/2020\/09\/02\/segundo-miercoles-por-los-desaparecidos-jalisco\/piden-busqueda-isaura-lopez-630x420\/\" data-orig-file=\"https:\/\/www.grieta.org.mx\/wp-content\/uploads\/2020\/09\/Piden-busqueda-Isaura-Lopez-630x420-1.jpeg\" data-orig-size=\"630,420\" data-comments-opened=\"0\" data-image-meta=\"{&quot;aperture&quot;:&quot;0&quot;,&quot;credit&quot;:&quot;&quot;,&quot;camera&quot;:&quot;&quot;,&quot;caption&quot;:&quot;&quot;,&quot;created_timestamp&quot;:&quot;0&quot;,&quot;copyright&quot;:&quot;&quot;,&quot;focal_length&quot;:&quot;0&quot;,&quot;iso&quot;:&quot;0&quot;,&quot;shutter_speed&quot;:&quot;0&quot;,&quot;title&quot;:&quot;&quot;,&quot;orientation&quot;:&quot;0&quot;}\" data-image-title=\"Piden-b\u00fasqueda-Isaura-L\u00f3pez-630&amp;#215;420\" data-image-description=\"\" data-image-caption=\"\" data-medium-file=\"https:\/\/www.grieta.org.mx\/wp-content\/uploads\/2020\/09\/Piden-busqueda-Isaura-Lopez-630x420-1-300x200.jpeg\" data-large-file=\"https:\/\/www.grieta.org.mx\/wp-content\/uploads\/2020\/09\/Piden-busqueda-Isaura-Lopez-630x420-1.jpeg\" class=\" wp-image-53019 aligncenter\" src=\"http:\/\/www.grieta.org.mx\/wp-content\/uploads\/2020\/09\/Piden-busqueda-Isaura-Lopez-630x420-1.jpeg\" alt=\"\" width=\"800\" height=\"534\" srcset=\"https:\/\/www.grieta.org.mx\/wp-content\/uploads\/2020\/09\/Piden-busqueda-Isaura-Lopez-630x420-1.jpeg 630w, https:\/\/www.grieta.org.mx\/wp-content\/uploads\/2020\/09\/Piden-busqueda-Isaura-Lopez-630x420-1-300x200.jpeg 300w\" sizes=\"auto, (max-width: 800px) 100vw, 800px\" \/><\/p>\n<p>Foto: Isaura L\u00f3pez Villalobos<\/p>\n<p>Isauda L\u00f3pez Villalobos \/ UDGTV<\/p>\n<p>La Federaci\u00f3n de Estudiantes Universitarios (FEU) llega al d\u00eda programado de realizar cada primer mi\u00e9rcoles del mes,\u00a0<strong>una manifestaci\u00f3n para apoyar a las familias de personas desaparecidas<\/strong>\u00a0en coordinaci\u00f3n con el colectivo de Familias Unidas por Nuestros Desaparecidos en Jalisco (FUNDEJ).<\/p>\n<p>Con la exigencia de justicia, im\u00e1genes de sus familiares desaparecidos y portando un pa\u00f1uelo verde, caminaron alrededor de la Glorieta de los Ni\u00f1os H\u00e9roes, bautizada como Glorieta de las y los Desaparecidos.<\/p>\n<p>El presidente de la FEU, Francisco Javier Armenta, indica que<strong>\u00a0este tipo de actos se realizar\u00e1 hasta que haya justicia para las familias<\/strong>, como parte de la iniciativa que se sigue a nivel nacional llamada \u201ccaminata por la memoria y la justicia\u201d.<\/p>\n<p>Francisco Javier Armenta, denunci\u00f3 que son ya 22 estudiantes universitarios desaparecidos, adem\u00e1s de que a la familia del joven estudiante Francisco Villa, cuyos restos fueron encontrados dentro de una fosa clandestina y reconocido por su mam\u00e1 por el tatuaje de la manzana que llevaba en el antebrazo izquierdo, aun no le entregan sus restos.<\/p>\n<p>Con relaci\u00f3n a los hechos registrados el pasado 5 de junio en la manifestaci\u00f3n de Justicia para Giovanni, el presidente de la FEU se\u00f1ala que<strong>\u00a0no han sido vinculados a proceso los elementos de seguridad que participaron en los actos violentos.<\/strong><\/p>\n<p>De acuerdo con el Sistema de Informaci\u00f3n sobre V\u00edctimas de Desaparici\u00f3n, en Jalisco hay m\u00e1s de 9 mil 400 personas desaparecidas, ocupando el segundo lugar a nivel nacional.<\/p>\n<p>La pr\u00f3xima manifestaci\u00f3n de la FEU y de FUNDEJ ser\u00eda\u00a0<strong>el 7 de octubre en la Glorieta de las y los Desaparecidos.<\/strong><\/p>\n<p><a href=\"http:\/\/udgtv.com\/noticias\/segundo-miercoles-por-los-desaparecidos-feu-y-fundej-piden-busqueda-y-justicia\/\">http:\/\/udgtv.com\/noticias\/segundo-miercoles-por-los-desaparecidos-feu-y-fundej-piden-busqueda-y-justicia\/<\/a><\/p>\n","protected":false},"excerpt":{"rendered":"<p>Foto: Isaura L\u00f3pez Villalobos Isauda L\u00f3pez Villalobos \/ UDGTV La Federaci\u00f3n de Estudiantes Universitarios (FEU) llega al d\u00eda programado de realizar cada primer mi\u00e9rcoles del mes,\u00a0una manifestaci\u00f3n para apoyar a &hellip; <a href=\"https:\/\/www.grieta.org.mx\/index.php\/2020\/09\/02\/segundo-miercoles-por-los-desaparecidos-jalisco\/\" class=\"more-link\">Leer m\u00e1s<\/a><\/p>\n","protected":false},"author":2,"featured_media":53019,"comment_status":"closed","ping_status":"closed","sticky":false,"template":"","format":"standard","meta":{"ngg_post_thumbnail":0,"_jetpack_newsletter_access":"","_jetpack_dont_email_post_to_subs":false,"_jetpack_newsletter_tier_id":0,"_jetpack_memberships_contains_paywalled_content":false,"_jetpack_memberships_contains_paid_content":false,"footnotes":""},"categories":[80,87,1032,20,2,83],"tags":[1828,121,1668,1228],"class_list":["post-53017","post","type-post","status-publish","format-standard","has-post-thumbnail","hentry","category-cintillo","category-desaparecidos","category-desaparecidos-en-jalisco","category-jalisco","category-noticias-nacionales","category-temas-nacionales","tag-busqueda-de-desaparecidos","tag-desaparecidos","tag-familiares-de-desaparecidos","tag-protestas-por-desaparecidos","entry"],"jetpack_featured_media_url":"https:\/\/www.grieta.org.mx\/wp-content\/uploads\/2020\/09\/Piden-busqueda-Isaura-Lopez-630x420-1.jpeg","jetpack_sharing_enabled":true,"jetpack_shortlink":"https:\/\/wp.me\/p7ZJR4-dN7","jetpack_likes_enabled":false,"jetpack-related-posts":[{"id":57828,"url":"https:\/\/www.grieta.org.mx\/index.php\/2021\/03\/20\/nos-faltara-glorieta-accion-memorial-y-colocacion-de-losetas-de-busqueda-jalisco\/","url_meta":{"origin":53017,"position":0},"title":"\u00abNos faltar\u00e1 Glorieta\u00bb: acci\u00f3n memorial y colocaci\u00f3n de losetas de b\u00fasqueda (Jalisco)","author":"grieta","date":"20 marzo, 2021","format":false,"excerpt":"Foto: Zona Docs Christian Cantero \/ Zona Docs Decenas de familias se congregaron en la Glorieta de las y los desaparecidos de Jalisco para colocar ah\u00ed las losetas de b\u00fasqueda que, de a poco, ir\u00e1n sustituyendo a las lonas que han sido colocadas por quienes buscan a una de las\u2026","rel":"","context":"En &quot;CINTILLO&quot;","block_context":{"text":"CINTILLO","link":"https:\/\/www.grieta.org.mx\/index.php\/category\/cintillo\/"},"img":{"alt_text":"","src":"https:\/\/i0.wp.com\/www.grieta.org.mx\/wp-content\/uploads\/2021\/03\/Unknown-24-1.jpeg?resize=350%2C200&ssl=1","width":350,"height":200,"srcset":"https:\/\/i0.wp.com\/www.grieta.org.mx\/wp-content\/uploads\/2021\/03\/Unknown-24-1.jpeg?resize=350%2C200&ssl=1 1x, https:\/\/i0.wp.com\/www.grieta.org.mx\/wp-content\/uploads\/2021\/03\/Unknown-24-1.jpeg?resize=525%2C300&ssl=1 1.5x, https:\/\/i0.wp.com\/www.grieta.org.mx\/wp-content\/uploads\/2021\/03\/Unknown-24-1.jpeg?resize=700%2C400&ssl=1 2x"},"classes":[]},{"id":60186,"url":"https:\/\/www.grieta.org.mx\/index.php\/2021\/06\/21\/familiares-exigen-resultados-en-busqueda-de-desaparecidos-jalisco\/","url_meta":{"origin":53017,"position":1},"title":"Familiares exigen resultados en b\u00fasqueda de desaparecidos (Jalisco)","author":"grieta","date":"21 junio, 2021","format":false,"excerpt":"Foto: Edgar Flores Edgar Flores \/ El Diario NTR Familiares de cinco j\u00f3venes desaparecidos se manifiestan en Palacio de Gobierno luego de haber partido esta ma\u00f1ana desde la Glorieta de los Ni\u00f1os H\u00e9roes. Exigen respuesta por parte de las autoridades, a quienes acusan de ser omisas y de filtrar v\u00eddeos\u2026","rel":"","context":"En &quot;CINTILLO&quot;","block_context":{"text":"CINTILLO","link":"https:\/\/www.grieta.org.mx\/index.php\/category\/cintillo\/"},"img":{"alt_text":"","src":"https:\/\/i0.wp.com\/www.grieta.org.mx\/wp-content\/uploads\/2021\/06\/2021-06-21_01-06-06___8810.jpg?resize=350%2C200&ssl=1","width":350,"height":200,"srcset":"https:\/\/i0.wp.com\/www.grieta.org.mx\/wp-content\/uploads\/2021\/06\/2021-06-21_01-06-06___8810.jpg?resize=350%2C200&ssl=1 1x, https:\/\/i0.wp.com\/www.grieta.org.mx\/wp-content\/uploads\/2021\/06\/2021-06-21_01-06-06___8810.jpg?resize=525%2C300&ssl=1 1.5x, https:\/\/i0.wp.com\/www.grieta.org.mx\/wp-content\/uploads\/2021\/06\/2021-06-21_01-06-06___8810.jpg?resize=700%2C400&ssl=1 2x"},"classes":[]},{"id":43156,"url":"https:\/\/www.grieta.org.mx\/index.php\/2020\/01\/13\/familiares-en-jalisco-convocan-a-primera-marcha-por-desaparecidos-en-el-estado\/","url_meta":{"origin":53017,"position":2},"title":"Familiares en Jalisco convocan a primera marcha por desaparecidos en el estado","author":"grieta","date":"13 enero, 2020","format":false,"excerpt":"Imagen: Zona Docs Con el lema \u201cporque cada d\u00eda que pasa su ausencia duele\u201d familiares de personas desaparecidas en Jalisco convocaron a la primera marcha pac\u00edfica del a\u00f1o para demandar el regreso de sus seres queridos. La caminata se llevar\u00e1 a cabo el pr\u00f3ximo domingo 26 de enero a las\u2026","rel":"","context":"En &quot;CINTILLO&quot;","block_context":{"text":"CINTILLO","link":"https:\/\/www.grieta.org.mx\/index.php\/category\/cintillo\/"},"img":{"alt_text":"","src":"https:\/\/i0.wp.com\/www.grieta.org.mx\/wp-content\/uploads\/2020\/01\/Unknown-8-2-1200x640.jpeg?resize=350%2C200&ssl=1","width":350,"height":200,"srcset":"https:\/\/i0.wp.com\/www.grieta.org.mx\/wp-content\/uploads\/2020\/01\/Unknown-8-2-1200x640.jpeg?resize=350%2C200&ssl=1 1x, https:\/\/i0.wp.com\/www.grieta.org.mx\/wp-content\/uploads\/2020\/01\/Unknown-8-2-1200x640.jpeg?resize=525%2C300&ssl=1 1.5x, https:\/\/i0.wp.com\/www.grieta.org.mx\/wp-content\/uploads\/2020\/01\/Unknown-8-2-1200x640.jpeg?resize=700%2C400&ssl=1 2x, https:\/\/i0.wp.com\/www.grieta.org.mx\/wp-content\/uploads\/2020\/01\/Unknown-8-2-1200x640.jpeg?resize=1050%2C600&ssl=1 3x"},"classes":[]},{"id":30704,"url":"https:\/\/www.grieta.org.mx\/index.php\/2019\/03\/14\/habra-protestas-en-el-primer-aniversario-de-la-desaparicion-de-los-tres-estudiantes-de-cine-jalisco\/","url_meta":{"origin":53017,"position":3},"title":"Habr\u00e1 protestas en el primer aniversario de la desaparici\u00f3n de los tres estudiantes de cine (Jalisco)","author":"grieta","date":"14 marzo, 2019","format":false,"excerpt":"Ignacio P\u00e9rez Vega \/ Cr\u00f3nica Jalisco A un a\u00f1o de la desaparici\u00f3n de los tres estudiantes de cine de la Universidad de Medio Audiovisuales (conocida como CAAV), la Federaci\u00f3n de Estudiantes Universitarios (FEU) afirm\u00f3 que no acepta la versi\u00f3n oficial de la Fiscal\u00eda General del Estado (FGE) y anunci\u00f3 la\u2026","rel":"","context":"En &quot;CINTILLO&quot;","block_context":{"text":"CINTILLO","link":"https:\/\/www.grieta.org.mx\/index.php\/category\/cintillo\/"},"img":{"alt_text":"","src":"https:\/\/i0.wp.com\/www.grieta.org.mx\/wp-content\/uploads\/2019\/03\/2019-03-14_12-03-36___8178.jpg?resize=350%2C200&ssl=1","width":350,"height":200,"srcset":"https:\/\/i0.wp.com\/www.grieta.org.mx\/wp-content\/uploads\/2019\/03\/2019-03-14_12-03-36___8178.jpg?resize=350%2C200&ssl=1 1x, https:\/\/i0.wp.com\/www.grieta.org.mx\/wp-content\/uploads\/2019\/03\/2019-03-14_12-03-36___8178.jpg?resize=525%2C300&ssl=1 1.5x"},"classes":[]},{"id":65139,"url":"https:\/\/www.grieta.org.mx\/index.php\/2022\/09\/04\/necesitamos-que-nos-traten-con-respeto-y-dignidad-colectivos-de-busqueda-de-jalisco\/","url_meta":{"origin":53017,"position":4},"title":"\u201cNecesitamos que nos traten con respeto y dignidad\u201d: colectivos de b\u00fasqueda de Jalisco","author":"grieta","date":"4 septiembre, 2022","format":false,"excerpt":"Imagen: Aletse Torres Flores El colectivo\u00a0Luz de Esperanza\u00a0realiz\u00f3, este 4 de septiembre, una serie de acciones de protesta y exigencia de aparici\u00f3n con vida de sus familiares desaparecidos en Jalisco; entre ellas estuvieron la pega de losetas de b\u00fasqueda en la Glorieta de las y los Desaparecidos de Jalisco, as\u00ed\u2026","rel":"","context":"En &quot;CINTILLO&quot;","block_context":{"text":"CINTILLO","link":"https:\/\/www.grieta.org.mx\/index.php\/category\/cintillo\/"},"img":{"alt_text":"","src":"https:\/\/i0.wp.com\/www.grieta.org.mx\/wp-content\/uploads\/2022\/09\/photo5523966381410854845-1068x789-1.jpg?resize=350%2C200&ssl=1","width":350,"height":200,"srcset":"https:\/\/i0.wp.com\/www.grieta.org.mx\/wp-content\/uploads\/2022\/09\/photo5523966381410854845-1068x789-1.jpg?resize=350%2C200&ssl=1 1x, https:\/\/i0.wp.com\/www.grieta.org.mx\/wp-content\/uploads\/2022\/09\/photo5523966381410854845-1068x789-1.jpg?resize=525%2C300&ssl=1 1.5x, https:\/\/i0.wp.com\/www.grieta.org.mx\/wp-content\/uploads\/2022\/09\/photo5523966381410854845-1068x789-1.jpg?resize=700%2C400&ssl=1 2x, https:\/\/i0.wp.com\/www.grieta.org.mx\/wp-content\/uploads\/2022\/09\/photo5523966381410854845-1068x789-1.jpg?resize=1050%2C600&ssl=1 3x"},"classes":[]},{"id":64242,"url":"https:\/\/www.grieta.org.mx\/index.php\/2022\/05\/19\/nos-faltan-mas-de-100-mil-personas-desaparecidas-reclaman-en-guadalajara-familiares-a-autoridades-jalisco\/","url_meta":{"origin":53017,"position":5},"title":"\u201cNos faltan m\u00e1s de 100 mil personas desaparecidas: reclaman en Guadalajara familiares a autoridades (Jalisco)","author":"grieta","date":"19 mayo, 2022","format":false,"excerpt":"Foto: Zona Docs En la Glorieta de las y los Desaparecidos de Guadalajara, colectivos de personas desaparecidas se reunieron este mi\u00e9rcoles 18 de mayo, para denunciar que en M\u00e9xico hay m\u00e1s de 100 mil personas desaparecidas. Mario Marlos \/ Zona Docs Acompa\u00f1adas de los retratos de sus seres queridos, los\u2026","rel":"","context":"En &quot;CINTILLO&quot;","block_context":{"text":"CINTILLO","link":"https:\/\/www.grieta.org.mx\/index.php\/category\/cintillo\/"},"img":{"alt_text":"","src":"https:\/\/i0.wp.com\/www.grieta.org.mx\/wp-content\/uploads\/2022\/05\/photo5490347735354812367.jpg?resize=350%2C200&ssl=1","width":350,"height":200,"srcset":"https:\/\/i0.wp.com\/www.grieta.org.mx\/wp-content\/uploads\/2022\/05\/photo5490347735354812367.jpg?resize=350%2C200&ssl=1 1x, https:\/\/i0.wp.com\/www.grieta.org.mx\/wp-content\/uploads\/2022\/05\/photo5490347735354812367.jpg?resize=525%2C300&ssl=1 1.5x, https:\/\/i0.wp.com\/www.grieta.org.mx\/wp-content\/uploads\/2022\/05\/photo5490347735354812367.jpg?resize=700%2C400&ssl=1 2x, https:\/\/i0.wp.com\/www.grieta.org.mx\/wp-content\/uploads\/2022\/05\/photo5490347735354812367.jpg?resize=1050%2C600&ssl=1 3x"},"classes":[]}],"_links":{"self":[{"href":"https:\/\/www.grieta.org.mx\/index.php\/wp-json\/wp\/v2\/posts\/53017","targetHints":{"allow":["GET"]}}],"collection":[{"href":"https:\/\/www.grieta.org.mx\/index.php\/wp-json\/wp\/v2\/posts"}],"about":[{"href":"https:\/\/www.grieta.org.mx\/index.php\/wp-json\/wp\/v2\/types\/post"}],"author":[{"embeddable":true,"href":"https:\/\/www.grieta.org.mx\/index.php\/wp-json\/wp\/v2\/users\/2"}],"replies":[{"embeddable":true,"href":"https:\/\/www.grieta.org.mx\/index.php\/wp-json\/wp\/v2\/comments?post=53017"}],"version-history":[{"count":1,"href":"https:\/\/www.grieta.org.mx\/index.php\/wp-json\/wp\/v2\/posts\/53017\/revisions"}],"predecessor-version":[{"id":53022,"href":"https:\/\/www.grieta.org.mx\/index.php\/wp-json\/wp\/v2\/posts\/53017\/revisions\/53022"}],"wp:featuredmedia":[{"embeddable":true,"href":"https:\/\/www.grieta.org.mx\/index.php\/wp-json\/wp\/v2\/media\/53019"}],"wp:attachment":[{"href":"https:\/\/www.grieta.org.mx\/index.php\/wp-json\/wp\/v2\/media?parent=53017"}],"wp:term":[{"taxonomy":"category","embeddable":true,"href":"https:\/\/www.grieta.org.mx\/index.php\/wp-json\/wp\/v2\/categories?post=53017"},{"taxonomy":"post_tag","embeddable":true,"href":"https:\/\/www.grieta.org.mx\/index.php\/wp-json\/wp\/v2\/tags?post=53017"}],"curies":[{"name":"wp","href":"https:\/\/api.w.org\/{rel}","templated":true}]}}