{"id":53000,"date":"2020-09-03T10:05:22","date_gmt":"2020-09-03T15:05:22","guid":{"rendered":"http:\/\/www.grieta.org.mx\/?p=53000"},"modified":"2020-09-04T10:25:00","modified_gmt":"2020-09-04T15:25:00","slug":"agradece-trump-a-amlo-uso-militar-para-frenar-indocumentados-en-eu","status":"publish","type":"post","link":"https:\/\/www.grieta.org.mx\/index.php\/2020\/09\/03\/agradece-trump-a-amlo-uso-militar-para-frenar-indocumentados-en-eu\/","title":{"rendered":"Agradece Trump a AMLO uso militar para frenar indocumentados en EU"},"content":{"rendered":"<p>REDACCI\u00d3N\/ LA SILLA ROTA<\/p>\n<p>El presidente\u00a0<strong>Donald Trump<\/strong>\u00a0le agradeci\u00f3 al\u00a0<strong>presidente de M\u00e9xico, Andr\u00e9s Manuel L\u00f3pez Obrador<\/strong>\u00a0haber desplegado\u00a0<strong>27 mil soldados de la Guardia Nacional<\/strong>\u00a0en la frontera norte para proteger a EU de la inmigraci\u00f3n ilegal.<\/p>\n<p>&#8220;M\u00e9xico nos ha tratado muy bien, el presidente de M\u00e9xico nos ha tratado muy bien. Ahora mismo hay 27,000 soldados mexicanos en nuestra frontera que nos protegen de la gente que ingresa ilegalmente!&#8221;, dijo durante un mitin ante cientos de personas en una pista de aterrizaje del aeropuerto de Latrobe, Pensilvania.<\/p>\n<p>&nbsp;<\/p>\n<blockquote class=\"twitter-tweet\">\n<p dir=\"ltr\" lang=\"es\">Trump le agradece al presidente <a href=\"https:\/\/twitter.com\/lopezobrador_?ref_src=twsrc%5Etfw\">@lopezobrador_<\/a> haber desplegado 27 mil soldados de la Guardia Nacional en la frontera norte para proteger a EU de la inmigraci\u00f3n ilegal<br \/>\n<a href=\"https:\/\/t.co\/V0qvjnD0pm\">pic.twitter.com\/V0qvjnD0pm<\/a><\/p>\n<p>\u2014 Jorge Carrasco (@jorgecarrascoa) <a href=\"https:\/\/twitter.com\/jorgecarrascoa\/status\/1301719734937886720?ref_src=twsrc%5Etfw\">September 4, 2020<\/a><\/p><\/blockquote>\n<p><script async src=\"https:\/\/platform.twitter.com\/widgets.js\" charset=\"utf-8\"><\/script><\/p>\n<p>&#8220;M\u00e9xico pagar\u00e1 por el muro, y se lo digo respetuosamente a M\u00e9xico, pero ellos pagar\u00e1n por el testamento. Ellos entienden que [los reporteros] simplemente no quieren escribirlo, pero eso tambi\u00e9n est\u00e1 bien&#8221;, dijo en su discurso<\/p>\n<p>Al finalizar la Convenci\u00f3n Nacional Republicana en la Casa Blanca con la aceptaci\u00f3n de Donald Trump para la reelecci\u00f3n presidencial, el magnate difundi\u00f3 los logros que ha alcanzado en estos \u00faltimos cuatro a\u00f1os al frente del gobierno de Estados Unidos.<\/p>\n<p>En un video presentado por su equipo de campa\u00f1a se publicaron varios momentos que ha tenido Trump en lo que va del a\u00f1o, uno de ellos considerado el m\u00e1s importante fue la visita del presidente Andr\u00e9s Manuel L\u00f3pez Obrador, el pasado mes de julio.<\/p>\n<p>Con el arranque del Tratado comercial entre M\u00e9xico, Estados Unidos y Canad\u00e1 (T-Mec), el mandatario mexicano visit\u00f3 a su hom\u00f3logo y este encuentro fue aprovechado por Trump como cierre de las actividades de la Convenci\u00f3n Republicana.<\/p>\n<p>Adem\u00e1s, el video contiene im\u00e1genes de la construcci\u00f3n del muro erigido en la frontera con M\u00e9xico.<\/p>\n<blockquote class=\"twitter-tweet\">\n<p dir=\"ltr\" lang=\"und\"><a href=\"https:\/\/t.co\/PuqeF1ctDs\">pic.twitter.com\/PuqeF1ctDs<\/a><\/p>\n<p>\u2014 Donald J. Trump (@realDonaldTrump) <a href=\"https:\/\/twitter.com\/realDonaldTrump\/status\/1299165375830073344?ref_src=twsrc%5Etfw\">August 28, 2020<\/a><\/p><\/blockquote>\n<p><script async src=\"https:\/\/platform.twitter.com\/widgets.js\" charset=\"utf-8\"><\/script><\/p>\n<p>Durante su discurso de ese 27 de agosto, Trump present\u00f3 una visi\u00f3n optimista para el futuro de Estados Unidos, incluyendo una eventual victoria contra una pandemia que ha dejado m\u00e1s de 175 mil muertos, millones de desempleados y ha obligado a reescribir las reglas de la sociedad. Pero ese horizonte m\u00e1s brillante s\u00f3lo puede alcanzarse, afirm\u00f3 el mandatario, si \u00e9l derrota a Joe Biden, contra quien desat\u00f3 diversos ataques.<\/p>\n<p>El presidente Trump buscar\u00e1 la reelecci\u00f3n en los comicios del pr\u00f3ximo 3 de noviembre.<\/p>\n<h3>\u00bfY QU\u00c9 DIJO AMLO?<\/h3>\n<p>Al d\u00eda siguiente, el presidente L\u00f3pez Obrador manifest\u00f3 que es respetuoso de las decisiones del gobierno de EU.<\/p>\n<p>&#8220;No tengo opini\u00f3n sobre eso porque no quiero meterme en esas cosas. Ellos tienen campa\u00f1a, yo quiero ser muy respetuoso de las decisiones que tome el pueblo estadounidense, lo que s\u00ed puedo decirles es que mantenemos una muy buena relaci\u00f3n, es de amistad, de respeto&#8221;, lanz\u00f3 el mandatario mexicano.<\/p>\n<p><a href=\"https:\/\/lasillarota.com\/nacion\/agradece-trump-a-amlo-uso-militar-para-frenar-indocumentados-en-eu\/431223\" target=\"_blank\" rel=\"noopener noreferrer\">https:\/\/lasillarota.com\/nacion\/agradece-trump-a-amlo-uso-militar-para-frenar-indocumentados-en-eu\/431223<\/a><\/p>\n<p>&nbsp;<\/p>\n<p>&nbsp;<\/p>\n","protected":false},"excerpt":{"rendered":"<p>REDACCI\u00d3N\/ LA SILLA ROTA El presidente\u00a0Donald Trump\u00a0le agradeci\u00f3 al\u00a0presidente de M\u00e9xico, Andr\u00e9s Manuel L\u00f3pez Obrador\u00a0haber desplegado\u00a027 mil soldados de la Guardia Nacional\u00a0en la frontera norte para proteger a EU de &hellip; <a href=\"https:\/\/www.grieta.org.mx\/index.php\/2020\/09\/03\/agradece-trump-a-amlo-uso-militar-para-frenar-indocumentados-en-eu\/\" class=\"more-link\">Leer m\u00e1s<\/a><\/p>\n","protected":false},"author":2,"featured_media":21928,"comment_status":"closed","ping_status":"closed","sticky":false,"template":"","format":"standard","meta":{"ngg_post_thumbnail":0,"_jetpack_newsletter_access":"","_jetpack_dont_email_post_to_subs":false,"_jetpack_newsletter_tier_id":0,"_jetpack_memberships_contains_paywalled_content":false,"_jetpack_memberships_contains_paid_content":false,"footnotes":""},"categories":[80,86,83],"tags":[2836,158,3634],"class_list":["post-53000","post","type-post","status-publish","format-standard","has-post-thumbnail","hentry","category-cintillo","category-migrantes","category-temas-nacionales","tag-alineacion-de-amlo-con-politica-antimigrante-de-trump","tag-migrantes","tag-militarizacion-de-las-fronteras","entry"],"jetpack_featured_media_url":"https:\/\/www.grieta.org.mx\/wp-content\/uploads\/2018\/03\/14524434_1106112876131411_958039263622046936_o.jpg","jetpack_sharing_enabled":true,"jetpack_shortlink":"https:\/\/wp.me\/p7ZJR4-dMQ","jetpack_likes_enabled":false,"jetpack-related-posts":[{"id":36435,"url":"https:\/\/www.grieta.org.mx\/index.php\/2019\/07\/17\/trump-agradece-a-amlo-la-militarizacion-fronteriza\/","url_meta":{"origin":53000,"position":0},"title":"Trump agradece a AMLO la militarizaci\u00f3n fronteriza","author":"grieta","date":"17 julio, 2019","format":false,"excerpt":"J. Jes\u00fas Esquivel\/ PROCESO WASHINGTON (apro).- El presidente Donald Trump agradeci\u00f3 a su hom\u00f3logo mexicano Andr\u00e9s Manuel L\u00f3pez Obrador la militarizaci\u00f3n de las fronteras porque no s\u00f3lo ha contenido el flujo migratorio, sino tambi\u00e9n ha dificultado la operaci\u00f3n de los c\u00e1rteles de la droga. \u201cEstamos escuchando que hasta los c\u00e1rteles\u2026","rel":"","context":"En &quot;CINTILLO&quot;","block_context":{"text":"CINTILLO","link":"https:\/\/www.grieta.org.mx\/index.php\/category\/cintillo\/"},"img":{"alt_text":"","src":"https:\/\/i0.wp.com\/www.grieta.org.mx\/wp-content\/uploads\/2019\/07\/Trump1-1078x800.jpg?resize=350%2C200&ssl=1","width":350,"height":200,"srcset":"https:\/\/i0.wp.com\/www.grieta.org.mx\/wp-content\/uploads\/2019\/07\/Trump1-1078x800.jpg?resize=350%2C200&ssl=1 1x, https:\/\/i0.wp.com\/www.grieta.org.mx\/wp-content\/uploads\/2019\/07\/Trump1-1078x800.jpg?resize=525%2C300&ssl=1 1.5x, https:\/\/i0.wp.com\/www.grieta.org.mx\/wp-content\/uploads\/2019\/07\/Trump1-1078x800.jpg?resize=700%2C400&ssl=1 2x, https:\/\/i0.wp.com\/www.grieta.org.mx\/wp-content\/uploads\/2019\/07\/Trump1-1078x800.jpg?resize=1050%2C600&ssl=1 3x"},"classes":[]},{"id":58669,"url":"https:\/\/www.grieta.org.mx\/index.php\/2021\/04\/12\/amlo-acuerda-con-eu-que-10-mil-soldados-impidan-paso-de-migrantes-en-frontera-sur\/","url_meta":{"origin":53000,"position":1},"title":"AMLO acuerda con EU que 10 mil soldados impidan paso de migrantes en frontera sur","author":"grieta","date":"12 abril, 2021","format":false,"excerpt":"El objetivo de este despliegue es dificultar el camino hacia Estados Unidos, as\u00ed como hacer m\u00e1s complicado el cruce entre fronteras Redacci\u00f3n\/ ANIMAL POL\u00cdTICO El gobierno de Andr\u00e9s Manuel L\u00f3pez Obrador acord\u00f3 con Estados Unidos el despliegue de 10 mil soldados en la frontera sur de M\u00e9xico. As\u00ed lo confirm\u00f3\u2026","rel":"","context":"En &quot;CINTILLO&quot;","block_context":{"text":"CINTILLO","link":"https:\/\/www.grieta.org.mx\/index.php\/category\/cintillo\/"},"img":{"alt_text":"","src":"https:\/\/i0.wp.com\/www.grieta.org.mx\/wp-content\/uploads\/2021\/04\/cuartoscuro_805666_digital.jpeg?resize=350%2C200&ssl=1","width":350,"height":200,"srcset":"https:\/\/i0.wp.com\/www.grieta.org.mx\/wp-content\/uploads\/2021\/04\/cuartoscuro_805666_digital.jpeg?resize=350%2C200&ssl=1 1x, https:\/\/i0.wp.com\/www.grieta.org.mx\/wp-content\/uploads\/2021\/04\/cuartoscuro_805666_digital.jpeg?resize=525%2C300&ssl=1 1.5x, https:\/\/i0.wp.com\/www.grieta.org.mx\/wp-content\/uploads\/2021\/04\/cuartoscuro_805666_digital.jpeg?resize=700%2C400&ssl=1 2x, https:\/\/i0.wp.com\/www.grieta.org.mx\/wp-content\/uploads\/2021\/04\/cuartoscuro_805666_digital.jpeg?resize=1050%2C600&ssl=1 3x, https:\/\/i0.wp.com\/www.grieta.org.mx\/wp-content\/uploads\/2021\/04\/cuartoscuro_805666_digital.jpeg?resize=1400%2C800&ssl=1 4x"},"classes":[]},{"id":39721,"url":"https:\/\/www.grieta.org.mx\/index.php\/2019\/09\/26\/trump-asegura-que-usa-a-mexico-para-proteger-la-frontera-de-eeuu\/","url_meta":{"origin":53000,"position":2},"title":"Trump asegura que \u201cusa a M\u00e9xico\u201d para proteger la frontera de EEUU","author":"grieta","date":"26 septiembre, 2019","format":false,"excerpt":"El presidente de EE.UU. dice que \u201cusa a M\u00e9xico\u201d para proteger la frontera sur de su pa\u00eds, mientras los dem\u00f3cratas no ayudan a remediar el sistema de inmigraci\u00f3n. \u201c\u00a1Nada se hace, excepto cuando yo lo hago! Estoy usando a M\u00e9xico para proteger nuestra frontera porque los dem\u00f3cratas no arreglan, porque\u2026","rel":"","context":"En &quot;CINTILLO&quot;","block_context":{"text":"CINTILLO","link":"https:\/\/www.grieta.org.mx\/index.php\/category\/cintillo\/"},"img":{"alt_text":"","src":"https:\/\/i0.wp.com\/www.grieta.org.mx\/wp-content\/uploads\/2019\/09\/22270725_xl.jpg?resize=350%2C200&ssl=1","width":350,"height":200,"srcset":"https:\/\/i0.wp.com\/www.grieta.org.mx\/wp-content\/uploads\/2019\/09\/22270725_xl.jpg?resize=350%2C200&ssl=1 1x, https:\/\/i0.wp.com\/www.grieta.org.mx\/wp-content\/uploads\/2019\/09\/22270725_xl.jpg?resize=525%2C300&ssl=1 1.5x, https:\/\/i0.wp.com\/www.grieta.org.mx\/wp-content\/uploads\/2019\/09\/22270725_xl.jpg?resize=700%2C400&ssl=1 2x"},"classes":[]},{"id":37392,"url":"https:\/\/www.grieta.org.mx\/index.php\/2019\/08\/02\/marines-arrestados-en-eeuu-por-trafico-de-migrantes-tambien-son-acusados-por-uso-de-narcoticos\/","url_meta":{"origin":53000,"position":3},"title":"Marines arrestados en EEUU por tr\u00e1fico de migrantes, tambi\u00e9n son acusados por uso de narc\u00f3ticos","author":"grieta","date":"2 agosto, 2019","format":false,"excerpt":"PROYECTO PUENTE\/ SIN EMBARGO La detenci\u00f3n de dos infantes de marina de Estados Unidos acusados de tr\u00e1fico de migrantes acent\u00faa la preocupaci\u00f3n de que grupos criminales en la frontera entre M\u00e9xico y Estados Unidos est\u00e9n tras los soldados estadounidenses, ofreci\u00e9ndoles dinero f\u00e1cil por actuar como coyotes. Los infantes de marina\u2026","rel":"","context":"En &quot;CINTILLO&quot;","block_context":{"text":"CINTILLO","link":"https:\/\/www.grieta.org.mx\/index.php\/category\/cintillo\/"},"img":{"alt_text":"","src":"https:\/\/i0.wp.com\/www.grieta.org.mx\/wp-content\/uploads\/2019\/08\/Marinero-que-se-fue-a-la.jpg?resize=350%2C200&ssl=1","width":350,"height":200,"srcset":"https:\/\/i0.wp.com\/www.grieta.org.mx\/wp-content\/uploads\/2019\/08\/Marinero-que-se-fue-a-la.jpg?resize=350%2C200&ssl=1 1x, https:\/\/i0.wp.com\/www.grieta.org.mx\/wp-content\/uploads\/2019\/08\/Marinero-que-se-fue-a-la.jpg?resize=525%2C300&ssl=1 1.5x, https:\/\/i0.wp.com\/www.grieta.org.mx\/wp-content\/uploads\/2019\/08\/Marinero-que-se-fue-a-la.jpg?resize=700%2C400&ssl=1 2x"},"classes":[]},{"id":48202,"url":"https:\/\/www.grieta.org.mx\/index.php\/2020\/04\/22\/trump-firma-orden-para-suspender-por-60-dias-emision-de-green-cards\/","url_meta":{"origin":53000,"position":4},"title":"Trump firma orden para suspender por 60 d\u00edas emisi\u00f3n de \u201cgreen cards\u201d","author":"grieta","date":"22 abril, 2020","format":false,"excerpt":"Jes\u00fas Esquivel\/ PROCESO WASHINGTON (apro).- El presidente de Estados Unidos, Donald Trump, firm\u00f3 la orden ejecutiva para suspender por 60 d\u00edas la emisi\u00f3n de residencia permanente (green cards, en ingl\u00e9s) a inmigrantes extranjeros, como parte de su estrategia para proteger a estadunidenses desempleados. En conferencia de prensa en la Casa\u2026","rel":"","context":"En &quot;CINTILLO&quot;","block_context":{"text":"CINTILLO","link":"https:\/\/www.grieta.org.mx\/index.php\/category\/cintillo\/"},"img":{"alt_text":"","src":"https:\/\/i0.wp.com\/www.grieta.org.mx\/wp-content\/uploads\/2018\/03\/14524434_1106112876131411_958039263622046936_o.jpg?resize=350%2C200&ssl=1","width":350,"height":200,"srcset":"https:\/\/i0.wp.com\/www.grieta.org.mx\/wp-content\/uploads\/2018\/03\/14524434_1106112876131411_958039263622046936_o.jpg?resize=350%2C200&ssl=1 1x, https:\/\/i0.wp.com\/www.grieta.org.mx\/wp-content\/uploads\/2018\/03\/14524434_1106112876131411_958039263622046936_o.jpg?resize=525%2C300&ssl=1 1.5x, https:\/\/i0.wp.com\/www.grieta.org.mx\/wp-content\/uploads\/2018\/03\/14524434_1106112876131411_958039263622046936_o.jpg?resize=700%2C400&ssl=1 2x"},"classes":[]},{"id":34998,"url":"https:\/\/www.grieta.org.mx\/index.php\/2019\/06\/18\/operativos-migratorios-tambien-en-la-frontera-norte-de-mexico\/","url_meta":{"origin":53000,"position":5},"title":"Operativos migratorios tambi\u00e9n en la frontera norte de M\u00e9xico","author":"grieta","date":"18 junio, 2019","format":false,"excerpt":"Soldados y polic\u00edas de los tres \u00f3rdenes de gobierno, encabezados por agentes de migraci\u00f3n, realizaron un operativo para impedir el flujo de migrantes que cruzan hacia Estados Unidos por el r\u00edo Bravo, dos d\u00edas despu\u00e9s de que en esa frontera norte L\u00f3pez Obrador llamara a no maltratar a los migrantes\u2026","rel":"","context":"En &quot;Chihuahua&quot;","block_context":{"text":"Chihuahua","link":"https:\/\/www.grieta.org.mx\/index.php\/category\/noticias-nacionales\/chihuahua\/"},"img":{"alt_text":"","src":"https:\/\/i0.wp.com\/www.grieta.org.mx\/wp-content\/uploads\/2019\/06\/Foto-Migrantes-cruza-a-EP-1024x678-768x509.jpg?resize=350%2C200&ssl=1","width":350,"height":200,"srcset":"https:\/\/i0.wp.com\/www.grieta.org.mx\/wp-content\/uploads\/2019\/06\/Foto-Migrantes-cruza-a-EP-1024x678-768x509.jpg?resize=350%2C200&ssl=1 1x, https:\/\/i0.wp.com\/www.grieta.org.mx\/wp-content\/uploads\/2019\/06\/Foto-Migrantes-cruza-a-EP-1024x678-768x509.jpg?resize=525%2C300&ssl=1 1.5x, https:\/\/i0.wp.com\/www.grieta.org.mx\/wp-content\/uploads\/2019\/06\/Foto-Migrantes-cruza-a-EP-1024x678-768x509.jpg?resize=700%2C400&ssl=1 2x"},"classes":[]}],"_links":{"self":[{"href":"https:\/\/www.grieta.org.mx\/index.php\/wp-json\/wp\/v2\/posts\/53000","targetHints":{"allow":["GET"]}}],"collection":[{"href":"https:\/\/www.grieta.org.mx\/index.php\/wp-json\/wp\/v2\/posts"}],"about":[{"href":"https:\/\/www.grieta.org.mx\/index.php\/wp-json\/wp\/v2\/types\/post"}],"author":[{"embeddable":true,"href":"https:\/\/www.grieta.org.mx\/index.php\/wp-json\/wp\/v2\/users\/2"}],"replies":[{"embeddable":true,"href":"https:\/\/www.grieta.org.mx\/index.php\/wp-json\/wp\/v2\/comments?post=53000"}],"version-history":[{"count":1,"href":"https:\/\/www.grieta.org.mx\/index.php\/wp-json\/wp\/v2\/posts\/53000\/revisions"}],"predecessor-version":[{"id":53002,"href":"https:\/\/www.grieta.org.mx\/index.php\/wp-json\/wp\/v2\/posts\/53000\/revisions\/53002"}],"wp:featuredmedia":[{"embeddable":true,"href":"https:\/\/www.grieta.org.mx\/index.php\/wp-json\/wp\/v2\/media\/21928"}],"wp:attachment":[{"href":"https:\/\/www.grieta.org.mx\/index.php\/wp-json\/wp\/v2\/media?parent=53000"}],"wp:term":[{"taxonomy":"category","embeddable":true,"href":"https:\/\/www.grieta.org.mx\/index.php\/wp-json\/wp\/v2\/categories?post=53000"},{"taxonomy":"post_tag","embeddable":true,"href":"https:\/\/www.grieta.org.mx\/index.php\/wp-json\/wp\/v2\/tags?post=53000"}],"curies":[{"name":"wp","href":"https:\/\/api.w.org\/{rel}","templated":true}]}}