{"id":52966,"date":"2020-08-30T13:48:16","date_gmt":"2020-08-30T18:48:16","guid":{"rendered":"http:\/\/www.grieta.org.mx\/?p=52966"},"modified":"2020-09-02T14:46:50","modified_gmt":"2020-09-02T19:46:50","slug":"alzan-la-voz-por-fernanda-y-todas-las-victimas-de-feminicidios-yucatan","status":"publish","type":"post","link":"https:\/\/www.grieta.org.mx\/index.php\/2020\/08\/30\/alzan-la-voz-por-fernanda-y-todas-las-victimas-de-feminicidios-yucatan\/","title":{"rendered":"Alzan la voz por Fernanda y todas las v\u00edctimas de feminicidios (Yucat\u00e1n)"},"content":{"rendered":"<p><img loading=\"lazy\" decoding=\"async\" data-attachment-id=\"52967\" data-permalink=\"https:\/\/www.grieta.org.mx\/index.php\/2020\/08\/30\/alzan-la-voz-por-fernanda-y-todas-las-victimas-de-feminicidios-yucatan\/feminicidiosmerida\/\" data-orig-file=\"https:\/\/www.grieta.org.mx\/wp-content\/uploads\/2020\/09\/feminicidiosMerida.jpg\" data-orig-size=\"560,416\" data-comments-opened=\"0\" data-image-meta=\"{&quot;aperture&quot;:&quot;0&quot;,&quot;credit&quot;:&quot;&quot;,&quot;camera&quot;:&quot;&quot;,&quot;caption&quot;:&quot;&quot;,&quot;created_timestamp&quot;:&quot;0&quot;,&quot;copyright&quot;:&quot;&quot;,&quot;focal_length&quot;:&quot;0&quot;,&quot;iso&quot;:&quot;0&quot;,&quot;shutter_speed&quot;:&quot;0&quot;,&quot;title&quot;:&quot;&quot;,&quot;orientation&quot;:&quot;0&quot;}\" data-image-title=\"feminicidiosMerida\" data-image-description=\"\" data-image-caption=\"\" data-medium-file=\"https:\/\/www.grieta.org.mx\/wp-content\/uploads\/2020\/09\/feminicidiosMerida-300x223.jpg\" data-large-file=\"https:\/\/www.grieta.org.mx\/wp-content\/uploads\/2020\/09\/feminicidiosMerida.jpg\" src=\"http:\/\/www.grieta.org.mx\/wp-content\/uploads\/2020\/09\/feminicidiosMerida.jpg\" alt=\"\" width=\"560\" height=\"416\" class=\"alignnone size-full wp-image-52967\" srcset=\"https:\/\/www.grieta.org.mx\/wp-content\/uploads\/2020\/09\/feminicidiosMerida.jpg 560w, https:\/\/www.grieta.org.mx\/wp-content\/uploads\/2020\/09\/feminicidiosMerida-300x223.jpg 300w\" sizes=\"auto, (max-width: 560px) 100vw, 560px\" \/><\/p>\n<p> Herbeth Escalante y Claudia Arriaga \/ Haz Ruido<\/p>\n<blockquote><p>Cientos de personas protestaron para exigir a las autoridades que no sean omisas ni guarden silencio ante estos cr\u00edmenes, pero sobre todo, que adopten un plan para la erradicaci\u00f3n de la violencia contra las mujeres.<\/p><\/blockquote>\n<p>M\u00e9rida, Yucat\u00e1n, 30 de agosto de 2020.- No se quedaron calladas, cientos de personas salieron a protestar en contra de la violencia feminicida en Yucat\u00e1n, alzaron la voz por Fernanda y todas las mujeres v\u00edctimas  de estos cr\u00edmenes y recriminaron a las autoridades por ser omisas y no haber fijado un pronunciamiento ante esta alarmante situaci\u00f3n.<\/p>\n<p>La familia Gual Mart\u00edn camin\u00f3 por toda la avenida Paseo de Montejo cargando una manta que dec\u00eda \u201cHoy nos falta una, nos falta Fernanda\u201d, mientras que el resto de manifestantes la acompa\u00f1aron en caravana de autom\u00f3viles, tocando el claxon, gritando consignas y cargando fotograf\u00edas de la joven y globos morados.<\/p>\n<p><img loading=\"lazy\" decoding=\"async\" data-attachment-id=\"52969\" data-permalink=\"https:\/\/www.grieta.org.mx\/index.php\/2020\/08\/30\/alzan-la-voz-por-fernanda-y-todas-las-victimas-de-feminicidios-yucatan\/p9-3\/\" data-orig-file=\"https:\/\/www.grieta.org.mx\/wp-content\/uploads\/2020\/08\/P9-e1599075658318.jpg\" data-orig-size=\"800,533\" data-comments-opened=\"0\" data-image-meta=\"{&quot;aperture&quot;:&quot;6.3&quot;,&quot;credit&quot;:&quot;&quot;,&quot;camera&quot;:&quot;Canon EOS 60D&quot;,&quot;caption&quot;:&quot;&quot;,&quot;created_timestamp&quot;:&quot;1598724097&quot;,&quot;copyright&quot;:&quot;&quot;,&quot;focal_length&quot;:&quot;18&quot;,&quot;iso&quot;:&quot;200&quot;,&quot;shutter_speed&quot;:&quot;0.004&quot;,&quot;title&quot;:&quot;&quot;,&quot;orientation&quot;:&quot;1&quot;}\" data-image-title=\"P9\" data-image-description=\"\" data-image-caption=\"\" data-medium-file=\"https:\/\/www.grieta.org.mx\/wp-content\/uploads\/2020\/08\/P9-300x200.jpg\" data-large-file=\"https:\/\/www.grieta.org.mx\/wp-content\/uploads\/2020\/08\/P9-1024x683.jpg\" src=\"http:\/\/www.grieta.org.mx\/wp-content\/uploads\/2020\/08\/P9-e1599075658318.jpg\" alt=\"\" width=\"800\" height=\"533\" class=\"alignnone size-full wp-image-52969\" \/><\/p>\n<p>\u201cNi una m\u00e1s, ni una m\u00e1s, ni una asesinada m\u00e1s\u201d, exclamaban a todo pulm\u00f3n las mujeres, los hombres, las ni\u00f1as, los ni\u00f1os, todas y todos los que salieron a protestar para exigir que se detenga esta violencia que ha cobrado la vida de ocho mujeres este a\u00f1o en Yucat\u00e1n, el estado m\u00e1s seguro del pa\u00eds. <\/p>\n<p>La indignaci\u00f3n las motiv\u00f3 a salir a protestar, luego que Fernanda, de apenas 21 a\u00f1os de edad, fue asesinada a balazos por su exnovio hace unos d\u00edas en una vivienda de M\u00e9rida, agresor que posteriormente se suicid\u00f3. <\/p>\n<p><img loading=\"lazy\" decoding=\"async\" data-attachment-id=\"52970\" data-permalink=\"https:\/\/www.grieta.org.mx\/index.php\/2020\/08\/30\/alzan-la-voz-por-fernanda-y-todas-las-victimas-de-feminicidios-yucatan\/p10\/\" data-orig-file=\"https:\/\/www.grieta.org.mx\/wp-content\/uploads\/2020\/08\/P10-e1599075733565.jpg\" data-orig-size=\"800,533\" data-comments-opened=\"0\" data-image-meta=\"{&quot;aperture&quot;:&quot;4.5&quot;,&quot;credit&quot;:&quot;&quot;,&quot;camera&quot;:&quot;Canon EOS 60D&quot;,&quot;caption&quot;:&quot;&quot;,&quot;created_timestamp&quot;:&quot;1598723774&quot;,&quot;copyright&quot;:&quot;&quot;,&quot;focal_length&quot;:&quot;100&quot;,&quot;iso&quot;:&quot;200&quot;,&quot;shutter_speed&quot;:&quot;0.001&quot;,&quot;title&quot;:&quot;&quot;,&quot;orientation&quot;:&quot;1&quot;}\" data-image-title=\"P10\" data-image-description=\"\" data-image-caption=\"\" data-medium-file=\"https:\/\/www.grieta.org.mx\/wp-content\/uploads\/2020\/08\/P10-300x200.jpg\" data-large-file=\"https:\/\/www.grieta.org.mx\/wp-content\/uploads\/2020\/08\/P10-1024x683.jpg\" src=\"http:\/\/www.grieta.org.mx\/wp-content\/uploads\/2020\/08\/P10-e1599075733565.jpg\" alt=\"\" width=\"800\" height=\"533\" class=\"alignnone size-full wp-image-52970\" \/><\/p>\n<p>\u201cHoy estamos reunidas para exigir justicia y verdad por Fernanda, si las autoridades avalaron con su silencio y sus omisiones la violencia feminicida, nosotras no. Exigimos justicia para Fernanda, pero tambi\u00e9n para Henrietta, Gladys, Ana, Suemi, Yazm\u00edn, Irlanda, Norma Yolanda, Yamili, y muchas otras mujeres que han sido y son v\u00edctimas de la violencia de g\u00e9nero en Yucat\u00e1n\u201d, sostuvo la se\u00f1ora Lizbeth Ethel Mart\u00edn Esquiliano, madre de la v\u00edctima, quien tambi\u00e9n record\u00f3 a las otras mujeres asesinadas este a\u00f1o.<\/p>\n<p><img loading=\"lazy\" decoding=\"async\" data-attachment-id=\"52971\" data-permalink=\"https:\/\/www.grieta.org.mx\/index.php\/2020\/08\/30\/alzan-la-voz-por-fernanda-y-todas-las-victimas-de-feminicidios-yucatan\/p12\/\" data-orig-file=\"https:\/\/www.grieta.org.mx\/wp-content\/uploads\/2020\/08\/P12-e1599075852292.jpg\" data-orig-size=\"800,533\" data-comments-opened=\"0\" data-image-meta=\"{&quot;aperture&quot;:&quot;5&quot;,&quot;credit&quot;:&quot;&quot;,&quot;camera&quot;:&quot;Canon EOS 60D&quot;,&quot;caption&quot;:&quot;&quot;,&quot;created_timestamp&quot;:&quot;1598723635&quot;,&quot;copyright&quot;:&quot;&quot;,&quot;focal_length&quot;:&quot;60&quot;,&quot;iso&quot;:&quot;200&quot;,&quot;shutter_speed&quot;:&quot;0.002&quot;,&quot;title&quot;:&quot;&quot;,&quot;orientation&quot;:&quot;1&quot;}\" data-image-title=\"P12\" data-image-description=\"\" data-image-caption=\"\" data-medium-file=\"https:\/\/www.grieta.org.mx\/wp-content\/uploads\/2020\/08\/P12-300x200.jpg\" data-large-file=\"https:\/\/www.grieta.org.mx\/wp-content\/uploads\/2020\/08\/P12-1024x683.jpg\" src=\"http:\/\/www.grieta.org.mx\/wp-content\/uploads\/2020\/08\/P12-e1599075852292.jpg\" alt=\"\" width=\"800\" height=\"533\" class=\"alignnone size-full wp-image-52971\" \/><\/p>\n<p>Al tomar el micr\u00f3fono, asegur\u00f3 que su hija fue  una mujer emp\u00e1tica y sensible al dolor ajeno, que luchaba y marchaba por esas mujeres a las que les apagaron la voz; por aquellas que su \u00faltimo aliento de vida fue tomado por un feminicida. Por eso mismo, ahora, ella sale a marchar y es la voz de Fernanda.<\/p>\n<p>Declar\u00f3 que las autoridades no cumplieron con su deber de prevenci\u00f3n, tanto en el caso de Fernanda como el de las otras v\u00edctimas, adem\u00e1s, no demuestran inter\u00e9s ni por lo ocurrido, ni por identificar los cambios o implementaciones necesarios para que no se repitan estos cr\u00edmenes. <\/p>\n<p>\u201cAnte el silencio por parte de las autoridades, exigimos que el Gobierno del Estado y los Gobiernos Municipales se pronuncien de manera p\u00fablica en contra de la violencia de g\u00e9nero, y condenen p\u00fablicamente estos feminicidios\u201d, insisti\u00f3.  <\/p>\n<p><img loading=\"lazy\" decoding=\"async\" data-attachment-id=\"52972\" data-permalink=\"https:\/\/www.grieta.org.mx\/index.php\/2020\/08\/30\/alzan-la-voz-por-fernanda-y-todas-las-victimas-de-feminicidios-yucatan\/p15\/\" data-orig-file=\"https:\/\/www.grieta.org.mx\/wp-content\/uploads\/2020\/08\/P15-e1599075932159.jpg\" data-orig-size=\"800,533\" data-comments-opened=\"0\" data-image-meta=\"{&quot;aperture&quot;:&quot;5.6&quot;,&quot;credit&quot;:&quot;&quot;,&quot;camera&quot;:&quot;Canon EOS 60D&quot;,&quot;caption&quot;:&quot;&quot;,&quot;created_timestamp&quot;:&quot;1598723431&quot;,&quot;copyright&quot;:&quot;&quot;,&quot;focal_length&quot;:&quot;100&quot;,&quot;iso&quot;:&quot;200&quot;,&quot;shutter_speed&quot;:&quot;0.00125&quot;,&quot;title&quot;:&quot;&quot;,&quot;orientation&quot;:&quot;1&quot;}\" data-image-title=\"P15\" data-image-description=\"\" data-image-caption=\"\" data-medium-file=\"https:\/\/www.grieta.org.mx\/wp-content\/uploads\/2020\/08\/P15-300x200.jpg\" data-large-file=\"https:\/\/www.grieta.org.mx\/wp-content\/uploads\/2020\/08\/P15-1024x683.jpg\" src=\"http:\/\/www.grieta.org.mx\/wp-content\/uploads\/2020\/08\/P15-e1599075932159.jpg\" alt=\"\" width=\"800\" height=\"533\" class=\"alignnone size-full wp-image-52972\" \/><\/p>\n<p>Tambi\u00e9n exigi\u00f3 que emitan un informe p\u00fablico y detallado de los casos de feminicidios cometidos durante el 2020,identificando las omisiones, errores y obst\u00e1culos en la actuaci\u00f3n policiaca, administrativa en Yucat\u00e1n, del personal de salud yo educativo, que permitieron o facilitaron la comisi\u00f3n de estos delitos.<\/p>\n<p>Asimismo, que se adopte un plan para la erradicaci\u00f3n de la violencia contra las mujeres y que las autoridades investiguen con enfoque de g\u00e9nero, sin revictimizarlas  como familiares, y permiti\u00e9ndoles  participar en el proceso.\u2028<\/p>\n<p>Lizbeth Ethel de igual manera critic\u00f3 la difusi\u00f3n de titulares estigmatizantes por parte de diversos medios locales ante estos cr\u00edmenes, por lo que rechaz\u00f3 que reproduzcan estereotipos de g\u00e9nero o que banalicen la violencia en contra de las mujeres. <\/p>\n<p>\u201cA los medios de comunicaci\u00f3n, les exigimos adoptar protocolos editoriales con perspectiva de g\u00e9nero para abordar noticias sobre violencia de g\u00e9nero, con el objetivo de no ser, as\u00ed sea sin darse cuenta, fuente de validaci\u00f3n para los agresores\u201d, sostuvo.<\/p>\n<p>Finalmente, hizo un llamado a todas las mujeres, colectivas, colectivos y organizaciones de la sociedad civila exigir que las autoridades cumplan con sus obligaciones, a exigir que se haga justicia y que se tomen todas las medidas necesarias para que no nos haga falta ni una mujer m\u00e1s. <\/p>\n<p>\u201cLo que hoy como familia nos mueve, es continuar con el legado de Fernanda, y luchar para que no haya otra Fernanda, que ninguna otra mujer sea violentada, y que todas puedan vivir libres de violencia\u201d, sostuvo. <\/p>\n<p>En el acto tambi\u00e9n habl\u00f3 Sthepanya Gual, hermana de Fernanda, quien recalc\u00f3 que la persona que la asesin\u00f3 no podr\u00e1 enfrentar las consecuencias de sus actos, pero ahora todas van a exigir justicia por las otras v\u00edctimas de feminicidio, para que las autoridades prevengan y garanticen una vida libre de violencia para las mujeres.  <\/p>\n<p>\u201c\u00a1Ya basta de vivir con miedo de ser el siguiente feminicidio! Y si tenemos que quemar y destruir para que nos puedan escuchar, lo vamos a hacer, porque ya basta de tanta impunidad, de que las mujeres no estemos en las agendas. Yucat\u00e1n tiene que abrir los ojos, pero no lo va a hacer mientras las cabezas de nuestro Estado y de nuestro Municipio se mantengan callados cobardemente\u201d, declar\u00f3. <\/p>\n<p>Dijo que luego de estas tragedias, se han dado cuenta de que tenemos autoridades tibias e insensibles, por lo que necesitan que reconozcan con acciones concretas, que la violencia de g\u00e9nero es real y que los feminicidios son un c\u00e1ncer que est\u00e1 consumiendo a todas.<\/p>\n<p>Por cierto, la familia Gual Mart\u00edn lament\u00f3 que el Gobierno del Estado las bloque\u00f3 en esta protesta, pues no permiti\u00f3 que coloquen una pantalla en el Monumento a la Patria para exponer videos y recuerdos de Fernanda, por el contrario, pusieron unas vallas para que nadie se pueda subir. <\/p>\n<p><a href=\"http:\/\/www.hazruido.mx\/reportes\/alzan-la-voz-por-fernanda-y-todas-las-victimas-de-feminicidios\/\" rel=\"noopener noreferrer\" target=\"_blank\">http:\/\/www.hazruido.mx\/reportes\/alzan-la-voz-por-fernanda-y-todas-las-victimas-de-feminicidios\/<\/a><\/p>\n","protected":false},"excerpt":{"rendered":"<p>Herbeth Escalante y Claudia Arriaga \/ Haz Ruido Cientos de personas protestaron para exigir a las autoridades que no sean omisas ni guarden silencio ante estos cr\u00edmenes, pero sobre todo, &hellip; <a href=\"https:\/\/www.grieta.org.mx\/index.php\/2020\/08\/30\/alzan-la-voz-por-fernanda-y-todas-las-victimas-de-feminicidios-yucatan\/\" class=\"more-link\">Leer m\u00e1s<\/a><\/p>\n","protected":false},"author":2,"featured_media":52967,"comment_status":"closed","ping_status":"closed","sticky":false,"template":"","format":"standard","meta":{"ngg_post_thumbnail":0,"_jetpack_newsletter_access":"","_jetpack_dont_email_post_to_subs":false,"_jetpack_newsletter_tier_id":0,"_jetpack_memberships_contains_paywalled_content":false,"_jetpack_memberships_contains_paid_content":false,"footnotes":""},"categories":[80,84,1106,2,83,36],"tags":[3019],"class_list":["post-52966","post","type-post","status-publish","format-standard","has-post-thumbnail","hentry","category-cintillo","category-feminicidios","category-feminicidios-en-yucatan","category-noticias-nacionales","category-temas-nacionales","category-yucatan","tag-movilizaciones-contra-feminicidios","entry"],"jetpack_featured_media_url":"https:\/\/www.grieta.org.mx\/wp-content\/uploads\/2020\/09\/feminicidiosMerida.jpg","jetpack_sharing_enabled":true,"jetpack_shortlink":"https:\/\/wp.me\/p7ZJR4-dMi","jetpack_likes_enabled":false,"jetpack-related-posts":[{"id":53375,"url":"https:\/\/www.grieta.org.mx\/index.php\/2020\/09\/15\/feministas-yucatecas-toman-la-codhey\/","url_meta":{"origin":52966,"position":0},"title":"Feministas yucatecas toman la CODHEY","author":"grieta","date":"15 septiembre, 2020","format":false,"excerpt":"Por Esto! Agrupaciones feministas de Yucat\u00e1n tomaron de manera simb\u00f3lica las instalaciones de la Comisi\u00f3n de Derechos Humanos de Yucat\u00e1n (CODHEY) como protesta por la violencia de g\u00e9nero que se viven en la entidad. Criticaron que las autoridades no han tomado acciones para evitar que se cometan asesinatos de mujeres.\u2026","rel":"","context":"En &quot;CINTILLO&quot;","block_context":{"text":"CINTILLO","link":"https:\/\/www.grieta.org.mx\/index.php\/category\/cintillo\/"},"img":{"alt_text":"","src":"https:\/\/i0.wp.com\/www.grieta.org.mx\/wp-content\/uploads\/2020\/09\/TomaCodehy1.png?resize=350%2C200&ssl=1","width":350,"height":200,"srcset":"https:\/\/i0.wp.com\/www.grieta.org.mx\/wp-content\/uploads\/2020\/09\/TomaCodehy1.png?resize=350%2C200&ssl=1 1x, https:\/\/i0.wp.com\/www.grieta.org.mx\/wp-content\/uploads\/2020\/09\/TomaCodehy1.png?resize=525%2C300&ssl=1 1.5x"},"classes":[]},{"id":54684,"url":"https:\/\/www.grieta.org.mx\/index.php\/2020\/11\/01\/colocan-altar-para-las-victimas-de-feminicidio-en-yucatan\/","url_meta":{"origin":52966,"position":1},"title":"Colocan altar para las v\u00edctimas de feminicidio en Yucat\u00e1n","author":"grieta","date":"1 noviembre, 2020","format":false,"excerpt":"Por Esto! Familiares de las v\u00edctimas de feminicidio en Yucat\u00e1n colocaron un altar para recordar a las mujeres asesinadas por razones de g\u00e9nero en Yucat\u00e1n en las instalaciones del Centro Cultural Olimpo en M\u00e9rida. A esta actividad tambi\u00e9n se sumaron colectivos feministas de la ciudad, quienes apoyaron a los familiares\u2026","rel":"","context":"En &quot;CINTILLO&quot;","block_context":{"text":"CINTILLO","link":"https:\/\/www.grieta.org.mx\/index.php\/category\/cintillo\/"},"img":{"alt_text":"","src":"https:\/\/i0.wp.com\/www.grieta.org.mx\/wp-content\/uploads\/2020\/11\/AltarFeminicidio.png?resize=350%2C200&ssl=1","width":350,"height":200,"srcset":"https:\/\/i0.wp.com\/www.grieta.org.mx\/wp-content\/uploads\/2020\/11\/AltarFeminicidio.png?resize=350%2C200&ssl=1 1x, https:\/\/i0.wp.com\/www.grieta.org.mx\/wp-content\/uploads\/2020\/11\/AltarFeminicidio.png?resize=525%2C300&ssl=1 1.5x"},"classes":[]},{"id":58110,"url":"https:\/\/www.grieta.org.mx\/index.php\/2021\/04\/02\/en-merida-izan-bandera-feminista-y-queman-imagen-de-policia-yucatan\/","url_meta":{"origin":52966,"position":2},"title":"En M\u00e9rida, izan bandera feminista y queman imagen de polic\u00eda (Yucat\u00e1n)","author":"grieta","date":"2 abril, 2021","format":false,"excerpt":"Claudia Arriaga \/ Haz Ruido Protestaron en la Plaza Grande por los feminicidios de Quintana Roo y Yucat\u00e1n M\u00e9rida, Yucat\u00e1n, 2 de abril del 2021.- En Yucat\u00e1n, las mujeres tambi\u00e9n se sumaron a las protestas de todo el pa\u00eds para exigir justicia por las cuatro mujeres que el fin de\u2026","rel":"","context":"En &quot;CINTILLO&quot;","block_context":{"text":"CINTILLO","link":"https:\/\/www.grieta.org.mx\/index.php\/category\/cintillo\/"},"img":{"alt_text":"","src":"https:\/\/i0.wp.com\/www.grieta.org.mx\/wp-content\/uploads\/2021\/04\/ProtestaFeminicidio-e1617483995487.png?resize=350%2C200&ssl=1","width":350,"height":200,"srcset":"https:\/\/i0.wp.com\/www.grieta.org.mx\/wp-content\/uploads\/2021\/04\/ProtestaFeminicidio-e1617483995487.png?resize=350%2C200&ssl=1 1x, https:\/\/i0.wp.com\/www.grieta.org.mx\/wp-content\/uploads\/2021\/04\/ProtestaFeminicidio-e1617483995487.png?resize=525%2C300&ssl=1 1.5x, https:\/\/i0.wp.com\/www.grieta.org.mx\/wp-content\/uploads\/2021\/04\/ProtestaFeminicidio-e1617483995487.png?resize=700%2C400&ssl=1 2x"},"classes":[]},{"id":59269,"url":"https:\/\/www.grieta.org.mx\/index.php\/2021\/05\/03\/ante-lentitud-de-autoridades-familia-de-maria-may-vuelve-a-protestar-yucatan\/","url_meta":{"origin":52966,"position":3},"title":"Ante lentitud de autoridades, familia de Mar\u00eda May vuelve a protestar (Yucat\u00e1n)","author":"grieta","date":"3 mayo, 2021","format":false,"excerpt":"Claudia Arriaga \/ Haz Ruido En Palacio de Gobierno, su hermana Edith pidi\u00f3 nuevamente que la Fiscal\u00eda General del Estado haga su trabajo. M\u00e9rida, Yucat\u00e1n, 3 de mayo del 2021.- Por cuarta ocasi\u00f3n, la familia y amistades de Mar\u00eda May protestaron para exigir justicia por ella y todas las mujeres\u2026","rel":"","context":"En &quot;CINTILLO&quot;","block_context":{"text":"CINTILLO","link":"https:\/\/www.grieta.org.mx\/index.php\/category\/cintillo\/"},"img":{"alt_text":"","src":"https:\/\/i0.wp.com\/www.grieta.org.mx\/wp-content\/uploads\/2021\/05\/FeminicidioMariaMay.png?resize=350%2C200&ssl=1","width":350,"height":200,"srcset":"https:\/\/i0.wp.com\/www.grieta.org.mx\/wp-content\/uploads\/2021\/05\/FeminicidioMariaMay.png?resize=350%2C200&ssl=1 1x, https:\/\/i0.wp.com\/www.grieta.org.mx\/wp-content\/uploads\/2021\/05\/FeminicidioMariaMay.png?resize=525%2C300&ssl=1 1.5x, https:\/\/i0.wp.com\/www.grieta.org.mx\/wp-content\/uploads\/2021\/05\/FeminicidioMariaMay.png?resize=700%2C400&ssl=1 2x"},"classes":[]},{"id":55158,"url":"https:\/\/www.grieta.org.mx\/index.php\/2020\/11\/14\/yucatecas-se-manifiestan-por-la-represion-policial-ocurrida-en-cancun\/","url_meta":{"origin":52966,"position":4},"title":"Yucatecas se manifiestan por la represi\u00f3n policial ocurrida en Canc\u00fan","author":"grieta","date":"14 noviembre, 2020","format":false,"excerpt":"Lilia Balam \/ Informe Fracto Entre consignas, expresaron su solidaridad con las v\u00edctimas de las agresiones policiales y con las familias de mujeres asesinadas en Quintana Roo. M\u00e9rida, Yucat\u00e1n, 14 de noviembre del 2020.- Al grito de \u201c\u00a1Quintana Roo feminicida!\u201d, yucatecas protestaron frente al Palacio de Gobierno por la represi\u00f3n\u2026","rel":"","context":"En &quot;CINTILLO&quot;","block_context":{"text":"CINTILLO","link":"https:\/\/www.grieta.org.mx\/index.php\/category\/cintillo\/"},"img":{"alt_text":"","src":"https:\/\/i0.wp.com\/www.grieta.org.mx\/wp-content\/uploads\/2020\/11\/77e7ceb5-efed-4def-bd71-e120f5d7449e-e1605541815638.jpg?resize=350%2C200&ssl=1","width":350,"height":200,"srcset":"https:\/\/i0.wp.com\/www.grieta.org.mx\/wp-content\/uploads\/2020\/11\/77e7ceb5-efed-4def-bd71-e120f5d7449e-e1605541815638.jpg?resize=350%2C200&ssl=1 1x, https:\/\/i0.wp.com\/www.grieta.org.mx\/wp-content\/uploads\/2020\/11\/77e7ceb5-efed-4def-bd71-e120f5d7449e-e1605541815638.jpg?resize=525%2C300&ssl=1 1.5x, https:\/\/i0.wp.com\/www.grieta.org.mx\/wp-content\/uploads\/2020\/11\/77e7ceb5-efed-4def-bd71-e120f5d7449e-e1605541815638.jpg?resize=700%2C400&ssl=1 2x"},"classes":[]},{"id":25883,"url":"https:\/\/www.grieta.org.mx\/index.php\/2018\/08\/26\/marchan-en-contra-de-los-feminicidios-en-yucatan\/","url_meta":{"origin":52966,"position":5},"title":"Marchan en contra de los feminicidios en Yucat\u00e1n","author":"grieta","date":"26 agosto, 2018","format":false,"excerpt":"Por Rosa Santana\/Proceso M\u00c9RIDA, Yuc., (apro).- Ciudadanos indignados salieron en esta capital y en el municipio de Tahdzi\u00fa a exigir justicia por los recientes feminicidios y la escalada de agresiones f\u00edsicas y sexuales contra menores en la entidad. Tambi\u00e9n exigieron a las autoridades reformas legales para castigar con mayor rigor\u2026","rel":"","context":"En &quot;CINTILLO&quot;","block_context":{"text":"CINTILLO","link":"https:\/\/www.grieta.org.mx\/index.php\/category\/cintillo\/"},"img":{"alt_text":"","src":"https:\/\/i0.wp.com\/www.grieta.org.mx\/wp-content\/uploads\/2018\/08\/thumb.jpg?resize=350%2C200&ssl=1","width":350,"height":200,"srcset":"https:\/\/i0.wp.com\/www.grieta.org.mx\/wp-content\/uploads\/2018\/08\/thumb.jpg?resize=350%2C200&ssl=1 1x, https:\/\/i0.wp.com\/www.grieta.org.mx\/wp-content\/uploads\/2018\/08\/thumb.jpg?resize=525%2C300&ssl=1 1.5x, https:\/\/i0.wp.com\/www.grieta.org.mx\/wp-content\/uploads\/2018\/08\/thumb.jpg?resize=700%2C400&ssl=1 2x"},"classes":[]}],"_links":{"self":[{"href":"https:\/\/www.grieta.org.mx\/index.php\/wp-json\/wp\/v2\/posts\/52966","targetHints":{"allow":["GET"]}}],"collection":[{"href":"https:\/\/www.grieta.org.mx\/index.php\/wp-json\/wp\/v2\/posts"}],"about":[{"href":"https:\/\/www.grieta.org.mx\/index.php\/wp-json\/wp\/v2\/types\/post"}],"author":[{"embeddable":true,"href":"https:\/\/www.grieta.org.mx\/index.php\/wp-json\/wp\/v2\/users\/2"}],"replies":[{"embeddable":true,"href":"https:\/\/www.grieta.org.mx\/index.php\/wp-json\/wp\/v2\/comments?post=52966"}],"version-history":[{"count":1,"href":"https:\/\/www.grieta.org.mx\/index.php\/wp-json\/wp\/v2\/posts\/52966\/revisions"}],"predecessor-version":[{"id":52974,"href":"https:\/\/www.grieta.org.mx\/index.php\/wp-json\/wp\/v2\/posts\/52966\/revisions\/52974"}],"wp:featuredmedia":[{"embeddable":true,"href":"https:\/\/www.grieta.org.mx\/index.php\/wp-json\/wp\/v2\/media\/52967"}],"wp:attachment":[{"href":"https:\/\/www.grieta.org.mx\/index.php\/wp-json\/wp\/v2\/media?parent=52966"}],"wp:term":[{"taxonomy":"category","embeddable":true,"href":"https:\/\/www.grieta.org.mx\/index.php\/wp-json\/wp\/v2\/categories?post=52966"},{"taxonomy":"post_tag","embeddable":true,"href":"https:\/\/www.grieta.org.mx\/index.php\/wp-json\/wp\/v2\/tags?post=52966"}],"curies":[{"name":"wp","href":"https:\/\/api.w.org\/{rel}","templated":true}]}}