{"id":52957,"date":"2020-09-01T11:26:23","date_gmt":"2020-09-01T16:26:23","guid":{"rendered":"http:\/\/www.grieta.org.mx\/?p=52957"},"modified":"2020-09-02T11:59:09","modified_gmt":"2020-09-02T16:59:09","slug":"denuncian-construccion-de-carretera-sin-permiso-en-el-lecho-del-rio-santa-catarina-nuevo-leon","status":"publish","type":"post","link":"https:\/\/www.grieta.org.mx\/index.php\/2020\/09\/01\/denuncian-construccion-de-carretera-sin-permiso-en-el-lecho-del-rio-santa-catarina-nuevo-leon\/","title":{"rendered":"Denuncian construcci\u00f3n de carretera sin permiso en el lecho del r\u00edo Santa Catarina (Nuevo Le\u00f3n)"},"content":{"rendered":"<p>Luciano Campos Garza\/ PROCESO<\/p>\n<p><img loading=\"lazy\" decoding=\"async\" data-attachment-id=\"52959\" data-permalink=\"https:\/\/www.grieta.org.mx\/index.php\/2020\/09\/01\/denuncian-construccion-de-carretera-sin-permiso-en-el-lecho-del-rio-santa-catarina-nuevo-leon\/viaducto-rio-870x522\/\" data-orig-file=\"https:\/\/www.grieta.org.mx\/wp-content\/uploads\/2020\/09\/viaducto-rio-870x522-1.jpg\" data-orig-size=\"870,522\" data-comments-opened=\"0\" data-image-meta=\"{&quot;aperture&quot;:&quot;0&quot;,&quot;credit&quot;:&quot;&quot;,&quot;camera&quot;:&quot;&quot;,&quot;caption&quot;:&quot;&quot;,&quot;created_timestamp&quot;:&quot;0&quot;,&quot;copyright&quot;:&quot;&quot;,&quot;focal_length&quot;:&quot;0&quot;,&quot;iso&quot;:&quot;0&quot;,&quot;shutter_speed&quot;:&quot;0&quot;,&quot;title&quot;:&quot;&quot;,&quot;orientation&quot;:&quot;0&quot;}\" data-image-title=\"viaducto-rio-870&amp;#215;522\" data-image-description=\"\" data-image-caption=\"\" data-medium-file=\"https:\/\/www.grieta.org.mx\/wp-content\/uploads\/2020\/09\/viaducto-rio-870x522-1-300x180.jpg\" data-large-file=\"https:\/\/www.grieta.org.mx\/wp-content\/uploads\/2020\/09\/viaducto-rio-870x522-1.jpg\" class=\"alignnone wp-image-52959\" src=\"http:\/\/www.grieta.org.mx\/wp-content\/uploads\/2020\/09\/viaducto-rio-870x522-1.jpg\" alt=\"La obra en el r\u00edo Santa Catarina. Foto: Facebook Ximena Peredo\" width=\"800\" height=\"480\" srcset=\"https:\/\/www.grieta.org.mx\/wp-content\/uploads\/2020\/09\/viaducto-rio-870x522-1.jpg 870w, https:\/\/www.grieta.org.mx\/wp-content\/uploads\/2020\/09\/viaducto-rio-870x522-1-300x180.jpg 300w, https:\/\/www.grieta.org.mx\/wp-content\/uploads\/2020\/09\/viaducto-rio-870x522-1-768x461.jpg 768w, https:\/\/www.grieta.org.mx\/wp-content\/uploads\/2020\/09\/viaducto-rio-870x522-1-833x500.jpg 833w\" sizes=\"auto, (max-width: 800px) 100vw, 800px\" \/><\/p>\n<p><strong>MONTERREY, N.L. (apro).- Ecologistas de la localidad denunciaron que sobre el lecho del r\u00edo Santa Catarina, afluente por el que se desfogan los huracanes que golpean la zona metropolitana de Nuevo Le\u00f3n, es construida, sin permiso, una carretera de casi 8 kil\u00f3metros, patrocinada por el gobierno federal.<\/strong><\/p>\n<p>De acuerdo a esta alerta ciudadana, dada a conocer por los activistas Antonio Hern\u00e1ndez, Ximena Peredo y Angel Toval\u00edn, el Viaducto Urbano Santa Catarina, se construye fuera del trazo autorizado por la Semarnat, como una extensi\u00f3n de la Autopista Monterrey-Saltillo, seg\u00fan consta en el expediente SGPA\/DGIRA\/DG\/08423.<\/p>\n<p>La obra que emprende la Secretar\u00eda de Comunicaciones y Transportes, a trav\u00e9s de la empresa constructora Garza Ponce autoriza, con base a coordenadas, un \u00e1rea de afectaci\u00f3n que hasta ahora es de unas 60 hect\u00e1reas en el tramo en construcci\u00f3n que hay entre los municipios de San Pedro, Santa Catarina y Monterrey, entre el \u00e1rea de La Huasteca y el Bulevard Antonio L. Rodr\u00edguez, al poniente de la zona metropolitana.<\/p>\n<p>Sin embargo, seg\u00fan el bi\u00f3logo Hern\u00e1ndez Ram\u00edrez, las coordenadas no demarcan un pol\u00edgono de afectaci\u00f3n, sino una l\u00ednea imaginaria que carece de profundidad, por lo que se encuentran fuera de autorizaci\u00f3n todos los trabajos que actualmente son efectuados en ese espacio de 7.5 kil\u00f3metros de extensi\u00f3n.<\/p>\n<p>Los activistas que integran el Colectivo R\u00edo Sin Viaducto entregaron el 3 de marzo pasado a la delegaci\u00f3n de la Procuradur\u00eda Federal de Protecci\u00f3n Ambiental una denuncia por esta irregularidad, sin que la autoridad les haya dado respuesta seis meses despu\u00e9s.<\/p>\n<p>Por ello, efectuaron otra visita a la delegaci\u00f3n el 27 de agosto y se reunieron con la encargada del despecho Elva Gricelda Garza Morado y dos inspectores, quienes, seg\u00fan se percibe, no conoc\u00edan el contenido de la denuncia.<\/p>\n<p>En la entrevista con Hern\u00e1ndez, Peredo y Toval\u00edn, los trabajadores de Profepa reconocieron que la autorizaci\u00f3n que exhiben de la Direcci\u00f3n General de Impacto Ambiental contiene un error, pues al autorizar una l\u00ednea y no un \u00e1rea, las 60 hect\u00e1reas construidas est\u00e1n fuera de las coordenadas autorizadas.<\/p>\n<p>Garza Morado se comprometi\u00f3 con los activistas a efectuar una inspecci\u00f3n en el sitio, al d\u00eda siguiente, pero horas m\u00e1s tarde le anunci\u00f3 que postergar\u00eda la diligencia para el viernes, aunque luego hubo otro aviso, de nueva cita para el s\u00e1bado y, posteriormente, para el lunes pasado, aunque ese recorrido no ocurri\u00f3.<\/p>\n<p>En entrevista, Hern\u00e1ndez se\u00f1al\u00f3 que denuncian esta construcci\u00f3n en el lecho del r\u00edo, y exigen la revocaci\u00f3n de su permiso, porque implica la p\u00e9rdida de biodiversidad, y destrucci\u00f3n de vegetaci\u00f3n, que es h\u00e1bitat para la vida silvestre.<\/p>\n<p>Tambi\u00e9n se observa, con estos trabajos de vialidad, peligro por inundaci\u00f3n, ya que la modificaci\u00f3n del r\u00edo puede afectar sectores en riesgo hidrometeorol\u00f3gico, adem\u00e1s que la construcci\u00f3n de pavimento en el lecho genera condiciones en la superficie que provocan m\u00e1s celeridad en la afluente, en caso de crecida, y la corriente se vuelve m\u00e1s peligrosa.<\/p>\n<p>\u201cNos preocupa profundamente que la integridad del R\u00edo Santa Catarina dependa, en este momento, de la acci\u00f3n inmediata de una dependencia que ha mostrado inacci\u00f3n y, por lo menos, negligencia, si no corrupci\u00f3n, en el tratamiento de nuestra denuncia y en el cuidado del r\u00edo Santa Catarina, un ecosistema vital para la sustentabilidad de Monterrey y su zona metropolitana\u201d, expuso Hern\u00e1ndez Ram\u00edrez.<\/p>\n<p><iframe loading=\"lazy\" style=\"border: none; overflow: hidden;\" src=\"https:\/\/www.facebook.com\/plugins\/video.php?href=https%3A%2F%2Fwww.facebook.com%2Fximena.peredo%2Fvideos%2F10159234592597345%2F&amp;show_text=0&amp;width=560\" width=\"560\" height=\"315\" frameborder=\"0\" scrolling=\"no\" allowfullscreen=\"allowfullscreen\"><\/iframe><\/p>\n<p><a href=\"https:\/\/www.proceso.com.mx\/646213\/denuncian-construccion-de-carretera-sin-permiso-en-el-lecho-del-rio-santa-catarina\" target=\"_blank\" rel=\"noopener noreferrer\">https:\/\/www.proceso.com.mx\/646213\/denuncian-construccion-de-carretera-sin-permiso-en-el-lecho-del-rio-santa-catarina<\/a><\/p>\n","protected":false},"excerpt":{"rendered":"<p>Luciano Campos Garza\/ PROCESO MONTERREY, N.L. (apro).- Ecologistas de la localidad denunciaron que sobre el lecho del r\u00edo Santa Catarina, afluente por el que se desfogan los huracanes que golpean &hellip; <a href=\"https:\/\/www.grieta.org.mx\/index.php\/2020\/09\/01\/denuncian-construccion-de-carretera-sin-permiso-en-el-lecho-del-rio-santa-catarina-nuevo-leon\/\" class=\"more-link\">Leer m\u00e1s<\/a><\/p>\n","protected":false},"author":2,"featured_media":52959,"comment_status":"closed","ping_status":"closed","sticky":false,"template":"","format":"standard","meta":{"ngg_post_thumbnail":0,"_jetpack_newsletter_access":"","_jetpack_dont_email_post_to_subs":false,"_jetpack_newsletter_tier_id":0,"_jetpack_memberships_contains_paywalled_content":false,"_jetpack_memberships_contains_paid_content":false,"footnotes":""},"categories":[80,3624,1469,2,24],"tags":[1946,3630,2562,3626,3627,2097,3625,332,3629,388,404,3628],"class_list":["post-52957","post","type-post","status-publish","format-standard","has-post-thumbnail","hentry","category-cintillo","category-destruccion-ambiental-en-nuevo-leon","category-movilizaciones-contra-megaproyectos-en-nuevo-leon","category-noticias-nacionales","category-nuevo-leon","tag-carreteras","tag-constructora-garza-ponce","tag-destruccion-ambiental","tag-ecologistas","tag-gobierno-federal","tag-profepa","tag-rio-santa-catarina","tag-san-pedro","tag-santa-catarina","tag-sct","tag-semarnat","tag-viaducto-urbano","entry"],"jetpack_featured_media_url":"https:\/\/www.grieta.org.mx\/wp-content\/uploads\/2020\/09\/viaducto-rio-870x522-1.jpg","jetpack_sharing_enabled":true,"jetpack_shortlink":"https:\/\/wp.me\/p7ZJR4-dM9","jetpack_likes_enabled":false,"jetpack-related-posts":[{"id":32852,"url":"https:\/\/www.grieta.org.mx\/index.php\/2019\/04\/30\/exigen-a-bronco-solucion-tras-desalojo-nuevo-leon\/","url_meta":{"origin":52957,"position":0},"title":"Exigen a &#8216;Bronco&#8217; soluci\u00f3n tras desalojo (Nuevo Le\u00f3n)","author":"grieta","date":"30 abril, 2019","format":false,"excerpt":"Missael D\u00e1vila \/ abcnoticias Exhabitantes del ejido \"El Capricho\" se\u00f1alaron al Gobernador que fueron v\u00edctimas de violaciones en sus derechos Santa Catarina.- Un grupo de al menos 15 exhabitantes del ejido \"El Capricho\" interceptaron al gobernador de Nuevo Le\u00f3n, Jaime Rodr\u00edguez, para exigirle una audiencia. Los hechos se registraron en\u2026","rel":"","context":"En &quot;CINTILLO&quot;","block_context":{"text":"CINTILLO","link":"https:\/\/www.grieta.org.mx\/index.php\/category\/cintillo\/"},"img":{"alt_text":"","src":"https:\/\/i0.wp.com\/www.grieta.org.mx\/wp-content\/uploads\/2019\/05\/Exigen-a-Bronco-soluci%C3%B3n-tras-desalojo-nl-may.jpg?resize=350%2C200","width":350,"height":200},"classes":[]},{"id":4381,"url":"https:\/\/www.grieta.org.mx\/index.php\/2015\/11\/16\/next-energy-invertira-us100-millones-en-nl\/","url_meta":{"origin":52957,"position":1},"title":"Next Energy invertir\u00e1 US100 millones en NL","author":"grieta","date":"16 noviembre, 2015","format":false,"excerpt":"El Economista Provee electricidad a varios municipios, la mayor\u00eda de los cuales le deben en conjunto $40 millones. LOURDES FLORES Monterrey, NL. Next Energy invertir\u00e1 100 millones de d\u00f3lares en el 2016, en la ampliaci\u00f3n de un parque e\u00f3lico ubicado en el municipio de Santa Catarina, as\u00ed como en integrar\u2026","rel":"","context":"En &quot;CINTILLO&quot;","block_context":{"text":"CINTILLO","link":"https:\/\/www.grieta.org.mx\/index.php\/category\/cintillo\/"},"img":{"alt_text":"","src":"https:\/\/i0.wp.com\/www.grieta.org.mx\/wp-content\/uploads\/2018\/03\/14524434_1106112876131411_958039263622046936_o.jpg?resize=350%2C200&ssl=1","width":350,"height":200,"srcset":"https:\/\/i0.wp.com\/www.grieta.org.mx\/wp-content\/uploads\/2018\/03\/14524434_1106112876131411_958039263622046936_o.jpg?resize=350%2C200&ssl=1 1x, https:\/\/i0.wp.com\/www.grieta.org.mx\/wp-content\/uploads\/2018\/03\/14524434_1106112876131411_958039263622046936_o.jpg?resize=525%2C300&ssl=1 1.5x, https:\/\/i0.wp.com\/www.grieta.org.mx\/wp-content\/uploads\/2018\/03\/14524434_1106112876131411_958039263622046936_o.jpg?resize=700%2C400&ssl=1 2x"},"classes":[]},{"id":24527,"url":"https:\/\/www.grieta.org.mx\/index.php\/2018\/07\/12\/denuncian-proyectos-urbanos-en-monterrey-que-impedirian-memorial-de-la-misericordia-nuevo-leon\/","url_meta":{"origin":52957,"position":2},"title":"Denuncian proyectos urbanos en Monterrey que impedir\u00edan \u201cMemorial de la Misericordia\u201d (Nuevo Le\u00f3n)","author":"grieta","date":"12 julio, 2018","format":false,"excerpt":"David Carrizales \/ El Universal Los manifestantes expusieron que ambos megaproyectos son invasivos y traer\u00e1n destrucci\u00f3n ecol\u00f3gica, as\u00ed como la privatizaci\u00f3n del cerro de la Loma Larga donde se pretende colocar la cruz m\u00e1s alta del mundo Unos 150 vecinos de la colonia Independencia, investigadores y acad\u00e9micos solidarios, realizaron una\u2026","rel":"","context":"En &quot;CINTILLO&quot;","block_context":{"text":"CINTILLO","link":"https:\/\/www.grieta.org.mx\/index.php\/category\/cintillo\/"},"img":{"alt_text":"","src":"https:\/\/i0.wp.com\/www.grieta.org.mx\/wp-content\/uploads\/2018\/07\/Denuncian-proyectos-urbanos-en-Monterrey-que-impedir%C3%ADan-Memorial-de-la-misericordia.jpg?resize=350%2C200&ssl=1","width":350,"height":200,"srcset":"https:\/\/i0.wp.com\/www.grieta.org.mx\/wp-content\/uploads\/2018\/07\/Denuncian-proyectos-urbanos-en-Monterrey-que-impedir%C3%ADan-Memorial-de-la-misericordia.jpg?resize=350%2C200&ssl=1 1x, https:\/\/i0.wp.com\/www.grieta.org.mx\/wp-content\/uploads\/2018\/07\/Denuncian-proyectos-urbanos-en-Monterrey-que-impedir%C3%ADan-Memorial-de-la-misericordia.jpg?resize=525%2C300&ssl=1 1.5x"},"classes":[]},{"id":33269,"url":"https:\/\/www.grieta.org.mx\/index.php\/2019\/05\/04\/nuevo-leon-es-quinto-lugar-en-feminicidios\/","url_meta":{"origin":52957,"position":3},"title":"Nuevo Le\u00f3n es quinto lugar en feminicidios","author":"grieta","date":"4 mayo, 2019","format":false,"excerpt":"Aracely Garza \/ Excelsior Nueve municipios del estado aparecen en la lista de los 100 en los que se cometi\u00f3 m\u00e1s este delito durante el primer trimestre del a\u00f1o MONTERREY, Nuevo Le\u00f3n En relaci\u00f3n con los 32 estados de la Rep\u00fablica, Nuevo Le\u00f3n figura en el quinto lugar en el\u2026","rel":"","context":"En &quot;CINTILLO&quot;","block_context":{"text":"CINTILLO","link":"https:\/\/www.grieta.org.mx\/index.php\/category\/cintillo\/"},"img":{"alt_text":"","src":"https:\/\/i0.wp.com\/www.grieta.org.mx\/wp-content\/uploads\/2019\/05\/Nuevo-Le%C3%B3n-es-quinto-lugar-en-feminicidios-nl-may.jpg?resize=350%2C200&ssl=1","width":350,"height":200,"srcset":"https:\/\/i0.wp.com\/www.grieta.org.mx\/wp-content\/uploads\/2019\/05\/Nuevo-Le%C3%B3n-es-quinto-lugar-en-feminicidios-nl-may.jpg?resize=350%2C200&ssl=1 1x, https:\/\/i0.wp.com\/www.grieta.org.mx\/wp-content\/uploads\/2019\/05\/Nuevo-Le%C3%B3n-es-quinto-lugar-en-feminicidios-nl-may.jpg?resize=525%2C300&ssl=1 1.5x"},"classes":[]},{"id":4377,"url":"https:\/\/www.grieta.org.mx\/index.php\/2016\/01\/31\/hay-25-proyectos-de-energia-en-proceso-en-nuevo-leon\/","url_meta":{"origin":52957,"position":4},"title":"Hay 25 proyectos de energ\u00eda en proceso en Nuevo Le\u00f3n","author":"grieta","date":"31 enero, 2016","format":false,"excerpt":"El Economista Monterrey, NL. Nuevo Le\u00f3n tiene una cartera futura de 25 proyectos de energ\u00edas renovables y cogeneraci\u00f3n por un estimado de 2,900 millones de d\u00f3lares, que sumar\u00e1n una capacidad de 2,193 megawatts en la entidad, afirm\u00f3 Gregorio Canales. Lourdes Flores Monterrey, NL. Nuevo Le\u00f3n tiene una cartera futura de\u2026","rel":"","context":"En &quot;CINTILLO&quot;","block_context":{"text":"CINTILLO","link":"https:\/\/www.grieta.org.mx\/index.php\/category\/cintillo\/"},"img":{"alt_text":"","src":"https:\/\/i0.wp.com\/www.grieta.org.mx\/wp-content\/uploads\/2018\/03\/14524434_1106112876131411_958039263622046936_o.jpg?resize=350%2C200&ssl=1","width":350,"height":200,"srcset":"https:\/\/i0.wp.com\/www.grieta.org.mx\/wp-content\/uploads\/2018\/03\/14524434_1106112876131411_958039263622046936_o.jpg?resize=350%2C200&ssl=1 1x, https:\/\/i0.wp.com\/www.grieta.org.mx\/wp-content\/uploads\/2018\/03\/14524434_1106112876131411_958039263622046936_o.jpg?resize=525%2C300&ssl=1 1.5x, https:\/\/i0.wp.com\/www.grieta.org.mx\/wp-content\/uploads\/2018\/03\/14524434_1106112876131411_958039263622046936_o.jpg?resize=700%2C400&ssl=1 2x"},"classes":[]},{"id":13434,"url":"https:\/\/www.grieta.org.mx\/index.php\/2016\/05\/25\/poliducto-de-hep-en-nl-con-alta-demanda\/","url_meta":{"origin":52957,"position":5},"title":"Poliducto de HEP en NL, con alta demanda","author":"grieta","date":"25 mayo, 2016","format":false,"excerpt":"SONIA CORONADO DIMENSI\u00d3N. Est\u00e1 integrado por el Poliducto Frontera, que se proyecta del cruce internacional hasta una terminal de almacenamiento en Nuevo Le\u00f3n. El inter\u00e9s mostrado por las compa\u00f1\u00edas durante la temporada abierta que realiz\u00f3 Howard Midstream Energy Partners para el poliducto Dos \u00c1guilas, valida la necesidad del proyecto, asegur\u00f3\u2026","rel":"","context":"En &quot;CINTILLO&quot;","block_context":{"text":"CINTILLO","link":"https:\/\/www.grieta.org.mx\/index.php\/category\/cintillo\/"},"img":{"alt_text":"","src":"https:\/\/i0.wp.com\/www.grieta.org.mx\/wp-content\/uploads\/2018\/03\/14524434_1106112876131411_958039263622046936_o.jpg?resize=350%2C200&ssl=1","width":350,"height":200,"srcset":"https:\/\/i0.wp.com\/www.grieta.org.mx\/wp-content\/uploads\/2018\/03\/14524434_1106112876131411_958039263622046936_o.jpg?resize=350%2C200&ssl=1 1x, https:\/\/i0.wp.com\/www.grieta.org.mx\/wp-content\/uploads\/2018\/03\/14524434_1106112876131411_958039263622046936_o.jpg?resize=525%2C300&ssl=1 1.5x, https:\/\/i0.wp.com\/www.grieta.org.mx\/wp-content\/uploads\/2018\/03\/14524434_1106112876131411_958039263622046936_o.jpg?resize=700%2C400&ssl=1 2x"},"classes":[]}],"_links":{"self":[{"href":"https:\/\/www.grieta.org.mx\/index.php\/wp-json\/wp\/v2\/posts\/52957","targetHints":{"allow":["GET"]}}],"collection":[{"href":"https:\/\/www.grieta.org.mx\/index.php\/wp-json\/wp\/v2\/posts"}],"about":[{"href":"https:\/\/www.grieta.org.mx\/index.php\/wp-json\/wp\/v2\/types\/post"}],"author":[{"embeddable":true,"href":"https:\/\/www.grieta.org.mx\/index.php\/wp-json\/wp\/v2\/users\/2"}],"replies":[{"embeddable":true,"href":"https:\/\/www.grieta.org.mx\/index.php\/wp-json\/wp\/v2\/comments?post=52957"}],"version-history":[{"count":1,"href":"https:\/\/www.grieta.org.mx\/index.php\/wp-json\/wp\/v2\/posts\/52957\/revisions"}],"predecessor-version":[{"id":52960,"href":"https:\/\/www.grieta.org.mx\/index.php\/wp-json\/wp\/v2\/posts\/52957\/revisions\/52960"}],"wp:featuredmedia":[{"embeddable":true,"href":"https:\/\/www.grieta.org.mx\/index.php\/wp-json\/wp\/v2\/media\/52959"}],"wp:attachment":[{"href":"https:\/\/www.grieta.org.mx\/index.php\/wp-json\/wp\/v2\/media?parent=52957"}],"wp:term":[{"taxonomy":"category","embeddable":true,"href":"https:\/\/www.grieta.org.mx\/index.php\/wp-json\/wp\/v2\/categories?post=52957"},{"taxonomy":"post_tag","embeddable":true,"href":"https:\/\/www.grieta.org.mx\/index.php\/wp-json\/wp\/v2\/tags?post=52957"}],"curies":[{"name":"wp","href":"https:\/\/api.w.org\/{rel}","templated":true}]}}