{"id":52903,"date":"2020-08-27T16:49:30","date_gmt":"2020-08-27T21:49:30","guid":{"rendered":"http:\/\/www.grieta.org.mx\/?p=52903"},"modified":"2020-08-31T17:03:18","modified_gmt":"2020-08-31T22:03:18","slug":"sergio-rivera-a-dos-anos-de-la-desaparicion-del-defensor-contra-hidroelectrica-puebla","status":"publish","type":"post","link":"https:\/\/www.grieta.org.mx\/index.php\/2020\/08\/27\/sergio-rivera-a-dos-anos-de-la-desaparicion-del-defensor-contra-hidroelectrica-puebla\/","title":{"rendered":"Sergio Rivera, a dos a\u00f1os de la desaparici\u00f3n del defensor contra hidroel\u00e9ctrica (Puebla)"},"content":{"rendered":"<p><a href=\"http:\/\/www.grieta.org.mx\/wp-content\/uploads\/2020\/08\/Serie-documental-4_radioZapote_video.jpg\"><img loading=\"lazy\" decoding=\"async\" data-attachment-id=\"52904\" data-permalink=\"https:\/\/www.grieta.org.mx\/index.php\/2020\/08\/27\/sergio-rivera-a-dos-anos-de-la-desaparicion-del-defensor-contra-hidroelectrica-puebla\/serie-documental-4_radiozapote_video\/\" data-orig-file=\"https:\/\/www.grieta.org.mx\/wp-content\/uploads\/2020\/08\/Serie-documental-4_radioZapote_video.jpg\" data-orig-size=\"709,443\" data-comments-opened=\"0\" data-image-meta=\"{&quot;aperture&quot;:&quot;0&quot;,&quot;credit&quot;:&quot;&quot;,&quot;camera&quot;:&quot;&quot;,&quot;caption&quot;:&quot;&quot;,&quot;created_timestamp&quot;:&quot;0&quot;,&quot;copyright&quot;:&quot;&quot;,&quot;focal_length&quot;:&quot;0&quot;,&quot;iso&quot;:&quot;0&quot;,&quot;shutter_speed&quot;:&quot;0&quot;,&quot;title&quot;:&quot;&quot;,&quot;orientation&quot;:&quot;1&quot;}\" data-image-title=\"Serie-documental-4_radioZapote_video\" data-image-description=\"\" data-image-caption=\"\" data-medium-file=\"https:\/\/www.grieta.org.mx\/wp-content\/uploads\/2020\/08\/Serie-documental-4_radioZapote_video-300x187.jpg\" data-large-file=\"https:\/\/www.grieta.org.mx\/wp-content\/uploads\/2020\/08\/Serie-documental-4_radioZapote_video.jpg\" class=\"aligncenter wp-image-52904\" src=\"http:\/\/www.grieta.org.mx\/wp-content\/uploads\/2020\/08\/Serie-documental-4_radioZapote_video.jpg\" alt=\"\" width=\"800\" height=\"500\" srcset=\"https:\/\/www.grieta.org.mx\/wp-content\/uploads\/2020\/08\/Serie-documental-4_radioZapote_video.jpg 709w, https:\/\/www.grieta.org.mx\/wp-content\/uploads\/2020\/08\/Serie-documental-4_radioZapote_video-300x187.jpg 300w\" sizes=\"auto, (max-width: 800px) 100vw, 800px\" \/><\/a><\/p>\n<blockquote><p>Este lunes 24 se cumplieron dos a\u00f1os de la desaparici\u00f3n del defensor del territorio y opositor a la represa hidroel\u00e9ctrica Coyolapa-Atzalan, en la Sierra Negra de Puebla. La audiencia definitiva del juicio contra tres detenidos ser\u00e1 la pr\u00f3xima semana. Pobladores alertan que el megaproyecto sigue vigente<\/p><\/blockquote>\n<p>Texto: Marcos Nucamendi \/ Lado B \/ Pie de P\u00e1gina<br \/>\nFotos: Radio Zapote<\/p>\n<p>PUEBLA, PUEBLA.- Hablar de un megaproyecto como el de la represa hidroel\u00e9ctrica Coyolapa-Atzalan, en la Sierra Negra de Puebla, es hablar de la vida de quienes defienden el agua y el territorio. Es hablar de personas como Sergio Rivera Hern\u00e1ndez, desaparecido el 23 de agosto de 2018, presumiblemente por su oposici\u00f3n a un proyecto que afectar\u00eda, sobre todo, a los r\u00edos Huitzalan, Atzalan y Coyolapa.<\/p>\n<p>A la fecha, tres personas permanecen detenidas por la desaparici\u00f3n del defensor, a la espera de la audiencia definitiva del pr\u00f3ximo 3 de septiembre, cuando el juez Mario Cort\u00e9z Aldama, quien ha sido acusado de discriminar y desacreditar a los testigos de la desaparici\u00f3n \u2013vali\u00e9ndose incluso de comentarios racistas\u2013, emitir\u00e1 su sentencia.<\/p>\n<p>Sin embargo, las organizaciones ind\u00edgenas y campesinas que acompa\u00f1an el caso insisten, en que tanto el proceso judicial como las labores de b\u00fasqueda se han visto ensombrecidas por omisiones, irregularidades, imparcialidad, actos discriminatorios, hostigamiento a testigos y falta de coordinaci\u00f3n institucional.<\/p>\n<p>La desaparici\u00f3n de Sergio Rivera, explica Omar Esparza, del Movimiento Agrario Ind\u00edgena Zapatista (MAIZ), ten\u00eda la intenci\u00f3n de desactivar la resistencia que se hab\u00eda gestado desde 2016 en la regi\u00f3n, cuando los habitantes de los municipios de Zoquitl\u00e1n, Coyomeapan y Tlacotepec se percataron de la existencia del proyecto hidroel\u00e9ctrico que impulsa la Minera Autl\u00e1n, propiedad de Jos\u00e9 Antonio Rivero Larrea.<\/p>\n<p>Lo \u00fanico que consiguieron los responsables materiales e intelectuales, coment\u00f3, fue acentuar la desconfianza en las instituciones y fortalecer al movimiento contra la hidroel\u00e9ctrica: \u201cLa lucha contra este proyecto ha cambiado la concepci\u00f3n de la gente [af\u00edn al movimiento], que antes ten\u00eda que quedarse callada y no pod\u00eda salir a gritar lo que le dol\u00eda o le incomodaba\u201d.<\/p>\n<p>Lo que les duele, dice Omar, es la desaparici\u00f3n de una persona que estaba comprometida con la defensa del territorio y con su familia; de un actor social que sintetizaba perfectamente el sentir de las comunidades afectadas.<\/p>\n<p>&nbsp;<\/p>\n<p><strong>Liberaci\u00f3n de imputados, riesgo para las comunidades<\/strong><\/p>\n<p>Este lunes 24 de agosto, en conmemoraci\u00f3n del segundo aniversario de la desaparici\u00f3n de Sergio Rivera Hern\u00e1ndez, unas 50 personas se manifestaron frente a las instalaciones de la Fiscal\u00eda General del Estado en Tehuac\u00e1n.<\/p>\n<p>En entrevista, Mart\u00edn Barrios Hern\u00e1ndez, integrante de la Comisi\u00f3n de Derechos Humanos y Laborales del Valle de Tehuac\u00e1n, advirti\u00f3 sobre lo que puede suceder si el juez Mario Cort\u00e9z Aldama, de la Regi\u00f3n Judicial Sur-Oriente de Tehuac\u00e1n, no emite una sentencia condenatoria.<\/p>\n<p>\u201cSi estas personas salen libres, va a quedar impune un delito grave como la desaparici\u00f3n de Sergio y ellos van a regresar como heroicos villanos a su comunidad. La minera va a salir fortalecida para imponer un proyecto hidroel\u00e9ctrico\u201d.<\/p>\n<p>A pesar de que los imputados est\u00e1n detenidos, explic\u00f3 para LADO B Aram Montalvo Lleztle, uno de los integrantes de la resistencia a la hidroel\u00e9ctrica, las amenazas hacia las organizaciones opositoras y hacia los testigos del caso, no han cesado. Tan s\u00f3lo la semana pasada, un grupo de trabajadores de la construcci\u00f3n, que tambi\u00e9n son integrantes de la resistencia, fueron agredidos por hombres armados en el municipio de Zoquitl\u00e1n.<\/p>\n<p><a href=\"http:\/\/www.grieta.org.mx\/wp-content\/uploads\/2020\/08\/Serie-documental-5radioZapote_video.jpg\"><img loading=\"lazy\" decoding=\"async\" data-attachment-id=\"52905\" data-permalink=\"https:\/\/www.grieta.org.mx\/index.php\/2020\/08\/27\/sergio-rivera-a-dos-anos-de-la-desaparicion-del-defensor-contra-hidroelectrica-puebla\/serie-documental-5radiozapote_video\/\" data-orig-file=\"https:\/\/www.grieta.org.mx\/wp-content\/uploads\/2020\/08\/Serie-documental-5radioZapote_video.jpg\" data-orig-size=\"850,531\" data-comments-opened=\"0\" data-image-meta=\"{&quot;aperture&quot;:&quot;0&quot;,&quot;credit&quot;:&quot;&quot;,&quot;camera&quot;:&quot;&quot;,&quot;caption&quot;:&quot;&quot;,&quot;created_timestamp&quot;:&quot;0&quot;,&quot;copyright&quot;:&quot;&quot;,&quot;focal_length&quot;:&quot;0&quot;,&quot;iso&quot;:&quot;0&quot;,&quot;shutter_speed&quot;:&quot;0&quot;,&quot;title&quot;:&quot;&quot;,&quot;orientation&quot;:&quot;1&quot;}\" data-image-title=\"Serie-documental-5radioZapote_video\" data-image-description=\"\" data-image-caption=\"\" data-medium-file=\"https:\/\/www.grieta.org.mx\/wp-content\/uploads\/2020\/08\/Serie-documental-5radioZapote_video-300x187.jpg\" data-large-file=\"https:\/\/www.grieta.org.mx\/wp-content\/uploads\/2020\/08\/Serie-documental-5radioZapote_video.jpg\" class=\"aligncenter wp-image-52905\" src=\"http:\/\/www.grieta.org.mx\/wp-content\/uploads\/2020\/08\/Serie-documental-5radioZapote_video.jpg\" alt=\"\" width=\"800\" height=\"500\" srcset=\"https:\/\/www.grieta.org.mx\/wp-content\/uploads\/2020\/08\/Serie-documental-5radioZapote_video.jpg 850w, https:\/\/www.grieta.org.mx\/wp-content\/uploads\/2020\/08\/Serie-documental-5radioZapote_video-300x187.jpg 300w, https:\/\/www.grieta.org.mx\/wp-content\/uploads\/2020\/08\/Serie-documental-5radioZapote_video-768x480.jpg 768w, https:\/\/www.grieta.org.mx\/wp-content\/uploads\/2020\/08\/Serie-documental-5radioZapote_video-800x500.jpg 800w\" sizes=\"auto, (max-width: 800px) 100vw, 800px\" \/><\/a><\/p>\n<p>Hace un mes, sin mayor explicaci\u00f3n, agreg\u00f3, les fueron levantadas las medidas cautelares que les hab\u00eda otorgado la Subsecretar\u00eda de Derechos Humanos a las testigos de la desaparici\u00f3n; familiares de los imputados, dice Aram, fueron a la comunidad de Tepexilotla, junta auxiliar de Zoquitl\u00e1n, para amenazarlas en fechas recientes.<\/p>\n<p>Adem\u00e1s, se les cort\u00f3 el servicio de agua potable desde finales de abril, con la supuesta anuencia del presidente municipal, Claudio Hern\u00e1ndez Cabanzo, quien ha sido acusado por no transparentar la ejecuci\u00f3n de obra p\u00fablica en el municipio.<\/p>\n<p>Cabanzo, que en un principio se hab\u00eda mostrado del lado de los defensores del territorio \u2013firmando incluso un compromiso de campa\u00f1a para impedir el cambio de uso de suelo en favor de la minera\u2013, cuenta Aram, se ha distanciado del movimiento a tal punto que, sus asesores y las constructoras que le trabajan son los mismos que asesoraban y las mismas que le trabajaban al presidente municipal anterior, Ferm\u00edn Gonz\u00e1lez Le\u00f3n, cercano a la minera y a decir de las organizaciones opositoras, del grupo que desapareci\u00f3 a Sergio Rivera.<\/p>\n<p><strong>La b\u00fasqueda en vida, un asunto pendiente<\/strong><\/p>\n<p>Omar Esparza, de MAIZ, ha hecho hincapi\u00e9 en que el proceso que se sigue en contra de los tres imputados por la v\u00eda judicial, debe diferenciarse de la labor que tendr\u00eda que estar haciendo el gobierno del estado para encontrar con vida a Sergio Rivera Hern\u00e1ndez.<\/p>\n<p>El tambi\u00e9n consejero ciudadano de la Comisi\u00f3n Estatal de B\u00fasqueda record\u00f3 que \u00e9sta tiene un presupuesto asignado de 18 millones de pesos y desde su instalaci\u00f3n, en enero de este a\u00f1o, no se ha tomado con seriedad el caso del defensor del territorio desaparecido, cuesti\u00f3n que se pondr\u00e1 sobre la mesa durante la pr\u00f3xima reuni\u00f3n de la comisi\u00f3n, el 26 de agosto.<\/p>\n<p>En entrevista, dijo que ser\u00e1 en este contexto donde tambi\u00e9n se aborde, una vez m\u00e1s, el tema de las agresiones constantes en contra de las organizaciones opositoras al proyecto, y ahora el de las medidas de protecci\u00f3n que les fueron levantadas a los testigos del caso de desaparici\u00f3n, sin previo aviso.<\/p>\n<p>\u201cSe lo hemos planteado en reiteradas ocasiones al gobierno del estado, pero parece que est\u00e1 rebasado para resolver este tipo de situaciones; pareciera que tiene que haber presi\u00f3n internacional o muertos para que realmente act\u00fae\u201d.<\/p>\n<p><strong>Un documental contra la narrativa hegem\u00f3nica<\/strong><\/p>\n<p>Una de las estrategias a las que ha recurrido la Minera Autl\u00e1n, sostienen las organizaciones que acompa\u00f1an el caso, ha sido la apuesta por la divisi\u00f3n de las comunidades, ofreciendo dinero y futuros empleos a cambio de apoyo; esto sumado a la campa\u00f1a de desprestigio permanente hacia los defensores del territorio.<\/p>\n<p>En un intento por contrarrestar esta narrativa, y con el objetivo de visibilizar el caso de Sergio a nivel nacional e internacional, Radio Tlacuache (de Zoquitl\u00e1n) y Radio Zapote (Ciudad de M\u00e9xico) produjeron conjuntamente el documental Los que en la Sierra est\u00e1n resistiendo, que se estren\u00f3 el 21 de agosto a trav\u00e9s de redes sociales.<\/p>\n<p><a href=\"http:\/\/www.grieta.org.mx\/wp-content\/uploads\/2020\/08\/Serie-documental-6radioZapote_video.jpg\"><img loading=\"lazy\" decoding=\"async\" data-attachment-id=\"52906\" data-permalink=\"https:\/\/www.grieta.org.mx\/index.php\/2020\/08\/27\/sergio-rivera-a-dos-anos-de-la-desaparicion-del-defensor-contra-hidroelectrica-puebla\/serie-documental-6radiozapote_video\/\" data-orig-file=\"https:\/\/www.grieta.org.mx\/wp-content\/uploads\/2020\/08\/Serie-documental-6radioZapote_video.jpg\" data-orig-size=\"709,443\" data-comments-opened=\"0\" data-image-meta=\"{&quot;aperture&quot;:&quot;0&quot;,&quot;credit&quot;:&quot;&quot;,&quot;camera&quot;:&quot;&quot;,&quot;caption&quot;:&quot;&quot;,&quot;created_timestamp&quot;:&quot;0&quot;,&quot;copyright&quot;:&quot;&quot;,&quot;focal_length&quot;:&quot;0&quot;,&quot;iso&quot;:&quot;0&quot;,&quot;shutter_speed&quot;:&quot;0&quot;,&quot;title&quot;:&quot;&quot;,&quot;orientation&quot;:&quot;1&quot;}\" data-image-title=\"Serie-documental-6radioZapote_video\" data-image-description=\"\" data-image-caption=\"\" data-medium-file=\"https:\/\/www.grieta.org.mx\/wp-content\/uploads\/2020\/08\/Serie-documental-6radioZapote_video-300x187.jpg\" data-large-file=\"https:\/\/www.grieta.org.mx\/wp-content\/uploads\/2020\/08\/Serie-documental-6radioZapote_video.jpg\" class=\"aligncenter wp-image-52906\" src=\"http:\/\/www.grieta.org.mx\/wp-content\/uploads\/2020\/08\/Serie-documental-6radioZapote_video.jpg\" alt=\"\" width=\"800\" height=\"500\" srcset=\"https:\/\/www.grieta.org.mx\/wp-content\/uploads\/2020\/08\/Serie-documental-6radioZapote_video.jpg 709w, https:\/\/www.grieta.org.mx\/wp-content\/uploads\/2020\/08\/Serie-documental-6radioZapote_video-300x187.jpg 300w\" sizes=\"auto, (max-width: 800px) 100vw, 800px\" \/><\/a><\/p>\n<p>Omar Aziz, de Radio Zapote, convers\u00f3 con LADO B sobre el documental y rol de las radios comunitarias y de los medios libres e independientes, espec\u00edficamente en el acompa\u00f1amiento de procesos de defensa del territorio:<\/p>\n<p>\u201cEstas mafias y cacicazgos tienen un gran temor a la posibilidad de que la informaci\u00f3n de la propia comunidad se vuelva masiva, por la gran potencia que tiene la radio en sectores rurales [\u2026] Hay una gran oportunidad de romper con la mayor herramienta que tienen, que es la mentira y la manipulaci\u00f3n\u201d.<\/p>\n<p>De ah\u00ed que se decidiera, de forma conjunta con Radio Tlacuache, recuperar la historia de lucha en contra de la minera y el proyecto hidroel\u00e9ctrico en la Sierra Negra de Puebla.<\/p>\n<p>\u201cEra un ejemplo que nosotros quer\u00edamos recabar de manera detallada para que en otros procesos de lucha en distintos pa\u00edses que tambi\u00e9n tienen este tipo violaciones, tomen de ah\u00ed el ejemplo\u201d.<br \/>\nEl proyecto sigue vigente<\/p>\n<p>En comunicado conjunto con motivo del segundo aniversario de la desaparici\u00f3n de Sergio, la Comisi\u00f3n de Derechos Humanos y Laborales del Valle de Tehuac\u00e1n, MAIZ, Radio Tlacuache y otras organizaciones y radios comunitarias, se pronunciaron por la presentaci\u00f3n con vida de su compa\u00f1ero, y por la cancelaci\u00f3n definitiva de la concesi\u00f3n otorgada a Minera Autl\u00e1n y el proyecto hidroel\u00e9ctrico, toda vez que estos representan un riesgo para las comunidades ind\u00edgenas de la regi\u00f3n \u2013que ser\u00edan desplazadas\u2013, sus sistemas agroalimentarios, los afluentes y la vida que gracias a estos se preserva.<\/p>\n<p>Durante la manifestaci\u00f3n de este lunes, Mart\u00edn Barrios asegur\u00f3 que el proyecto hidroel\u00e9ctrico Coyolapa-Atzalan sigue vigente, pues la minera ha estado en contacto con la Secretar\u00eda de Energ\u00eda (Sener) y la Secretar\u00eda de Medio Ambiente y Recursos Naturales (Semarnat) para que, cuando pase la etapa m\u00e1s cr\u00edtica de la pandemia, se plantee nuevamente la posibilidad de realizar una consulta.<\/p>\n<p>\u201cNo importa lo que diga el presidente municipal y no importa los programas que bajen y las migajas que nos est\u00e1n ofreciendo porque los r\u00edos no tienen precio, los bosques no tienen precio [\u2026] la vida no tiene precio, y el derecho [a la vida] ni siquiera tiene porqu\u00e9 ser consultado\u201d, dijo al respecto Aram, uno de los integrantes de la resistencia al proyecto hidroel\u00e9ctrico.<\/p>\n<p><a href=\"https:\/\/piedepagina.mx\/sergio-rivera-a-dos-anos-de-la-desaparicion-del-defensor-contra-hidroelectrica\/\">https:\/\/piedepagina.mx\/sergio-rivera-a-dos-anos-de-la-desaparicion-del-defensor-contra-hidroelectrica\/<\/a><\/p>\n","protected":false},"excerpt":{"rendered":"<p>Este lunes 24 se cumplieron dos a\u00f1os de la desaparici\u00f3n del defensor del territorio y opositor a la represa hidroel\u00e9ctrica Coyolapa-Atzalan, en la Sierra Negra de Puebla. La audiencia definitiva &hellip; <a href=\"https:\/\/www.grieta.org.mx\/index.php\/2020\/08\/27\/sergio-rivera-a-dos-anos-de-la-desaparicion-del-defensor-contra-hidroelectrica-puebla\/\" class=\"more-link\">Leer m\u00e1s<\/a><\/p>\n","protected":false},"author":1,"featured_media":52904,"comment_status":"closed","ping_status":"closed","sticky":false,"template":"","format":"standard","meta":{"ngg_post_thumbnail":0,"_jetpack_newsletter_access":"","_jetpack_dont_email_post_to_subs":false,"_jetpack_newsletter_tier_id":0,"_jetpack_memberships_contains_paywalled_content":false,"_jetpack_memberships_contains_paid_content":false,"footnotes":""},"categories":[80,87,1045,1480,3,922,942,2,1245,38,26,83],"tags":[1834,121,732],"class_list":["post-52903","post","type-post","status-publish","format-standard","has-post-thumbnail","hentry","category-cintillo","category-desaparecidos","category-desaparecidos-en-puebla","category-hidroelectrica-coyolapa","category-megaproyectos","category-megaproyectos-estados","category-mp-puebla","category-noticias-nacionales","category-oposicion-a-las-hidroelectricas-en-puebla","category-proyectos-hidricos","category-puebla","category-temas-nacionales","tag-asesinato-de-lideres-indigenas","tag-desaparecidos","tag-hidroelectricas","entry"],"jetpack_featured_media_url":"https:\/\/www.grieta.org.mx\/wp-content\/uploads\/2020\/08\/Serie-documental-4_radioZapote_video.jpg","jetpack_sharing_enabled":true,"jetpack_shortlink":"https:\/\/wp.me\/p7ZJR4-dLh","jetpack_likes_enabled":false,"jetpack-related-posts":[{"id":20997,"url":"https:\/\/www.grieta.org.mx\/index.php\/2016\/08\/17\/comunidades-de-la-sierra-negra-se-unen-contra-hidroelectrica-coyolapa\/","url_meta":{"origin":52903,"position":0},"title":"Comunidades de la Sierra Negra se unen contra hidroel\u00e9ctrica Coyolapa","author":"grieta","date":"17 agosto, 2016","format":false,"excerpt":"Por Enrique Hern\u00e1ndez Tehuac\u00e1n, Pue.- Representantes de 17 comunidades de la Sierra Negra de Puebla se mostraron en contra de la construcci\u00f3n de la planta hidroel\u00e9ctrica Coyolapa, por lo que anunciaron movilizaciones para impedir que se concrete. Estado no apoya a Tehuac\u00e1n en seguridad, acusa alcaldesa ante SegobEstancado el pago\u2026","rel":"","context":"En &quot;CINTILLO&quot;","block_context":{"text":"CINTILLO","link":"https:\/\/www.grieta.org.mx\/index.php\/category\/cintillo\/"},"img":{"alt_text":"","src":"https:\/\/i0.wp.com\/www.grieta.org.mx\/wp-content\/uploads\/2016\/08\/hidroelectrica_6.jpg?resize=350%2C200&ssl=1","width":350,"height":200,"srcset":"https:\/\/i0.wp.com\/www.grieta.org.mx\/wp-content\/uploads\/2016\/08\/hidroelectrica_6.jpg?resize=350%2C200&ssl=1 1x, https:\/\/i0.wp.com\/www.grieta.org.mx\/wp-content\/uploads\/2016\/08\/hidroelectrica_6.jpg?resize=525%2C300&ssl=1 1.5x"},"classes":[]},{"id":27819,"url":"https:\/\/www.grieta.org.mx\/index.php\/2018\/11\/28\/consultaran-a-comunidades-por-hidroelectrica-coyolapa-atzala-puebla\/","url_meta":{"origin":52903,"position":1},"title":"Consultar\u00e1n a comunidades por hidroel\u00e9ctrica Coyolapa-Atzala (Puebla)","author":"Admin","date":"28 noviembre, 2018","format":false,"excerpt":"Por Yomara Pacheco, ?Municipios Puebla? Tehuac\u00e1n, Pue.- Debido a la inconformidad y rechazo que prevalece entre los habitantes de varias comunidades de la Sierra Negra por el proyecto de la construcci\u00f3n de la Hidroel\u00e9ctrica Coyolapa-Atzala, el gobierno federal contempla efectuar una consulta ciudadana, para conocer las inquietudes de la poblaci\u00f3n\u2026","rel":"","context":"En &quot;CINTILLO&quot;","block_context":{"text":"CINTILLO","link":"https:\/\/www.grieta.org.mx\/index.php\/category\/cintillo\/"},"img":{"alt_text":"","src":"https:\/\/i0.wp.com\/www.grieta.org.mx\/wp-content\/uploads\/2018\/12\/claudio_hernandez.jpg?resize=350%2C200&ssl=1","width":350,"height":200,"srcset":"https:\/\/i0.wp.com\/www.grieta.org.mx\/wp-content\/uploads\/2018\/12\/claudio_hernandez.jpg?resize=350%2C200&ssl=1 1x, https:\/\/i0.wp.com\/www.grieta.org.mx\/wp-content\/uploads\/2018\/12\/claudio_hernandez.jpg?resize=525%2C300&ssl=1 1.5x, https:\/\/i0.wp.com\/www.grieta.org.mx\/wp-content\/uploads\/2018\/12\/claudio_hernandez.jpg?resize=700%2C400&ssl=1 2x"},"classes":[]},{"id":25911,"url":"https:\/\/www.grieta.org.mx\/index.php\/2018\/08\/24\/sergio-rivera-activista-indigena-y-opositor-de-hidroelectrica-es-reportado-como-desaparecido-en-puebla\/","url_meta":{"origin":52903,"position":2},"title":"Sergio Rivera, activista ind\u00edgena y opositor de hidroel\u00e9ctrica, es reportado como desaparecido en Puebla","author":"grieta","date":"24 agosto, 2018","format":false,"excerpt":"Redacci\u00f3n \/ Sinembargo \/ Peri\u00f3dico Central Sergio Rivera Hern\u00e1ndez, integrante del movimiento de comunidades en resistencia contra el proyecto hidroel\u00e9ctrico Coyolapa \u2013 Atlzal\u00e1, Puebla, y miembro de Movimiento Agrario Ind\u00edgena Zapatista, es reportado como desaparecido. De acuerdo con testigos y con la denuncia presentada ante las autoridades, el 23 de\u2026","rel":"","context":"En &quot;26. Sierra Puebla&quot;","block_context":{"text":"26. Sierra Puebla","link":"https:\/\/www.grieta.org.mx\/index.php\/category\/espejos-de-la-resistencia\/26-sierra-puebla\/"},"img":{"alt_text":"","src":"https:\/\/i0.wp.com\/www.grieta.org.mx\/wp-content\/uploads\/2018\/08\/activistadesaparecidopuebla.jpg?resize=350%2C200&ssl=1","width":350,"height":200,"srcset":"https:\/\/i0.wp.com\/www.grieta.org.mx\/wp-content\/uploads\/2018\/08\/activistadesaparecidopuebla.jpg?resize=350%2C200&ssl=1 1x, https:\/\/i0.wp.com\/www.grieta.org.mx\/wp-content\/uploads\/2018\/08\/activistadesaparecidopuebla.jpg?resize=525%2C300&ssl=1 1.5x, https:\/\/i0.wp.com\/www.grieta.org.mx\/wp-content\/uploads\/2018\/08\/activistadesaparecidopuebla.jpg?resize=700%2C400&ssl=1 2x, https:\/\/i0.wp.com\/www.grieta.org.mx\/wp-content\/uploads\/2018\/08\/activistadesaparecidopuebla.jpg?resize=1050%2C600&ssl=1 3x"},"classes":[]},{"id":33767,"url":"https:\/\/www.grieta.org.mx\/index.php\/2019\/05\/20\/denuncian-intento-de-homicidio-contra-opositor-a-hidroelectrica-puebla\/","url_meta":{"origin":52903,"position":3},"title":"Denuncian intento de homicidio contra opositor a hidroel\u00e9ctrica (Puebla)","author":"Admin","date":"20 mayo, 2019","format":false,"excerpt":"ONG's pidieron protecci\u00f3n para Salvador S\u00e1nchez Bola\u00f1os, opositor al proyecto hidroel\u00e9ctrico Coyolapa-Atzala Redacci\u00f3n \/ Municipios Puebla Puebla, Pue.- Las agrupaciones, encabezadas por Movimiento Agrario Ind\u00edgena Zapatista (MAIZ), denunciaron el posible intento de homicidio en contra del activista Salvador S\u00e1nchez Bola\u00f1os, en el barrio de Atexcal, en el municipio de San\u2026","rel":"","context":"En &quot;26. Sierra Puebla&quot;","block_context":{"text":"26. Sierra Puebla","link":"https:\/\/www.grieta.org.mx\/index.php\/category\/espejos-de-la-resistencia\/26-sierra-puebla\/"},"img":{"alt_text":"","src":"https:\/\/i0.wp.com\/www.grieta.org.mx\/wp-content\/uploads\/2019\/05\/hidroelectrica_2_0_0.jpg?resize=350%2C200&ssl=1","width":350,"height":200,"srcset":"https:\/\/i0.wp.com\/www.grieta.org.mx\/wp-content\/uploads\/2019\/05\/hidroelectrica_2_0_0.jpg?resize=350%2C200&ssl=1 1x, https:\/\/i0.wp.com\/www.grieta.org.mx\/wp-content\/uploads\/2019\/05\/hidroelectrica_2_0_0.jpg?resize=525%2C300&ssl=1 1.5x, https:\/\/i0.wp.com\/www.grieta.org.mx\/wp-content\/uploads\/2019\/05\/hidroelectrica_2_0_0.jpg?resize=700%2C400&ssl=1 2x"},"classes":[]},{"id":27868,"url":"https:\/\/www.grieta.org.mx\/index.php\/2018\/12\/17\/por-portar-arma-detienen-en-chilac-a-opositor-a-hidroelectrica-puebla\/","url_meta":{"origin":52903,"position":4},"title":"Por portar arma, detienen en Chilac a opositor a hidroel\u00e9ctrica (Puebla)","author":"grieta","date":"17 diciembre, 2018","format":false,"excerpt":"Por Yomara Pacheco \/ Municipios Puebla Tehuac\u00e1n, Pue.- El presidente de la Comisi\u00f3n de Derechos Humanos y Laborales del Valle de Tehuac\u00e1n (CDHy LVT), Mart\u00edn Barrios Hern\u00e1ndez, fue detenido junto con tres personas m\u00e1s, por la portaci\u00f3n de un arma de fuego El pasado fin de semana, en un puesto\u2026","rel":"","context":"En &quot;CINTILLO&quot;","block_context":{"text":"CINTILLO","link":"https:\/\/www.grieta.org.mx\/index.php\/category\/cintillo\/"},"img":{"alt_text":"","src":"https:\/\/i0.wp.com\/www.grieta.org.mx\/wp-content\/uploads\/2018\/12\/martin_barrios_hernadez.jpg?resize=350%2C200&ssl=1","width":350,"height":200,"srcset":"https:\/\/i0.wp.com\/www.grieta.org.mx\/wp-content\/uploads\/2018\/12\/martin_barrios_hernadez.jpg?resize=350%2C200&ssl=1 1x, https:\/\/i0.wp.com\/www.grieta.org.mx\/wp-content\/uploads\/2018\/12\/martin_barrios_hernadez.jpg?resize=525%2C300&ssl=1 1.5x, https:\/\/i0.wp.com\/www.grieta.org.mx\/wp-content\/uploads\/2018\/12\/martin_barrios_hernadez.jpg?resize=700%2C400&ssl=1 2x"},"classes":[]},{"id":35639,"url":"https:\/\/www.grieta.org.mx\/index.php\/2019\/04\/15\/ganan-amparo-contra-hidroelectrica-pobladores-de-coyomeapan-puebla\/","url_meta":{"origin":52903,"position":5},"title":"Ganan amparo contra hidroel\u00e9ctrica pobladores de Coyomeapan (Puebla)","author":"Admin","date":"15 abril, 2019","format":false,"excerpt":"Edgar Barrios \/ El Sol de Puebla \"El proyecto hidroel\u00e9ctrico tiene como objetivo principal dotar de energ\u00eda el\u00e9ctrica a las empresas mineras asentadas en la Sierra Norte de Puebla; no tiene como objeto un beneficio para la poblaci\u00f3n, sino un inter\u00e9s econ\u00f3mico de un grupo empresarial\", consider\u00f3 el abogado de\u2026","rel":"","context":"En &quot;26. Sierra Puebla&quot;","block_context":{"text":"26. Sierra Puebla","link":"https:\/\/www.grieta.org.mx\/index.php\/category\/espejos-de-la-resistencia\/26-sierra-puebla\/"},"img":{"alt_text":"","src":"https:\/\/i0.wp.com\/www.grieta.org.mx\/wp-content\/uploads\/2019\/06\/hidroel%C3%A9ctrica.jpg?resize=350%2C200&ssl=1","width":350,"height":200,"srcset":"https:\/\/i0.wp.com\/www.grieta.org.mx\/wp-content\/uploads\/2019\/06\/hidroel%C3%A9ctrica.jpg?resize=350%2C200&ssl=1 1x, https:\/\/i0.wp.com\/www.grieta.org.mx\/wp-content\/uploads\/2019\/06\/hidroel%C3%A9ctrica.jpg?resize=525%2C300&ssl=1 1.5x, https:\/\/i0.wp.com\/www.grieta.org.mx\/wp-content\/uploads\/2019\/06\/hidroel%C3%A9ctrica.jpg?resize=700%2C400&ssl=1 2x"},"classes":[]}],"_links":{"self":[{"href":"https:\/\/www.grieta.org.mx\/index.php\/wp-json\/wp\/v2\/posts\/52903","targetHints":{"allow":["GET"]}}],"collection":[{"href":"https:\/\/www.grieta.org.mx\/index.php\/wp-json\/wp\/v2\/posts"}],"about":[{"href":"https:\/\/www.grieta.org.mx\/index.php\/wp-json\/wp\/v2\/types\/post"}],"author":[{"embeddable":true,"href":"https:\/\/www.grieta.org.mx\/index.php\/wp-json\/wp\/v2\/users\/1"}],"replies":[{"embeddable":true,"href":"https:\/\/www.grieta.org.mx\/index.php\/wp-json\/wp\/v2\/comments?post=52903"}],"version-history":[{"count":1,"href":"https:\/\/www.grieta.org.mx\/index.php\/wp-json\/wp\/v2\/posts\/52903\/revisions"}],"predecessor-version":[{"id":52907,"href":"https:\/\/www.grieta.org.mx\/index.php\/wp-json\/wp\/v2\/posts\/52903\/revisions\/52907"}],"wp:featuredmedia":[{"embeddable":true,"href":"https:\/\/www.grieta.org.mx\/index.php\/wp-json\/wp\/v2\/media\/52904"}],"wp:attachment":[{"href":"https:\/\/www.grieta.org.mx\/index.php\/wp-json\/wp\/v2\/media?parent=52903"}],"wp:term":[{"taxonomy":"category","embeddable":true,"href":"https:\/\/www.grieta.org.mx\/index.php\/wp-json\/wp\/v2\/categories?post=52903"},{"taxonomy":"post_tag","embeddable":true,"href":"https:\/\/www.grieta.org.mx\/index.php\/wp-json\/wp\/v2\/tags?post=52903"}],"curies":[{"name":"wp","href":"https:\/\/api.w.org\/{rel}","templated":true}]}}