{"id":52875,"date":"2020-08-26T20:50:55","date_gmt":"2020-08-27T01:50:55","guid":{"rendered":"http:\/\/www.grieta.org.mx\/?p=52875"},"modified":"2020-08-28T22:58:04","modified_gmt":"2020-08-29T03:58:04","slug":"jornaleros-agricolas-solos-contra-covid-crisis-marginacion","status":"publish","type":"post","link":"https:\/\/www.grieta.org.mx\/index.php\/2020\/08\/26\/jornaleros-agricolas-solos-contra-covid-crisis-marginacion\/","title":{"rendered":"Jornaleros agr\u00edcolas, solos contra covid, crisis, marginaci\u00f3n\u2026"},"content":{"rendered":"<p>Proceso \/ Gloria Leticia D\u00edaz.<\/p>\n<p><img loading=\"lazy\" decoding=\"async\" data-attachment-id=\"52876\" data-permalink=\"https:\/\/www.grieta.org.mx\/index.php\/2020\/08\/26\/jornaleros-agricolas-solos-contra-covid-crisis-marginacion\/1-86\/\" data-orig-file=\"https:\/\/www.grieta.org.mx\/wp-content\/uploads\/2020\/08\/1-3.jpeg\" data-orig-size=\"870,522\" data-comments-opened=\"0\" data-image-meta=\"{&quot;aperture&quot;:&quot;0&quot;,&quot;credit&quot;:&quot;&quot;,&quot;camera&quot;:&quot;&quot;,&quot;caption&quot;:&quot;&quot;,&quot;created_timestamp&quot;:&quot;0&quot;,&quot;copyright&quot;:&quot;&quot;,&quot;focal_length&quot;:&quot;0&quot;,&quot;iso&quot;:&quot;0&quot;,&quot;shutter_speed&quot;:&quot;0&quot;,&quot;title&quot;:&quot;&quot;,&quot;orientation&quot;:&quot;0&quot;}\" data-image-title=\"1\" data-image-description=\"\" data-image-caption=\"\" data-medium-file=\"https:\/\/www.grieta.org.mx\/wp-content\/uploads\/2020\/08\/1-3-300x180.jpeg\" data-large-file=\"https:\/\/www.grieta.org.mx\/wp-content\/uploads\/2020\/08\/1-3.jpeg\" class=\"alignnone wp-image-52876\" src=\"http:\/\/www.grieta.org.mx\/wp-content\/uploads\/2020\/08\/1-3.jpeg\" alt=\"\" width=\"800\" height=\"480\" srcset=\"https:\/\/www.grieta.org.mx\/wp-content\/uploads\/2020\/08\/1-3.jpeg 870w, https:\/\/www.grieta.org.mx\/wp-content\/uploads\/2020\/08\/1-3-300x180.jpeg 300w, https:\/\/www.grieta.org.mx\/wp-content\/uploads\/2020\/08\/1-3-768x461.jpeg 768w, https:\/\/www.grieta.org.mx\/wp-content\/uploads\/2020\/08\/1-3-833x500.jpeg 833w\" sizes=\"auto, (max-width: 800px) 100vw, 800px\" \/><br \/>\nUno de los grupos que m\u00e1s resiente la crisis actual, es el de los jornaleros agr\u00edcolas que migran para trabajar en los campos del centro y norte del pa\u00eds sin ning\u00fan tipo de seguridad. Foto: Karina Urbina<\/p>\n<p>A causa del abandono ancestral de los pueblos ind\u00edgenas, que persiste en esta administraci\u00f3n, ni las medidas de emergencia sanitaria ni los programas sociales contra la crisis econ\u00f3mica llegan a este sector de la poblaci\u00f3n. Uno de los grupos que m\u00e1s resiente esta situaci\u00f3n es el de los jornaleros agr\u00edcolas que migran temporalmente para trabajar en los campos del centro y norte del pa\u00eds sin ning\u00fan tipo de seguridad.<\/p>\n<p>CIUDAD DE M\u00c9XICO (proceso).- A finales de mayo el m\u00e9dico de una empresa agr\u00edcola de Navolato, Sinaloa, consider\u00f3 que la salud del jornalero Silvestre, ind\u00edgena nahua de 66 a\u00f1os, le permitir\u00eda realizar el largo viaje de regreso a Zoquiapa, en el municipio de Tixtla, Guerrero.<\/p>\n<p>Silvestre y otros 44 pasajeros viajaron en autob\u00fas rumbo a la regi\u00f3n guerrerense de La Monta\u00f1a. En el trayecto, el ind\u00edgena se sinti\u00f3 mal y se desmay\u00f3. Sus paisanos avisaron al chofer, quien detuvo la marcha en Toluca, donde un m\u00e9dico lo atendi\u00f3 y le suministr\u00f3 unas pastillas para normalizar su glucosa. Nadie advirti\u00f3 en qu\u00e9 momento Silvestre expir\u00f3, y el 31 de mayo, al llegar a un filtro sanitario en Tixtla, elementos de la Guardia Nacional y de la Secretar\u00eda de Salud de la entidad confirmaron su deceso.<\/p>\n<p>Horas despu\u00e9s Silvestre fue sepultado y d\u00edas m\u00e1s tarde sus familiares fueron notificados de que muri\u00f3 por covid-19.<\/p>\n<p>Esta fue una de las cuatro muertes por coronavirus ocurridas entre mayo y junio que la Red Nacional de Jornaleras y Jornaleros Agr\u00edcolas documenta a trav\u00e9s de testimonios directos de los trabajadores ind\u00edgenas de Oaxaca, Guerrero y Chiapas que migran temporalmente al norte del pa\u00eds para realizar \u201ctrabajos esenciales\u201d.<\/p>\n<p>Sin m\u00e1s datos oficiales que los testimonios de esos jornaleros que trabajan en Chihuahua, Sonora, Zacatecas y Guanajuato, los integrantes de la organizaci\u00f3n civil han registrado 109 contagios de covid-19 entre mayo y junio pasados.<\/p>\n<p>\u201cDesde el discurso oficial se ha romantizado el concepto de trabajadores esenciales durante la pandemia, porque gracias a los jornaleros agr\u00edcolas llegan los alimentos a las mesas de la poblaci\u00f3n en las ciudades, pero no ha cambiado en nada sus condiciones precarias de trabajo y de vida\u201d, se\u00f1ala Margarita Nemecio Nemesio, coordinadora de la Red Nacional de Jornaleras y Jornaleros Agr\u00edcolas.<\/p>\n<p>Destaca que en respuesta a la pandemia, las secretar\u00edas del Trabajo y de Salud publicaron la Gu\u00eda de Acci\u00f3n para los Centros de Trabajo Agr\u00edcolas ante el covid-19, mismo que integrantes de la red nacional revisaron en una reuni\u00f3n con el Grupo Intersectorial de Salud, Agricultura, Medio Ambiente y Competitividad.<\/p>\n<p>La gu\u00eda est\u00e1 dirigida a empleadores de al menos 3 millones de jornaleros que migran con sus familias, lo que, en cifras conservadoras, representar\u00eda al menos a 9 millones de personas que se mueven por el pa\u00eds realizando trabajo agr\u00edcola.<\/p>\n<p>Fragmento del reportaje publicado en la edici\u00f3n 2286 del semanario Proceso<\/p>\n<p><a href=\"https:\/\/www.proceso.com.mx\/645217\/jornaleros-agricolas-solos-contra-covid-crisis-marginacion\" target=\"_blank\" rel=\"noopener noreferrer\">https:\/\/www.proceso.com.mx\/645217\/jornaleros-agricolas-solos-contra-covid-crisis-marginacion<\/a><\/p>\n","protected":false},"excerpt":{"rendered":"<p>Proceso \/ Gloria Leticia D\u00edaz. Uno de los grupos que m\u00e1s resiente la crisis actual, es el de los jornaleros agr\u00edcolas que migran para trabajar en los campos del centro &hellip; <a href=\"https:\/\/www.grieta.org.mx\/index.php\/2020\/08\/26\/jornaleros-agricolas-solos-contra-covid-crisis-marginacion\/\" class=\"more-link\">Leer m\u00e1s<\/a><\/p>\n","protected":false},"author":2,"featured_media":52876,"comment_status":"closed","ping_status":"closed","sticky":false,"template":"","format":"standard","meta":{"ngg_post_thumbnail":0,"_jetpack_newsletter_access":"","_jetpack_dont_email_post_to_subs":false,"_jetpack_newsletter_tier_id":0,"_jetpack_memberships_contains_paywalled_content":false,"_jetpack_memberships_contains_paid_content":false,"footnotes":""},"categories":[80,85,83],"tags":[],"class_list":["post-52875","post","type-post","status-publish","format-standard","has-post-thumbnail","hentry","category-cintillo","category-jornaleros","category-temas-nacionales","entry"],"jetpack_featured_media_url":"https:\/\/www.grieta.org.mx\/wp-content\/uploads\/2020\/08\/1-3.jpeg","jetpack_sharing_enabled":true,"jetpack_shortlink":"https:\/\/wp.me\/p7ZJR4-dKP","jetpack_likes_enabled":false,"jetpack-related-posts":[{"id":47969,"url":"https:\/\/www.grieta.org.mx\/index.php\/2020\/04\/08\/coronavirus-denuncian-riesgo-de-jornaleros-agricolas-a-covid-19\/","url_meta":{"origin":52875,"position":0},"title":"Coronavirus: Denuncian riesgo de jornaleros agr\u00edcolas a COVID-19","author":"grieta","date":"8 abril, 2020","format":false,"excerpt":"En M\u00e9xico, al menos 2 millones de personas migran de su lugar de origen a los campos agr\u00edcolas para emplearse como jornaleras agr\u00edcolas Alina Escobedo, Plumas at\u00f3micas \/8 de abril de 2020 En M\u00e9xico, al menos 2 millones de personas migran de su lugar de origen a los campos agr\u00edcolas\u2026","rel":"","context":"En &quot;Baja California&quot;","block_context":{"text":"Baja California","link":"https:\/\/www.grieta.org.mx\/index.php\/category\/noticias-nacionales\/baja-california\/"},"img":{"alt_text":"","src":"https:\/\/i0.wp.com\/www.grieta.org.mx\/wp-content\/uploads\/2020\/04\/JornalerosCOVID.jpg?resize=350%2C200&ssl=1","width":350,"height":200,"srcset":"https:\/\/i0.wp.com\/www.grieta.org.mx\/wp-content\/uploads\/2020\/04\/JornalerosCOVID.jpg?resize=350%2C200&ssl=1 1x, https:\/\/i0.wp.com\/www.grieta.org.mx\/wp-content\/uploads\/2020\/04\/JornalerosCOVID.jpg?resize=525%2C300&ssl=1 1.5x, https:\/\/i0.wp.com\/www.grieta.org.mx\/wp-content\/uploads\/2020\/04\/JornalerosCOVID.jpg?resize=700%2C400&ssl=1 2x, https:\/\/i0.wp.com\/www.grieta.org.mx\/wp-content\/uploads\/2020\/04\/JornalerosCOVID.jpg?resize=1050%2C600&ssl=1 3x"},"classes":[]},{"id":30844,"url":"https:\/\/www.grieta.org.mx\/index.php\/2019\/02\/27\/solo-7-5-de-jornaleros-agricolas-cuentan-con-seguridad-social\/","url_meta":{"origin":52875,"position":1},"title":"S\u00f3lo 7.5% de jornaleros agr\u00edcolas cuentan con seguridad social","author":"grieta","date":"27 febrero, 2019","format":false,"excerpt":"Al\u00e1n Avi\u00f1a\/UNIRADIO NOTICIAS Hermosillo.- S\u00f3lo el 7.5% de los jornaleros agr\u00edcolas del Pa\u00eds cuentan con seguridad social y existe una sobredemanda de trabajadores que ha intensificado la migraci\u00f3n temporal en el interior de M\u00e9xico, indic\u00f3 Mar\u00eda Antonieta Barr\u00f3n P\u00e9rez. La investigadora de la Facultad de Econom\u00eda de la Universidad Nacional\u2026","rel":"","context":"En &quot;Baja California&quot;","block_context":{"text":"Baja California","link":"https:\/\/www.grieta.org.mx\/index.php\/category\/noticias-nacionales\/baja-california\/"},"img":{"alt_text":"","src":"https:\/\/i0.wp.com\/www.grieta.org.mx\/wp-content\/uploads\/2019\/03\/jornaleros-sonora.jpg?resize=350%2C200&ssl=1","width":350,"height":200,"srcset":"https:\/\/i0.wp.com\/www.grieta.org.mx\/wp-content\/uploads\/2019\/03\/jornaleros-sonora.jpg?resize=350%2C200&ssl=1 1x, https:\/\/i0.wp.com\/www.grieta.org.mx\/wp-content\/uploads\/2019\/03\/jornaleros-sonora.jpg?resize=525%2C300&ssl=1 1.5x, https:\/\/i0.wp.com\/www.grieta.org.mx\/wp-content\/uploads\/2019\/03\/jornaleros-sonora.jpg?resize=700%2C400&ssl=1 2x"},"classes":[]},{"id":31036,"url":"https:\/\/www.grieta.org.mx\/index.php\/2019\/03\/11\/quedan-sin-apoyo-jornaleros-agricolas-que-llegan-a-guanajuato\/","url_meta":{"origin":52875,"position":2},"title":"Quedan sin apoyo jornaleros agr\u00edcolas que llegan a Guanajuato","author":"grieta","date":"11 marzo, 2019","format":false,"excerpt":"Jos\u00e9 Antonio Castro\/ AM, Le\u00f3n Guanajuato, 21 de marzo de 2019. Le\u00f3n.- Con la cancelaci\u00f3n por parte de la Federaci\u00f3n del Programa de Atenci\u00f3n a Jornaleros Agr\u00edcolas, centenares de trabajadores que anualmente llegan a Guanajuato para trabajar en campos de cultivo quedar\u00e1n sin apoyo que era otorgado por Gobierno Federal,\u2026","rel":"","context":"En &quot;CINTILLO&quot;","block_context":{"text":"CINTILLO","link":"https:\/\/www.grieta.org.mx\/index.php\/category\/cintillo\/"},"img":{"alt_text":"","src":"https:\/\/i0.wp.com\/www.grieta.org.mx\/wp-content\/uploads\/2019\/03\/guanajuato-jornaleros.jpg_851672003.jpg?resize=350%2C200&ssl=1","width":350,"height":200,"srcset":"https:\/\/i0.wp.com\/www.grieta.org.mx\/wp-content\/uploads\/2019\/03\/guanajuato-jornaleros.jpg_851672003.jpg?resize=350%2C200&ssl=1 1x, https:\/\/i0.wp.com\/www.grieta.org.mx\/wp-content\/uploads\/2019\/03\/guanajuato-jornaleros.jpg_851672003.jpg?resize=525%2C300&ssl=1 1.5x, https:\/\/i0.wp.com\/www.grieta.org.mx\/wp-content\/uploads\/2019\/03\/guanajuato-jornaleros.jpg_851672003.jpg?resize=700%2C400&ssl=1 2x"},"classes":[]},{"id":48143,"url":"https:\/\/www.grieta.org.mx\/index.php\/2020\/04\/18\/jornaleros-agricolas-en-riesgo-de-contagio-de-covid-19-por-condiciones-de-vivienda-y-movilidad-el-colef\/","url_meta":{"origin":52875,"position":3},"title":"Jornaleros agr\u00edcolas en riesgo de contagio de COVID-19 por condiciones de vivienda y movilidad: El Colef","author":"grieta","date":"18 abril, 2020","format":false,"excerpt":"Lindero Norte \/ Antonio Heras. Mexicali.- Son m\u00e1s de 200 mil y se encuentran en riesgo por las condiciones de vulnerabilidad en su trabajo, traslado en los campos de cultivo y el rezago en la atenci\u00f3n de salud. En el norte de M\u00e9xico trabajan m\u00e1s de 200 mil jornaleros jornaleros,\u2026","rel":"","context":"En &quot;Baja California&quot;","block_context":{"text":"Baja California","link":"https:\/\/www.grieta.org.mx\/index.php\/category\/noticias-nacionales\/baja-california\/"},"img":{"alt_text":"","src":"https:\/\/i0.wp.com\/www.grieta.org.mx\/wp-content\/uploads\/2020\/04\/images-2020-04-18T110217.064.jpeg?resize=350%2C200&ssl=1","width":350,"height":200},"classes":[]},{"id":35471,"url":"https:\/\/www.grieta.org.mx\/index.php\/2019\/06\/27\/jornaleros-agricolas-de-oaxaca-fueron-esclavizados-en-rancho-constitucion-baja-california\/","url_meta":{"origin":52875,"position":4},"title":"Jornaleros agr\u00edcolas de Oaxaca fueron esclavizados en Rancho Constituci\u00f3n, Baja California","author":"grieta","date":"27 junio, 2019","format":false,"excerpt":"Jaime Guerrero \/ P\u00e1gina 3. Oaxaca.- Cerca de 45 jornaleros migrantes de Oaxaca viv\u00edan en condiciones de esclavizaci\u00f3n en Rancho Constituci\u00f3n, ubicado en Baja California. Las personas se encontraban hacinadas en insalubres cuartos de l\u00e1mina, con una paga m\u00ednima de 4 pesos por bote y sin seguridad social. Por las\u2026","rel":"","context":"En &quot;Baja California&quot;","block_context":{"text":"Baja California","link":"https:\/\/www.grieta.org.mx\/index.php\/category\/noticias-nacionales\/baja-california\/"},"img":{"alt_text":"","src":"https:\/\/i0.wp.com\/www.grieta.org.mx\/wp-content\/uploads\/2019\/06\/ninosjornaleros.jpg?resize=350%2C200&ssl=1","width":350,"height":200,"srcset":"https:\/\/i0.wp.com\/www.grieta.org.mx\/wp-content\/uploads\/2019\/06\/ninosjornaleros.jpg?resize=350%2C200&ssl=1 1x, https:\/\/i0.wp.com\/www.grieta.org.mx\/wp-content\/uploads\/2019\/06\/ninosjornaleros.jpg?resize=525%2C300&ssl=1 1.5x"},"classes":[]},{"id":43627,"url":"https:\/\/www.grieta.org.mx\/index.php\/2020\/01\/14\/sirvio-desaparecer-el-programa-federal-de-apoyo-a-jornaleros\/","url_meta":{"origin":52875,"position":5},"title":"\u00bfSirvi\u00f3 desaparecer el programa federal de apoyo a jornaleros?","author":"grieta","date":"14 enero, 2020","format":false,"excerpt":"R\u00edodoce \/ Omar Garfias. Antes de este gobierno federal ya se les apoyaba poco, ahora nada. Se prometi\u00f3 una nueva estrategia pero no se cumpli\u00f3. Los mexicanos que emigran de su pueblo a trabajar en los campos agr\u00edcolas est\u00e1n solos en el mercado de la oferta y demanda laboral. Desaparecieron\u2026","rel":"","context":"En &quot;CINTILLO&quot;","block_context":{"text":"CINTILLO","link":"https:\/\/www.grieta.org.mx\/index.php\/category\/cintillo\/"},"img":{"alt_text":"","src":"https:\/\/i0.wp.com\/www.grieta.org.mx\/wp-content\/uploads\/2020\/01\/pisca-de-chile-ojok1m5i5hpolwsbn7dsc3v74towfpownwwjpf92mg.jpg?resize=350%2C200&ssl=1","width":350,"height":200,"srcset":"https:\/\/i0.wp.com\/www.grieta.org.mx\/wp-content\/uploads\/2020\/01\/pisca-de-chile-ojok1m5i5hpolwsbn7dsc3v74towfpownwwjpf92mg.jpg?resize=350%2C200&ssl=1 1x, https:\/\/i0.wp.com\/www.grieta.org.mx\/wp-content\/uploads\/2020\/01\/pisca-de-chile-ojok1m5i5hpolwsbn7dsc3v74towfpownwwjpf92mg.jpg?resize=525%2C300&ssl=1 1.5x, https:\/\/i0.wp.com\/www.grieta.org.mx\/wp-content\/uploads\/2020\/01\/pisca-de-chile-ojok1m5i5hpolwsbn7dsc3v74towfpownwwjpf92mg.jpg?resize=700%2C400&ssl=1 2x, https:\/\/i0.wp.com\/www.grieta.org.mx\/wp-content\/uploads\/2020\/01\/pisca-de-chile-ojok1m5i5hpolwsbn7dsc3v74towfpownwwjpf92mg.jpg?resize=1050%2C600&ssl=1 3x"},"classes":[]}],"_links":{"self":[{"href":"https:\/\/www.grieta.org.mx\/index.php\/wp-json\/wp\/v2\/posts\/52875","targetHints":{"allow":["GET"]}}],"collection":[{"href":"https:\/\/www.grieta.org.mx\/index.php\/wp-json\/wp\/v2\/posts"}],"about":[{"href":"https:\/\/www.grieta.org.mx\/index.php\/wp-json\/wp\/v2\/types\/post"}],"author":[{"embeddable":true,"href":"https:\/\/www.grieta.org.mx\/index.php\/wp-json\/wp\/v2\/users\/2"}],"replies":[{"embeddable":true,"href":"https:\/\/www.grieta.org.mx\/index.php\/wp-json\/wp\/v2\/comments?post=52875"}],"version-history":[{"count":1,"href":"https:\/\/www.grieta.org.mx\/index.php\/wp-json\/wp\/v2\/posts\/52875\/revisions"}],"predecessor-version":[{"id":52877,"href":"https:\/\/www.grieta.org.mx\/index.php\/wp-json\/wp\/v2\/posts\/52875\/revisions\/52877"}],"wp:featuredmedia":[{"embeddable":true,"href":"https:\/\/www.grieta.org.mx\/index.php\/wp-json\/wp\/v2\/media\/52876"}],"wp:attachment":[{"href":"https:\/\/www.grieta.org.mx\/index.php\/wp-json\/wp\/v2\/media?parent=52875"}],"wp:term":[{"taxonomy":"category","embeddable":true,"href":"https:\/\/www.grieta.org.mx\/index.php\/wp-json\/wp\/v2\/categories?post=52875"},{"taxonomy":"post_tag","embeddable":true,"href":"https:\/\/www.grieta.org.mx\/index.php\/wp-json\/wp\/v2\/tags?post=52875"}],"curies":[{"name":"wp","href":"https:\/\/api.w.org\/{rel}","templated":true}]}}