{"id":52859,"date":"2020-08-27T13:15:14","date_gmt":"2020-08-27T18:15:14","guid":{"rendered":"http:\/\/www.grieta.org.mx\/?p=52859"},"modified":"2020-08-27T13:15:14","modified_gmt":"2020-08-27T18:15:14","slug":"la-cifra-oficial-de-fallecimientos-por-covid-19-supera-a-la-de-homicidios-dolosos-en-colima","status":"publish","type":"post","link":"https:\/\/www.grieta.org.mx\/index.php\/2020\/08\/27\/la-cifra-oficial-de-fallecimientos-por-covid-19-supera-a-la-de-homicidios-dolosos-en-colima\/","title":{"rendered":"La cifra oficial de fallecimientos por Covid-19 supera a la de homicidios dolosos en Colima"},"content":{"rendered":"<p><img loading=\"lazy\" decoding=\"async\" data-attachment-id=\"52860\" data-permalink=\"https:\/\/www.grieta.org.mx\/index.php\/2020\/08\/27\/la-cifra-oficial-de-fallecimientos-por-covid-19-supera-a-la-de-homicidios-dolosos-en-colima\/118344415_3223957044362126_4682373822656741822_o\/\" data-orig-file=\"https:\/\/www.grieta.org.mx\/wp-content\/uploads\/2020\/08\/118344415_3223957044362126_4682373822656741822_o.jpg\" data-orig-size=\"1280,1280\" data-comments-opened=\"0\" data-image-meta=\"{&quot;aperture&quot;:&quot;0&quot;,&quot;credit&quot;:&quot;&quot;,&quot;camera&quot;:&quot;&quot;,&quot;caption&quot;:&quot;&quot;,&quot;created_timestamp&quot;:&quot;0&quot;,&quot;copyright&quot;:&quot;&quot;,&quot;focal_length&quot;:&quot;0&quot;,&quot;iso&quot;:&quot;0&quot;,&quot;shutter_speed&quot;:&quot;0&quot;,&quot;title&quot;:&quot;&quot;,&quot;orientation&quot;:&quot;0&quot;}\" data-image-title=\"118344415_3223957044362126_4682373822656741822_o\" data-image-description=\"\" data-image-caption=\"\" data-medium-file=\"https:\/\/www.grieta.org.mx\/wp-content\/uploads\/2020\/08\/118344415_3223957044362126_4682373822656741822_o-300x300.jpg\" data-large-file=\"https:\/\/www.grieta.org.mx\/wp-content\/uploads\/2020\/08\/118344415_3223957044362126_4682373822656741822_o-1024x1024.jpg\" class=\"wp-image-52860 aligncenter\" src=\"http:\/\/www.grieta.org.mx\/wp-content\/uploads\/2020\/08\/118344415_3223957044362126_4682373822656741822_o.jpg\" alt=\"\" width=\"801\" height=\"801\" srcset=\"https:\/\/www.grieta.org.mx\/wp-content\/uploads\/2020\/08\/118344415_3223957044362126_4682373822656741822_o.jpg 1280w, https:\/\/www.grieta.org.mx\/wp-content\/uploads\/2020\/08\/118344415_3223957044362126_4682373822656741822_o-300x300.jpg 300w, https:\/\/www.grieta.org.mx\/wp-content\/uploads\/2020\/08\/118344415_3223957044362126_4682373822656741822_o-1024x1024.jpg 1024w, https:\/\/www.grieta.org.mx\/wp-content\/uploads\/2020\/08\/118344415_3223957044362126_4682373822656741822_o-150x150.jpg 150w, https:\/\/www.grieta.org.mx\/wp-content\/uploads\/2020\/08\/118344415_3223957044362126_4682373822656741822_o-768x768.jpg 768w, https:\/\/www.grieta.org.mx\/wp-content\/uploads\/2020\/08\/118344415_3223957044362126_4682373822656741822_o-130x130.jpg 130w, https:\/\/www.grieta.org.mx\/wp-content\/uploads\/2020\/08\/118344415_3223957044362126_4682373822656741822_o-500x500.jpg 500w\" sizes=\"auto, (max-width: 801px) 100vw, 801px\" \/><\/p>\n<p>Imagen: Diario Avanzada<\/p>\n<p>Colima, M\u00e9xico, Avanzada (27\/08\/2020).- Desde febrero de 2016, Colima ostenta la tasa m\u00e1s alta en el pa\u00eds de homicidios dolosos por cada 100 mil habitantes.\u00a0Los asesinatos a cualquier hora del d\u00eda, y en cualquier lugar,\u00a0los cuerpos torturados y desmembrados forman parte del horror que vive este peque\u00f1o estado con poco m\u00e1s de 700 mil habitantes.<\/p>\n<p>Sin embargo,\u00a0en las \u00faltimas 10 semanas,\u00a0 las muertes Covid-19 superan los homicidios dolosos que se cometieron en la entidad desde enero hasta el 31 de julio de 2020, seg\u00fan datos del secretariado Ejecutivo del Sistema Nacional de Seguridad y de la propia secretar\u00eda de Salud en el estado.<\/p>\n<p>Desde que se decret\u00f3 la emergencia sanitaria en la entidad, en marzo pasado, hasta la fecha, 402 personas murieron a consecuencia del Covid-19 y tan solo el lunes, las autoridades sanitarias reportaron 15 decesos por esta causa.<\/p>\n<p>La mayor\u00eda de las muertes se est\u00e1n registrando en personas en edad productiva y adultos mayores, aunque se tiene el reporte de una muerte por Covid-19 de un menor de cinco meses de edad.<\/p>\n<p>Actualmente hay un acumulado de 3 mil 342 casos positivos de Covid-19, de los cuales, 402 perdieron la vida; los fallecidos eran originarios, principalmente de Manzanillo, Colima, Armer\u00eda, Tecom\u00e1n y Villa de \u00c1lvarez.<\/p>\n<p>Por su parte, el secretariado Ejecutivo report\u00f3 que hasta el 31 de julio de este a\u00f1o se cometieron en la entidad 344 homicidios dolosos.\u00a0La entidad tiene el primer lugar en asesinatos\u00a0con una tasa de 137 por cada 100 mil habitantes.<\/p>\n<p><a href=\"https:\/\/www.diarioavanzada.com.mx\/?p=14935\">https:\/\/www.diarioavanzada.com.mx\/?p=14935<\/a><\/p>\n","protected":false},"excerpt":{"rendered":"<p>Imagen: Diario Avanzada Colima, M\u00e9xico, Avanzada (27\/08\/2020).- Desde febrero de 2016, Colima ostenta la tasa m\u00e1s alta en el pa\u00eds de homicidios dolosos por cada 100 mil habitantes.\u00a0Los asesinatos a &hellip; <a href=\"https:\/\/www.grieta.org.mx\/index.php\/2020\/08\/27\/la-cifra-oficial-de-fallecimientos-por-covid-19-supera-a-la-de-homicidios-dolosos-en-colima\/\" class=\"more-link\">Leer m\u00e1s<\/a><\/p>\n","protected":false},"author":2,"featured_media":21928,"comment_status":"closed","ping_status":"closed","sticky":false,"template":"","format":"standard","meta":{"ngg_post_thumbnail":0,"_jetpack_newsletter_access":"","_jetpack_dont_email_post_to_subs":false,"_jetpack_newsletter_tier_id":0,"_jetpack_memberships_contains_paywalled_content":false,"_jetpack_memberships_contains_paid_content":false,"footnotes":""},"categories":[80,13,3286,918,2365,2,83],"tags":[3133,2367],"class_list":["post-52859","post","type-post","status-publish","format-standard","has-post-thumbnail","hentry","category-cintillo","category-colima","category-covid-19-en-colima","category-privatizacion-del-sector-salud","category-crisis-en-el-sector-salud-en-colima","category-noticias-nacionales","category-temas-nacionales","tag-crisis-del-sector-salud","tag-crisis-en-el-sector-salud","entry"],"jetpack_featured_media_url":"https:\/\/www.grieta.org.mx\/wp-content\/uploads\/2018\/03\/14524434_1106112876131411_958039263622046936_o.jpg","jetpack_sharing_enabled":true,"jetpack_shortlink":"https:\/\/wp.me\/p7ZJR4-dKz","jetpack_likes_enabled":false,"jetpack-related-posts":[{"id":59560,"url":"https:\/\/www.grieta.org.mx\/index.php\/2021\/05\/22\/colima-tiene-una-elevada-mortalidad-por-covid-19-reconoce-salud-colima\/","url_meta":{"origin":52859,"position":0},"title":"Colima tiene una elevada mortalidad por Covid-19, reconoce Salud Colima","author":"grieta","date":"22 mayo, 2021","format":false,"excerpt":"Imagen: Diario Avanzada Heidi De Le\u00f3n Guti\u00e9rrez \/ Diario Avanzada Colima, M\u00e9xico, Avanzada (22\/05\/2021).- La secretar\u00eda de Salud en Coima reconoci\u00f3 que en la entidad la tasa por mortalidad por Covid-19 es alta en comparaci\u00f3n con el n\u00famero de habitantes. En este sentido, explic\u00f3 que los municipios m\u00e1s afectados son\u2026","rel":"","context":"En &quot;CINTILLO&quot;","block_context":{"text":"CINTILLO","link":"https:\/\/www.grieta.org.mx\/index.php\/category\/cintillo\/"},"img":{"alt_text":"","src":"https:\/\/i0.wp.com\/www.grieta.org.mx\/wp-content\/uploads\/2021\/05\/179141417_3898225170268640_7317085779542696132_n-e1621893656496.jpg?resize=350%2C200&ssl=1","width":350,"height":200},"classes":[]},{"id":48593,"url":"https:\/\/www.grieta.org.mx\/index.php\/2020\/04\/29\/en-el-hospital-de-tecoman-solo-hay-un-respirador-colima\/","url_meta":{"origin":52859,"position":1},"title":"En el hospital de Tecom\u00e1n s\u00f3lo hay un respirador (Colima)","author":"grieta","date":"29 abril, 2020","format":false,"excerpt":"Imagen: Diario Avanzada Heidi de Le\u00f3n Guti\u00e9rrez \/ Diario Avanzada Colima, M\u00e9xico, Avanzada (29\/04\/2020).- Con una poblaci\u00f3n de 123 mil 191 habitantes, el Hospital General de Tecom\u00e1n s\u00f3lo cuenta con un respirador o ventilador para atender a aquellos pacientes graves que presenten insuficiencia respiratoria, por el Covid-19 o cualquier otra\u2026","rel":"","context":"En &quot;CINTILLO&quot;","block_context":{"text":"CINTILLO","link":"https:\/\/www.grieta.org.mx\/index.php\/category\/cintillo\/"},"img":{"alt_text":"","src":"https:\/\/i0.wp.com\/www.grieta.org.mx\/wp-content\/uploads\/2020\/05\/95486082_2909236652500835_1142122127168634880_n.jpg?resize=350%2C200&ssl=1","width":350,"height":200,"srcset":"https:\/\/i0.wp.com\/www.grieta.org.mx\/wp-content\/uploads\/2020\/05\/95486082_2909236652500835_1142122127168634880_n.jpg?resize=350%2C200&ssl=1 1x, https:\/\/i0.wp.com\/www.grieta.org.mx\/wp-content\/uploads\/2020\/05\/95486082_2909236652500835_1142122127168634880_n.jpg?resize=525%2C300&ssl=1 1.5x, https:\/\/i0.wp.com\/www.grieta.org.mx\/wp-content\/uploads\/2020\/05\/95486082_2909236652500835_1142122127168634880_n.jpg?resize=700%2C400&ssl=1 2x"},"classes":[]},{"id":50727,"url":"https:\/\/www.grieta.org.mx\/index.php\/2020\/06\/10\/colima-reporto-en-abril-un-gasto-de-49-mdp-para-adquirir-ventiladores-no-llegaron\/","url_meta":{"origin":52859,"position":2},"title":"Colima report\u00f3 en abril un gasto de 49 MDP para adquirir ventiladores\u2026 no llegaron","author":"grieta","date":"10 junio, 2020","format":false,"excerpt":"foto: Diario Avanzada Heidi de Le\u00f3n Guti\u00e9rrez \/ Diario Avanzada Colima, M\u00e9xico, Avanzada (10\/06\/2020).- Desde el pasado mes de abril, el Gobierno de Colima report\u00f3 que compr\u00f3 50 ventiladores adulto-pedi\u00e1tricos que servir\u00e1n para atender a los enfermos del Covid-19 y por los cuales pag\u00f3 49 millones de pesos, pero a\u2026","rel":"","context":"En &quot;CINTILLO&quot;","block_context":{"text":"CINTILLO","link":"https:\/\/www.grieta.org.mx\/index.php\/category\/cintillo\/"},"img":{"alt_text":"","src":"https:\/\/i0.wp.com\/www.grieta.org.mx\/wp-content\/uploads\/2020\/06\/Salud-Covid-2.jpeg?resize=350%2C200&ssl=1","width":350,"height":200,"srcset":"https:\/\/i0.wp.com\/www.grieta.org.mx\/wp-content\/uploads\/2020\/06\/Salud-Covid-2.jpeg?resize=350%2C200&ssl=1 1x, https:\/\/i0.wp.com\/www.grieta.org.mx\/wp-content\/uploads\/2020\/06\/Salud-Covid-2.jpeg?resize=525%2C300&ssl=1 1.5x, https:\/\/i0.wp.com\/www.grieta.org.mx\/wp-content\/uploads\/2020\/06\/Salud-Covid-2.jpeg?resize=700%2C400&ssl=1 2x"},"classes":[]},{"id":70403,"url":"https:\/\/www.grieta.org.mx\/index.php\/2024\/10\/31\/el-2024-se-perfila-como-el-mas-violento-para-las-mujeres-en-la-historia-de-colima\/","url_meta":{"origin":52859,"position":3},"title":"El 2024 se perfila como el m\u00e1s violento para las mujeres en la historia de Colima","author":"grieta","date":"31 octubre, 2024","format":false,"excerpt":"Imagen: Diario Avanzada Heidi de Le\u00f3n Guti\u00e9rrez \/ Diario Avanzada Colima, M\u00e9xico, Avanzada (31\/10\/2024).- Colima enfrenta una crisis de violencia contra las mujeres, con 96 asesinatos registrados en los primeros nueve meses de 2024, seg\u00fan datos del Secretariado Ejecutivo del Sistema Nacional de Seguridad P\u00fablica (SESNSP). De continuar esta tendencia,\u2026","rel":"","context":"En &quot;CINTILLO&quot;","block_context":{"text":"CINTILLO","link":"https:\/\/www.grieta.org.mx\/index.php\/category\/cintillo\/"},"img":{"alt_text":"","src":"https:\/\/i0.wp.com\/www.grieta.org.mx\/wp-content\/uploads\/2024\/11\/5e02817a-3f45-4ddc-891b-c4c370edc579-1.jpg?resize=350%2C200&ssl=1","width":350,"height":200,"srcset":"https:\/\/i0.wp.com\/www.grieta.org.mx\/wp-content\/uploads\/2024\/11\/5e02817a-3f45-4ddc-891b-c4c370edc579-1.jpg?resize=350%2C200&ssl=1 1x, https:\/\/i0.wp.com\/www.grieta.org.mx\/wp-content\/uploads\/2024\/11\/5e02817a-3f45-4ddc-891b-c4c370edc579-1.jpg?resize=525%2C300&ssl=1 1.5x, https:\/\/i0.wp.com\/www.grieta.org.mx\/wp-content\/uploads\/2024\/11\/5e02817a-3f45-4ddc-891b-c4c370edc579-1.jpg?resize=700%2C400&ssl=1 2x, https:\/\/i0.wp.com\/www.grieta.org.mx\/wp-content\/uploads\/2024\/11\/5e02817a-3f45-4ddc-891b-c4c370edc579-1.jpg?resize=1050%2C600&ssl=1 3x, https:\/\/i0.wp.com\/www.grieta.org.mx\/wp-content\/uploads\/2024\/11\/5e02817a-3f45-4ddc-891b-c4c370edc579-1.jpg?resize=1400%2C800&ssl=1 4x"},"classes":[]},{"id":50008,"url":"https:\/\/www.grieta.org.mx\/index.php\/2020\/05\/27\/colima-es-el-cuarto-estado-de-mexico-con-la-mayor-letalidad-por-covid-19-colima\/","url_meta":{"origin":52859,"position":4},"title":"Colima es el cuarto estado de M\u00e9xico con la mayor letalidad por Covid-19 (Colima)","author":"grieta","date":"27 mayo, 2020","format":false,"excerpt":"Imagen: Diario Avanzada Redacci\u00f3n \/ Diario Avanzada Colima, M\u00e9xico, Avanzada (27\/05\/2020).- Colima es el cuarto estado con la letalidad m\u00e1s alta por Covid-19,\u00a0de acuerdo a la informaci\u00f3n que publica el peri\u00f3dico Reforma. En contraste, el Gobierno de Colima public\u00f3 que desde el pasado mes de abril destin\u00f3 poco m\u00e1s de\u2026","rel":"","context":"En &quot;CINTILLO&quot;","block_context":{"text":"CINTILLO","link":"https:\/\/www.grieta.org.mx\/index.php\/category\/cintillo\/"},"img":{"alt_text":"","src":"https:\/\/i0.wp.com\/www.grieta.org.mx\/wp-content\/uploads\/2020\/05\/100769334_2976358915788608_6831006920053096448_o.jpg?resize=350%2C200&ssl=1","width":350,"height":200,"srcset":"https:\/\/i0.wp.com\/www.grieta.org.mx\/wp-content\/uploads\/2020\/05\/100769334_2976358915788608_6831006920053096448_o.jpg?resize=350%2C200&ssl=1 1x, https:\/\/i0.wp.com\/www.grieta.org.mx\/wp-content\/uploads\/2020\/05\/100769334_2976358915788608_6831006920053096448_o.jpg?resize=525%2C300&ssl=1 1.5x, https:\/\/i0.wp.com\/www.grieta.org.mx\/wp-content\/uploads\/2020\/05\/100769334_2976358915788608_6831006920053096448_o.jpg?resize=700%2C400&ssl=1 2x"},"classes":[]},{"id":56823,"url":"https:\/\/www.grieta.org.mx\/index.php\/2021\/02\/04\/hru-y-hospital-de-tecoman-sin-disponibilidad-de-camas-para-atender-pacientes-covid-19-colima\/","url_meta":{"origin":52859,"position":5},"title":"HRU y Hospital de Tecom\u00e1n sin disponibilidad de camas para atender pacientes Covid-19 (Colima)","author":"grieta","date":"4 febrero, 2021","format":false,"excerpt":"Foto: Diario Avanzada Heidi de Le\u00f3n Guti\u00e9rrez \/ Diario Avanzada Colima, M\u00e9xico, Avanzada (04\/02\/2021).- El Hospital Regional Universitario (HRU) y el Hospital General de Tecom\u00e1n reportaron una ocupaci\u00f3n del 100 por ciento en las \u00e1reas destinadas para atender a pacientes con Covid-19. El lleno se registra, justo en los d\u00edas\u2026","rel":"","context":"En &quot;CINTILLO&quot;","block_context":{"text":"CINTILLO","link":"https:\/\/www.grieta.org.mx\/index.php\/category\/cintillo\/"},"img":{"alt_text":"","src":"https:\/\/i0.wp.com\/www.grieta.org.mx\/wp-content\/uploads\/2021\/02\/Covid.jpg?resize=350%2C200&ssl=1","width":350,"height":200,"srcset":"https:\/\/i0.wp.com\/www.grieta.org.mx\/wp-content\/uploads\/2021\/02\/Covid.jpg?resize=350%2C200&ssl=1 1x, https:\/\/i0.wp.com\/www.grieta.org.mx\/wp-content\/uploads\/2021\/02\/Covid.jpg?resize=525%2C300&ssl=1 1.5x"},"classes":[]}],"_links":{"self":[{"href":"https:\/\/www.grieta.org.mx\/index.php\/wp-json\/wp\/v2\/posts\/52859","targetHints":{"allow":["GET"]}}],"collection":[{"href":"https:\/\/www.grieta.org.mx\/index.php\/wp-json\/wp\/v2\/posts"}],"about":[{"href":"https:\/\/www.grieta.org.mx\/index.php\/wp-json\/wp\/v2\/types\/post"}],"author":[{"embeddable":true,"href":"https:\/\/www.grieta.org.mx\/index.php\/wp-json\/wp\/v2\/users\/2"}],"replies":[{"embeddable":true,"href":"https:\/\/www.grieta.org.mx\/index.php\/wp-json\/wp\/v2\/comments?post=52859"}],"version-history":[{"count":1,"href":"https:\/\/www.grieta.org.mx\/index.php\/wp-json\/wp\/v2\/posts\/52859\/revisions"}],"predecessor-version":[{"id":52861,"href":"https:\/\/www.grieta.org.mx\/index.php\/wp-json\/wp\/v2\/posts\/52859\/revisions\/52861"}],"wp:featuredmedia":[{"embeddable":true,"href":"https:\/\/www.grieta.org.mx\/index.php\/wp-json\/wp\/v2\/media\/21928"}],"wp:attachment":[{"href":"https:\/\/www.grieta.org.mx\/index.php\/wp-json\/wp\/v2\/media?parent=52859"}],"wp:term":[{"taxonomy":"category","embeddable":true,"href":"https:\/\/www.grieta.org.mx\/index.php\/wp-json\/wp\/v2\/categories?post=52859"},{"taxonomy":"post_tag","embeddable":true,"href":"https:\/\/www.grieta.org.mx\/index.php\/wp-json\/wp\/v2\/tags?post=52859"}],"curies":[{"name":"wp","href":"https:\/\/api.w.org\/{rel}","templated":true}]}}