{"id":52803,"date":"2020-08-23T22:17:08","date_gmt":"2020-08-24T03:17:08","guid":{"rendered":"http:\/\/www.grieta.org.mx\/?p=52803"},"modified":"2020-08-23T22:17:08","modified_gmt":"2020-08-24T03:17:08","slug":"policia-de-leon-tortura-y-agrede-sexualmente-a-adolescentes-hace-redada-tras-manifestacion-feminista-guanajuato","status":"publish","type":"post","link":"https:\/\/www.grieta.org.mx\/index.php\/2020\/08\/23\/policia-de-leon-tortura-y-agrede-sexualmente-a-adolescentes-hace-redada-tras-manifestacion-feminista-guanajuato\/","title":{"rendered":"Polic\u00eda de Le\u00f3n tortura y agrede sexualmente a adolescentes; hace redada tras manifestaci\u00f3n feminista (Guanajuato)"},"content":{"rendered":"<blockquote><p><strong>22 mujeres fueron agredidas f\u00edsica, psicol\u00f3gica y sexualmente por elementos de las fuerzas de seguridad p\u00fablica; son liberadas tras su detenci\u00f3n. Hay m\u00e1s que no llevaron a CEPOL y se desconoce su paradero: REDIM<\/strong><\/p><\/blockquote>\n<p>Alonso Merino Lubetsky \/ POPLab, 23 de agosto 2020<br \/>\nUna redada polic\u00edaca tuvo lugar en Le\u00f3n luego de la manifestaci\u00f3n contra las agresiones sexuales que sufri\u00f3 Evelyn hace menos de dos semanas por parte de elementos de seguridad p\u00fablica en Le\u00f3n, Guanajuato. Alrededor de las 8:15 de la noche del s\u00e1bado 22 de agosto colectivas feministas en la ciudad comenzaron con la b\u00fasqueda de las 22 mujeres detenidas que despu\u00e9s de ser liberadas denunciaron tortura y m\u00faltiples violaciones a sus derechos humanos.<\/p>\n<p>La marcha contra la violencia policial de alrededor de 300 mujeres termin\u00f3 en m\u00e1s represi\u00f3n polic\u00edaca y en agresiones en contra de las manifestantes, civiles y reporteras. Los abusos no cesaron con los forcejeos y golpes propinados a las mujeres durante la manifestaci\u00f3n; culmin\u00f3 con menores de edad que fueron violentadas por agentes municipales.<\/p>\n<p><iframe loading=\"lazy\" src=\"https:\/\/www.youtube.com\/embed\/D9VTCAkTPMY\" width=\"560\" height=\"315\" frameborder=\"0\" allowfullscreen=\"allowfullscreen\"><\/iframe><br \/>\nVideo: Tomado de POPLab.mx<\/p>\n<p><strong>Procesadas en CEPOL Norte; funcionarios reservan informaci\u00f3n de su paradero<\/strong><\/p>\n<p>La Red Feminista de Le\u00f3n acudi\u00f3 a las diferentes delegaciones de CEPOL para esperar la llegada de las mujeres detenidas, incluso siguieron a una patrulla llena de mujeres esposadas que parti\u00f3 del primer cuadro de la ciudad y lleg\u00f3 hasta las instalaciones de CEPOL Norte en el Bulevar T\u00e9llez Cruces. A las 9:00 pm POPLab y la Red fueron testigos de la llegada de al menos dos patrullas repletas de detenidas. A las 10:00 pm un oficial, que no se identific\u00f3, inform\u00f3 de manera extraoficial el paradero de m\u00e1s de veinte mujeres y un hombre en dicha delegaci\u00f3n.<\/p>\n<figure id=\"attachment_52804\" aria-describedby=\"caption-attachment-52804\" style=\"width: 800px\" class=\"wp-caption alignnone\"><img loading=\"lazy\" decoding=\"async\" data-attachment-id=\"52804\" data-permalink=\"https:\/\/www.grieta.org.mx\/index.php\/2020\/08\/23\/policia-de-leon-tortura-y-agrede-sexualmente-a-adolescentes-hace-redada-tras-manifestacion-feminista-guanajuato\/represion4\/\" data-orig-file=\"https:\/\/www.grieta.org.mx\/wp-content\/uploads\/2020\/08\/REPRESION4.jpg\" data-orig-size=\"1920,1080\" data-comments-opened=\"0\" data-image-meta=\"{&quot;aperture&quot;:&quot;0&quot;,&quot;credit&quot;:&quot;&quot;,&quot;camera&quot;:&quot;&quot;,&quot;caption&quot;:&quot;&quot;,&quot;created_timestamp&quot;:&quot;0&quot;,&quot;copyright&quot;:&quot;&quot;,&quot;focal_length&quot;:&quot;0&quot;,&quot;iso&quot;:&quot;0&quot;,&quot;shutter_speed&quot;:&quot;0&quot;,&quot;title&quot;:&quot;&quot;,&quot;orientation&quot;:&quot;0&quot;}\" data-image-title=\"REPRESION4\" data-image-description=\"\" data-image-caption=\"&lt;p&gt;Foto: Alonso Merino Lubetzky&lt;\/p&gt;\n\" data-medium-file=\"https:\/\/www.grieta.org.mx\/wp-content\/uploads\/2020\/08\/REPRESION4-300x169.jpg\" data-large-file=\"https:\/\/www.grieta.org.mx\/wp-content\/uploads\/2020\/08\/REPRESION4-1024x576.jpg\" class=\"wp-image-52804\" src=\"http:\/\/www.grieta.org.mx\/wp-content\/uploads\/2020\/08\/REPRESION4.jpg\" alt=\"\" width=\"800\" height=\"450\" srcset=\"https:\/\/www.grieta.org.mx\/wp-content\/uploads\/2020\/08\/REPRESION4.jpg 1920w, https:\/\/www.grieta.org.mx\/wp-content\/uploads\/2020\/08\/REPRESION4-300x169.jpg 300w, https:\/\/www.grieta.org.mx\/wp-content\/uploads\/2020\/08\/REPRESION4-1024x576.jpg 1024w, https:\/\/www.grieta.org.mx\/wp-content\/uploads\/2020\/08\/REPRESION4-768x432.jpg 768w, https:\/\/www.grieta.org.mx\/wp-content\/uploads\/2020\/08\/REPRESION4-1536x864.jpg 1536w, https:\/\/www.grieta.org.mx\/wp-content\/uploads\/2020\/08\/REPRESION4-889x500.jpg 889w\" sizes=\"auto, (max-width: 800px) 100vw, 800px\" \/><figcaption id=\"caption-attachment-52804\" class=\"wp-caption-text\">Foto: Alonso Merino Lubetzky<\/figcaption><\/figure>\n<p>Un amplia movilizaci\u00f3n en redes sociales difundi\u00f3 la lista con los nombres de las detenidas. Al mismo tiempo un bolet\u00edn de la SSP habl\u00f3 de 26 detenciones, cifra que posteriormente se corrigi\u00f3 a 23. A las 11:00 pm el funcionario Jos\u00e9 Dolores Valad\u00e9z de CEPOL Norte inform\u00f3 a este medio de comunicaci\u00f3n y a la Red Feminista de Le\u00f3n que no contaban con registro de las personas privadas de su libertad.<\/p>\n<p>Dolores Valad\u00e9z, quien se identific\u00f3 como &#8220;telefonista&#8221; no quiso especificar su puesto, neg\u00e1ndose a brindar informaci\u00f3n a los familiares y a la prensa sobre su paradero. A las 11:30 pm siguieron llegando familiares y, sin embargo, los agentes de CEPOL Norte continuaron sin confirmar la identidad o existencia f\u00edsica de las personas arrestadas.<\/p>\n<p><strong>Menores de edad con rasgos de tortura y otras violaciones a DDHH<\/strong><\/p>\n<p>Finalmente, en presencia de Amnist\u00eda Internacional y la Red por los Derechos de la Infancia en M\u00e9xico (REDIM) quienes asistieron como observadoras de las detenciones, a las 11:40 pm sali\u00f3 la primer menor de 17 a\u00f1os, quien declar\u00f3 ante este medio de comunicaci\u00f3n que la polic\u00eda la detuvo en la Zona Centro cerca de la Plaza Expiatorio. Explica que cuando las agentes la subieron a la patrulla junto con otras manifestantes la insultaron y la comenzaron a golpear. Relata que durante todo el trayecto elementos de seguridad p\u00fablica la violentaron f\u00edsica, verbal y sexualmente. Recibi\u00f3 varios golpes en la cabeza, le jalaron el cabello y le tiraron varios pu\u00f1etazos. Cuenta que las compa\u00f1eras que intentaron defenderla tambi\u00e9n recibieron golpes de parte de las oficiales.<\/p>\n<figure id=\"attachment_52805\" aria-describedby=\"caption-attachment-52805\" style=\"width: 800px\" class=\"wp-caption alignnone\"><img loading=\"lazy\" decoding=\"async\" data-attachment-id=\"52805\" data-permalink=\"https:\/\/www.grieta.org.mx\/index.php\/2020\/08\/23\/policia-de-leon-tortura-y-agrede-sexualmente-a-adolescentes-hace-redada-tras-manifestacion-feminista-guanajuato\/represion2\/\" data-orig-file=\"https:\/\/www.grieta.org.mx\/wp-content\/uploads\/2020\/08\/REPRESION2.jpg\" data-orig-size=\"1920,1080\" data-comments-opened=\"0\" data-image-meta=\"{&quot;aperture&quot;:&quot;0&quot;,&quot;credit&quot;:&quot;&quot;,&quot;camera&quot;:&quot;&quot;,&quot;caption&quot;:&quot;&quot;,&quot;created_timestamp&quot;:&quot;0&quot;,&quot;copyright&quot;:&quot;&quot;,&quot;focal_length&quot;:&quot;0&quot;,&quot;iso&quot;:&quot;0&quot;,&quot;shutter_speed&quot;:&quot;0&quot;,&quot;title&quot;:&quot;&quot;,&quot;orientation&quot;:&quot;0&quot;}\" data-image-title=\"REPRESION2\" data-image-description=\"\" data-image-caption=\"&lt;p&gt;Foto: Alonso Merino Lubetzky&lt;\/p&gt;\n\" data-medium-file=\"https:\/\/www.grieta.org.mx\/wp-content\/uploads\/2020\/08\/REPRESION2-300x169.jpg\" data-large-file=\"https:\/\/www.grieta.org.mx\/wp-content\/uploads\/2020\/08\/REPRESION2-1024x576.jpg\" class=\"wp-image-52805\" src=\"http:\/\/www.grieta.org.mx\/wp-content\/uploads\/2020\/08\/REPRESION2.jpg\" alt=\"\" width=\"800\" height=\"450\" srcset=\"https:\/\/www.grieta.org.mx\/wp-content\/uploads\/2020\/08\/REPRESION2.jpg 1920w, https:\/\/www.grieta.org.mx\/wp-content\/uploads\/2020\/08\/REPRESION2-300x169.jpg 300w, https:\/\/www.grieta.org.mx\/wp-content\/uploads\/2020\/08\/REPRESION2-1024x576.jpg 1024w, https:\/\/www.grieta.org.mx\/wp-content\/uploads\/2020\/08\/REPRESION2-768x432.jpg 768w, https:\/\/www.grieta.org.mx\/wp-content\/uploads\/2020\/08\/REPRESION2-1536x864.jpg 1536w, https:\/\/www.grieta.org.mx\/wp-content\/uploads\/2020\/08\/REPRESION2-889x500.jpg 889w\" sizes=\"auto, (max-width: 800px) 100vw, 800px\" \/><figcaption id=\"caption-attachment-52805\" class=\"wp-caption-text\">Foto: Alonso Merino Lubetzky<\/figcaption><\/figure>\n<p>En su testimonio da cuenta que agentes varones golpearon a m\u00e1s compa\u00f1eras. Una de ellas fue ahorcada y tuvieron que auxiliarla por las marcas de violencia que ten\u00eda en el cuello. La menor informa que un polic\u00eda la agredi\u00f3 sexualmente meti\u00e9ndole la mano bajo la falda. Compa\u00f1eras suyas confirmaron su testimonio y agregaron, adem\u00e1s, que entre varios agentes la semidesnudaron antes de subirla a la patrulla, subi\u00e9ndole la falda y rompi\u00e9ndole la blusa. El testimonio de esta menor confirma m\u00e1s agresiones sexuales a adolescentes que participaron en la manifestaci\u00f3n.<\/p>\n<p>Otra mujer detenida con quien POPLab tuvo comunicaci\u00f3n la madrugada del 23 de agosto, relata que cambiaron los datos de su acta de detenci\u00f3n policial, de lo cual se dio cuenta cuando lleg\u00f3 con el juez: hora de arresto, los cargos imputados, el lugar de la detenci\u00f3n fueron cambiados. Explica que la hora del arresto que anotaron era a las 10:30 pm y el lugar la calle Madero del Centro Hist\u00f3rico, una conocida zona de bares en la ciudad. Dentro del acta de detenci\u00f3n dec\u00eda tambi\u00e9n que se tuvo que aplicar fuerza porque se opuso a la detenci\u00f3n, cosa que desminti\u00f3.<\/p>\n<p>El reportero de POPLab estuvo en CEPOL Norte desde la llegada de las primeras camionetas con detenidas a las 9:00 pm del s\u00e1bado, hasta las 4:00 am del 23 de agosto, cuando liberaron a la \u00faltima de las 23 personas privadas de su libertad.<\/p>\n<figure id=\"attachment_52807\" aria-describedby=\"caption-attachment-52807\" style=\"width: 800px\" class=\"wp-caption alignnone\"><img loading=\"lazy\" decoding=\"async\" data-attachment-id=\"52807\" data-permalink=\"https:\/\/www.grieta.org.mx\/index.php\/2020\/08\/23\/policia-de-leon-tortura-y-agrede-sexualmente-a-adolescentes-hace-redada-tras-manifestacion-feminista-guanajuato\/represion3\/\" data-orig-file=\"https:\/\/www.grieta.org.mx\/wp-content\/uploads\/2020\/08\/REPRESION3.jpg\" data-orig-size=\"1920,1080\" data-comments-opened=\"0\" data-image-meta=\"{&quot;aperture&quot;:&quot;0&quot;,&quot;credit&quot;:&quot;&quot;,&quot;camera&quot;:&quot;&quot;,&quot;caption&quot;:&quot;&quot;,&quot;created_timestamp&quot;:&quot;0&quot;,&quot;copyright&quot;:&quot;&quot;,&quot;focal_length&quot;:&quot;0&quot;,&quot;iso&quot;:&quot;0&quot;,&quot;shutter_speed&quot;:&quot;0&quot;,&quot;title&quot;:&quot;&quot;,&quot;orientation&quot;:&quot;0&quot;}\" data-image-title=\"REPRESION3\" data-image-description=\"\" data-image-caption=\"&lt;p&gt;Foto: Alonso Merino Lubetzky&lt;\/p&gt;\n\" data-medium-file=\"https:\/\/www.grieta.org.mx\/wp-content\/uploads\/2020\/08\/REPRESION3-300x169.jpg\" data-large-file=\"https:\/\/www.grieta.org.mx\/wp-content\/uploads\/2020\/08\/REPRESION3-1024x576.jpg\" class=\"wp-image-52807\" src=\"http:\/\/www.grieta.org.mx\/wp-content\/uploads\/2020\/08\/REPRESION3.jpg\" alt=\"\" width=\"800\" height=\"450\" srcset=\"https:\/\/www.grieta.org.mx\/wp-content\/uploads\/2020\/08\/REPRESION3.jpg 1920w, https:\/\/www.grieta.org.mx\/wp-content\/uploads\/2020\/08\/REPRESION3-300x169.jpg 300w, https:\/\/www.grieta.org.mx\/wp-content\/uploads\/2020\/08\/REPRESION3-1024x576.jpg 1024w, https:\/\/www.grieta.org.mx\/wp-content\/uploads\/2020\/08\/REPRESION3-768x432.jpg 768w, https:\/\/www.grieta.org.mx\/wp-content\/uploads\/2020\/08\/REPRESION3-1536x864.jpg 1536w, https:\/\/www.grieta.org.mx\/wp-content\/uploads\/2020\/08\/REPRESION3-889x500.jpg 889w\" sizes=\"auto, (max-width: 800px) 100vw, 800px\" \/><figcaption id=\"caption-attachment-52807\" class=\"wp-caption-text\">Foto: Alonso Merino Lubetzky<\/figcaption><\/figure>\n<p>De acuerdo con m\u00e1s de diez testimonios recogidos, muchas manifestantes fueron ahorcadas cuando se reunieron afuera de la caseta de polic\u00eda en la Plaza Expiatorio, a quienes tambi\u00e9n les golpearon a pu\u00f1o cerrado y les jalaron del cabello. A una menor de edad le arrancaron las perforaciones de la cara y las orejas al arrestarla; declara que una agente le dijo &#8220;estas arracadas me gustan para la boda de la pr\u00f3xima semana, me las voy a quedar&#8221;. La mayor\u00eda de las detenidas recibieron comentarios denigrantes y sexualizantes de los agentes varones que participaron en la redada posterior a la manifestaci\u00f3n.<\/p>\n<p>Explican que al llegar a CEPOL Norte, las amedrentaron dici\u00e9ndoles que &#8220;les iban a sacar dinero&#8221; y que &#8220;ahora s\u00ed van a pagar&#8221;. Cuentan que desde antes de la manifestaci\u00f3n se taparon todos los puntos de salida de alrededor del Arco de la Calzada con grupos de agentes de la polic\u00eda que parec\u00edan planear la represi\u00f3n. Otra mujer detenida relata que los locales alrededor del Arco cerraron porque los locatarios recibieron amenazas para no resguardar a las manifestantes. Cuando ella y otras de sus compa\u00f1eras se quisieron refugiar en una helader\u00eda, la empleada del lugar les dijo con l\u00e1grimas en los ojos que no pod\u00eda dejarlas entrar.<\/p>\n<p>A otra manifestante una agente le dijo &#8220;no, no te ahorqu\u00e9, sigues viva&#8221;, despu\u00e9s de que le pidi\u00f3 que la soltara. Otras fueron a auxiliar a sus compa\u00f1eras agredidas en el Arco y polic\u00edas las empezaron a seguir en el autom\u00f3vil. A otras las bajaron de su auto para arrestarlas cuando ya estaban lejos del primer cuadro de la ciudad. Otro grupo fueron trasladas primero a la delegaci\u00f3n CEPOL Poniente, pero inmediatamente las redirigieron a la delegaci\u00f3n norte.<\/p>\n<figure id=\"attachment_52806\" aria-describedby=\"caption-attachment-52806\" style=\"width: 800px\" class=\"wp-caption alignnone\"><img loading=\"lazy\" decoding=\"async\" data-attachment-id=\"52806\" data-permalink=\"https:\/\/www.grieta.org.mx\/index.php\/2020\/08\/23\/policia-de-leon-tortura-y-agrede-sexualmente-a-adolescentes-hace-redada-tras-manifestacion-feminista-guanajuato\/represion5\/\" data-orig-file=\"https:\/\/www.grieta.org.mx\/wp-content\/uploads\/2020\/08\/REPRESION5.jpg\" data-orig-size=\"1920,1080\" data-comments-opened=\"0\" data-image-meta=\"{&quot;aperture&quot;:&quot;0&quot;,&quot;credit&quot;:&quot;&quot;,&quot;camera&quot;:&quot;&quot;,&quot;caption&quot;:&quot;&quot;,&quot;created_timestamp&quot;:&quot;0&quot;,&quot;copyright&quot;:&quot;&quot;,&quot;focal_length&quot;:&quot;0&quot;,&quot;iso&quot;:&quot;0&quot;,&quot;shutter_speed&quot;:&quot;0&quot;,&quot;title&quot;:&quot;&quot;,&quot;orientation&quot;:&quot;0&quot;}\" data-image-title=\"REPRESION5\" data-image-description=\"\" data-image-caption=\"&lt;p&gt;Foto: Alonso Merino Lubetzky&lt;\/p&gt;\n\" data-medium-file=\"https:\/\/www.grieta.org.mx\/wp-content\/uploads\/2020\/08\/REPRESION5-300x169.jpg\" data-large-file=\"https:\/\/www.grieta.org.mx\/wp-content\/uploads\/2020\/08\/REPRESION5-1024x576.jpg\" class=\"wp-image-52806\" src=\"http:\/\/www.grieta.org.mx\/wp-content\/uploads\/2020\/08\/REPRESION5.jpg\" alt=\"\" width=\"800\" height=\"450\" srcset=\"https:\/\/www.grieta.org.mx\/wp-content\/uploads\/2020\/08\/REPRESION5.jpg 1920w, https:\/\/www.grieta.org.mx\/wp-content\/uploads\/2020\/08\/REPRESION5-300x169.jpg 300w, https:\/\/www.grieta.org.mx\/wp-content\/uploads\/2020\/08\/REPRESION5-1024x576.jpg 1024w, https:\/\/www.grieta.org.mx\/wp-content\/uploads\/2020\/08\/REPRESION5-768x432.jpg 768w, https:\/\/www.grieta.org.mx\/wp-content\/uploads\/2020\/08\/REPRESION5-1536x864.jpg 1536w, https:\/\/www.grieta.org.mx\/wp-content\/uploads\/2020\/08\/REPRESION5-889x500.jpg 889w\" sizes=\"auto, (max-width: 800px) 100vw, 800px\" \/><figcaption id=\"caption-attachment-52806\" class=\"wp-caption-text\">Foto: Alonso Merino Lubetzky<\/figcaption><\/figure>\n<p><strong><br \/>\nDetenciones a diestra y siniestra<\/strong><\/p>\n<p>De forma general, los testimonios recabados relatan que las agentes les amenazaban personalmente, se burlaban de ellas, las ofend\u00edan y las golpearon en muchas ocasiones al interior de las patrullas. Las acompa\u00f1antes y manifestantes detenidas confirman que las patrullas 717 y 713 municipal, as\u00ed como la 113 estatal fueron algunas de las involucradas en la redada.<\/p>\n<p>Manifestantes fueron reconocidas por las y los polic\u00edas en la parada del OptiBus (oruga) del Sistema Integrado de Transporte (SIT), quienes se metieron a la estaci\u00f3n para detenerlas y subirlas a la patrulla. Ah\u00ed tambi\u00e9n privaron de su libertad a mujeres que sal\u00edan del trabajo. Un grupo m\u00e1s de mujeres cuenta que llegando a las instalaciones de CEPOL Norte, las amenazaron con tomarse &#8220;selfies&#8221; con ellas sin su consentimiento y con traerles a polic\u00edas varones para agredirlas.<\/p>\n<p>A una madre con su hija la detuvieron en la parada del cami\u00f3n, pese a que nada ten\u00edan que ver con la manifestaci\u00f3n. A la menor le quitaron sus pertenencias con violencia con todo y que ninguna de las dos opuso resistencia. Una pareja transitaba por la zona en bicicleta y a ella la arrestaron tambi\u00e9n.<\/p>\n<figure id=\"attachment_52808\" aria-describedby=\"caption-attachment-52808\" style=\"width: 800px\" class=\"wp-caption alignnone\"><img loading=\"lazy\" decoding=\"async\" data-attachment-id=\"52808\" data-permalink=\"https:\/\/www.grieta.org.mx\/index.php\/2020\/08\/23\/policia-de-leon-tortura-y-agrede-sexualmente-a-adolescentes-hace-redada-tras-manifestacion-feminista-guanajuato\/cc849e4f-9faa-4c44-8a5e-9c76461ba7b5\/\" data-orig-file=\"https:\/\/www.grieta.org.mx\/wp-content\/uploads\/2020\/08\/CC849E4F-9FAA-4C44-8A5E-9C76461BA7B5.jpeg\" data-orig-size=\"2048,1152\" data-comments-opened=\"0\" data-image-meta=\"{&quot;aperture&quot;:&quot;0&quot;,&quot;credit&quot;:&quot;&quot;,&quot;camera&quot;:&quot;&quot;,&quot;caption&quot;:&quot;&quot;,&quot;created_timestamp&quot;:&quot;0&quot;,&quot;copyright&quot;:&quot;\\u00a9 Pinche Einnar&quot;,&quot;focal_length&quot;:&quot;0&quot;,&quot;iso&quot;:&quot;0&quot;,&quot;shutter_speed&quot;:&quot;0&quot;,&quot;title&quot;:&quot;&quot;,&quot;orientation&quot;:&quot;0&quot;}\" data-image-title=\"CC849E4F-9FAA-4C44-8A5E-9C76461BA7B5\" data-image-description=\"\" data-image-caption=\"&lt;p&gt;Foto: Alonso Merino Lubetzky&lt;\/p&gt;\n\" data-medium-file=\"https:\/\/www.grieta.org.mx\/wp-content\/uploads\/2020\/08\/CC849E4F-9FAA-4C44-8A5E-9C76461BA7B5-300x169.jpeg\" data-large-file=\"https:\/\/www.grieta.org.mx\/wp-content\/uploads\/2020\/08\/CC849E4F-9FAA-4C44-8A5E-9C76461BA7B5-1024x576.jpeg\" class=\"wp-image-52808\" src=\"http:\/\/www.grieta.org.mx\/wp-content\/uploads\/2020\/08\/CC849E4F-9FAA-4C44-8A5E-9C76461BA7B5.jpeg\" alt=\"\" width=\"800\" height=\"450\" srcset=\"https:\/\/www.grieta.org.mx\/wp-content\/uploads\/2020\/08\/CC849E4F-9FAA-4C44-8A5E-9C76461BA7B5.jpeg 2048w, https:\/\/www.grieta.org.mx\/wp-content\/uploads\/2020\/08\/CC849E4F-9FAA-4C44-8A5E-9C76461BA7B5-300x169.jpeg 300w, https:\/\/www.grieta.org.mx\/wp-content\/uploads\/2020\/08\/CC849E4F-9FAA-4C44-8A5E-9C76461BA7B5-1024x576.jpeg 1024w, https:\/\/www.grieta.org.mx\/wp-content\/uploads\/2020\/08\/CC849E4F-9FAA-4C44-8A5E-9C76461BA7B5-768x432.jpeg 768w, https:\/\/www.grieta.org.mx\/wp-content\/uploads\/2020\/08\/CC849E4F-9FAA-4C44-8A5E-9C76461BA7B5-1536x864.jpeg 1536w, https:\/\/www.grieta.org.mx\/wp-content\/uploads\/2020\/08\/CC849E4F-9FAA-4C44-8A5E-9C76461BA7B5-889x500.jpeg 889w\" sizes=\"auto, (max-width: 800px) 100vw, 800px\" \/><figcaption id=\"caption-attachment-52808\" class=\"wp-caption-text\">Foto: Alonso Merino Lubetzky<\/figcaption><\/figure>\n<p>Los testimonios confirman una infiltrada en la manifestaci\u00f3n que detectaron cuando se comenzaron a llevar a las primeras manifestantes. La infiltrada es identificada con pelo rojo con una estatura de 1.65 m que les tomaba fotos y videos a las mujeres. Cuando esa patrulla arranc\u00f3 en direcci\u00f3n al Bulevar Mariano Escobedo, agentes empujaron hacia afuera de la camioneta a dos mujeres. Las manifestantes cayeron al suelo con el autom\u00f3vil en movimiento.<\/p>\n<p>De acuerdo con la Red por los Derechos de la Infancia en M\u00e9xico (REDIM), adem\u00e1s de las 22 mujeres y un var\u00f3n liberadas alrededor de las 4:00 am del 23 de agosto, se tiene informaci\u00f3n de mujeres que no llevaron a las estaciones de la polic\u00eda, pero que tampoco se tienen sus nombres. REDIM teme que sean v\u00edctimas de desaparici\u00f3n forzada.<\/p>\n<p><strong>MP y hospital revictimizaron a adolescente y familiares<\/strong><\/p>\n<p>Al menos dos mujeres, una de 17 a\u00f1os y otra de 20, asistieron al Hospital Materno-Infantil en Le\u00f3n, debido a que el Hospital General se encuentra destinado exclusivamente a la atenci\u00f3n de casos de COVID-19. La Red Feminista de Le\u00f3n reporta que hab\u00eda un solo m\u00e9dico en el turno de la noche quien por falta de capacidad no pudo atender a las dos mujeres con rasgos de tortura y violencia en toda la noche.<\/p>\n<p>Despu\u00e9s de ocho horas de espera, agentes de Tr\u00e1mite Com\u00fan del Ministerio P\u00fablico acudieron al hospital a tomar la declaraci\u00f3n de una de las adolescentes violentadas. La Red Feminista reporta que los agentes revictimizaron a la adolescente y a su madre con tratos violentos, adem\u00e1s de que los agentes de Tr\u00e1mite Com\u00fan no se encontraban capacitados para atender a v\u00edctimas adolescentes de violencia sexual. La doctora Marisela Loza V\u00e1zquez tambi\u00e9n revictimiz\u00f3 a las mujeres que acudieron para una valoraci\u00f3n m\u00e9dica despu\u00e9s de la represi\u00f3n y tortura.<\/p>\n<p>De acuerdo con REDIM, hay adolescentes y j\u00f3venes que, junto con sus familias, esperan a la Fiscal\u00eda especializada para dar pie a presentaci\u00f3n de denuncias formales por detenci\u00f3n arbitraria, violencias m\u00faltiples, tortura y agresiones sexuales.<\/p>\n<p>Al momento, la Comisi\u00f3n Nacional de los Derechos Humanos (CNDH) y la Procuradur\u00eda de los Derechos Humanos del Estado de Guanajuato (PDHEG) no se han presentado con las v\u00edctimas, sus familiares y las organizaciones acompa\u00f1antes; sin embargo, personal de la CNDH se puso en contacto y confirm\u00f3 que est\u00e1n por llegar a Le\u00f3n para dar seguimiento. La Procuradur\u00eda Estatal solo emiti\u00f3 un breve comunicado en el que informa que se abri\u00f3 el expediente de queja 108\/2020-A.<\/p>\n<p>Brenda Caudillo, jefa del departamento de la Procuradur\u00eda Estatal de Protecci\u00f3n de Ni\u00f1as, Ni\u00f1os y Adolescentes del Estado de Guanajuato, asisti\u00f3 a CEPOL Norte seis horas despu\u00e9s de la detenci\u00f3n de las adolescentes, neg\u00e1ndose, adem\u00e1s, a dar una declaraci\u00f3n oficial a POPLab.<\/p>\n<p><a href=\"https:\/\/poplab.mx\/article\/PoliciadeLeontorturayagredesexualmenteaadolescenteshaceredadatrasmanifestacionfeminista\">https:\/\/poplab.mx\/article\/PoliciadeLeontorturayagredesexualmenteaadolescenteshaceredadatrasmanifestacionfeminista<\/a><\/p>\n","protected":false},"excerpt":{"rendered":"<p>22 mujeres fueron agredidas f\u00edsica, psicol\u00f3gica y sexualmente por elementos de las fuerzas de seguridad p\u00fablica; son liberadas tras su detenci\u00f3n. Hay m\u00e1s que no llevaron a CEPOL y se &hellip; <a href=\"https:\/\/www.grieta.org.mx\/index.php\/2020\/08\/23\/policia-de-leon-tortura-y-agrede-sexualmente-a-adolescentes-hace-redada-tras-manifestacion-feminista-guanajuato\/\" class=\"more-link\">Leer m\u00e1s<\/a><\/p>\n","protected":false},"author":2,"featured_media":52804,"comment_status":"closed","ping_status":"closed","sticky":false,"template":"","format":"standard","meta":{"ngg_post_thumbnail":0,"_jetpack_newsletter_access":"","_jetpack_dont_email_post_to_subs":false,"_jetpack_newsletter_tier_id":0,"_jetpack_memberships_contains_paywalled_content":false,"_jetpack_memberships_contains_paid_content":false,"footnotes":""},"categories":[80,17,2690,2910,2283,2246,2337],"tags":[2204,2802,3616,3225,2778,2248,130,1090,2338],"class_list":["post-52803","post","type-post","status-publish","format-standard","has-post-thumbnail","hentry","category-cintillo","category-guanajuato","category-resistencias","category-resistencias-en-guanajuato","category-resistencias-y-luchas-de-las-mujeres-en-guanajuato","category-violencia-contra-las-mujeres-en-guanajuato","category-violencia-de-las-fuerzas-represivas-en-guanajuato","tag-abuso-de-fuerzas-represivas","tag-abuso-sexual-de-policias-contra-mujeres","tag-acoso-contra-mujeres-estudiantes","tag-aumento-de-la-violencia-contra-las-mujeres","tag-criminalizacion-de-la-protesta","tag-luchas-de-las-mujeres","tag-represion","tag-represion-de-la-protesta-social","tag-violencia-de-las-fuerzas-represivas","entry"],"jetpack_featured_media_url":"https:\/\/www.grieta.org.mx\/wp-content\/uploads\/2020\/08\/REPRESION4.jpg","jetpack_sharing_enabled":true,"jetpack_shortlink":"https:\/\/wp.me\/p7ZJR4-dJF","jetpack_likes_enabled":false,"jetpack-related-posts":[{"id":52800,"url":"https:\/\/www.grieta.org.mx\/index.php\/2020\/08\/23\/policias-de-leon-reprimen-protesta-por-acoso-sexual-de-los-mismos-agentes-guanajuato\/","url_meta":{"origin":52803,"position":0},"title":"Polic\u00edas de Le\u00f3n reprimen protesta por acoso sexual de los mismos agentes (Guanajuato)","author":"grieta","date":"23 agosto, 2020","format":false,"excerpt":"Proceso,22 de agosto de 2020 CIUDAD DE M\u00c9XICO (proceso.com.mx).- Polic\u00edas municipales de Le\u00f3n, Guanajuato, reprimieron este s\u00e1bado a mujeres que protestaron para denunciar a los mismos agentes tras revelarse una serie de denuncias de acoso sexual contra ciudadanas. Activistas denunciaron en redes sociales que dos de sus compa\u00f1eras estaban desaparecidas,\u2026","rel":"","context":"En &quot;CINTILLO&quot;","block_context":{"text":"CINTILLO","link":"https:\/\/www.grieta.org.mx\/index.php\/category\/cintillo\/"},"img":{"alt_text":"","src":"https:\/\/i0.wp.com\/www.grieta.org.mx\/wp-content\/uploads\/2020\/08\/https-_cdn.proceso.com_.mx_media_2020_08_protesta-policias-leon.jpg?resize=350%2C200&ssl=1","width":350,"height":200,"srcset":"https:\/\/i0.wp.com\/www.grieta.org.mx\/wp-content\/uploads\/2020\/08\/https-_cdn.proceso.com_.mx_media_2020_08_protesta-policias-leon.jpg?resize=350%2C200&ssl=1 1x, https:\/\/i0.wp.com\/www.grieta.org.mx\/wp-content\/uploads\/2020\/08\/https-_cdn.proceso.com_.mx_media_2020_08_protesta-policias-leon.jpg?resize=525%2C300&ssl=1 1.5x, https:\/\/i0.wp.com\/www.grieta.org.mx\/wp-content\/uploads\/2020\/08\/https-_cdn.proceso.com_.mx_media_2020_08_protesta-policias-leon.jpg?resize=700%2C400&ssl=1 2x, https:\/\/i0.wp.com\/www.grieta.org.mx\/wp-content\/uploads\/2020\/08\/https-_cdn.proceso.com_.mx_media_2020_08_protesta-policias-leon.jpg?resize=1050%2C600&ssl=1 3x"},"classes":[]},{"id":66031,"url":"https:\/\/www.grieta.org.mx\/index.php\/2022\/11\/21\/denuncian-abuso-policial-y-violencia-contra-4-mujeres-trans-en-leon-guanajuato\/","url_meta":{"origin":52803,"position":1},"title":"Denuncian abuso policial y violencia contra 4 mujeres trans en Le\u00f3n, Guanajuato","author":"grieta","date":"21 noviembre, 2022","format":false,"excerpt":"La comunidad LGBTIQ+ denunci\u00f3 transfobia en la actuaci\u00f3n policial y exigi\u00f3 una investigaci\u00f3n a la presidenta municipal, Alejandra Guti\u00e9rrez Campos X\u00f3chitl \u00c1lvarez, El Universal, 21 de noviembre de 2022 Le\u00f3n.- Cuatro mujeres trans fueron detenidas y violentadas por polic\u00edas municipales la noche del s\u00e1bado en la colonia Industrial de la\u2026","rel":"","context":"En &quot;Guanajuato&quot;","block_context":{"text":"Guanajuato","link":"https:\/\/www.grieta.org.mx\/index.php\/category\/noticias-nacionales\/guanajuato\/"},"img":{"alt_text":"","src":"https:\/\/i0.wp.com\/www.grieta.org.mx\/wp-content\/uploads\/2023\/01\/https-__www.eluniversal.com_.mx_sites_default_files_2022_11_21_mujeres_trans_leon_guanajuato.jpg?resize=350%2C200&ssl=1","width":350,"height":200,"srcset":"https:\/\/i0.wp.com\/www.grieta.org.mx\/wp-content\/uploads\/2023\/01\/https-__www.eluniversal.com_.mx_sites_default_files_2022_11_21_mujeres_trans_leon_guanajuato.jpg?resize=350%2C200&ssl=1 1x, https:\/\/i0.wp.com\/www.grieta.org.mx\/wp-content\/uploads\/2023\/01\/https-__www.eluniversal.com_.mx_sites_default_files_2022_11_21_mujeres_trans_leon_guanajuato.jpg?resize=525%2C300&ssl=1 1.5x, https:\/\/i0.wp.com\/www.grieta.org.mx\/wp-content\/uploads\/2023\/01\/https-__www.eluniversal.com_.mx_sites_default_files_2022_11_21_mujeres_trans_leon_guanajuato.jpg?resize=700%2C400&ssl=1 2x, https:\/\/i0.wp.com\/www.grieta.org.mx\/wp-content\/uploads\/2023\/01\/https-__www.eluniversal.com_.mx_sites_default_files_2022_11_21_mujeres_trans_leon_guanajuato.jpg?resize=1050%2C600&ssl=1 3x"},"classes":[]},{"id":65277,"url":"https:\/\/www.grieta.org.mx\/index.php\/2022\/04\/24\/marchan-en-guanajuato-contra-violencia-y-feminicidios\/","url_meta":{"origin":52803,"position":2},"title":"Marchan en Guanajuato contra violencia y feminicidios","author":"grieta","date":"24 abril, 2022","format":false,"excerpt":"Andr\u00e9s Guardiola\/Corresponsal en Guanajuato | 24-04-2022 Exc\u00e9lsior Cientos de mujeres, familias y colectivos feministas marcharon a trav\u00e9s de las calles del centro de Le\u00f3n y se plantaron a la puerta de Palacio Municipal para protestar contra las desapariciones y la violencia machista que prevalecen no solamente en Guanajuato, sino en\u2026","rel":"","context":"En &quot;Feminicidios en Guanajuato&quot;","block_context":{"text":"Feminicidios en Guanajuato","link":"https:\/\/www.grieta.org.mx\/index.php\/category\/noticias-nacionales\/guanajuato\/feminicidios-en-guanajuato\/"},"img":{"alt_text":"","src":"https:\/\/i0.wp.com\/www.grieta.org.mx\/wp-content\/uploads\/2022\/09\/2748399.jpg?resize=350%2C200&ssl=1","width":350,"height":200,"srcset":"https:\/\/i0.wp.com\/www.grieta.org.mx\/wp-content\/uploads\/2022\/09\/2748399.jpg?resize=350%2C200&ssl=1 1x, https:\/\/i0.wp.com\/www.grieta.org.mx\/wp-content\/uploads\/2022\/09\/2748399.jpg?resize=525%2C300&ssl=1 1.5x, https:\/\/i0.wp.com\/www.grieta.org.mx\/wp-content\/uploads\/2022\/09\/2748399.jpg?resize=700%2C400&ssl=1 2x"},"classes":[]},{"id":52797,"url":"https:\/\/www.grieta.org.mx\/index.php\/2020\/08\/10\/guanajuato-no-ha-retirado-los-cargos-contra-familiares-de-desaparecidos\/","url_meta":{"origin":52803,"position":3},"title":"Guanajuato no ha retirado los cargos contra familiares de desaparecidos","author":"grieta","date":"10 agosto, 2020","format":false,"excerpt":"Tres mujeres que buscan a sus familiares desaparecidos siguen acusadas de agredir a polic\u00edas durante una protesta el pasado 10 de julio, pese a que el gobierno de Guanajuato les dijo que retirar\u00edan los cargos en su contra. Por Redacci\u00f3n Animal Pol\u00edtico 10 de agosto, 2020 V\u00edctimas de la violencia\u2026","rel":"","context":"En &quot;CINTILLO&quot;","block_context":{"text":"CINTILLO","link":"https:\/\/www.grieta.org.mx\/index.php\/category\/cintillo\/"},"img":{"alt_text":"","src":"https:\/\/i0.wp.com\/www.grieta.org.mx\/wp-content\/uploads\/2020\/08\/guanajuato_victimas_comision_busqueda-e1594680656595.jpeg?resize=350%2C200&ssl=1","width":350,"height":200,"srcset":"https:\/\/i0.wp.com\/www.grieta.org.mx\/wp-content\/uploads\/2020\/08\/guanajuato_victimas_comision_busqueda-e1594680656595.jpeg?resize=350%2C200&ssl=1 1x, https:\/\/i0.wp.com\/www.grieta.org.mx\/wp-content\/uploads\/2020\/08\/guanajuato_victimas_comision_busqueda-e1594680656595.jpeg?resize=525%2C300&ssl=1 1.5x, https:\/\/i0.wp.com\/www.grieta.org.mx\/wp-content\/uploads\/2020\/08\/guanajuato_victimas_comision_busqueda-e1594680656595.jpeg?resize=700%2C400&ssl=1 2x, https:\/\/i0.wp.com\/www.grieta.org.mx\/wp-content\/uploads\/2020\/08\/guanajuato_victimas_comision_busqueda-e1594680656595.jpeg?resize=1050%2C600&ssl=1 3x"},"classes":[]},{"id":46046,"url":"https:\/\/www.grieta.org.mx\/index.php\/2020\/03\/04\/alerta-de-genero-ya-exigen-mujeres-desde-guanajuato-capital\/","url_meta":{"origin":52803,"position":4},"title":"&#8216;\u00a1Alerta de g\u00e9nero, ya!&#8217;, exigen mujeres desde Guanajuato capital","author":"grieta","date":"4 marzo, 2020","format":false,"excerpt":"Mujeres de la capital se unen a las protestas para exigir un alto a la violencia. Por: Yajaira Gasca\/ AM Le\u00f3n Guanajuato, 08 de Marzo de 2020 Guanajuato, Guanajuato.- Cientos de mujeres marchan en el Centro de la Capital para unirse a la marcha feminista y exigir un alto a\u2026","rel":"","context":"En &quot;CINTILLO&quot;","block_context":{"text":"CINTILLO","link":"https:\/\/www.grieta.org.mx\/index.php\/category\/cintillo\/"},"img":{"alt_text":"","src":"https:\/\/i0.wp.com\/www.grieta.org.mx\/wp-content\/uploads\/2020\/03\/marchan_en_guanajuato2.jpg_851672003.jpg?resize=350%2C200&ssl=1","width":350,"height":200,"srcset":"https:\/\/i0.wp.com\/www.grieta.org.mx\/wp-content\/uploads\/2020\/03\/marchan_en_guanajuato2.jpg_851672003.jpg?resize=350%2C200&ssl=1 1x, https:\/\/i0.wp.com\/www.grieta.org.mx\/wp-content\/uploads\/2020\/03\/marchan_en_guanajuato2.jpg_851672003.jpg?resize=525%2C300&ssl=1 1.5x, https:\/\/i0.wp.com\/www.grieta.org.mx\/wp-content\/uploads\/2020\/03\/marchan_en_guanajuato2.jpg_851672003.jpg?resize=700%2C400&ssl=1 2x"},"classes":[]},{"id":42467,"url":"https:\/\/www.grieta.org.mx\/index.php\/2019\/12\/23\/olvida-guanajuato-violencia-contra-mujeres-urgen-feministas-soluciones\/","url_meta":{"origin":52803,"position":5},"title":"&#8216;Olvida&#8217; Guanajuato violencia contra mujeres; urgen feministas soluciones","author":"grieta","date":"23 diciembre, 2019","format":false,"excerpt":"Yajaira Gasca Ram\u00edrez \/ AM Le\u00f3n Guanajuato, 23 de diciembre de 2019 Le\u00f3n.- Varios estados que encabezan las listas de asesinatos de mujeres ya han declarado la Alerta de Violencia contra las Mujeres (AVCM) y Guanajuato, que se encuentra en segundo lugar nacional con m\u00e1s muertes de mujeres, a\u00fan no\u2026","rel":"","context":"En &quot;CINTILLO&quot;","block_context":{"text":"CINTILLO","link":"https:\/\/www.grieta.org.mx\/index.php\/category\/cintillo\/"},"img":{"alt_text":"","src":"https:\/\/i0.wp.com\/www.grieta.org.mx\/wp-content\/uploads\/2019\/12\/feministas_protestan.jpg_851672003.jpg?resize=350%2C200&ssl=1","width":350,"height":200,"srcset":"https:\/\/i0.wp.com\/www.grieta.org.mx\/wp-content\/uploads\/2019\/12\/feministas_protestan.jpg_851672003.jpg?resize=350%2C200&ssl=1 1x, https:\/\/i0.wp.com\/www.grieta.org.mx\/wp-content\/uploads\/2019\/12\/feministas_protestan.jpg_851672003.jpg?resize=525%2C300&ssl=1 1.5x, https:\/\/i0.wp.com\/www.grieta.org.mx\/wp-content\/uploads\/2019\/12\/feministas_protestan.jpg_851672003.jpg?resize=700%2C400&ssl=1 2x"},"classes":[]}],"_links":{"self":[{"href":"https:\/\/www.grieta.org.mx\/index.php\/wp-json\/wp\/v2\/posts\/52803","targetHints":{"allow":["GET"]}}],"collection":[{"href":"https:\/\/www.grieta.org.mx\/index.php\/wp-json\/wp\/v2\/posts"}],"about":[{"href":"https:\/\/www.grieta.org.mx\/index.php\/wp-json\/wp\/v2\/types\/post"}],"author":[{"embeddable":true,"href":"https:\/\/www.grieta.org.mx\/index.php\/wp-json\/wp\/v2\/users\/2"}],"replies":[{"embeddable":true,"href":"https:\/\/www.grieta.org.mx\/index.php\/wp-json\/wp\/v2\/comments?post=52803"}],"version-history":[{"count":1,"href":"https:\/\/www.grieta.org.mx\/index.php\/wp-json\/wp\/v2\/posts\/52803\/revisions"}],"predecessor-version":[{"id":52809,"href":"https:\/\/www.grieta.org.mx\/index.php\/wp-json\/wp\/v2\/posts\/52803\/revisions\/52809"}],"wp:featuredmedia":[{"embeddable":true,"href":"https:\/\/www.grieta.org.mx\/index.php\/wp-json\/wp\/v2\/media\/52804"}],"wp:attachment":[{"href":"https:\/\/www.grieta.org.mx\/index.php\/wp-json\/wp\/v2\/media?parent=52803"}],"wp:term":[{"taxonomy":"category","embeddable":true,"href":"https:\/\/www.grieta.org.mx\/index.php\/wp-json\/wp\/v2\/categories?post=52803"},{"taxonomy":"post_tag","embeddable":true,"href":"https:\/\/www.grieta.org.mx\/index.php\/wp-json\/wp\/v2\/tags?post=52803"}],"curies":[{"name":"wp","href":"https:\/\/api.w.org\/{rel}","templated":true}]}}