{"id":52776,"date":"2020-08-11T16:34:07","date_gmt":"2020-08-11T21:34:07","guid":{"rendered":"http:\/\/www.grieta.org.mx\/?p=52776"},"modified":"2020-08-23T16:50:35","modified_gmt":"2020-08-23T21:50:35","slug":"el-negocio-que-representan-los-damnificados-del-sismo-del-2017-en-ciudad-de-mexico","status":"publish","type":"post","link":"https:\/\/www.grieta.org.mx\/index.php\/2020\/08\/11\/el-negocio-que-representan-los-damnificados-del-sismo-del-2017-en-ciudad-de-mexico\/","title":{"rendered":"El negocio que representan los damnificados del sismo del 2017 en Ciudad de M\u00e9xico"},"content":{"rendered":"<p><img loading=\"lazy\" decoding=\"async\" data-attachment-id=\"52777\" data-permalink=\"https:\/\/www.grieta.org.mx\/index.php\/2020\/08\/11\/el-negocio-que-representan-los-damnificados-del-sismo-del-2017-en-ciudad-de-mexico\/el-negocio-que-representan-los-damnificados-del-sismo-del-2017-en-ciudad-de-mexico-ago-cdmx\/\" data-orig-file=\"https:\/\/www.grieta.org.mx\/wp-content\/uploads\/2020\/08\/El-negocio-que-representan-los-damnificados-del-sismo-del-2017-en-Ciudad-de-Mexico-ago-cdmx.jpg\" data-orig-size=\"2000,1333\" data-comments-opened=\"0\" data-image-meta=\"{&quot;aperture&quot;:&quot;0&quot;,&quot;credit&quot;:&quot;&quot;,&quot;camera&quot;:&quot;&quot;,&quot;caption&quot;:&quot;&quot;,&quot;created_timestamp&quot;:&quot;0&quot;,&quot;copyright&quot;:&quot;&quot;,&quot;focal_length&quot;:&quot;0&quot;,&quot;iso&quot;:&quot;0&quot;,&quot;shutter_speed&quot;:&quot;0&quot;,&quot;title&quot;:&quot;&quot;,&quot;orientation&quot;:&quot;0&quot;}\" data-image-title=\"El negocio que representan los damnificados del sismo del 2017 en Ciudad de M\u00e9xico ago cdmx\" data-image-description=\"\" data-image-caption=\"\" data-medium-file=\"https:\/\/www.grieta.org.mx\/wp-content\/uploads\/2020\/08\/El-negocio-que-representan-los-damnificados-del-sismo-del-2017-en-Ciudad-de-Mexico-ago-cdmx-300x200.jpg\" data-large-file=\"https:\/\/www.grieta.org.mx\/wp-content\/uploads\/2020\/08\/El-negocio-que-representan-los-damnificados-del-sismo-del-2017-en-Ciudad-de-Mexico-ago-cdmx-1024x682.jpg\" class=\"alignnone wp-image-52777\" src=\"http:\/\/www.grieta.org.mx\/wp-content\/uploads\/2020\/08\/El-negocio-que-representan-los-damnificados-del-sismo-del-2017-en-Ciudad-de-Mexico-ago-cdmx.jpg\" alt=\"\" width=\"628\" height=\"419\" srcset=\"https:\/\/www.grieta.org.mx\/wp-content\/uploads\/2020\/08\/El-negocio-que-representan-los-damnificados-del-sismo-del-2017-en-Ciudad-de-Mexico-ago-cdmx.jpg 2000w, https:\/\/www.grieta.org.mx\/wp-content\/uploads\/2020\/08\/El-negocio-que-representan-los-damnificados-del-sismo-del-2017-en-Ciudad-de-Mexico-ago-cdmx-300x200.jpg 300w, https:\/\/www.grieta.org.mx\/wp-content\/uploads\/2020\/08\/El-negocio-que-representan-los-damnificados-del-sismo-del-2017-en-Ciudad-de-Mexico-ago-cdmx-1024x682.jpg 1024w, https:\/\/www.grieta.org.mx\/wp-content\/uploads\/2020\/08\/El-negocio-que-representan-los-damnificados-del-sismo-del-2017-en-Ciudad-de-Mexico-ago-cdmx-768x512.jpg 768w, https:\/\/www.grieta.org.mx\/wp-content\/uploads\/2020\/08\/El-negocio-que-representan-los-damnificados-del-sismo-del-2017-en-Ciudad-de-Mexico-ago-cdmx-1536x1024.jpg 1536w, https:\/\/www.grieta.org.mx\/wp-content\/uploads\/2020\/08\/El-negocio-que-representan-los-damnificados-del-sismo-del-2017-en-Ciudad-de-Mexico-ago-cdmx-750x500.jpg 750w\" sizes=\"auto, (max-width: 628px) 100vw, 628px\" \/><br \/>\nFotos tomadas de: avispa.org<\/p>\n<p>\u00c1ngel Huerta \/ Avispa Midia<\/p>\n<p><img loading=\"lazy\" decoding=\"async\" data-attachment-id=\"52778\" data-permalink=\"https:\/\/www.grieta.org.mx\/index.php\/2020\/08\/11\/el-negocio-que-representan-los-damnificados-del-sismo-del-2017-en-ciudad-de-mexico\/damnificados-por-el-sismo-2017-cd-de-mexico-10\/\" data-orig-file=\"https:\/\/www.grieta.org.mx\/wp-content\/uploads\/2020\/08\/Damnificados-por-el-sismo-2017-cd-de-Mexico-10.jpg\" data-orig-size=\"2000,1333\" data-comments-opened=\"0\" data-image-meta=\"{&quot;aperture&quot;:&quot;0&quot;,&quot;credit&quot;:&quot;&quot;,&quot;camera&quot;:&quot;&quot;,&quot;caption&quot;:&quot;&quot;,&quot;created_timestamp&quot;:&quot;0&quot;,&quot;copyright&quot;:&quot;&quot;,&quot;focal_length&quot;:&quot;0&quot;,&quot;iso&quot;:&quot;0&quot;,&quot;shutter_speed&quot;:&quot;0&quot;,&quot;title&quot;:&quot;&quot;,&quot;orientation&quot;:&quot;0&quot;}\" data-image-title=\"Damnificados-por-el-sismo-2017-cd-de-M\u00e9xico-10\" data-image-description=\"\" data-image-caption=\"\" data-medium-file=\"https:\/\/www.grieta.org.mx\/wp-content\/uploads\/2020\/08\/Damnificados-por-el-sismo-2017-cd-de-Mexico-10-300x200.jpg\" data-large-file=\"https:\/\/www.grieta.org.mx\/wp-content\/uploads\/2020\/08\/Damnificados-por-el-sismo-2017-cd-de-Mexico-10-1024x682.jpg\" class=\"alignnone wp-image-52778\" src=\"http:\/\/www.grieta.org.mx\/wp-content\/uploads\/2020\/08\/Damnificados-por-el-sismo-2017-cd-de-Mexico-10.jpg\" alt=\"\" width=\"615\" height=\"410\" srcset=\"https:\/\/www.grieta.org.mx\/wp-content\/uploads\/2020\/08\/Damnificados-por-el-sismo-2017-cd-de-Mexico-10.jpg 2000w, https:\/\/www.grieta.org.mx\/wp-content\/uploads\/2020\/08\/Damnificados-por-el-sismo-2017-cd-de-Mexico-10-300x200.jpg 300w, https:\/\/www.grieta.org.mx\/wp-content\/uploads\/2020\/08\/Damnificados-por-el-sismo-2017-cd-de-Mexico-10-1024x682.jpg 1024w, https:\/\/www.grieta.org.mx\/wp-content\/uploads\/2020\/08\/Damnificados-por-el-sismo-2017-cd-de-Mexico-10-768x512.jpg 768w, https:\/\/www.grieta.org.mx\/wp-content\/uploads\/2020\/08\/Damnificados-por-el-sismo-2017-cd-de-Mexico-10-1536x1024.jpg 1536w, https:\/\/www.grieta.org.mx\/wp-content\/uploads\/2020\/08\/Damnificados-por-el-sismo-2017-cd-de-Mexico-10-750x500.jpg 750w\" sizes=\"auto, (max-width: 615px) 100vw, 615px\" \/><\/p>\n<p><img loading=\"lazy\" decoding=\"async\" data-attachment-id=\"52779\" data-permalink=\"https:\/\/www.grieta.org.mx\/index.php\/2020\/08\/11\/el-negocio-que-representan-los-damnificados-del-sismo-del-2017-en-ciudad-de-mexico\/damnificados-por-el-sismo-2017-cd-de-mexico-9\/\" data-orig-file=\"https:\/\/www.grieta.org.mx\/wp-content\/uploads\/2020\/08\/Damnificados-por-el-sismo-2017-cd-de-Mexico-9.jpg\" data-orig-size=\"2000,1333\" data-comments-opened=\"0\" data-image-meta=\"{&quot;aperture&quot;:&quot;0&quot;,&quot;credit&quot;:&quot;&quot;,&quot;camera&quot;:&quot;&quot;,&quot;caption&quot;:&quot;&quot;,&quot;created_timestamp&quot;:&quot;0&quot;,&quot;copyright&quot;:&quot;&quot;,&quot;focal_length&quot;:&quot;0&quot;,&quot;iso&quot;:&quot;0&quot;,&quot;shutter_speed&quot;:&quot;0&quot;,&quot;title&quot;:&quot;&quot;,&quot;orientation&quot;:&quot;0&quot;}\" data-image-title=\"Damnificados-por-el-sismo-2017-cd-de-M\u00e9xico-9\" data-image-description=\"\" data-image-caption=\"\" data-medium-file=\"https:\/\/www.grieta.org.mx\/wp-content\/uploads\/2020\/08\/Damnificados-por-el-sismo-2017-cd-de-Mexico-9-300x200.jpg\" data-large-file=\"https:\/\/www.grieta.org.mx\/wp-content\/uploads\/2020\/08\/Damnificados-por-el-sismo-2017-cd-de-Mexico-9-1024x682.jpg\" class=\"alignnone wp-image-52779\" src=\"http:\/\/www.grieta.org.mx\/wp-content\/uploads\/2020\/08\/Damnificados-por-el-sismo-2017-cd-de-Mexico-9.jpg\" alt=\"\" width=\"615\" height=\"410\" srcset=\"https:\/\/www.grieta.org.mx\/wp-content\/uploads\/2020\/08\/Damnificados-por-el-sismo-2017-cd-de-Mexico-9.jpg 2000w, https:\/\/www.grieta.org.mx\/wp-content\/uploads\/2020\/08\/Damnificados-por-el-sismo-2017-cd-de-Mexico-9-300x200.jpg 300w, https:\/\/www.grieta.org.mx\/wp-content\/uploads\/2020\/08\/Damnificados-por-el-sismo-2017-cd-de-Mexico-9-1024x682.jpg 1024w, https:\/\/www.grieta.org.mx\/wp-content\/uploads\/2020\/08\/Damnificados-por-el-sismo-2017-cd-de-Mexico-9-768x512.jpg 768w, https:\/\/www.grieta.org.mx\/wp-content\/uploads\/2020\/08\/Damnificados-por-el-sismo-2017-cd-de-Mexico-9-1536x1024.jpg 1536w, https:\/\/www.grieta.org.mx\/wp-content\/uploads\/2020\/08\/Damnificados-por-el-sismo-2017-cd-de-Mexico-9-750x500.jpg 750w\" sizes=\"auto, (max-width: 615px) 100vw, 615px\" \/><\/p>\n<p>Eran las 13:14 horas del 19 de septiembre del 2017 cuando un sismo de magnitud 7.1 se origin\u00f3 a doce kil\u00f3metros al sureste de Axochiapan, Morelos, en el l\u00edmite con el estado de Puebla. Tiempo despu\u00e9s de este terrible suceso, en medio de la incertidumbre y la desesperanza, las y los damnificados comenzaron a organizarse en lo que vino a ser el colectivo de Damnificados Unidos de Ciudad de M\u00e9xico, para exigir el apoyo del gobierno en la reconstrucci\u00f3n de sus viviendas<\/p>\n<p>Durante esta lucha hubo que movilizarse, algunas de las personas no cre\u00edan que pudieran exigirle algo al gobierno. \u201cTuvimos que salir a la calle a luchar para exigir esos derechos. Nos empezamos a unir de diferentes colonias y de diferentes predios porque la mayor\u00eda no cre\u00eda que le pod\u00edamos arrancar algo al gobierno, pero el hecho de darnos cuenta y ver que s\u00ed son nuestros derechos y que los podemos exigir, pues creo que eso nos ha dado fuerza para continuar resistiendo\u201d, comparte para Avispa Midia Mar\u00eda Trinidad God\u00ednez Roma\u00f1a, damnificada del edificio \u00c1msterdam 27, departamento 601.<\/p>\n<p>Estas personas, principalmente mujeres adultas mayores jefas de familia, han realizado diversas acciones para hacer valer su derecho a una vivienda como la que ten\u00edan, por ellas, incluso han llegado a ser reprimidas. \u201cPues en marchas, en manifestaciones hemos estado encapsuladas por la polic\u00eda, normalmente somos m\u00e1s mujeres las que estamos en esto y pues tambi\u00e9n corremos todo ese riesgo. Incluso pues las ofensas por parte de la gente de gobierno y las constructoras. Porque obviamente, a las mujeres nos ven menos, siempre nos han faltado al respeto y piensan que no podemos con la responsabilidad\u201d, comenta la se\u00f1ora Trinidad God\u00ednez.<\/p>\n<p>Sumado a esto, durante el Gobierno de Miguel \u00c1ngel Mancera, ex jefe de gobierno de Ciudad de M\u00e9xico, vieron la oportunidad de hacer un negocio jugoso con las y los afectados. \u201cEl gobierno anterior, nos empez\u00f3 a ver como negocio, donde nos quer\u00edan ofrecer cr\u00e9ditos. Hab\u00eda situaciones donde ten\u00edas que pagar casi 15000 pesos mensuales durante un periodo de 20 a\u00f1os, entonces por eso es que tambi\u00e9n en el colectivo dijimos no a los cr\u00e9ditos\u201d, dijo para Avispa Midia, Yukari Ni\u00f1o de Rivera.<\/p>\n<p><img loading=\"lazy\" decoding=\"async\" data-attachment-id=\"52780\" data-permalink=\"https:\/\/www.grieta.org.mx\/index.php\/2020\/08\/11\/el-negocio-que-representan-los-damnificados-del-sismo-del-2017-en-ciudad-de-mexico\/damnificados-por-el-sismo-2017-cd-de-mexico-14\/\" data-orig-file=\"https:\/\/www.grieta.org.mx\/wp-content\/uploads\/2020\/08\/Damnificados-por-el-sismo-2017-cd-de-Mexico-14.jpg\" data-orig-size=\"2000,1333\" data-comments-opened=\"0\" data-image-meta=\"{&quot;aperture&quot;:&quot;0&quot;,&quot;credit&quot;:&quot;&quot;,&quot;camera&quot;:&quot;&quot;,&quot;caption&quot;:&quot;&quot;,&quot;created_timestamp&quot;:&quot;0&quot;,&quot;copyright&quot;:&quot;&quot;,&quot;focal_length&quot;:&quot;0&quot;,&quot;iso&quot;:&quot;0&quot;,&quot;shutter_speed&quot;:&quot;0&quot;,&quot;title&quot;:&quot;&quot;,&quot;orientation&quot;:&quot;0&quot;}\" data-image-title=\"Damnificados-por-el-sismo-2017-cd-de-M\u00e9xico-14\" data-image-description=\"\" data-image-caption=\"\" data-medium-file=\"https:\/\/www.grieta.org.mx\/wp-content\/uploads\/2020\/08\/Damnificados-por-el-sismo-2017-cd-de-Mexico-14-300x200.jpg\" data-large-file=\"https:\/\/www.grieta.org.mx\/wp-content\/uploads\/2020\/08\/Damnificados-por-el-sismo-2017-cd-de-Mexico-14-1024x682.jpg\" class=\"alignnone  wp-image-52780\" src=\"http:\/\/www.grieta.org.mx\/wp-content\/uploads\/2020\/08\/Damnificados-por-el-sismo-2017-cd-de-Mexico-14.jpg\" alt=\"\" width=\"618\" height=\"412\" srcset=\"https:\/\/www.grieta.org.mx\/wp-content\/uploads\/2020\/08\/Damnificados-por-el-sismo-2017-cd-de-Mexico-14.jpg 2000w, https:\/\/www.grieta.org.mx\/wp-content\/uploads\/2020\/08\/Damnificados-por-el-sismo-2017-cd-de-Mexico-14-300x200.jpg 300w, https:\/\/www.grieta.org.mx\/wp-content\/uploads\/2020\/08\/Damnificados-por-el-sismo-2017-cd-de-Mexico-14-1024x682.jpg 1024w, https:\/\/www.grieta.org.mx\/wp-content\/uploads\/2020\/08\/Damnificados-por-el-sismo-2017-cd-de-Mexico-14-768x512.jpg 768w, https:\/\/www.grieta.org.mx\/wp-content\/uploads\/2020\/08\/Damnificados-por-el-sismo-2017-cd-de-Mexico-14-1536x1024.jpg 1536w, https:\/\/www.grieta.org.mx\/wp-content\/uploads\/2020\/08\/Damnificados-por-el-sismo-2017-cd-de-Mexico-14-750x500.jpg 750w\" sizes=\"auto, (max-width: 618px) 100vw, 618px\" \/><\/p>\n<p>&nbsp;<\/p>\n<p>En Mayo del 2019 se publicaron modificaciones a la ley general de reconstrucci\u00f3n, donde por medio de la organizaci\u00f3n colectiva, la presi\u00f3n y la movilizaci\u00f3n, la nueva administraci\u00f3n por fin tom\u00f3 en cuenta algunos se\u00f1alamientos de las y los damnificados. \u201cHemos hecho propuestas muy claras, por ejemplo: algunas palabras que se tuvieron que modificar desde su plan integral, fueron que, la reconstrucci\u00f3n no es un apoyo social, sino que la reconstrucci\u00f3n es un derecho que es responsabilidad del Estado. As\u00ed lo hemos considerado nosotras,\u201d\u00a0 agrega la damnificada Karina Pargo.<\/p>\n<p>&nbsp;<\/p>\n<p><img loading=\"lazy\" decoding=\"async\" data-attachment-id=\"52781\" data-permalink=\"https:\/\/www.grieta.org.mx\/index.php\/2020\/08\/11\/el-negocio-que-representan-los-damnificados-del-sismo-del-2017-en-ciudad-de-mexico\/damnificados-por-el-sismo-2017-cd-de-mexico-11\/\" data-orig-file=\"https:\/\/www.grieta.org.mx\/wp-content\/uploads\/2020\/08\/Damnificados-por-el-sismo-2017-cd-de-Mexico-11.jpg\" data-orig-size=\"2000,1333\" data-comments-opened=\"0\" data-image-meta=\"{&quot;aperture&quot;:&quot;0&quot;,&quot;credit&quot;:&quot;&quot;,&quot;camera&quot;:&quot;&quot;,&quot;caption&quot;:&quot;&quot;,&quot;created_timestamp&quot;:&quot;0&quot;,&quot;copyright&quot;:&quot;&quot;,&quot;focal_length&quot;:&quot;0&quot;,&quot;iso&quot;:&quot;0&quot;,&quot;shutter_speed&quot;:&quot;0&quot;,&quot;title&quot;:&quot;&quot;,&quot;orientation&quot;:&quot;0&quot;}\" data-image-title=\"Damnificados-por-el-sismo-2017-cd-de-M\u00e9xico-11\" data-image-description=\"\" data-image-caption=\"\" data-medium-file=\"https:\/\/www.grieta.org.mx\/wp-content\/uploads\/2020\/08\/Damnificados-por-el-sismo-2017-cd-de-Mexico-11-300x200.jpg\" data-large-file=\"https:\/\/www.grieta.org.mx\/wp-content\/uploads\/2020\/08\/Damnificados-por-el-sismo-2017-cd-de-Mexico-11-1024x682.jpg\" class=\"alignnone  wp-image-52781\" src=\"http:\/\/www.grieta.org.mx\/wp-content\/uploads\/2020\/08\/Damnificados-por-el-sismo-2017-cd-de-Mexico-11.jpg\" alt=\"\" width=\"619\" height=\"413\" srcset=\"https:\/\/www.grieta.org.mx\/wp-content\/uploads\/2020\/08\/Damnificados-por-el-sismo-2017-cd-de-Mexico-11.jpg 2000w, https:\/\/www.grieta.org.mx\/wp-content\/uploads\/2020\/08\/Damnificados-por-el-sismo-2017-cd-de-Mexico-11-300x200.jpg 300w, https:\/\/www.grieta.org.mx\/wp-content\/uploads\/2020\/08\/Damnificados-por-el-sismo-2017-cd-de-Mexico-11-1024x682.jpg 1024w, https:\/\/www.grieta.org.mx\/wp-content\/uploads\/2020\/08\/Damnificados-por-el-sismo-2017-cd-de-Mexico-11-768x512.jpg 768w, https:\/\/www.grieta.org.mx\/wp-content\/uploads\/2020\/08\/Damnificados-por-el-sismo-2017-cd-de-Mexico-11-1536x1024.jpg 1536w, https:\/\/www.grieta.org.mx\/wp-content\/uploads\/2020\/08\/Damnificados-por-el-sismo-2017-cd-de-Mexico-11-750x500.jpg 750w\" sizes=\"auto, (max-width: 619px) 100vw, 619px\" \/><\/p>\n<p><img loading=\"lazy\" decoding=\"async\" data-attachment-id=\"52782\" data-permalink=\"https:\/\/www.grieta.org.mx\/index.php\/2020\/08\/11\/el-negocio-que-representan-los-damnificados-del-sismo-del-2017-en-ciudad-de-mexico\/damnificados-por-el-sismo-2017-cd-de-mexico-24\/\" data-orig-file=\"https:\/\/www.grieta.org.mx\/wp-content\/uploads\/2020\/08\/Damnificados-por-el-sismo-2017-cd-de-Mexico-24.jpg\" data-orig-size=\"2000,1500\" data-comments-opened=\"0\" data-image-meta=\"{&quot;aperture&quot;:&quot;0&quot;,&quot;credit&quot;:&quot;&quot;,&quot;camera&quot;:&quot;&quot;,&quot;caption&quot;:&quot;&quot;,&quot;created_timestamp&quot;:&quot;0&quot;,&quot;copyright&quot;:&quot;&quot;,&quot;focal_length&quot;:&quot;0&quot;,&quot;iso&quot;:&quot;0&quot;,&quot;shutter_speed&quot;:&quot;0&quot;,&quot;title&quot;:&quot;&quot;,&quot;orientation&quot;:&quot;0&quot;}\" data-image-title=\"Damnificados-por-el-sismo-2017-cd-de-M\u00e9xico-24\" data-image-description=\"\" data-image-caption=\"\" data-medium-file=\"https:\/\/www.grieta.org.mx\/wp-content\/uploads\/2020\/08\/Damnificados-por-el-sismo-2017-cd-de-Mexico-24-300x225.jpg\" data-large-file=\"https:\/\/www.grieta.org.mx\/wp-content\/uploads\/2020\/08\/Damnificados-por-el-sismo-2017-cd-de-Mexico-24-1024x768.jpg\" class=\"alignnone  wp-image-52782\" src=\"http:\/\/www.grieta.org.mx\/wp-content\/uploads\/2020\/08\/Damnificados-por-el-sismo-2017-cd-de-Mexico-24.jpg\" alt=\"\" width=\"615\" height=\"461\" srcset=\"https:\/\/www.grieta.org.mx\/wp-content\/uploads\/2020\/08\/Damnificados-por-el-sismo-2017-cd-de-Mexico-24.jpg 2000w, https:\/\/www.grieta.org.mx\/wp-content\/uploads\/2020\/08\/Damnificados-por-el-sismo-2017-cd-de-Mexico-24-300x225.jpg 300w, https:\/\/www.grieta.org.mx\/wp-content\/uploads\/2020\/08\/Damnificados-por-el-sismo-2017-cd-de-Mexico-24-1024x768.jpg 1024w, https:\/\/www.grieta.org.mx\/wp-content\/uploads\/2020\/08\/Damnificados-por-el-sismo-2017-cd-de-Mexico-24-768x576.jpg 768w, https:\/\/www.grieta.org.mx\/wp-content\/uploads\/2020\/08\/Damnificados-por-el-sismo-2017-cd-de-Mexico-24-1536x1152.jpg 1536w, https:\/\/www.grieta.org.mx\/wp-content\/uploads\/2020\/08\/Damnificados-por-el-sismo-2017-cd-de-Mexico-24-667x500.jpg 667w\" sizes=\"auto, (max-width: 615px) 100vw, 615px\" \/><\/p>\n<p><img loading=\"lazy\" decoding=\"async\" data-attachment-id=\"52783\" data-permalink=\"https:\/\/www.grieta.org.mx\/index.php\/2020\/08\/11\/el-negocio-que-representan-los-damnificados-del-sismo-del-2017-en-ciudad-de-mexico\/damnificados-por-el-sismo-2017-cd-de-mexico-21\/\" data-orig-file=\"https:\/\/www.grieta.org.mx\/wp-content\/uploads\/2020\/08\/Damnificados-por-el-sismo-2017-cd-de-Mexico-21.jpg\" data-orig-size=\"1500,2000\" data-comments-opened=\"0\" data-image-meta=\"{&quot;aperture&quot;:&quot;0&quot;,&quot;credit&quot;:&quot;&quot;,&quot;camera&quot;:&quot;&quot;,&quot;caption&quot;:&quot;&quot;,&quot;created_timestamp&quot;:&quot;0&quot;,&quot;copyright&quot;:&quot;&quot;,&quot;focal_length&quot;:&quot;0&quot;,&quot;iso&quot;:&quot;0&quot;,&quot;shutter_speed&quot;:&quot;0&quot;,&quot;title&quot;:&quot;&quot;,&quot;orientation&quot;:&quot;0&quot;}\" data-image-title=\"Damnificados-por-el-sismo-2017-cd-de-M\u00e9xico-21\" data-image-description=\"\" data-image-caption=\"\" data-medium-file=\"https:\/\/www.grieta.org.mx\/wp-content\/uploads\/2020\/08\/Damnificados-por-el-sismo-2017-cd-de-Mexico-21-225x300.jpg\" data-large-file=\"https:\/\/www.grieta.org.mx\/wp-content\/uploads\/2020\/08\/Damnificados-por-el-sismo-2017-cd-de-Mexico-21-768x1024.jpg\" class=\"alignnone  wp-image-52783\" src=\"http:\/\/www.grieta.org.mx\/wp-content\/uploads\/2020\/08\/Damnificados-por-el-sismo-2017-cd-de-Mexico-21.jpg\" alt=\"\" width=\"615\" height=\"820\" srcset=\"https:\/\/www.grieta.org.mx\/wp-content\/uploads\/2020\/08\/Damnificados-por-el-sismo-2017-cd-de-Mexico-21.jpg 1500w, https:\/\/www.grieta.org.mx\/wp-content\/uploads\/2020\/08\/Damnificados-por-el-sismo-2017-cd-de-Mexico-21-225x300.jpg 225w, https:\/\/www.grieta.org.mx\/wp-content\/uploads\/2020\/08\/Damnificados-por-el-sismo-2017-cd-de-Mexico-21-768x1024.jpg 768w, https:\/\/www.grieta.org.mx\/wp-content\/uploads\/2020\/08\/Damnificados-por-el-sismo-2017-cd-de-Mexico-21-1152x1536.jpg 1152w, https:\/\/www.grieta.org.mx\/wp-content\/uploads\/2020\/08\/Damnificados-por-el-sismo-2017-cd-de-Mexico-21-375x500.jpg 375w\" sizes=\"auto, (max-width: 615px) 100vw, 615px\" \/><\/p>\n<p>&nbsp;<\/p>\n<p><strong>Redensificaci\u00f3n, Irregularidades, opacidad y corrupci\u00f3n<\/strong><\/p>\n<p>En febrero del 2020 el comisionado C\u00e9sar Cravioto visit\u00f3 Tl\u00e1huac -una de las 16 demarcaciones territoriales de Ciudad de M\u00e9xico- e hizo una revisi\u00f3n de predios y de empresas participantes en la reconstrucci\u00f3n. Las acept\u00f3, pero detuvo\u00a0 por 5 meses\u00a0 obras que reflejaban los altos costos que estaban manejando estas empresas. \u201cNosotros como damnificados unidos nos estamos dando cuenta que despu\u00e9s de esa revisi\u00f3n que hace el comisionado, empieza a discriminar da\u00f1os en las viviendas, por ejemplo: si t\u00fa tienes una cochera\u00a0 y esa cochera est\u00e1 da\u00f1ada no es atendida, porque no es casa. Pero no pregunta si est\u00e1 en riesgo, o sea ellos solamente dicen es cochera, esta no la atiende la comisi\u00f3n\u201d, denuncia la damnificada Pargo.<\/p>\n<p>A la se\u00f1ora Magdalena Mart\u00ednez, de la Colonia del Mar en Tl\u00e1huac, la constructora le dijo que su vivienda ser\u00eda de las primeras d\u00f3nde se realizar\u00eda la rehabilitaci\u00f3n y, motivada por este anuncio, se mud\u00f3 junto con su esposo enfermo a un lugar m\u00e1s peque\u00f1o. Han pasado tres a\u00f1os y a\u00fan no comienzan los trabajos. \u201cDespu\u00e9s me salen con que no. Pasan un calendario donde me mandan hasta septiembre, porque estuvieron (con retrasos) por los altos costos que estaba dando la empresa y la despidieron y, salen con que hasta septiembre, y les digo yo ya estaba en puerta para que me empezaran a arreglar la casa. Tengo las fotos de la casa donde ya estaba toda desocupada, y me tuve que regresar pues con lo m\u00e1s esencial\u201d, puntualiz\u00f3 la se\u00f1ora Magdalena.<\/p>\n<p>La historia de la se\u00f1ora Mart\u00ednez y su familia es la historia de miles de vecinos de la periferia capitalina que contaban con un patrimonio pero que se vio amenazado por el sismo y, que si no fuera por la exigencia de justicia, de las y los damnificados, a nadie le importar\u00eda. \u201cEl se\u00f1or Cravioto (el comisionado) nom\u00e1s se pasa dando entrevistas y todo es mentira, porque la realidad es otra. Nosotras por lo menos estamos en este comit\u00e9 que es una organizaci\u00f3n, pero hay gente de otros lados, de muchas colonias, que no tienen apoyo. Est\u00e1n completamente olvidados y no los quieren apoyar. La gente se est\u00e1 muriendo m\u00e1s ahora con lo de la pandemia, pero estamos todos juntos para seguir luchando hasta que se le apoye al \u00faltimo damnificado y pueda regresar a su hogar\u201d, agrega la se\u00f1ora Martinez.<\/p>\n<p>El 22 de Abril del 2020, La Comisi\u00f3n para la reconstrucci\u00f3n de Ciudad de M\u00e9xico inform\u00f3 que hasta ese momento \u201csuman 121 viviendas unifamiliares rehabilitas y reconstruidas\u201d, adem\u00e1s, aseguran que \u201cse han concluido 38 reconstrucciones y 83 rehabilitaciones en las alcald\u00edas. Tambi\u00e9n, inici\u00f3 la rehabilitaci\u00f3n de 3 edificios, en beneficio de 51 familias. Por \u00faltimo, para dar a conocer el avance de obras y proyectos, se tuvieron videoconferencias con vecinos de 109 edificios\u201d, seg\u00fan esta Comision.<\/p>\n<p>No obstante, el colectivo de Damnificados se\u00f1al\u00f3 que no era viable el tema de las videoconferencias ya que cuando empez\u00f3 la situaci\u00f3n de la pandemia se intent\u00f3 seguir con las reuniones v\u00eda zoom. \u201cEl comisionado empez\u00f3 a hacer este tipo de entrevistas, a decir que \u00e9l estaba dispuesto a atender a todos los damnificados v\u00eda zoom. Pero esto para nosotros es complicado, pues al punto de que no todos los damnificados, es m\u00e1s, la mayor\u00eda, no tiene las condiciones para tener este tipo de reuniones. Cuesta trabajo tener una vivienda donde tengas una se\u00f1al de wifi para mantenerte en esta aplicaci\u00f3n. Pero a\u00fan as\u00ed, nos lleg\u00f3 la invitaci\u00f3n para damnificados unidos y accedimos bajo la condici\u00f3n de que fuera p\u00fablica\u201d, recuerda Pargo.<\/p>\n<p>&nbsp;<\/p>\n<p><img loading=\"lazy\" decoding=\"async\" data-attachment-id=\"52784\" data-permalink=\"https:\/\/www.grieta.org.mx\/index.php\/2020\/08\/11\/el-negocio-que-representan-los-damnificados-del-sismo-del-2017-en-ciudad-de-mexico\/damnificados-por-el-sismo-2017-cd-de-mexico-19\/\" data-orig-file=\"https:\/\/www.grieta.org.mx\/wp-content\/uploads\/2020\/08\/Damnificados-por-el-sismo-2017-cd-de-Mexico-19.jpg\" data-orig-size=\"2000,1333\" data-comments-opened=\"0\" data-image-meta=\"{&quot;aperture&quot;:&quot;0&quot;,&quot;credit&quot;:&quot;&quot;,&quot;camera&quot;:&quot;&quot;,&quot;caption&quot;:&quot;&quot;,&quot;created_timestamp&quot;:&quot;0&quot;,&quot;copyright&quot;:&quot;&quot;,&quot;focal_length&quot;:&quot;0&quot;,&quot;iso&quot;:&quot;0&quot;,&quot;shutter_speed&quot;:&quot;0&quot;,&quot;title&quot;:&quot;&quot;,&quot;orientation&quot;:&quot;0&quot;}\" data-image-title=\"Damnificados-por-el-sismo-2017-cd-de-M\u00e9xico-19\" data-image-description=\"\" data-image-caption=\"\" data-medium-file=\"https:\/\/www.grieta.org.mx\/wp-content\/uploads\/2020\/08\/Damnificados-por-el-sismo-2017-cd-de-Mexico-19-300x200.jpg\" data-large-file=\"https:\/\/www.grieta.org.mx\/wp-content\/uploads\/2020\/08\/Damnificados-por-el-sismo-2017-cd-de-Mexico-19-1024x682.jpg\" class=\"alignnone  wp-image-52784\" src=\"http:\/\/www.grieta.org.mx\/wp-content\/uploads\/2020\/08\/Damnificados-por-el-sismo-2017-cd-de-Mexico-19.jpg\" alt=\"\" width=\"613\" height=\"409\" srcset=\"https:\/\/www.grieta.org.mx\/wp-content\/uploads\/2020\/08\/Damnificados-por-el-sismo-2017-cd-de-Mexico-19.jpg 2000w, https:\/\/www.grieta.org.mx\/wp-content\/uploads\/2020\/08\/Damnificados-por-el-sismo-2017-cd-de-Mexico-19-300x200.jpg 300w, https:\/\/www.grieta.org.mx\/wp-content\/uploads\/2020\/08\/Damnificados-por-el-sismo-2017-cd-de-Mexico-19-1024x682.jpg 1024w, https:\/\/www.grieta.org.mx\/wp-content\/uploads\/2020\/08\/Damnificados-por-el-sismo-2017-cd-de-Mexico-19-768x512.jpg 768w, https:\/\/www.grieta.org.mx\/wp-content\/uploads\/2020\/08\/Damnificados-por-el-sismo-2017-cd-de-Mexico-19-1536x1024.jpg 1536w, https:\/\/www.grieta.org.mx\/wp-content\/uploads\/2020\/08\/Damnificados-por-el-sismo-2017-cd-de-Mexico-19-750x500.jpg 750w\" sizes=\"auto, (max-width: 613px) 100vw, 613px\" \/><\/p>\n<p>La redensificaci\u00f3n es un mecanismo que supuestamente facilitar\u00e1 la recuperaci\u00f3n de la inversi\u00f3n mediante la comercializaci\u00f3n de viviendas adicionales, construidas, ya sea en la superficie adicional obtenida por esta redensificaci\u00f3n o, en el \u00e1rea que resulte de la donaci\u00f3n de la superficie edificable. Adem\u00e1s, formaliza que las y los propietarios de los inmuebles damnificados puedan destinar ciertos espacios para anuncios publicitarios.<\/p>\n<p>Por este motivo, las y los damnificados han luchado constantemente contra la redensificaci\u00f3n. Al respecto Ni\u00f1o de Rivera sostiene que \u201cla redensificaci\u00f3n es donde el gobierno aprovecha esta oportunidad para agarrar el 35% de tu propiedad. El gobierno siempre busc\u00f3 argumentos, te quer\u00edan vender cosas muy absurdas y la verdad es que pudimos tumbarles esos argumentos que no eran objetivos\u201d.<\/p>\n<p>A pesar de ello, la actual jefa de Gobierno de Ciudad de M\u00e9xico, Claudia Sheinbaum, asegur\u00f3 que aplicar\u00eda un esquema de redensificaci\u00f3n distinto al de la anterior administraci\u00f3n, adem\u00e1s, se\u00f1al\u00f3 que esta vez ser\u00e1 el propio gobierno quien comercializar\u00e1 las viviendas adicionales y no una empresa.<\/p>\n<p>\u201cEl gobierno va a poner ese recurso para que inicie la reconstrucci\u00f3n y los departamentos adicionales, dependiendo de cada uno de los temas, traemos ya un esquema en donde sea el propio gobierno quien comercialice esos departamentos. De tal manera que no tenga que entrar un desarrollador inmobiliario a este esquema en donde no sabemos si est\u00e1 generando una ganancia adicional sobre el departamento o no, que adem\u00e1s encarezca el suelo en la zona en donde est\u00e1 construyendo\u201d, expres\u00f3 Sheinbaum en conferencia, en enero de 2019.<\/p>\n<p>En junio del 2020, la Comisi\u00f3n para la Reconstrucci\u00f3n del Congreso de Ciudad de M\u00e9xico aprob\u00f3 el proyecto de dictamen que envi\u00f3 Sheinbaum, que entre otros punto argumenta que, \u201cla ley para la reconstrucci\u00f3n no permit\u00eda a las personas damnificadas acceder al mecanismo de redensificaci\u00f3n para financiar la recuperaci\u00f3n de las viviendas\u201d. Esta reforma permite que se reconstruya con una redensificaci\u00f3n del 35 por ciento sobre la superficie edificada antes del sismo. Adem\u00e1s, permite que las personas cedan un porcentaje de la superficie edificable que les corresponde para financiar la reconstrucci\u00f3n, ya sea con recursos p\u00fablicos o privados, en cierta media, es lo mismo.<\/p>\n<p>El 18 de Junio, las y los damnificados tuvieron una reuni\u00f3n con el comisionado pero fue evidente que no hab\u00eda resultados positivos para los damnificados. \u201cNos dimos cuenta que era muy desgastante porque es muy complicado estar en una reuni\u00f3n durante varias horas tratando de construir acuerdos, pero que adem\u00e1s, siempre, en la siguiente reuni\u00f3n te dicen que no fueron as\u00ed estos acuerdos\u201d, recuerda Karina.<\/p>\n<p>Otro edificio,\u00a0 el n\u00famero 27, de la calle \u00c1msterdam, ha pasado tres a\u00f1os en obras de rehabilitaci\u00f3n y,\u00a0 para Trinidad God\u00ednez Roma\u00f1a, el edificio luce inhabitable. \u201cHemos tenido que buscar la manera de que nos vuelvan hacer caso, rompimos con el comisionado Cravioto porque solamente nos est\u00e1 conteniendo, nos estaba dando largas. Este edificio, seg\u00fan era para que lo entregaran en Agosto del 2019, pero ya lleva casi un a\u00f1o de retraso, porque incluso el proyecto estructural era para rehabilitaci\u00f3n y de repente no lo quisieron cambiar para demolerlo y hacer la redensificaci\u00f3n\u201d, explica Trinidad.<\/p>\n<p>Lo mismo sucede con el caso de Insurgentes Norte 47. \u201cEmpezamos a ver muchas irregularidades por parte de esta empresa y empec\u00e9 a sufrir mucho hostigamiento, incluso, me golpe\u00f3 el que era responsable de la obra, sufr\u00ed agresiones, se levant\u00f3 una denuncia y era porque no nos daban acceso, ni a la administradora con la que firm\u00f3 el contrato no le daban acceso al inmueble, \u00bfPor qu\u00e9? Porque no quer\u00edan que vi\u00e9ramos todos los vicios ocultos que estaban haciendo\u201d, denunci\u00f3 la damnificada Ni\u00f1o de Rivera.<\/p>\n<p>\u201cLa empresa Grupo C2 firm\u00f3 un contrato para realizar toda una serie de reparaciones pero al momento de recibir la obra se percat\u00f3 de que la empresa anterior hab\u00eda dejado instalaciones el\u00e9ctricas mal. Las instalaciones hidrosanitarias tapadas con piedras, entre otras graves negligencias\u201d, concluye Yukari.<\/p>\n<p>Ni\u00f1o de Rivera por su parte arremete asegurando que esta empresa ya no puede hacer los trabajos de reparaci\u00f3n, \u201cencontr\u00e9 muchos vicios ocultos, entonces ya hay un incumplimiento de esta empresa. Sumado a ello, la comisi\u00f3n dice que ya no hay dinero, por ello ya no se pudieron hacer los trabajos, porque hubo vicios ocultos de la otra empresa. Entonces me dice, te entrego la pr\u00f3xima semana. Nosotros dijimos que no lo \u00edbamos a aceptar\u201d, denuncia la damnificada.<\/p>\n<p>A casi tres a\u00f1os del sismo, cientos de familias de damnificados a\u00fan esperan retornar a su casa, la Comisi\u00f3n, con la redensificaci\u00f3n y en su intento de bajar los costos, ha desatendido los procesos de rehabilitaci\u00f3n y reconstrucci\u00f3n. Pero aunando a ello, ha hecho entrega de edificios y casas inhabitables, en otros casos han omitido la demolici\u00f3n de bardas perimetrales que a simple vista lucen endebles.<\/p>\n<p>El caso m\u00e1s preocupante es el de Insurgentes Norte 47 en el que no se hicieron los estudios correspondientes como es el de mec\u00e1nica de suelo, se tuvieron que reforzar columnas, corregir losas, sin embargo, la Comisi\u00f3n ya quiere entregar el edificio. Pero, estas intancias se han topado con pared porque las personas damnificadas organizadas aseguran que no dar\u00e1n ni un paso atr\u00e1s hasta que se hagan valer sus derechos.<\/p>\n<p><img loading=\"lazy\" decoding=\"async\" data-attachment-id=\"52785\" data-permalink=\"https:\/\/www.grieta.org.mx\/index.php\/2020\/08\/11\/el-negocio-que-representan-los-damnificados-del-sismo-del-2017-en-ciudad-de-mexico\/damnificados-por-el-sismo-2017-cd-de-mexico-17\/\" data-orig-file=\"https:\/\/www.grieta.org.mx\/wp-content\/uploads\/2020\/08\/Damnificados-por-el-sismo-2017-cd-de-Mexico-17.jpg\" data-orig-size=\"2000,1333\" data-comments-opened=\"0\" data-image-meta=\"{&quot;aperture&quot;:&quot;0&quot;,&quot;credit&quot;:&quot;&quot;,&quot;camera&quot;:&quot;&quot;,&quot;caption&quot;:&quot;&quot;,&quot;created_timestamp&quot;:&quot;0&quot;,&quot;copyright&quot;:&quot;&quot;,&quot;focal_length&quot;:&quot;0&quot;,&quot;iso&quot;:&quot;0&quot;,&quot;shutter_speed&quot;:&quot;0&quot;,&quot;title&quot;:&quot;&quot;,&quot;orientation&quot;:&quot;0&quot;}\" data-image-title=\"Damnificados-por-el-sismo-2017-cd-de-M\u00e9xico-17\" data-image-description=\"\" data-image-caption=\"\" data-medium-file=\"https:\/\/www.grieta.org.mx\/wp-content\/uploads\/2020\/08\/Damnificados-por-el-sismo-2017-cd-de-Mexico-17-300x200.jpg\" data-large-file=\"https:\/\/www.grieta.org.mx\/wp-content\/uploads\/2020\/08\/Damnificados-por-el-sismo-2017-cd-de-Mexico-17-1024x682.jpg\" class=\"alignnone  wp-image-52785\" src=\"http:\/\/www.grieta.org.mx\/wp-content\/uploads\/2020\/08\/Damnificados-por-el-sismo-2017-cd-de-Mexico-17.jpg\" alt=\"\" width=\"621\" height=\"414\" srcset=\"https:\/\/www.grieta.org.mx\/wp-content\/uploads\/2020\/08\/Damnificados-por-el-sismo-2017-cd-de-Mexico-17.jpg 2000w, https:\/\/www.grieta.org.mx\/wp-content\/uploads\/2020\/08\/Damnificados-por-el-sismo-2017-cd-de-Mexico-17-300x200.jpg 300w, https:\/\/www.grieta.org.mx\/wp-content\/uploads\/2020\/08\/Damnificados-por-el-sismo-2017-cd-de-Mexico-17-1024x682.jpg 1024w, https:\/\/www.grieta.org.mx\/wp-content\/uploads\/2020\/08\/Damnificados-por-el-sismo-2017-cd-de-Mexico-17-768x512.jpg 768w, https:\/\/www.grieta.org.mx\/wp-content\/uploads\/2020\/08\/Damnificados-por-el-sismo-2017-cd-de-Mexico-17-1536x1024.jpg 1536w, https:\/\/www.grieta.org.mx\/wp-content\/uploads\/2020\/08\/Damnificados-por-el-sismo-2017-cd-de-Mexico-17-750x500.jpg 750w\" sizes=\"auto, (max-width: 621px) 100vw, 621px\" \/><\/p>\n<p><a href=\"https:\/\/avispa.org\/el-negocio-que-representan-los-damnificados-del-sismo-del-2017-en-ciudad-de-mexico\/\">https:\/\/avispa.org\/el-negocio-que-representan-los-damnificados-del-sismo-del-2017-en-ciudad-de-mexico\/<\/a><\/p>\n<p>&nbsp;<\/p>\n","protected":false},"excerpt":{"rendered":"<p>Fotos tomadas de: avispa.org \u00c1ngel Huerta \/ Avispa Midia Eran las 13:14 horas del 19 de septiembre del 2017 cuando un sismo de magnitud 7.1 se origin\u00f3 a doce kil\u00f3metros &hellip; <a href=\"https:\/\/www.grieta.org.mx\/index.php\/2020\/08\/11\/el-negocio-que-representan-los-damnificados-del-sismo-del-2017-en-ciudad-de-mexico\/\" class=\"more-link\">Leer m\u00e1s<\/a><\/p>\n","protected":false},"author":2,"featured_media":52777,"comment_status":"closed","ping_status":"closed","sticky":false,"template":"","format":"standard","meta":{"ngg_post_thumbnail":0,"_jetpack_newsletter_access":"","_jetpack_dont_email_post_to_subs":false,"_jetpack_newsletter_tier_id":0,"_jetpack_memberships_contains_paywalled_content":false,"_jetpack_memberships_contains_paid_content":false,"footnotes":""},"categories":[80,14,3295,1026,1742,2065,2],"tags":[1028],"class_list":["post-52776","post","type-post","status-publish","format-standard","has-post-thumbnail","hentry","category-cintillo","category-ciudad-de-mexico","category-covid-19-en-ciudad-de-mexico","category-damnificados-por-el-sismo-del-19-de-septiembre","category-damnificados-y-reconstruccion-en-la-ciudad-de-mexico","category-movilizaciones-y-protestas-de-habitantes-de-la-ciudad-de-mexico","category-noticias-nacionales","tag-damnificados","entry"],"jetpack_featured_media_url":"https:\/\/www.grieta.org.mx\/wp-content\/uploads\/2020\/08\/El-negocio-que-representan-los-damnificados-del-sismo-del-2017-en-Ciudad-de-Mexico-ago-cdmx.jpg","jetpack_sharing_enabled":true,"jetpack_shortlink":"https:\/\/wp.me\/p7ZJR4-dJe","jetpack_likes_enabled":false,"jetpack-related-posts":[{"id":27175,"url":"https:\/\/www.grieta.org.mx\/index.php\/2018\/09\/22\/damnificados-del-edificio-centauro-perdieron-sus-escrituras-el-19s-y-no-saben-si-recuperaran-su-hogar\/","url_meta":{"origin":52776,"position":0},"title":"Damnificados del edificio Centauro perdieron sus escrituras el 19S y no saben si recuperar\u00e1n su hogar","author":"grieta","date":"22 septiembre, 2018","format":false,"excerpt":"","rel":"","context":"En &quot;CINTILLO&quot;","block_context":{"text":"CINTILLO","link":"https:\/\/www.grieta.org.mx\/index.php\/category\/cintillo\/"},"img":{"alt_text":"","src":"https:\/\/i0.wp.com\/www.grieta.org.mx\/wp-content\/uploads\/2018\/10\/Demolicion_Edificio_Osa_Mayor-5-e1537582336854-960x500.jpg?resize=350%2C200&ssl=1","width":350,"height":200,"srcset":"https:\/\/i0.wp.com\/www.grieta.org.mx\/wp-content\/uploads\/2018\/10\/Demolicion_Edificio_Osa_Mayor-5-e1537582336854-960x500.jpg?resize=350%2C200&ssl=1 1x, https:\/\/i0.wp.com\/www.grieta.org.mx\/wp-content\/uploads\/2018\/10\/Demolicion_Edificio_Osa_Mayor-5-e1537582336854-960x500.jpg?resize=525%2C300&ssl=1 1.5x, https:\/\/i0.wp.com\/www.grieta.org.mx\/wp-content\/uploads\/2018\/10\/Demolicion_Edificio_Osa_Mayor-5-e1537582336854-960x500.jpg?resize=700%2C400&ssl=1 2x"},"classes":[]},{"id":23394,"url":"https:\/\/www.grieta.org.mx\/index.php\/2018\/05\/30\/damnificados-montan-campamento-en-calzada-de-tlalpan-reclaman-que-autoridades-cumplan-con-reconstruccion\/","url_meta":{"origin":52776,"position":1},"title":"Damnificados montan campamento en calzada de Tlalpan; reclaman que autoridades cumplan con reconstrucci\u00f3n","author":"grieta","date":"30 mayo, 2018","format":false,"excerpt":"Redacci\u00f3n Animal Pol\u00edtico Damnificados del Multifamiliar dijeron que mantendr\u00e1n un campamento en calzada de Tlalpan, hasta que las autoridades de la CDMX cumplan con sus exigencias de reconstrucci\u00f3n de viviendas, luego de los da\u00f1os causados por el sismo del 19 de septiembre. Damnificados del Multifamiliar Tlalpan informaron la noche de\u2026","rel":"","context":"En &quot;CINTILLO&quot;","block_context":{"text":"CINTILLO","link":"https:\/\/www.grieta.org.mx\/index.php\/category\/cintillo\/"},"img":{"alt_text":"","src":"https:\/\/i0.wp.com\/www.grieta.org.mx\/wp-content\/uploads\/2018\/06\/tlalpan-960x500.jpg?resize=350%2C200&ssl=1","width":350,"height":200,"srcset":"https:\/\/i0.wp.com\/www.grieta.org.mx\/wp-content\/uploads\/2018\/06\/tlalpan-960x500.jpg?resize=350%2C200&ssl=1 1x, https:\/\/i0.wp.com\/www.grieta.org.mx\/wp-content\/uploads\/2018\/06\/tlalpan-960x500.jpg?resize=525%2C300&ssl=1 1.5x, https:\/\/i0.wp.com\/www.grieta.org.mx\/wp-content\/uploads\/2018\/06\/tlalpan-960x500.jpg?resize=700%2C400&ssl=1 2x"},"classes":[]},{"id":51887,"url":"https:\/\/www.grieta.org.mx\/index.php\/2020\/06\/24\/por-su-inaccion-colectivo-de-damnificados-termina-relacion-con-el-comisionado-cesar-cravioto-ciudad-de-mexico\/","url_meta":{"origin":52776,"position":2},"title":"Por \u201csu inacci\u00f3n\u201d, colectivo de damnificados termina relaci\u00f3n con el comisionado C\u00e9sar Cravioto (Ciudad de M\u00e9xico)","author":"grieta","date":"24 junio, 2020","format":false,"excerpt":"C\u00e9sar Cravioto, comisionado para la Reconstrucci\u00f3n. Foto: Benjam\u00edn Flores Sara Pantoja \/ Proceso CIUDAD DE M\u00c9XICO (apro).- El colectivo Damnificados Unidos de la Ciudad de M\u00e9xico (DUCDMX) dio a conocer que termin\u00f3 la relaci\u00f3n con C\u00e9sar Cravioto, comisionado para la Reconstrucci\u00f3n, debido a \u201csu inacci\u00f3n, ineficacia y falta de resultados\u201d,\u2026","rel":"","context":"En &quot;CINTILLO&quot;","block_context":{"text":"CINTILLO","link":"https:\/\/www.grieta.org.mx\/index.php\/category\/cintillo\/"},"img":{"alt_text":"","src":"https:\/\/i0.wp.com\/www.grieta.org.mx\/wp-content\/uploads\/2020\/07\/Por-%E2%80%9Csu-inacci%C3%B3n%E2%80%9D-colectivo-de-damnificados-termina-relaci%C3%B3n-con-el-comisionado-C%C3%A9sar-Cravioto-cdmx-jul.jpg?resize=350%2C200&ssl=1","width":350,"height":200,"srcset":"https:\/\/i0.wp.com\/www.grieta.org.mx\/wp-content\/uploads\/2020\/07\/Por-%E2%80%9Csu-inacci%C3%B3n%E2%80%9D-colectivo-de-damnificados-termina-relaci%C3%B3n-con-el-comisionado-C%C3%A9sar-Cravioto-cdmx-jul.jpg?resize=350%2C200&ssl=1 1x, https:\/\/i0.wp.com\/www.grieta.org.mx\/wp-content\/uploads\/2020\/07\/Por-%E2%80%9Csu-inacci%C3%B3n%E2%80%9D-colectivo-de-damnificados-termina-relaci%C3%B3n-con-el-comisionado-C%C3%A9sar-Cravioto-cdmx-jul.jpg?resize=525%2C300&ssl=1 1.5x, https:\/\/i0.wp.com\/www.grieta.org.mx\/wp-content\/uploads\/2020\/07\/Por-%E2%80%9Csu-inacci%C3%B3n%E2%80%9D-colectivo-de-damnificados-termina-relaci%C3%B3n-con-el-comisionado-C%C3%A9sar-Cravioto-cdmx-jul.jpg?resize=700%2C400&ssl=1 2x"},"classes":[]},{"id":23950,"url":"https:\/\/www.grieta.org.mx\/index.php\/2018\/06\/22\/damnificados-de-tlalpan-doblan-al-gobierno-de-la-cdmx-consiguen-reconstruccion-con-recursos-publicos\/","url_meta":{"origin":52776,"position":3},"title":"Damnificados de Tlalpan doblan al gobierno de la CDMX: consiguen reconstrucci\u00f3n con recursos p\u00fablicos","author":"grieta","date":"22 junio, 2018","format":false,"excerpt":"Proceso CIUDAD DE M\u00c9XICO (apro).- De manera in\u00e9dita, el gobierno de la Ciudad de M\u00e9xico y la Asamblea Legislativa firmaron una declaratoria de compromisos para iniciar los trabajos de reconstrucci\u00f3n con recursos p\u00fablicos en beneficio de los damnificados que bloquearon alrededor de ocho horas la Calzada de Tlalpan. Esta madrugada,\u2026","rel":"","context":"En &quot;CINTILLO&quot;","block_context":{"text":"CINTILLO","link":"https:\/\/www.grieta.org.mx\/index.php\/category\/cintillo\/"},"img":{"alt_text":"","src":"https:\/\/i0.wp.com\/www.grieta.org.mx\/wp-content\/uploads\/2018\/06\/tlalpan-1.jpg?resize=350%2C200&ssl=1","width":350,"height":200,"srcset":"https:\/\/i0.wp.com\/www.grieta.org.mx\/wp-content\/uploads\/2018\/06\/tlalpan-1.jpg?resize=350%2C200&ssl=1 1x, https:\/\/i0.wp.com\/www.grieta.org.mx\/wp-content\/uploads\/2018\/06\/tlalpan-1.jpg?resize=525%2C300&ssl=1 1.5x, https:\/\/i0.wp.com\/www.grieta.org.mx\/wp-content\/uploads\/2018\/06\/tlalpan-1.jpg?resize=700%2C400&ssl=1 2x"},"classes":[]},{"id":22063,"url":"https:\/\/www.grieta.org.mx\/index.php\/2018\/02\/24\/crean-red-nacional-de-damnificados-cdmx\/","url_meta":{"origin":52776,"position":4},"title":"Crean Red Nacional de Damnificados (CDMX)","author":"grieta","date":"24 febrero, 2018","format":false,"excerpt":"Oscar Santill\u00e1n Buscar\u00e1n que los recursos del Fondo de Desastres Naturales (Fonden) llegue a los sitios afectados por el sismo del 19S Ante el olvido en el que han quedado los afectados por el sismo del 19 de septiembre de 2017, este s\u00e1bado, durante el V Encuentro Nacional de Damnificados\u2026","rel":"","context":"En &quot;CINTILLO&quot;","block_context":{"text":"CINTILLO","link":"https:\/\/www.grieta.org.mx\/index.php\/category\/cintillo\/"},"img":{"alt_text":"","src":"https:\/\/i0.wp.com\/www.grieta.org.mx\/wp-content\/uploads\/2018\/03\/dsc0170-53b92c1f0ffe3ab7a8e159cfe822d71b-1200x600.jpg?resize=350%2C200&ssl=1","width":350,"height":200,"srcset":"https:\/\/i0.wp.com\/www.grieta.org.mx\/wp-content\/uploads\/2018\/03\/dsc0170-53b92c1f0ffe3ab7a8e159cfe822d71b-1200x600.jpg?resize=350%2C200&ssl=1 1x, https:\/\/i0.wp.com\/www.grieta.org.mx\/wp-content\/uploads\/2018\/03\/dsc0170-53b92c1f0ffe3ab7a8e159cfe822d71b-1200x600.jpg?resize=525%2C300&ssl=1 1.5x, https:\/\/i0.wp.com\/www.grieta.org.mx\/wp-content\/uploads\/2018\/03\/dsc0170-53b92c1f0ffe3ab7a8e159cfe822d71b-1200x600.jpg?resize=700%2C400&ssl=1 2x, https:\/\/i0.wp.com\/www.grieta.org.mx\/wp-content\/uploads\/2018\/03\/dsc0170-53b92c1f0ffe3ab7a8e159cfe822d71b-1200x600.jpg?resize=1050%2C600&ssl=1 3x"},"classes":[]},{"id":22057,"url":"https:\/\/www.grieta.org.mx\/index.php\/2018\/02\/26\/cdmx-denuncian-intimidacion-de-policia-contra-damnificados-otomis\/","url_meta":{"origin":52776,"position":5},"title":"CDMX: Denuncian intimidaci\u00f3n de polic\u00eda contra damnificados otom\u00eds","author":"grieta","date":"26 febrero, 2018","format":false,"excerpt":"Elementos de polic\u00eda de la CDMX arribaron en horas de la madrugada al campamento de damnificados por sismo pertenecientes a comunidad otom\u00ed. Temen desalojo Regeneraci\u00f3n, 26 de febrero del 2018. Integrantes del campamento de damnificados otom\u00eds de la Ciudad de Mexico, denunciaron que hoy lunes 26 de febrero, aproximadamente a\u2026","rel":"","context":"En &quot;CINTILLO&quot;","block_context":{"text":"CINTILLO","link":"https:\/\/www.grieta.org.mx\/index.php\/category\/cintillo\/"},"img":{"alt_text":"","src":"https:\/\/i0.wp.com\/www.grieta.org.mx\/wp-content\/uploads\/2018\/03\/patrulla_.jpg?resize=350%2C200&ssl=1","width":350,"height":200,"srcset":"https:\/\/i0.wp.com\/www.grieta.org.mx\/wp-content\/uploads\/2018\/03\/patrulla_.jpg?resize=350%2C200&ssl=1 1x, https:\/\/i0.wp.com\/www.grieta.org.mx\/wp-content\/uploads\/2018\/03\/patrulla_.jpg?resize=525%2C300&ssl=1 1.5x, https:\/\/i0.wp.com\/www.grieta.org.mx\/wp-content\/uploads\/2018\/03\/patrulla_.jpg?resize=700%2C400&ssl=1 2x"},"classes":[]}],"_links":{"self":[{"href":"https:\/\/www.grieta.org.mx\/index.php\/wp-json\/wp\/v2\/posts\/52776","targetHints":{"allow":["GET"]}}],"collection":[{"href":"https:\/\/www.grieta.org.mx\/index.php\/wp-json\/wp\/v2\/posts"}],"about":[{"href":"https:\/\/www.grieta.org.mx\/index.php\/wp-json\/wp\/v2\/types\/post"}],"author":[{"embeddable":true,"href":"https:\/\/www.grieta.org.mx\/index.php\/wp-json\/wp\/v2\/users\/2"}],"replies":[{"embeddable":true,"href":"https:\/\/www.grieta.org.mx\/index.php\/wp-json\/wp\/v2\/comments?post=52776"}],"version-history":[{"count":1,"href":"https:\/\/www.grieta.org.mx\/index.php\/wp-json\/wp\/v2\/posts\/52776\/revisions"}],"predecessor-version":[{"id":52786,"href":"https:\/\/www.grieta.org.mx\/index.php\/wp-json\/wp\/v2\/posts\/52776\/revisions\/52786"}],"wp:featuredmedia":[{"embeddable":true,"href":"https:\/\/www.grieta.org.mx\/index.php\/wp-json\/wp\/v2\/media\/52777"}],"wp:attachment":[{"href":"https:\/\/www.grieta.org.mx\/index.php\/wp-json\/wp\/v2\/media?parent=52776"}],"wp:term":[{"taxonomy":"category","embeddable":true,"href":"https:\/\/www.grieta.org.mx\/index.php\/wp-json\/wp\/v2\/categories?post=52776"},{"taxonomy":"post_tag","embeddable":true,"href":"https:\/\/www.grieta.org.mx\/index.php\/wp-json\/wp\/v2\/tags?post=52776"}],"curies":[{"name":"wp","href":"https:\/\/api.w.org\/{rel}","templated":true}]}}