{"id":52717,"date":"2020-08-27T23:25:33","date_gmt":"2020-08-28T04:25:33","guid":{"rendered":"http:\/\/www.grieta.org.mx\/?p=52717"},"modified":"2020-08-27T23:40:15","modified_gmt":"2020-08-28T04:40:15","slug":"los-rostros-no-tan-ocultos-del-mal-llamado-tren-maya-parte-3-un-mapa-de-las-vias-del-tren-capitalista","status":"publish","type":"post","link":"https:\/\/www.grieta.org.mx\/index.php\/2020\/08\/27\/los-rostros-no-tan-ocultos-del-mal-llamado-tren-maya-parte-3-un-mapa-de-las-vias-del-tren-capitalista\/","title":{"rendered":"Los rostros (no tan) ocultos del mal llamado \u201ctren maya\u201d. Parte 3: Un mapa de las v\u00edas del tren capitalista."},"content":{"rendered":"<div>Colectivo Grieta, 27 de agosto de 2020<\/div>\n<div>&nbsp;<\/div>\n<div id=\"magicdomid38\" class=\"ace-line\"><span class=\"author-a-z83zz76zz85znz73zfz75zgcz86zz66zz78z3bz71z2\">El megaproyecto mal llamado Tren Maya contempla 1,500 km de tren divididos en 7 tramos. Cada uno de estos tramos ha sido concesionado, o est\u00e1 a punto de serlo, a alguna empresa del gran capital. Mientras el discurso oficial afirma que el mal llamado Tren Maya es un proyecto comprometido con el desarrollo social del pueblo, el mapa de las concesiones muestra que quienes se ven beneficiados a partir de este desarrollo, son los grandes emporios. En la <a href=\"https:\/\/www.trenmaya.gob.mx\/principios-sociales\/\" target=\"_blank\" rel=\"noopener noreferrer\">p\u00e1gina oficial del mal llamado Tren Maya<\/a> se afirma:<br \/>\n<\/span><\/div>\n<div>\n<div class=\"wp-block-columns\">\n<div class=\"wp-block-column\">\n<blockquote><p>&#8220;Como tal, el Tren Maya se apega a los 12 Principios Rectores de la Cuarta Transformaci\u00f3n y a los 3 ejes del Plan Nacional de Desarrollo 2018-2024, entre ellos:<br \/>\n\u2013 No dejar a nadie atr\u00e1s, no dejar a nadie fuera<br \/>\n\u2013 Democracia significa el poder del pueblo<br \/>\n\u2013 Hacia una democracia participativa<br \/>\n\u2013 Consulta popular<br \/>\n\u2013 Mandar obedeciendo<\/p>\n<p>Por primera vez, el gobierno se acerca a las comunidades con el \u00e1nimo de construir, entre todos y a trav\u00e9s del di\u00e1logo, un proyecto de desarrollo regional que pone a la gente como el centro de las decisiones.<br \/>\nEl tren es un ejemplo de c\u00f3mo pueden y deben ser los proyectos de infraestructura centrados en las personas.&#8221;<\/p><\/blockquote>\n<p>Este discurso de la actual administraci\u00f3n que insiste en presentar esto como un proyecto democr\u00e1tico, que empodera al pueblo, y que va a desarrollar la zona, contrasta o se enfrenta con la realidad de la <a href=\"http:\/\/www.grieta.org.mx\/index.php\/category\/noticias-nacionales\/yucatan\/resistencia-al-tren-maya-en-la-peninsula-de-yucatan\/\" target=\"_blank\" rel=\"noopener noreferrer\">resistencia organizada de los pueblos<\/a>,&nbsp; con la historia de <a href=\"http:\/\/www.grieta.org.mx\/index.php\/category\/noticias-nacionales\/quintana-roo\/destruccion-y-contaminacion-ambiental-en-quintana-roo\/\" target=\"_blank\" rel=\"noopener noreferrer\">turismo destructivo<\/a> de la zona, y con los m\u00faltiples se\u00f1alamientos por parte de especialistas de que <a href=\"http:\/\/www.grieta.org.mx\/index.php\/2020\/08\/13\/tren-maya-contaminara-el-equivalente-a-139-mil-automoviles-en-la-cdmx\/\" target=\"_blank\" rel=\"noopener noreferrer\">el proyecto es profundamente nocivo<\/a> para la regi\u00f3n. <span class=\"author-a-z83zz76zz85znz73zfz75zgcz86zz66zz78z3bz71z2\">Esta nota pretende reunir brevemente el mapa de las concesiones del mal llamado Tren Maya para mostrar otro de los rostros que el gobierno pretende ocultar y que revelan otra cara de la historia de saqueo alrededor de este proyecto.<\/span><\/p>\n<\/div>\n<\/div>\n<\/div>\n<div class=\"ace-line\">\n<figure id=\"attachment_52749\" aria-describedby=\"caption-attachment-52749\" style=\"width: 800px\" class=\"wp-caption aligncenter\"><a href=\"http:\/\/www.grieta.org.mx\/wp-content\/uploads\/2020\/08\/Diapositiva1.png\"><img loading=\"lazy\" decoding=\"async\" data-attachment-id=\"52749\" data-permalink=\"https:\/\/www.grieta.org.mx\/index.php\/2020\/08\/27\/los-rostros-no-tan-ocultos-del-mal-llamado-tren-maya-parte-3-un-mapa-de-las-vias-del-tren-capitalista\/diapositiva1\/\" data-orig-file=\"https:\/\/www.grieta.org.mx\/wp-content\/uploads\/2020\/08\/Diapositiva1.png\" data-orig-size=\"1280,720\" data-comments-opened=\"0\" data-image-meta=\"{&quot;aperture&quot;:&quot;0&quot;,&quot;credit&quot;:&quot;&quot;,&quot;camera&quot;:&quot;&quot;,&quot;caption&quot;:&quot;&quot;,&quot;created_timestamp&quot;:&quot;0&quot;,&quot;copyright&quot;:&quot;&quot;,&quot;focal_length&quot;:&quot;0&quot;,&quot;iso&quot;:&quot;0&quot;,&quot;shutter_speed&quot;:&quot;0&quot;,&quot;title&quot;:&quot;&quot;,&quot;orientation&quot;:&quot;0&quot;}\" data-image-title=\"Diapositiva1\" data-image-description=\"\" data-image-caption=\"\" data-medium-file=\"https:\/\/www.grieta.org.mx\/wp-content\/uploads\/2020\/08\/Diapositiva1-300x169.png\" data-large-file=\"https:\/\/www.grieta.org.mx\/wp-content\/uploads\/2020\/08\/Diapositiva1-1024x576.png\" class=\"wp-image-52749\" src=\"http:\/\/www.grieta.org.mx\/wp-content\/uploads\/2020\/08\/Diapositiva1-1024x576.png\" alt=\"\" width=\"800\" height=\"450\" srcset=\"https:\/\/www.grieta.org.mx\/wp-content\/uploads\/2020\/08\/Diapositiva1-1024x576.png 1024w, https:\/\/www.grieta.org.mx\/wp-content\/uploads\/2020\/08\/Diapositiva1-300x169.png 300w, https:\/\/www.grieta.org.mx\/wp-content\/uploads\/2020\/08\/Diapositiva1-768x432.png 768w, https:\/\/www.grieta.org.mx\/wp-content\/uploads\/2020\/08\/Diapositiva1-889x500.png 889w, https:\/\/www.grieta.org.mx\/wp-content\/uploads\/2020\/08\/Diapositiva1.png 1280w\" sizes=\"auto, (max-width: 800px) 100vw, 800px\" \/><\/a><figcaption id=\"caption-attachment-52749\" class=\"wp-caption-text\">Fuente: https:\/\/www.trenmaya.gob.mx\/trazo\/<\/figcaption><\/figure>\n<\/div>\n<div id=\"magicdomid40\" class=\"ace-line\"><span class=\"author-a-z83zz76zz85znz73zfz75zgcz86zz66zz78z3bz71z2\"><strong>Tramo I Selva: Palenque \u2013 Esc\u00e1rcega (228 km aprox.).<\/strong>&nbsp;<\/span><\/div>\n<div>Este tramo fue concesionado por <a href=\"https:\/\/www.infobae.com\/america\/mexico\/2020\/04\/23\/tren-maya-dan-concesion-de-primer-tramo-a-la-empresa-portuguesa-china-mota-engil-en-el-primer-tramo-de-chiapas-a-campeche\/\" target=\"_blank\" rel=\"noopener noreferrer\">FONATUR<\/a> a <span class=\"author-a-z83zz76zz85znz73zfz75zgcz86zz66zz78z3bz71z2\">Mota-Engil M\u00e9xico SAPI de C.V. en convenio con China Communications Construction Company LTD, Grupo Cosh S.A. de C.V. Eyasa S. de R.L de C.V y Gavil Ingenier\u00eda S.A. Esta concesi\u00f3n es notable debido a que una de las empresas implicadas, Mota-Engil, tiene otros megaproyectos en marcha en el pa\u00eds que han sido conflictivos y que han quedado endeudados (la carretera Siervo de la Naci\u00f3n en Edo. Mex. y Costa Canuva en Nayarit). Mientras otra de ellas, China Communications, tiene denuncias a nivel internacional por proyectos corruptos llevados a cabo. Esta empresa <a href=\"https:\/\/www.reporteindigo.com\/reporte\/empresa-que-construira-tren-maya-fue-inhabilitada-8-anos-por-corrupcion\/\" target=\"_blank\" rel=\"noopener noreferrer\">estuvo vetada durante ocho a\u00f1os<\/a> por el Banco Mundial por &#8216;desarrollos fraudulentos&#8217; en Filipinas; mientras que una subsidiaria suya &#8216;<a href=\"https:\/\/www.animalpolitico.com\/2020\/04\/empresa-tren-maya-inhabilitada-corrupcion\/\" target=\"_blank\" rel=\"noopener noreferrer\">fue incluida por Bangladesh en su \u2018lista negra\u2019<\/a> por un intento de soborno a funcionarios&#8217;. <\/span><\/div>\n<div>&nbsp;<\/div>\n<div id=\"magicdomid41\" class=\"ace-line\"><strong><span class=\"author-a-z83zz76zz85znz73zfz75zgcz86zz66zz78z3bz71z2\">Tramo II Golfo: Esc\u00e1rcega \u2013 Calkin\u00ed (235 km aprox.)<\/span><\/strong><\/div>\n<div>\n<p>Este tramo fue concesionado al <span class=\"author-a-z83zz76zz85znz73zfz75zgcz86zz66zz78z3bz71z2\"><span class=\"author-a-z83zz76zz85znz73zfz75zgcz86zz66zz78z3bz71z2\">consorcio formado por Carso Infraestructura y Construcci\u00f3n (CICSA) y la espa\u00f1ola Fomento de Construcciones y Contratas (FCC). Dicha concesi\u00f3n se adjudic\u00f3 el jueves 30 de abril y e<\/span><\/span><span class=\"author-a-z83zz76zz85znz73zfz75zgcz86zz66zz78z3bz71z2\">s el <a href=\"https:\/\/www.proceso.com.mx\/628043\/slim-tren\" target=\"_blank\" rel=\"noopener noreferrer\">mayor contrato<\/a>, hasta la fecha, adjudicado por el gobierno de la llamada Cuarta Transformaci\u00f3n. Esto no tiene nada de transformador. Grupo Carso tiene un largo historial de contratos ventajosos con las diversas administraciones del Estado mexicano. Ser\u00eda bueno recordar la venta de Telmex a Slim en 1990, defendida por Carlos Salinas de Gortari en <a href=\"https:\/\/www.elfinanciero.com.mx\/economia\/telmex-una-privatizacion-exitosa-que-termino-cuestionada\" target=\"_blank\" rel=\"noopener noreferrer\">este art\u00edculo<\/a> de <em>El financiero. <\/em>\u00c9ste \u00faltimo fue escrito en 2014, en el contexto de la reforma a las telecomunicaciones, que tambi\u00e9n result\u00f3 en <a href=\"https:\/\/www.lapoliticaonline.com.mx\/nota\/85089-paradoja-reforma-de-telecomunicacion-potencio-a-telcel\/\" target=\"_blank\" rel=\"noopener noreferrer\">beneficio profundo para el mismo empresario<\/a> quien <a href=\"https:\/\/archivo.eluniversal.com.mx\/notas\/910864.html\" target=\"_blank\" rel=\"noopener noreferrer\">la aplaud\u00eda desde el inicio.<\/a><br \/>\n<\/span><\/p>\n<div id=\"magicdomid123\" class=\"ace-line\">&nbsp;<\/div>\n<\/div>\n<div id=\"magicdomid42\" class=\"ace-line\"><strong><span class=\"author-a-z83zz76zz85znz73zfz75zgcz86zz66zz78z3bz71z2\">Tramo III Golfo: Calkin\u00ed \u2013 Izamal (172 km aprox.)<\/span><\/strong><\/div>\n<div>\n<div id=\"magicdomid128\" class=\"ace-line\"><span class=\"author-a-z83zz76zz85znz73zfz75zgcz86zz66zz78z3bz71z2\">Este <a href=\"https:\/\/www.milenio.com\/negocios\/tren-maya-consorcio-construcciones-urales-construira-tramo-3\" target=\"_blank\" rel=\"noopener noreferrer\">tramo fue concesionado<\/a> al consorcio formado por Construcciones Urales, GAMI Ingenier\u00eda e Instalaciones y AZVI. <\/span><span class=\"author-a-z83zz76zz85znz73zfz75zgcz86zz66zz78z3bz71z2 b\">La concesi\u00f3n es notable, debido a que una de esas <\/span><span class=\"author-a-z83zz76zz85znz73zfz75zgcz86zz66zz78z3bz71z2\"><a href=\"https:\/\/www.animalpolitico.com\/2020\/05\/adjudican-tramo-tres-tren-maya-constructora-segundo-piso-periferico-amlo\/\" target=\"_blank\" rel=\"noopener noreferrer\">empresas particip\u00f3 en la construcci\u00f3n de una secci\u00f3n del segundo<\/a> piso del perif\u00e9rico de la Ciudad de M\u00e9xico durante el gobierno de L\u00f3pez Obrador.<\/span><span class=\"author-a-z83zz76zz85znz73zfz75zgcz86zz66zz78z3bz71z2\"> Esa misma empresa, GAMI Ingenier\u00eda e Instalaciones estuvo a cargo de la obra de la nueva sede del Senado de la Rep\u00fablica. \u00c9sta \u00faltima, estaba planeada inicialmente con un presupuesto de 1 mil 699 millones de pesos. &#8220;Sin embargo, en mayo de 2013, se dio a conocer que, de acuerdo con el Estado de la Situaci\u00f3n Financiera de la C\u00e1mara alta, el monto total del gasto ejercido en la construcci\u00f3n a cargo de GAMI fue de 4 mil 032 millones de pesos; hasta 2 mil 333 millones m\u00e1s, un 137% de sobrecosto.\u201d (Animal Pol\u00edtico).<\/span><\/div>\n<div id=\"magicdomid129\" class=\"ace-line\"><span class=\"author-a-z83zz76zz85znz73zfz75zgcz86zz66zz78z3bz71z2\">Mientras que Construcciones Urales tambi\u00e9n ser\u00e1 encargada de <a href=\"https:\/\/www.eleconomista.com.mx\/estados\/Recsa-y-Construcciones-Urales-desarrollaran-42-kilometros-de-Tren-Transistmico-20200608-0056.html\" target=\"_blank\" rel=\"noopener noreferrer\">construir el Tren Trans\u00edstmico<\/a>, otro de los megaproyectos promovidos por el capataz en turno: &#8220;Regiomontana de Construcci\u00f3n y Servicios (<\/span><span class=\"author-a-z83zz76zz85znz73zfz75zgcz86zz66zz78z3bz71z2 b\"><b>RECSA<\/b><\/span><span class=\"author-a-z83zz76zz85znz73zfz75zgcz86zz66zz78z3bz71z2\">) y <\/span><span class=\"author-a-z83zz76zz85znz73zfz75zgcz86zz66zz78z3bz71z2 b\"><b>Construcciones Urales<\/b><\/span><span class=\"author-a-z83zz76zz85znz73zfz75zgcz86zz66zz78z3bz71z2\">, conforman el consorcio encargado del desarrollo y la modernizaci\u00f3n de 42 kil\u00f3metros del tramo ferroviario que va de Medias Aguas a Ubero en Veracruz, a Salina Cruz, Oaxaca, y forma parte del proyecto del <\/span><span class=\"author-a-z83zz76zz85znz73zfz75zgcz86zz66zz78z3bz71z2 b\"><b>Tren Trans\u00edstmico<\/b><\/span><span class=\"author-a-z83zz76zz85znz73zfz75zgcz86zz66zz78z3bz71z2\">, con una inversi\u00f3n de 19 millones de pesos por kil\u00f3metro.&#8221;<\/span><\/div>\n<\/div>\n<div>&nbsp;<\/div>\n<div id=\"magicdomid43\" class=\"ace-line\"><strong><span class=\"author-a-z83zz76zz85znz73zfz75zgcz86zz66zz78z3bz71z2\">Tramo IV Golfo: Izamal \u2013 Canc\u00fan (257 km aprox.)<\/span><\/strong><\/div>\n<div>\n<div id=\"magicdomid136\" class=\"ace-line\"><span class=\"author-a-z83zz76zz85znz73zfz75zgcz86zz66zz78z3bz71z2\">Este tram\u00f3 se <a href=\"https:\/\/www.eluniversal.com.mx\/nacion\/ica-tiene-la-concesion-de-la-por-30-anos-fonatur-sobre-adjudicacion-de-tren-maya\" target=\"_blank\" rel=\"noopener noreferrer\">adjudic\u00f3<\/a> de manera directa, <a href=\"https:\/\/www.eleconomista.com.mx\/empresas\/Inicia-construccion-del-Tren-Maya-en-sus-cuatro-primeros-tramos-20200528-0113.html\" target=\"_blank\" rel=\"noopener noreferrer\">sin licitaci\u00f3n<\/a>, a ICA. Jim\u00e9nez Pons de FONATUR justific\u00f3 el hecho diciendo que esa empresa es concesionaria de la v\u00eda carretera existente por 30 a\u00f1os m\u00e1s. A pesar de que la carretera <\/span><span class=\"author-a-z83zz76zz85znz73zfz75zgcz86zz66zz78z3bz71z2\">que va de Izamal hacia Canc\u00fan es federal, ICA tiene la concesi\u00f3n. Seg\u00fan Jim\u00e9nez Pons se trata de dos cuerpos carreteros: por uno se construir\u00e1 la v\u00eda f\u00e9rrea, el otro se va a ampliar para restituir los 4 carriles. Se adjudic\u00f3 a ICA para \u201cque haya un arreglo con ellos en corto\u201d [Jimenez Pons dixit] y no tener que entrar en litigios para quitarles la concesi\u00f3n.<br \/>\n<\/span><\/div>\n<\/div>\n<div>\n<div id=\"magicdomid135\" class=\"ace-line\">&nbsp;<\/div>\n<div id=\"magicdomid138\" class=\"ace-line\">&nbsp;<\/div>\n<\/div>\n<div id=\"magicdomid44\" class=\"ace-line\"><strong><span class=\"author-a-z83zz76zz85znz73zfz75zgcz86zz66zz78z3bz71z2\">Tramo V Caribe: Canc\u00fan \u2013 Tulum (121 km aprox.)<\/span><\/strong><\/div>\n<div>\n<div id=\"magicdomid140\" class=\"ace-line\"><span class=\"author-a-z83zz76zz85znz73zfz75zgcz86zz66zz78z3bz71z2 b\"><b>\u00bfBlack rock?<\/b><\/span><\/div>\n<div id=\"magicdomid141\" class=\"ace-line\"><span class=\"author-a-z83zz76zz85znz73zfz75zgcz86zz66zz78z3bz71z2\">Black Rock se asume a s\u00ed misma como la empresa <a href=\"https:\/\/www.blackrock.com\/mx\/intermediarios\/quienes-somos\" target=\"_blank\" rel=\"noopener noreferrer\">administradora de activos m\u00e1s grande del mundo<\/a>. Esto quiere decir que es el capital del sector financiero m\u00e1s grande del mundo. En pocas palabras, una empresa que maneja deuda y especulaci\u00f3n a niveles superlativos. Y es tambi\u00e9n el <a href=\"https:\/\/conoceblackrock.projectpoder.org\/el-principal-inversionista-de-la-bmv.html\" target=\"_blank\" rel=\"noopener noreferrer\">principal inversionista<\/a> de la Bolsa Mexicana de Valores. Black Rock tiene ya tiempo siendo un capital fuerte en territorio nacional. Durante el sexenio de Pe\u00f1a Nieto, <a href=\"https:\/\/www.elfinanciero.com.mx\/blogs\/historias-de-negoceos\/la-euforia-del-ceo-de-blackrock-por-mexico.html\" target=\"_blank\" rel=\"noopener noreferrer\">Larry Fink declar\u00f3 su euforia<\/a> con las condiciones de inversi\u00f3n del pa\u00eds. En 2016, en Acapulco declar\u00f3: <\/span><\/div>\n<blockquote>\n<div class=\"ace-line\"><span class=\"author-a-z83zz76zz85znz73zfz75zgcz86zz66zz78z3bz71z2\">&#8220;\u201cM\u00e9xico es uno de los lugares m\u00e1s seguros para invertir\u2026 vivimos en una buena regi\u00f3n, en la mejor del mundo\u201d, les dijo.&#8221; No es la primera vez que el cofundador, presidente y CEO de la administradora de activos m\u00e1s grande del mundo habla maravillas sobre M\u00e9xico. En octubre del 2013, <b>Fink<\/b> elogi\u00f3 las reformas estructurales impulsadas por <b>Enrique Pe\u00f1a Nieto<\/b>: \u201cM\u00e9xico est\u00e1 comenzando una revoluci\u00f3n real\u201d, dijo ante estudiantes de la Universidad de California. \u201cVan a tener una oportunidad tremenda de crecer\u201d.&#8221;<br \/>\n<\/span><\/div>\n<\/blockquote>\n<div>La euforia de Black Rock se profundiz\u00f3 con la entrada de Andr\u00e9s Manuel L\u00f3pez Obrador al gobierno de M\u00e9xico. Seg\u00fan una <a href=\"https:\/\/www.eleconomista.com.mx\/mercados\/Queremos-continuar-invirtiendo-en-Mexico-BlackRock-20191110-0031.html\" target=\"_blank\" rel=\"noopener noreferrer\">nota del economista<\/a> de noviembre de 2019, fue tan grande su entusiasmo por el rumbo que tom\u00f3 el pa\u00eds, que en 2019, compr\u00f3 Impulsora de Fondos Banamex:<\/div>\n<\/div>\n<div>\n<blockquote><p>\u201cSeguimos viendo a M\u00e9xico como un gran pa\u00eds en el cual queremos seguir invirtiendo, pero como inversionistas queremos que haya m\u00e1s certidumbre y transparencia en todas las inversiones que hacemos\u201d, destac\u00f3 la directiva. Record\u00f3 que una muestra de la confianza en el pa\u00eds es la compra de Impulsora de Fondos Banamex que hicieron el a\u00f1o pasado, la cual fue la inversi\u00f3n \u201cm\u00e1s grande que jam\u00e1s hab\u00edan hecho en un pa\u00eds en desarrollo\u201d. La adquisici\u00f3n por 34,000 millones de d\u00f3lares se realiz\u00f3 en septiembre del 2019, despu\u00e9s de las elecciones presidenciales en M\u00e9xico y en un momento de volatilidad e incertidumbre en el mercado nacional.<\/p><\/blockquote>\n<\/div>\n<div>Otras notas que circulan en la red se\u00f1alan cierta relaci\u00f3n de Black Rock con capitales que se mueven en el pa\u00eds desde tiempos de <a href=\"https:\/\/www.elmananerodiario.com\/las-telaranas-blackrock-mexico\/\" target=\"_blank\" rel=\"noopener noreferrer\">Salinas de Gortari<\/a>. Lo que es claro, es que Black Rock se lame los bigotes por subirse al mal llamado Tren Maya.<\/div>\n<div>\n<div>&nbsp;<\/div>\n<div class=\"ace-line\"><span class=\"author-a-z83zz76zz85znz73zfz75zgcz86zz66zz78z3bz71z2\">Black Rock present\u00f3 una Propuesta no solicitada para el tramo 5 antes de la publicaci\u00f3n del concurso. Mientras la convocatoria <\/span><span class=\"author-a-z83zz76zz85znz73zfz75zgcz86zz66zz78z3bz71z2 b\"><b>\u2018<\/b><\/span><span class=\"author-a-z83zz76zz85znz73zfz75zgcz86zz66zz78z3bz71z2\">para participar en el concurso p\u00fablico denominado &#8216;Proyecto Carretero Tulum-Canc\u00fan (\u2026) en su tramo Tulum-Playa del Carmen-Entronque Aeropuerto de Canc\u00fan&#8217;, trayecto carretero paralelo al trazo del tramo 5 de la obra ferroviaria bandera de esta administraci\u00f3n\u2019 se public\u00f3 el martes 23 de junio de 2020, ya desde el 8 de junio de mismo a\u00f1o Fonatur hab\u00eda informado a los representantes legales de Black Rock en M\u00e9xico, que su propuesta no solicitada <a href=\"https:\/\/www.elfinanciero.com.mx\/empresas\/blackrock-cada-vez-mas-cerca-de-subirse-al-tren-maya\" target=\"_blank\" rel=\"noopener noreferrer\">era procedente<\/a>.<\/span><\/div>\n<div id=\"magicdomid142\" class=\"ace-line\"><span class=\"author-a-z83zz76zz85znz73zfz75zgcz86zz66zz78z3bz71z2\">Si bien el 5 de julio se hab\u00eda informado que el resultado de la licitaci\u00f3n del Tramo 5 se dar\u00eda a conocer a <a href=\"https:\/\/www.businesstravelmexico.mx\/publicacion\/a-principios-de-agosto-resultados-de-la-licitacion-del-tramo-5-del-tren-maya\" target=\"_blank\" rel=\"noopener noreferrer\">principios de Agosto<\/a>; el 14 de agosto se inform\u00f3 que el fallo se dar\u00eda a conocer hasta el <a href=\"https:\/\/www.infobae.com\/america\/mexico\/2020\/08\/14\/fonatur-recibio-una-unica-postulacion-para-el-tramo-5-del-tren-maya\/\" target=\"_blank\" rel=\"noopener noreferrer\">31 del mismo mes<\/a><\/span><span class=\"author-a-z83zz76zz85znz73zfz75zgcz86zz66zz78z3bz71z2\">. Ya Jimenez Pons hab\u00eda declarado que Black Rock <a href=\"https:\/\/www.elfinanciero.com.mx\/empresas\/blackrock-toma-ventaja-en-tramo-5-del-tren-maya-pero-esta-obligado-a-licitar\" target=\"_blank\" rel=\"noopener noreferrer\">llevaba la ventaja<\/a>, aunque era necesaria la licitaci\u00f3n. Ahora se sabe que el consorcio encabezado por esta empresa, es el <a href=\"https:\/\/www.forbes.com.mx\/blackrock-presenta-propuesta-unica-para-tramo-5-del-tren-maya\/\" target=\"_blank\" rel=\"noopener noreferrer\">\u00fanico contendiente en la licitaci\u00f3n<\/a>.<br \/>\n<\/span><\/div>\n<div>El consorcio est\u00e1 formado por: Greenfield SPV VIII S.A.P.I. de C.V. en participaci\u00f3n conjunta con BlackRock M\u00e9xico Infraestructura II S. de R.L. de C.V.; Promotora y Desarrolladora Mexicana S.A. de C.V.; Promotora y Desarrolladora Mexicana de Infraestructura S.A. de C.V.; PRODEMEX Construcciones SA de CV y Constructora de Infraestructura Nacional S.A. de C.V.<\/div>\n<\/div>\n<div>&nbsp;<\/div>\n<div id=\"magicdomid45\" class=\"ace-line\"><strong><span class=\"author-a-z83zz76zz85znz73zfz75zgcz86zz66zz78z3bz71z2\">Tramo VI Caribe: Tulum \u2013 Bacalar (254 km aprox.) y <\/span><\/strong><strong><span class=\"author-a-z83zz76zz85znz73zfz75zgcz86zz66zz78z3bz71z2\">Tramo VII Selva: Bacalar \u2013 Esc\u00e1rcega (287 km aprox.)<\/span><\/strong><\/div>\n<div>Se anunci\u00f3 en mayo de este a\u00f1o, que los dos \u00faltimos tramos de este megaproyecto <a href=\"https:\/\/www.eleconomista.com.mx\/empresas\/Construccion-por-Sedena-de-tramos-6-y-7-del-Tren-Maya-ahorrara-25-Fonatur-20200512-0010.html\" target=\"_blank\" rel=\"noopener noreferrer\">ser\u00e1n construidos por la SEDENA<\/a>. Sobre estos dos tramos no hay informaci\u00f3n que circule en redes ni en medios de informaci\u00f3n. No sorprende. Los militares no rinden cuentas p\u00fablicas nunca. Lo que es de notar es c\u00f3mo, esta administraci\u00f3n ha decidido entregarle todo a los militares: adem\u00e1s del mayor presupuesto de los \u00faltimos 12 a\u00f1os, tambi\u00e9n entreg\u00f3 el desarrollo del Nuevo Aeropuerto de Santa Luc\u00eda, el manejo de dinero de programas sociales, <a href=\"https:\/\/www.grieta.org.mx\/index.php\/2020\/05\/21\/militares-para-todo-despojo-y-control-de-la-vida-social-en-la-4t-parte-i\/\" target=\"_blank\" rel=\"noopener noreferrer\">entre otros asuntos<\/a>.<\/div>\n<div>Es notable que estos dos tramos constituyen, pr\u00e1cticamente, una tercera parte del total del proyecto: 541 km de los 1554 km totales. La asignaci\u00f3n a la SEDENA de estos dos tramos se suma al hecho de que de los 230,000 efectivos desplegados en territorio nacional, la vasta mayor\u00eda est\u00e1n <a href=\"http:\/\/www.grieta.org.mx\/index.php\/2020\/08\/21\/mas-de-mil-mujeres-jovenes-y-ninas-salen-a-marchar-en-tala-y-exigen-justicia-para-elsy-jalisco\/\" target=\"_blank\" rel=\"noopener noreferrer\">concentrados<\/a> en torno al <a href=\"https:\/\/www.contralinea.com.mx\/archivo-revista\/2019\/08\/16\/oficial-militarizacion-de-chiapas-oaxaca-guerrero-y-peninsula-de-yucatan\/\" target=\"_blank\" rel=\"noopener noreferrer\">desarrollo de los megaproyectos<\/a>.<\/div>\n<div>&nbsp;<\/div>\n<div><span class=\"author-a-z83zz76zz85znz73zfz75zgcz86zz66zz78z3bz71z2\">Este mapa muestra algo: No importa qui\u00e9n sea el capataz que cuide la puerta en M\u00e9xico, <a href=\"http:\/\/enlacezapatista.ezln.org.mx\/2017\/04\/12\/palabras-del-subcomandante-insurgente-moises-miercoles-12-de-abril-de-2017\/\" target=\"_blank\" rel=\"noopener noreferrer\">el patr\u00f3n sigue siendo el gran capital.<\/a> Las mismas empresas de siempre, los consorcios m\u00e1s grandes del mundo, se dan cita para destruir una forma de vida en la pen\u00ednsula Maya y reconstruir un para\u00edso para la ganancia basada en la explotaci\u00f3n y el despojo.<\/span> La suma de los datos es clara. Lo que queda de Estado mexicano es esto: un capataz que administra y cuida la finca al patr\u00f3n, adem\u00e1s de organizar tambi\u00e9n a los guardias blancas que le van a cuidar el territorio.<\/div>\n<div id=\"magicdomid145\" class=\"ace-line\">&nbsp;<\/div>\n","protected":false},"excerpt":{"rendered":"<p>Colectivo Grieta, 27 de agosto de 2020 &nbsp; El megaproyecto mal llamado Tren Maya contempla 1,500 km de tren divididos en 7 tramos. Cada uno de estos tramos ha sido &hellip; <a href=\"https:\/\/www.grieta.org.mx\/index.php\/2020\/08\/27\/los-rostros-no-tan-ocultos-del-mal-llamado-tren-maya-parte-3-un-mapa-de-las-vias-del-tren-capitalista\/\" class=\"more-link\">Leer m\u00e1s<\/a><\/p>\n","protected":false},"author":1,"featured_media":52749,"comment_status":"closed","ping_status":"closed","sticky":false,"template":"","format":"standard","meta":{"ngg_post_thumbnail":0,"_jetpack_newsletter_access":"","_jetpack_dont_email_post_to_subs":false,"_jetpack_newsletter_tier_id":0,"_jetpack_memberships_contains_paywalled_content":false,"_jetpack_memberships_contains_paid_content":false,"footnotes":""},"categories":[80,1775,3,922,926,944,948,952,2026,2044],"tags":[2987,3514,1878],"class_list":["post-52717","post","type-post","status-publish","format-standard","has-post-thumbnail","hentry","category-cintillo","category-colectivo-grieta","category-megaproyectos","category-megaproyectos-estados","category-mp-campeche","category-mp-quintana-roo","category-mp-tabasco","category-mp-yucatan","category-tren-maya","category-tren-maya-analisis","tag-impacto-ecologico-por-tren-maya","tag-protestas-contra-tren-maya","tag-tren-maya","entry"],"jetpack_featured_media_url":"https:\/\/www.grieta.org.mx\/wp-content\/uploads\/2020\/08\/Diapositiva1.png","jetpack_sharing_enabled":true,"jetpack_shortlink":"https:\/\/wp.me\/p7ZJR4-dIh","jetpack_likes_enabled":false,"jetpack-related-posts":[{"id":56227,"url":"https:\/\/www.grieta.org.mx\/index.php\/2021\/01\/13\/compendio-informativo-los-rostros-no-tan-ocultos-del-mal-llamado-tren-maya\/","url_meta":{"origin":52717,"position":0},"title":"Compendio Informativo: LOS ROSTROS (NO TAN) OCULTOS DEL MAL LLAMADO \u201cTREN MAYA\u201d","author":"grieta","date":"13 enero, 2021","format":false,"excerpt":"Colectivo Grieta, 14 de enero de 2020 Ponemos a su disposici\u00f3n un archivo pdf compendiando una serie de notas en torno al mal llamado tren maya, en versi\u00f3n imprimible, para su consulta y\/o difusi\u00f3n m\u00e1s all\u00e1 del internet. El documento completo se puede descargar aqu\u00ed: http:\/\/www.grieta.org.mx\/?p=56227&preview=trueCompendio Informativo sobre el mal\u2026","rel":"","context":"En &quot;CINTILLO&quot;","block_context":{"text":"CINTILLO","link":"https:\/\/www.grieta.org.mx\/index.php\/category\/cintillo\/"},"img":{"alt_text":"","src":"https:\/\/i0.wp.com\/www.grieta.org.mx\/wp-content\/uploads\/2021\/01\/CompendioTren.jpg?resize=350%2C200&ssl=1","width":350,"height":200,"srcset":"https:\/\/i0.wp.com\/www.grieta.org.mx\/wp-content\/uploads\/2021\/01\/CompendioTren.jpg?resize=350%2C200&ssl=1 1x, https:\/\/i0.wp.com\/www.grieta.org.mx\/wp-content\/uploads\/2021\/01\/CompendioTren.jpg?resize=525%2C300&ssl=1 1.5x, https:\/\/i0.wp.com\/www.grieta.org.mx\/wp-content\/uploads\/2021\/01\/CompendioTren.jpg?resize=700%2C400&ssl=1 2x"},"classes":[]},{"id":51663,"url":"https:\/\/www.grieta.org.mx\/index.php\/2020\/07\/15\/algunas-voces-por-la-defensa-del-territorio-en-la-peninsula-de-yucatan\/","url_meta":{"origin":52717,"position":1},"title":"Algunas voces por la defensa del territorio en la Pen\u00ednsula de Yucat\u00e1n","author":"grieta","date":"15 julio, 2020","format":false,"excerpt":"Colectivo Grieta A pesar del confinamiento que a\u00fan no termina, las voces por la defensa del territorio se han continuado escuchando. Ya sea en foros, conversatorios, debates, entrevistas o manifestaciones estas voces suenan fuerte e invitan a la reflexi\u00f3n y a la organizaci\u00f3n. Los siguientes videos son solo una muestra\u2026","rel":"","context":"En &quot;Campeche&quot;","block_context":{"text":"Campeche","link":"https:\/\/www.grieta.org.mx\/index.php\/category\/noticias-nacionales\/campeche\/"},"img":{"alt_text":"","src":"https:\/\/i0.wp.com\/www.grieta.org.mx\/wp-content\/uploads\/2020\/07\/MarchaNoAlMalLlamadoTrenMaya.png?resize=350%2C200&ssl=1","width":350,"height":200},"classes":[]},{"id":47874,"url":"https:\/\/www.grieta.org.mx\/index.php\/2020\/04\/13\/las-vias-torcidas-del-tren-maya-video\/","url_meta":{"origin":52717,"position":2},"title":"Las v\u00edas torcidas del tren maya (Video)","author":"grieta","date":"13 abril, 2020","format":false,"excerpt":"https:\/\/www.youtube.com\/watch?v=k8FRX9eT0YY","rel":"","context":"En &quot;16. Pueblo Maya&quot;","block_context":{"text":"16. Pueblo Maya","link":"https:\/\/www.grieta.org.mx\/index.php\/category\/espejos-de-la-resistencia\/16-pueblo-maya\/"},"img":{"alt_text":"","src":"https:\/\/i0.wp.com\/www.grieta.org.mx\/wp-content\/uploads\/2020\/04\/ViasTorcidasTrenMaya.png?resize=350%2C200&ssl=1","width":350,"height":200,"srcset":"https:\/\/i0.wp.com\/www.grieta.org.mx\/wp-content\/uploads\/2020\/04\/ViasTorcidasTrenMaya.png?resize=350%2C200&ssl=1 1x, https:\/\/i0.wp.com\/www.grieta.org.mx\/wp-content\/uploads\/2020\/04\/ViasTorcidasTrenMaya.png?resize=525%2C300&ssl=1 1.5x, https:\/\/i0.wp.com\/www.grieta.org.mx\/wp-content\/uploads\/2020\/04\/ViasTorcidasTrenMaya.png?resize=700%2C400&ssl=1 2x"},"classes":[]},{"id":55555,"url":"https:\/\/www.grieta.org.mx\/index.php\/2020\/11\/28\/que-desarrollo-traera-el-tren-maya-estacion-bacalar\/","url_meta":{"origin":52717,"position":3},"title":"\u00bfQu\u00e9 desarrollo traer\u00e1 el Tren Maya? Estaci\u00f3n Bacalar","author":"grieta","date":"28 noviembre, 2020","format":false,"excerpt":"Colectivo Grieta \u00a0 \u00a0 \u00a0 La estaci\u00f3n de Bacalar se planea como una de las 19 estaciones del mega proyecto de despojo, mal llamado Tren Maya. Bacalar es una localidad del estado de Quintana Roo con 11,089 habitantes, de los cuales 6,658 se registran como Poblaci\u00f3n Econ\u00f3micamente Activa. Actualmente recibe\u2026","rel":"","context":"En &quot;CINTILLO&quot;","block_context":{"text":"CINTILLO","link":"https:\/\/www.grieta.org.mx\/index.php\/category\/cintillo\/"},"img":{"alt_text":"","src":"https:\/\/i0.wp.com\/www.grieta.org.mx\/wp-content\/uploads\/2020\/11\/WhatsApp-Image-2020-11-22-at-8.07.51-PM.jpg?resize=350%2C200&ssl=1","width":350,"height":200,"srcset":"https:\/\/i0.wp.com\/www.grieta.org.mx\/wp-content\/uploads\/2020\/11\/WhatsApp-Image-2020-11-22-at-8.07.51-PM.jpg?resize=350%2C200&ssl=1 1x, https:\/\/i0.wp.com\/www.grieta.org.mx\/wp-content\/uploads\/2020\/11\/WhatsApp-Image-2020-11-22-at-8.07.51-PM.jpg?resize=525%2C300&ssl=1 1.5x"},"classes":[]},{"id":35613,"url":"https:\/\/www.grieta.org.mx\/index.php\/2019\/06\/27\/impactos-sociales-y-territoriales-del-proyecto-tren-maya-video\/","url_meta":{"origin":52717,"position":4},"title":"Impactos sociales y territoriales del proyecto tren maya (Video)","author":"grieta","date":"27 junio, 2019","format":false,"excerpt":"https:\/\/youtu.be\/FPH4ZTKgMPc","rel":"","context":"En &quot;CINTILLO&quot;","block_context":{"text":"CINTILLO","link":"https:\/\/www.grieta.org.mx\/index.php\/category\/cintillo\/"},"img":{"alt_text":"","src":"https:\/\/i0.wp.com\/www.grieta.org.mx\/wp-content\/uploads\/2018\/03\/14524434_1106112876131411_958039263622046936_o.jpg?resize=350%2C200&ssl=1","width":350,"height":200,"srcset":"https:\/\/i0.wp.com\/www.grieta.org.mx\/wp-content\/uploads\/2018\/03\/14524434_1106112876131411_958039263622046936_o.jpg?resize=350%2C200&ssl=1 1x, https:\/\/i0.wp.com\/www.grieta.org.mx\/wp-content\/uploads\/2018\/03\/14524434_1106112876131411_958039263622046936_o.jpg?resize=525%2C300&ssl=1 1.5x, https:\/\/i0.wp.com\/www.grieta.org.mx\/wp-content\/uploads\/2018\/03\/14524434_1106112876131411_958039263622046936_o.jpg?resize=700%2C400&ssl=1 2x"},"classes":[]},{"id":58003,"url":"https:\/\/www.grieta.org.mx\/index.php\/2021\/03\/27\/son-proyectos-que-no-estan-siendo-consultados-por-tren-maya-se-harian-10-parques-solares-activistas-de-yucatan-no-quieren-mas-despojo-de-tierras\/","url_meta":{"origin":52717,"position":5},"title":"\u201cSon proyectos que no est\u00e1n siendo consultados\u201d: Por Tren Maya, se har\u00edan 10 parques solares; activistas de Yucat\u00e1n no quieren m\u00e1s despojo de tierras","author":"grieta","date":"27 marzo, 2021","format":false,"excerpt":"Itzel Chan \/ Noticaribe M\u00c9RIDA, MX.- Ante el anuncio relacionado con la construcci\u00f3n de 10 parques de energ\u00eda solar para abastecer los tramos electrificados del Tren Maya, integrantes de la Asamblea de Defensores del Territorio Maya M\u00fauch\u2019 X\u00edinbal, se pronuncian desde ahora que se oponen a m\u00e1s despojo de tierras.\u2026","rel":"","context":"En &quot;Campeche&quot;","block_context":{"text":"Campeche","link":"https:\/\/www.grieta.org.mx\/index.php\/category\/noticias-nacionales\/campeche\/"},"img":{"alt_text":"","src":"https:\/\/i0.wp.com\/www.grieta.org.mx\/wp-content\/uploads\/2021\/03\/ParquesSolaresTrenMalla-e1616978369383.png?resize=350%2C200&ssl=1","width":350,"height":200,"srcset":"https:\/\/i0.wp.com\/www.grieta.org.mx\/wp-content\/uploads\/2021\/03\/ParquesSolaresTrenMalla-e1616978369383.png?resize=350%2C200&ssl=1 1x, https:\/\/i0.wp.com\/www.grieta.org.mx\/wp-content\/uploads\/2021\/03\/ParquesSolaresTrenMalla-e1616978369383.png?resize=525%2C300&ssl=1 1.5x, https:\/\/i0.wp.com\/www.grieta.org.mx\/wp-content\/uploads\/2021\/03\/ParquesSolaresTrenMalla-e1616978369383.png?resize=700%2C400&ssl=1 2x"},"classes":[]}],"_links":{"self":[{"href":"https:\/\/www.grieta.org.mx\/index.php\/wp-json\/wp\/v2\/posts\/52717","targetHints":{"allow":["GET"]}}],"collection":[{"href":"https:\/\/www.grieta.org.mx\/index.php\/wp-json\/wp\/v2\/posts"}],"about":[{"href":"https:\/\/www.grieta.org.mx\/index.php\/wp-json\/wp\/v2\/types\/post"}],"author":[{"embeddable":true,"href":"https:\/\/www.grieta.org.mx\/index.php\/wp-json\/wp\/v2\/users\/1"}],"replies":[{"embeddable":true,"href":"https:\/\/www.grieta.org.mx\/index.php\/wp-json\/wp\/v2\/comments?post=52717"}],"version-history":[{"count":1,"href":"https:\/\/www.grieta.org.mx\/index.php\/wp-json\/wp\/v2\/posts\/52717\/revisions"}],"predecessor-version":[{"id":52874,"href":"https:\/\/www.grieta.org.mx\/index.php\/wp-json\/wp\/v2\/posts\/52717\/revisions\/52874"}],"wp:featuredmedia":[{"embeddable":true,"href":"https:\/\/www.grieta.org.mx\/index.php\/wp-json\/wp\/v2\/media\/52749"}],"wp:attachment":[{"href":"https:\/\/www.grieta.org.mx\/index.php\/wp-json\/wp\/v2\/media?parent=52717"}],"wp:term":[{"taxonomy":"category","embeddable":true,"href":"https:\/\/www.grieta.org.mx\/index.php\/wp-json\/wp\/v2\/categories?post=52717"},{"taxonomy":"post_tag","embeddable":true,"href":"https:\/\/www.grieta.org.mx\/index.php\/wp-json\/wp\/v2\/tags?post=52717"}],"curies":[{"name":"wp","href":"https:\/\/api.w.org\/{rel}","templated":true}]}}