{"id":52689,"date":"2020-07-22T21:45:27","date_gmt":"2020-07-23T02:45:27","guid":{"rendered":"http:\/\/www.grieta.org.mx\/?p=52689"},"modified":"2020-08-18T22:14:49","modified_gmt":"2020-08-19T03:14:49","slug":"manifestacion-virtual-no-a-la-mina-en-dolores-hidalgo-guanajuato","status":"publish","type":"post","link":"https:\/\/www.grieta.org.mx\/index.php\/2020\/07\/22\/manifestacion-virtual-no-a-la-mina-en-dolores-hidalgo-guanajuato\/","title":{"rendered":"Manifestaci\u00f3n Virtual \u201cNo a la Mina\u201d En Dolores Hidalgo  (Guanajuato)"},"content":{"rendered":"<blockquote><p><strong>En conmemoraci\u00f3n del \u201cDia Mundial Contra la Miner\u00eda a Cielo Abierto\u201d, activistas se manifestaron virtualmente para reiterar su inconformidad por la pretensi\u00f3n de explotaci\u00f3n que tiene la minera canadiense Argonaut Gold, sobre la mina en el Cerro Del Gallo, en la comunidad de San Ant\u00f3n de las minas, en Dolores Hidalgo.<\/strong><\/p><\/blockquote>\n<p>Roberto Guti\u00e9rrez Torres \/ ZOna Franca, 22 de julio de 2020<br \/>\nDolores Hidalgo Gto.- Organizaciones Sociales Dolorenses se pronunciaron hoy celebrando el d\u00eda mundial contra la miner\u00eda a cielo abierto, lo hicieron mediante llamados a compartir fotograf\u00edas en diversas paginas sociales, estas fotograf\u00edas habr\u00edan de poseer un mensaje de defensa sobre el territorio donde se pretende explotar la mina.<\/p>\n<figure id=\"attachment_52690\" aria-describedby=\"caption-attachment-52690\" style=\"width: 800px\" class=\"wp-caption alignnone\"><img loading=\"lazy\" decoding=\"async\" data-attachment-id=\"52690\" data-permalink=\"https:\/\/www.grieta.org.mx\/index.php\/2020\/07\/22\/manifestacion-virtual-no-a-la-mina-en-dolores-hidalgo-guanajuato\/0p\/\" data-orig-file=\"https:\/\/www.grieta.org.mx\/wp-content\/uploads\/2020\/08\/0p.jpg\" data-orig-size=\"1280,770\" data-comments-opened=\"0\" data-image-meta=\"{&quot;aperture&quot;:&quot;0&quot;,&quot;credit&quot;:&quot;&quot;,&quot;camera&quot;:&quot;&quot;,&quot;caption&quot;:&quot;&quot;,&quot;created_timestamp&quot;:&quot;0&quot;,&quot;copyright&quot;:&quot;&quot;,&quot;focal_length&quot;:&quot;0&quot;,&quot;iso&quot;:&quot;0&quot;,&quot;shutter_speed&quot;:&quot;0&quot;,&quot;title&quot;:&quot;&quot;,&quot;orientation&quot;:&quot;0&quot;}\" data-image-title=\"0p\" data-image-description=\"\" data-image-caption=\"&lt;p&gt;Foto: Tomada de Zona Franca.&lt;\/p&gt;\n\" data-medium-file=\"https:\/\/www.grieta.org.mx\/wp-content\/uploads\/2020\/08\/0p-300x180.jpg\" data-large-file=\"https:\/\/www.grieta.org.mx\/wp-content\/uploads\/2020\/08\/0p-1024x616.jpg\" class=\"wp-image-52690\" src=\"http:\/\/www.grieta.org.mx\/wp-content\/uploads\/2020\/08\/0p.jpg\" alt=\"\" width=\"800\" height=\"481\" srcset=\"https:\/\/www.grieta.org.mx\/wp-content\/uploads\/2020\/08\/0p.jpg 1280w, https:\/\/www.grieta.org.mx\/wp-content\/uploads\/2020\/08\/0p-300x180.jpg 300w, https:\/\/www.grieta.org.mx\/wp-content\/uploads\/2020\/08\/0p-768x462.jpg 768w, https:\/\/www.grieta.org.mx\/wp-content\/uploads\/2020\/08\/0p-1024x616.jpg 1024w, https:\/\/www.grieta.org.mx\/wp-content\/uploads\/2020\/08\/0p-831x500.jpg 831w\" sizes=\"auto, (max-width: 800px) 100vw, 800px\" \/><figcaption id=\"caption-attachment-52690\" class=\"wp-caption-text\">Foto: Tomada de Zona Franca.<\/figcaption><\/figure>\n<p>Activistas se\u00f1alaron : <em>\u201cHoy 22 de Julio se celebra el D\u00eda Mundial Contra la Miner\u00eda a Cielo Abierto, desde el 2009 esta iniciativa pretende advertir a toda la poblaci\u00f3n sobre la contaminaci\u00f3n y el da\u00f1o que produce esta actividad y la megaminer\u00eda en los ecosistemas.&#8221;<\/em><\/p>\n<p>&#8220;Se llama Miner\u00eda a Cielo Abierto a aquella que busca la obtenci\u00f3n de bienes naturales en la superficie del terreno y no de forma subterr\u00e1nea. Esta t\u00e9cnica se ha hecho com\u00fan en la actualidad por ser generalmente m\u00e1s barata, est\u00e1 orientada a remover y procesar diversos materiales del subsuelo- vegetaci\u00f3n, tierra f\u00e9rtil \u2013 excavando huecos gigantescos con el fin de acceder a los metales.&#8221;<\/p>\n<p>Desde hace ya m\u00e1s de un a\u00f1o organizaciones sociales, se han hecho presentes de diversas formas haciendo saber la pretensi\u00f3n de que la minera canadiense Argonaut Gold, pretende explotar la mina en el cerro del gallo en la comunidad de San Ant\u00f3n de las minas perteneciente a este municipio.<\/p>\n<p>Activistas refieren que en diciembre pasado la secretaria del Medio Ambiente a nivel federal detuvo esta pretensi\u00f3n, m\u00e1s la empresa minera a anunciado desde hace un mes aproximadamente que esta por finiquitar los elementos por los cuales les hab\u00edan negado el permiso y est\u00e1n de nueva cuenta ante SEMARNAT para que les valide el permiso de explotaci\u00f3n, se\u00f1alaron.<\/p>\n<p><a href=\"https:\/\/zonafranca.mx\/politica-sociedad\/activistas-dicen-no-a-la-mina-con-manifestacion-virtual-en-dolores-hidalgo\/\">https:\/\/zonafranca.mx\/politica-sociedad\/activistas-dicen-no-a-la-mina-con-manifestacion-virtual-en-dolores-hidalgo\/<\/a><\/p>\n","protected":false},"excerpt":{"rendered":"<p>En conmemoraci\u00f3n del \u201cDia Mundial Contra la Miner\u00eda a Cielo Abierto\u201d, activistas se manifestaron virtualmente para reiterar su inconformidad por la pretensi\u00f3n de explotaci\u00f3n que tiene la minera canadiense Argonaut &hellip; <a href=\"https:\/\/www.grieta.org.mx\/index.php\/2020\/07\/22\/manifestacion-virtual-no-a-la-mina-en-dolores-hidalgo-guanajuato\/\" class=\"more-link\">Leer m\u00e1s<\/a><\/p>\n","protected":false},"author":2,"featured_media":52690,"comment_status":"closed","ping_status":"closed","sticky":false,"template":"","format":"standard","meta":{"ngg_post_thumbnail":0,"_jetpack_newsletter_access":"","_jetpack_dont_email_post_to_subs":false,"_jetpack_newsletter_tier_id":0,"_jetpack_memberships_contains_paywalled_content":false,"_jetpack_memberships_contains_paid_content":false,"footnotes":""},"categories":[80,2739,1776,2746,17,2751,2910],"tags":[2216,1065,3149,2741],"class_list":["post-52689","post","type-post","status-publish","format-standard","has-post-thumbnail","hentry","category-cintillo","category-conflictos-por-mineria-en-guanajuato","category-despojo-de-tierras-y-territorio-en-guanajuato","category-destruccion-de-la-naturaleza-en-guanajuato","category-guanajuato","category-resistencia-contra-mineras-en-guanajuato","category-resistencias-en-guanajuato","tag-conflictos-por-mineria","tag-despojo-de-agua-y-tierras","tag-lucha-contra-mineras","tag-protestas-contra-contaminacion-de-mineras","entry"],"jetpack_featured_media_url":"https:\/\/www.grieta.org.mx\/wp-content\/uploads\/2020\/08\/0p.jpg","jetpack_sharing_enabled":true,"jetpack_shortlink":"https:\/\/wp.me\/p7ZJR4-dHP","jetpack_likes_enabled":false,"jetpack-related-posts":[{"id":41521,"url":"https:\/\/www.grieta.org.mx\/index.php\/2019\/11\/24\/advierten-crisis-hidrica-en-dolores-hidalgo-si-se-explota-mina-en-el-cerro-del-gallo-guanajuato\/","url_meta":{"origin":52689,"position":0},"title":"Advierten crisis h\u00eddrica en Dolores Hidalgo si se explota mina en el Cerro del Gallo (Guanajuato","author":"grieta","date":"24 noviembre, 2019","format":false,"excerpt":"En el conversatorio \u201cAgua y miner\u00eda\u201d realizado la tarde de este s\u00e1bado en el Museo Bicentenario, se habl\u00f3 sobre el problema existente del agua en la Cuenca de la Independencia, as\u00ed como aun la gran afectaci\u00f3n que sufrir\u00edan los pobladores si se llega a implementar la explotaci\u00f3n de la mina\u2026","rel":"","context":"En &quot;CINTILLO&quot;","block_context":{"text":"CINTILLO","link":"https:\/\/www.grieta.org.mx\/index.php\/category\/cintillo\/"},"img":{"alt_text":"","src":"https:\/\/i0.wp.com\/www.grieta.org.mx\/wp-content\/uploads\/2019\/11\/cerritodelgallo2-focus-0-0-983-557.jpg?resize=350%2C200&ssl=1","width":350,"height":200,"srcset":"https:\/\/i0.wp.com\/www.grieta.org.mx\/wp-content\/uploads\/2019\/11\/cerritodelgallo2-focus-0-0-983-557.jpg?resize=350%2C200&ssl=1 1x, https:\/\/i0.wp.com\/www.grieta.org.mx\/wp-content\/uploads\/2019\/11\/cerritodelgallo2-focus-0-0-983-557.jpg?resize=525%2C300&ssl=1 1.5x, https:\/\/i0.wp.com\/www.grieta.org.mx\/wp-content\/uploads\/2019\/11\/cerritodelgallo2-focus-0-0-983-557.jpg?resize=700%2C400&ssl=1 2x"},"classes":[]},{"id":41518,"url":"https:\/\/www.grieta.org.mx\/index.php\/2019\/11\/21\/preparan-conversatorio-en-dolores-hidalgo-agua-y-mineria-guanajuato\/","url_meta":{"origin":52689,"position":1},"title":"Preparan conversatorio en Dolores Hidalgo \u201cAgua y Miner\u00eda\u201d (Guanajuato)","author":"grieta","date":"21 noviembre, 2019","format":false,"excerpt":"La Coalici\u00f3n en Defensa de la Cuenca de la Independencia CODECIN, Centro de Desarrollo Agropecuario A.C. CEDESA y el Colectivo Guardianes de la Cuenca convocan al conversatorio \u201cAgua y Miner\u00eda\u201d este s\u00e1bado 23 de Noviembre en el museo Bicentenario. Zona Franca, 21 de noviembre de 2019 Dolores Hidalgo Gto. Activistas\u2026","rel":"","context":"En &quot;CINTILLO&quot;","block_context":{"text":"CINTILLO","link":"https:\/\/www.grieta.org.mx\/index.php\/category\/cintillo\/"},"img":{"alt_text":"","src":"https:\/\/i0.wp.com\/www.grieta.org.mx\/wp-content\/uploads\/2019\/11\/h0.jpeg?resize=350%2C200&ssl=1","width":350,"height":200,"srcset":"https:\/\/i0.wp.com\/www.grieta.org.mx\/wp-content\/uploads\/2019\/11\/h0.jpeg?resize=350%2C200&ssl=1 1x, https:\/\/i0.wp.com\/www.grieta.org.mx\/wp-content\/uploads\/2019\/11\/h0.jpeg?resize=525%2C300&ssl=1 1.5x, https:\/\/i0.wp.com\/www.grieta.org.mx\/wp-content\/uploads\/2019\/11\/h0.jpeg?resize=700%2C400&ssl=1 2x"},"classes":[]},{"id":37311,"url":"https:\/\/www.grieta.org.mx\/index.php\/2019\/07\/17\/la-cuenca-de-la-independencia-amenazada-por-proyecto-minero-guanajuato\/","url_meta":{"origin":52689,"position":2},"title":"La Cuenca de la Independencia amenazada por proyecto minero (Guanajuato)","author":"grieta","date":"17 julio, 2019","format":false,"excerpt":"Se contaminar\u00eda el acu\u00edfero que surte a municipios como Dolores Hidalgo y San Miguel de Allende. \u00a0 Redacci\u00f3n La Coperacha Ciudad de M\u00e9xico \/\/ 17 de julio de 2019 a Coalici\u00f3n en Defensa de la Cuenca de la Independencia y el colectivo Guardianes de la Cuenca, advirtieron que el proyecto\u2026","rel":"","context":"En &quot;CINTILLO&quot;","block_context":{"text":"CINTILLO","link":"https:\/\/www.grieta.org.mx\/index.php\/category\/cintillo\/"},"img":{"alt_text":"","src":"https:\/\/i0.wp.com\/www.grieta.org.mx\/wp-content\/uploads\/2019\/08\/cuenca-independencia-amenazada-proyecto-minero.jpg?resize=350%2C200&ssl=1","width":350,"height":200,"srcset":"https:\/\/i0.wp.com\/www.grieta.org.mx\/wp-content\/uploads\/2019\/08\/cuenca-independencia-amenazada-proyecto-minero.jpg?resize=350%2C200&ssl=1 1x, https:\/\/i0.wp.com\/www.grieta.org.mx\/wp-content\/uploads\/2019\/08\/cuenca-independencia-amenazada-proyecto-minero.jpg?resize=525%2C300&ssl=1 1.5x, https:\/\/i0.wp.com\/www.grieta.org.mx\/wp-content\/uploads\/2019\/08\/cuenca-independencia-amenazada-proyecto-minero.jpg?resize=700%2C400&ssl=1 2x, https:\/\/i0.wp.com\/www.grieta.org.mx\/wp-content\/uploads\/2019\/08\/cuenca-independencia-amenazada-proyecto-minero.jpg?resize=1050%2C600&ssl=1 3x"},"classes":[]},{"id":62877,"url":"https:\/\/www.grieta.org.mx\/index.php\/2021\/11\/10\/con-marcha-retoman-lucha-contra-mina-a-cielo-abierto-en-dolores-hidalgo-guanajuato\/","url_meta":{"origin":52689,"position":3},"title":"Con marcha, retoman lucha contra mina a cielo abierto en Dolores Hidalgo (Guanajuato)","author":"grieta","date":"10 noviembre, 2021","format":false,"excerpt":"por Alfonsina Avila noviembre 10, 2021, Zona Franca Guanajuato. Organizaciones y ciudadanos convocan a una manifestaci\u00f3n para el 21 de noviembre para defender el territorio y evitar la instalaci\u00f3n de una mina a cielo abierto en el Cerro del Gallo, en Dolores Hidalgo, por parte de la empresa canadiense Argonaut\u2026","rel":"","context":"En &quot;CINTILLO&quot;","block_context":{"text":"CINTILLO","link":"https:\/\/www.grieta.org.mx\/index.php\/category\/cintillo\/"},"img":{"alt_text":"","src":"https:\/\/i0.wp.com\/www.grieta.org.mx\/wp-content\/uploads\/2021\/11\/unnamed-3-5.png?resize=350%2C200&ssl=1","width":350,"height":200},"classes":[]},{"id":63202,"url":"https:\/\/www.grieta.org.mx\/index.php\/2021\/12\/07\/niega-semarnat-permiso-para-explotar-mina-en-dolores-hidalgo-guanajuato\/","url_meta":{"origin":52689,"position":4},"title":"Niega Semarnat permiso para explotar mina en Dolores Hidalgo (Guanajuato)","author":"grieta","date":"7 diciembre, 2021","format":false,"excerpt":"OSCAR REYES. EL SOL DEL BAJ\u00cdO, 07 de diciembre 2021 Celebran integrantes de la Red Mexicana de Afectados por la Miner\u00eda resolutivo federal. IRAPUATO, Guanajuato. (OEM-Informex). Es oficial: la mina canadiense Argonaut Gold no podr\u00e1 realizar ning\u00fan tipo de explotaci\u00f3n en el Cerro del Gallo, en Dolores Hidalgo, pues la\u2026","rel":"","context":"En &quot;CINTILLO&quot;","block_context":{"text":"CINTILLO","link":"https:\/\/www.grieta.org.mx\/index.php\/category\/cintillo\/"},"img":{"alt_text":"","src":"https:\/\/i0.wp.com\/www.grieta.org.mx\/wp-content\/uploads\/2022\/01\/En-todo-momento-660x330-1.jpg?resize=350%2C200&ssl=1","width":350,"height":200,"srcset":"https:\/\/i0.wp.com\/www.grieta.org.mx\/wp-content\/uploads\/2022\/01\/En-todo-momento-660x330-1.jpg?resize=350%2C200&ssl=1 1x, https:\/\/i0.wp.com\/www.grieta.org.mx\/wp-content\/uploads\/2022\/01\/En-todo-momento-660x330-1.jpg?resize=525%2C300&ssl=1 1.5x"},"classes":[]},{"id":67975,"url":"https:\/\/www.grieta.org.mx\/index.php\/2023\/07\/18\/agrupaciones-protestan-contra-explotacion-del-cerro-del-gallo-en-dolores-hidalgo-por-minera-canadiense-guanajuato\/","url_meta":{"origin":52689,"position":5},"title":"Agrupaciones protestan contra explotaci\u00f3n del cerro del Gallo en Dolores Hidalgo por minera canadiense (Guanajuato)","author":"grieta","date":"18 julio, 2023","format":false,"excerpt":"Roberto L\u00f3pez Martes, Peri\u00f3dico Correo, 18 Julio, 2023 Dolores Hidalgo, Guanajuato.- A prop\u00f3sito del d\u00eda mundial contra la miner\u00eda a cielo abierto, el pr\u00f3ximo 22 de julio, tres agrupaciones se reunieron para dar a conocer que se mantienen en lucha contra la explotaci\u00f3n del cerro del Gallo, en San Ant\u00f3n\u2026","rel":"","context":"En &quot;CINTILLO&quot;","block_context":{"text":"CINTILLO","link":"https:\/\/www.grieta.org.mx\/index.php\/category\/cintillo\/"},"img":{"alt_text":"","src":"https:\/\/i0.wp.com\/www.grieta.org.mx\/wp-content\/uploads\/2023\/10\/cerro-610432957.jpg?resize=350%2C200&ssl=1","width":350,"height":200,"srcset":"https:\/\/i0.wp.com\/www.grieta.org.mx\/wp-content\/uploads\/2023\/10\/cerro-610432957.jpg?resize=350%2C200&ssl=1 1x, https:\/\/i0.wp.com\/www.grieta.org.mx\/wp-content\/uploads\/2023\/10\/cerro-610432957.jpg?resize=525%2C300&ssl=1 1.5x, https:\/\/i0.wp.com\/www.grieta.org.mx\/wp-content\/uploads\/2023\/10\/cerro-610432957.jpg?resize=700%2C400&ssl=1 2x, https:\/\/i0.wp.com\/www.grieta.org.mx\/wp-content\/uploads\/2023\/10\/cerro-610432957.jpg?resize=1050%2C600&ssl=1 3x"},"classes":[]}],"_links":{"self":[{"href":"https:\/\/www.grieta.org.mx\/index.php\/wp-json\/wp\/v2\/posts\/52689","targetHints":{"allow":["GET"]}}],"collection":[{"href":"https:\/\/www.grieta.org.mx\/index.php\/wp-json\/wp\/v2\/posts"}],"about":[{"href":"https:\/\/www.grieta.org.mx\/index.php\/wp-json\/wp\/v2\/types\/post"}],"author":[{"embeddable":true,"href":"https:\/\/www.grieta.org.mx\/index.php\/wp-json\/wp\/v2\/users\/2"}],"replies":[{"embeddable":true,"href":"https:\/\/www.grieta.org.mx\/index.php\/wp-json\/wp\/v2\/comments?post=52689"}],"version-history":[{"count":1,"href":"https:\/\/www.grieta.org.mx\/index.php\/wp-json\/wp\/v2\/posts\/52689\/revisions"}],"predecessor-version":[{"id":52691,"href":"https:\/\/www.grieta.org.mx\/index.php\/wp-json\/wp\/v2\/posts\/52689\/revisions\/52691"}],"wp:featuredmedia":[{"embeddable":true,"href":"https:\/\/www.grieta.org.mx\/index.php\/wp-json\/wp\/v2\/media\/52690"}],"wp:attachment":[{"href":"https:\/\/www.grieta.org.mx\/index.php\/wp-json\/wp\/v2\/media?parent=52689"}],"wp:term":[{"taxonomy":"category","embeddable":true,"href":"https:\/\/www.grieta.org.mx\/index.php\/wp-json\/wp\/v2\/categories?post=52689"},{"taxonomy":"post_tag","embeddable":true,"href":"https:\/\/www.grieta.org.mx\/index.php\/wp-json\/wp\/v2\/tags?post=52689"}],"curies":[{"name":"wp","href":"https:\/\/api.w.org\/{rel}","templated":true}]}}