{"id":52621,"date":"2020-08-11T19:46:20","date_gmt":"2020-08-12T00:46:20","guid":{"rendered":"http:\/\/www.grieta.org.mx\/?p=52621"},"modified":"2020-08-11T21:49:42","modified_gmt":"2020-08-12T02:49:42","slug":"brote-de-covid-19-en-hospital-civil-9-recien-nacidos-contagiados-sso-oaxaca","status":"publish","type":"post","link":"https:\/\/www.grieta.org.mx\/index.php\/2020\/08\/11\/brote-de-covid-19-en-hospital-civil-9-recien-nacidos-contagiados-sso-oaxaca\/","title":{"rendered":"Brote de Covid-19 en Hospital Civil; 9 reci\u00e9n nacidos contagiados: SSO (Oaxaca)"},"content":{"rendered":"<p>P\u00e1gina 3 \/ Pedro Mat\u00edas<\/p>\n<p><img loading=\"lazy\" decoding=\"async\" data-attachment-id=\"52622\" data-permalink=\"https:\/\/www.grieta.org.mx\/index.php\/2020\/08\/11\/brote-de-covid-19-en-hospital-civil-9-recien-nacidos-contagiados-sso-oaxaca\/1-85\/\" data-orig-file=\"https:\/\/www.grieta.org.mx\/wp-content\/uploads\/2020\/08\/1-2.jpg\" data-orig-size=\"1140,760\" data-comments-opened=\"0\" data-image-meta=\"{&quot;aperture&quot;:&quot;0&quot;,&quot;credit&quot;:&quot;&quot;,&quot;camera&quot;:&quot;&quot;,&quot;caption&quot;:&quot;&quot;,&quot;created_timestamp&quot;:&quot;0&quot;,&quot;copyright&quot;:&quot;&quot;,&quot;focal_length&quot;:&quot;0&quot;,&quot;iso&quot;:&quot;0&quot;,&quot;shutter_speed&quot;:&quot;0&quot;,&quot;title&quot;:&quot;&quot;,&quot;orientation&quot;:&quot;0&quot;}\" data-image-title=\"1\" data-image-description=\"\" data-image-caption=\"\" data-medium-file=\"https:\/\/www.grieta.org.mx\/wp-content\/uploads\/2020\/08\/1-2-300x200.jpg\" data-large-file=\"https:\/\/www.grieta.org.mx\/wp-content\/uploads\/2020\/08\/1-2-1024x683.jpg\" class=\"alignnone wp-image-52622\" src=\"http:\/\/www.grieta.org.mx\/wp-content\/uploads\/2020\/08\/1-2.jpg\" alt=\"\" width=\"800\" height=\"533\" srcset=\"https:\/\/www.grieta.org.mx\/wp-content\/uploads\/2020\/08\/1-2.jpg 1140w, https:\/\/www.grieta.org.mx\/wp-content\/uploads\/2020\/08\/1-2-300x200.jpg 300w, https:\/\/www.grieta.org.mx\/wp-content\/uploads\/2020\/08\/1-2-768x512.jpg 768w, https:\/\/www.grieta.org.mx\/wp-content\/uploads\/2020\/08\/1-2-1024x683.jpg 1024w, https:\/\/www.grieta.org.mx\/wp-content\/uploads\/2020\/08\/1-2-750x500.jpg 750w\" sizes=\"auto, (max-width: 800px) 100vw, 800px\" \/><\/p>\n<p>OAXACA, Oax.- Los Servicios de Salud de Oaxaca activaron el protocolo de bioseguridad en el \u00e1rea de Pediatr\u00eda del Hospital Civil \u201cAurelio Valdivieso\u201d al confirmar que nueve menores de edad dieron positivo a la prueba de covid-19.<\/p>\n<p>El encargado del hospital, Manuel S\u00e1nchez S\u00e1nchez, detall\u00f3 que se trata de cuatro reci\u00e9n nacidos que se encuentran aislados en el \u00e1rea de Lactantes, tres en el \u00e1rea covid-19, y uno en Terapia Intermedia con protocolos de aislamiento.<\/p>\n<p>Adem\u00e1s, dijo, hay dos casos sospechosos que se encuentran en observaci\u00f3n en las \u00e1reas de Urgencias de Pediatr\u00eda y Toco-Pediatr\u00eda.<\/p>\n<p>El encargado de la unidad hospitalaria precis\u00f3 que hasta el momento no se ha reportado el fallecimiento de ning\u00fan ni\u00f1o, ni\u00f1a o reci\u00e9n nacido a consecuencia del covid-19 o coronavirus.<\/p>\n<p>Mencion\u00f3 que la condici\u00f3n cl\u00ednica de los pacientes es estable, bajo vigilancia permanente y aplicando los lineamientos de bioseguridad, para protecci\u00f3n de los usuarios de la unidad m\u00e9dica, as\u00ed como del personal sanitario.<\/p>\n<p>Hizo hincapi\u00e9 que el Hospital Civil es un centro m\u00e9dico de concentraci\u00f3n, donde los pacientes son referidos de todas las regiones de Oaxaca y en el caso de las mujeres con embarazos de alto riesgo, quienes en su mayor\u00eda necesitan atenci\u00f3n urgente, son atendidas de manera inmediata y sin distingo.<\/p>\n<p>Asimismo, enfatiz\u00f3 que las mujeres que han dado a luz en el Hospital General y dieron positivo a la prueba de covid-19, han recibido una atenci\u00f3n m\u00e9dica adecuada a su caso, cumpliendo con los protocolos sanitarios.<\/p>\n<p>Recalc\u00f3 que el \u00e1rea de Pediatr\u00eda sigue funcionando con normalidad, garantizando la atenci\u00f3n a la ni\u00f1ez oaxaque\u00f1a que requiera los servicios m\u00e9dicos; sin embargo, dijo que el nosocomio continuar\u00e1 reforzando los filtros sanitarios, as\u00ed como la vigilancia epidemiol\u00f3gica para evitar contagios.<\/p>\n<p>Cabe mencionar que al corte epidemiol\u00f3gico del 10 de agosto, suman 11 mil 759 casos de covid-19, existen 856 pacientes sospechosos, hay 582 casos activos y se han confirmado mil 068 muertes por coronavirus.<\/p>\n<p>De los casos positivos se han contagiado 631 m\u00e9dicos, 824 han sido personal de enfermer\u00eda y 568 otros trabajadores y trabajadoras del sector.<\/p>\n<p>La Jurisdicci\u00f3n Sanitaria n\u00famero uno Valles Centrales, registra 7 mil 714 casos confirmados y 516 defunciones, Tuxtepec mil 531 y 222 defunciones, Istmo mil 186 y 184 defunciones, Mixteca 653 y 64 defunciones, Costa 479 y 49 defunciones y la Sierra (Norte) 196 y 33 defunciones.<\/p>\n<p>Por ocupaci\u00f3n hospitalaria, el hospital de Pemex tiene el 91.7% de camas ocupadas, seguido del Hospital de la Ni\u00f1ez Oaxaque\u00f1a con 83.3%, el Hospital Regional de Alta Especialidad de Oaxaca (HRAEO) con 75%, IMSS r\u00e9gimen ordinario con 53.8%, teniendo un 45.8% de camas ocupadas; sin ventilador 52.1% y con ventilador 32.4%.<\/p>\n<p><a href=\"https:\/\/pagina3.mx\/2020\/08\/brote-de-covid-19-en-hospital-civil-9-recien-nacidos-contagiados-sso\/\" target=\"_blank\" rel=\"noopener noreferrer\">https:\/\/pagina3.mx\/2020\/08\/brote-de-covid-19-en-hospital-civil-9-recien-nacidos-contagiados-sso\/<\/a><\/p>\n","protected":false},"excerpt":{"rendered":"<p>P\u00e1gina 3 \/ Pedro Mat\u00edas OAXACA, Oax.- Los Servicios de Salud de Oaxaca activaron el protocolo de bioseguridad en el \u00e1rea de Pediatr\u00eda del Hospital Civil \u201cAurelio Valdivieso\u201d al confirmar &hellip; <a href=\"https:\/\/www.grieta.org.mx\/index.php\/2020\/08\/11\/brote-de-covid-19-en-hospital-civil-9-recien-nacidos-contagiados-sso-oaxaca\/\" class=\"more-link\">Leer m\u00e1s<\/a><\/p>\n","protected":false},"author":2,"featured_media":52622,"comment_status":"closed","ping_status":"closed","sticky":false,"template":"","format":"standard","meta":{"ngg_post_thumbnail":0,"_jetpack_newsletter_access":"","_jetpack_dont_email_post_to_subs":false,"_jetpack_newsletter_tier_id":0,"_jetpack_memberships_contains_paywalled_content":false,"_jetpack_memberships_contains_paid_content":false,"footnotes":""},"categories":[80,3262,1728,2,25],"tags":[],"class_list":["post-52621","post","type-post","status-publish","format-standard","has-post-thumbnail","hentry","category-cintillo","category-crisis-covid-19-en-oaxaca","category-crisis-del-sector-salud-en-oaxaca","category-noticias-nacionales","category-oaxaca","entry"],"jetpack_featured_media_url":"https:\/\/www.grieta.org.mx\/wp-content\/uploads\/2020\/08\/1-2.jpg","jetpack_sharing_enabled":true,"jetpack_shortlink":"https:\/\/wp.me\/p7ZJR4-dGJ","jetpack_likes_enabled":false,"jetpack-related-posts":[{"id":50631,"url":"https:\/\/www.grieta.org.mx\/index.php\/2020\/06\/11\/hospital-del-issste-de-oaxaca-saturado-por-pacientes-en-area-covid\/","url_meta":{"origin":52621,"position":0},"title":"Hospital del ISSSTE de Oaxaca, saturado por pacientes en \u00e1rea COVID","author":"grieta","date":"11 junio, 2020","format":false,"excerpt":"Noticias \/ Nadia Altamirano. El mes pasado el hospital a\u00fan ten\u00eda espacio para pacientes. La saturaci\u00f3n de pacientes que se advirti\u00f3 ocasiona la COVID-19 en el sistema de salud, alcanz\u00f3 al Hospital Regional Presidente Ju\u00e1rez del ISSSTE. A menos que se logre un egreso por mejor\u00eda o defunci\u00f3n, desde ayer\u2026","rel":"","context":"En &quot;CINTILLO&quot;","block_context":{"text":"CINTILLO","link":"https:\/\/www.grieta.org.mx\/index.php\/category\/cintillo\/"},"img":{"alt_text":"","src":"https:\/\/i0.wp.com\/www.grieta.org.mx\/wp-content\/uploads\/2018\/03\/14524434_1106112876131411_958039263622046936_o.jpg?resize=350%2C200&ssl=1","width":350,"height":200,"srcset":"https:\/\/i0.wp.com\/www.grieta.org.mx\/wp-content\/uploads\/2018\/03\/14524434_1106112876131411_958039263622046936_o.jpg?resize=350%2C200&ssl=1 1x, https:\/\/i0.wp.com\/www.grieta.org.mx\/wp-content\/uploads\/2018\/03\/14524434_1106112876131411_958039263622046936_o.jpg?resize=525%2C300&ssl=1 1.5x, https:\/\/i0.wp.com\/www.grieta.org.mx\/wp-content\/uploads\/2018\/03\/14524434_1106112876131411_958039263622046936_o.jpg?resize=700%2C400&ssl=1 2x"},"classes":[]},{"id":71629,"url":"https:\/\/www.grieta.org.mx\/index.php\/2025\/04\/27\/fallece-uno-de-los-4-bebes-que-fueron-trasladados-por-falta-de-insumos-y-medicamentos-del-hospital-imss-de-matias-romero-oaxaca\/","url_meta":{"origin":52621,"position":1},"title":"Fallece uno de los 4 beb\u00e9s que fueron trasladados por falta de insumos y medicamentos del Hospital IMSS de Mat\u00edas Romero (Oaxaca)","author":"grieta","date":"27 abril, 2025","format":false,"excerpt":"Imagen: Istmo Press Diana Manzo \/ Istmo Press Oaxaca, Oax.- Nuevamente la crisis de salud en Oaxaca se evidencia con la muerte de uno de los cuatro reci\u00e9n nacidos, quienes fueron traslados por falta de insumos y medicinas del Hospital IMSS de Mat\u00edas Romero, a diversos hospitales en la capital\u2026","rel":"","context":"En &quot;CINTILLO&quot;","block_context":{"text":"CINTILLO","link":"https:\/\/www.grieta.org.mx\/index.php\/category\/cintillo\/"},"img":{"alt_text":"","src":"https:\/\/i0.wp.com\/www.grieta.org.mx\/wp-content\/uploads\/2025\/05\/028158ce-680e-4b75-9f41-277926c48296-1-800x445-1.jpeg?resize=350%2C200&ssl=1","width":350,"height":200,"srcset":"https:\/\/i0.wp.com\/www.grieta.org.mx\/wp-content\/uploads\/2025\/05\/028158ce-680e-4b75-9f41-277926c48296-1-800x445-1.jpeg?resize=350%2C200&ssl=1 1x, https:\/\/i0.wp.com\/www.grieta.org.mx\/wp-content\/uploads\/2025\/05\/028158ce-680e-4b75-9f41-277926c48296-1-800x445-1.jpeg?resize=525%2C300&ssl=1 1.5x, https:\/\/i0.wp.com\/www.grieta.org.mx\/wp-content\/uploads\/2025\/05\/028158ce-680e-4b75-9f41-277926c48296-1-800x445-1.jpeg?resize=700%2C400&ssl=1 2x"},"classes":[]},{"id":51947,"url":"https:\/\/www.grieta.org.mx\/index.php\/2020\/07\/15\/juchitan-ahora-40-policias-se-encuentran-aislados-al-contagiarse-de-covid-19-oaxaca\/","url_meta":{"origin":52621,"position":2},"title":"Juchit\u00e1n: ahora 40 polic\u00edas se encuentran aislados al contagiarse de covid-19 (Oaxaca)","author":"grieta","date":"15 julio, 2020","format":false,"excerpt":"P\u00e1gina 3 \/ Diana Manzo y Pedro Mat\u00edas \u00a0 *Ya fueron cerrados los mercados p\u00fablicos y el Hospital *Juchit\u00e1n podr\u00eda convertirse en el epicentro de la pandemia Ante el incremento desbordado de casos por covid-19 y el aumento de muertes en los \u00faltimos 15 d\u00edas, fueron cerrados al p\u00fablico los\u2026","rel":"","context":"En &quot;CINTILLO&quot;","block_context":{"text":"CINTILLO","link":"https:\/\/www.grieta.org.mx\/index.php\/category\/cintillo\/"},"img":{"alt_text":"","src":"https:\/\/i0.wp.com\/www.grieta.org.mx\/wp-content\/uploads\/2020\/07\/1-1.jpeg?resize=350%2C200&ssl=1","width":350,"height":200,"srcset":"https:\/\/i0.wp.com\/www.grieta.org.mx\/wp-content\/uploads\/2020\/07\/1-1.jpeg?resize=350%2C200&ssl=1 1x, https:\/\/i0.wp.com\/www.grieta.org.mx\/wp-content\/uploads\/2020\/07\/1-1.jpeg?resize=525%2C300&ssl=1 1.5x"},"classes":[]},{"id":48507,"url":"https:\/\/www.grieta.org.mx\/index.php\/2020\/05\/03\/personal-de-hospital-civil-se-rebela-contra-el-gobernador-de-oaxaca\/","url_meta":{"origin":52621,"position":3},"title":"Personal de Hospital Civil se rebela contra el gobernador de Oaxaca","author":"grieta","date":"3 mayo, 2020","format":false,"excerpt":"Proceso \/ Pedro Mat\u00edas. El Hospital Civil \u201cAurelio Valdivieso\u201d. Foto: NVI OAXACA, Oax. (proceso.com.mx).\u2013 Personal m\u00e9dico del Hospital Civil Aurelio Valdivieso se rebel\u00f3 contra la orden del gobernador, Alejandro Murat Hinojosa, de cambiar al director del nosocomio, Ernesto Garz\u00f3n S\u00e1nchez, en supuesta venganza por desmentirlo al negar el robo de\u2026","rel":"","context":"En &quot;CINTILLO&quot;","block_context":{"text":"CINTILLO","link":"https:\/\/www.grieta.org.mx\/index.php\/category\/cintillo\/"},"img":{"alt_text":"","src":"https:\/\/i0.wp.com\/www.grieta.org.mx\/wp-content\/uploads\/2018\/03\/14524434_1106112876131411_958039263622046936_o.jpg?resize=350%2C200&ssl=1","width":350,"height":200,"srcset":"https:\/\/i0.wp.com\/www.grieta.org.mx\/wp-content\/uploads\/2018\/03\/14524434_1106112876131411_958039263622046936_o.jpg?resize=350%2C200&ssl=1 1x, https:\/\/i0.wp.com\/www.grieta.org.mx\/wp-content\/uploads\/2018\/03\/14524434_1106112876131411_958039263622046936_o.jpg?resize=525%2C300&ssl=1 1.5x, https:\/\/i0.wp.com\/www.grieta.org.mx\/wp-content\/uploads\/2018\/03\/14524434_1106112876131411_958039263622046936_o.jpg?resize=700%2C400&ssl=1 2x"},"classes":[]},{"id":56376,"url":"https:\/\/www.grieta.org.mx\/index.php\/2021\/01\/19\/exigen-semaforo-rojo-en-oaxaca-covid-19-fuera-de-control\/","url_meta":{"origin":52621,"position":4},"title":"Exigen sem\u00e1foro rojo en Oaxaca: Covid-19 fuera de control","author":"grieta","date":"19 enero, 2021","format":false,"excerpt":"P\u00e1gina 3 \/ Pedro Mat\u00edas. *Alrededor de 20 Colegios M\u00e9dicos calificaron de \u201cinaudita la actitud irresponsable\u201d de los gobiernos de Alejandro Murat y de Oswaldo Garc\u00eda Jarqu\u00edn. | *Cuestionaron que prioricen \u201cla politiquer\u00eda y la econom\u00eda por encima de la salud p\u00fablica\u201d. | *Los hospitales est\u00e1n colapsados OAXACA, Oax.- Oaxaca\u2026","rel":"","context":"En &quot;CINTILLO&quot;","block_context":{"text":"CINTILLO","link":"https:\/\/www.grieta.org.mx\/index.php\/category\/cintillo\/"},"img":{"alt_text":"","src":"https:\/\/i0.wp.com\/www.grieta.org.mx\/wp-content\/uploads\/2021\/01\/1-9.jpg?resize=350%2C200&ssl=1","width":350,"height":200,"srcset":"https:\/\/i0.wp.com\/www.grieta.org.mx\/wp-content\/uploads\/2021\/01\/1-9.jpg?resize=350%2C200&ssl=1 1x, https:\/\/i0.wp.com\/www.grieta.org.mx\/wp-content\/uploads\/2021\/01\/1-9.jpg?resize=525%2C300&ssl=1 1.5x"},"classes":[]},{"id":47988,"url":"https:\/\/www.grieta.org.mx\/index.php\/2020\/04\/20\/sin-equipo-medico-trabajadores-de-salud-expuestos-a-morir-y-dejar-sin-atencion-a-la-poblacion-oaxaca\/","url_meta":{"origin":52621,"position":5},"title":"Sin equipo m\u00e9dico, trabajadores de Salud expuestos a morir y dejar sin atenci\u00f3n a la poblaci\u00f3n (Oaxaca)","author":"grieta","date":"20 abril, 2020","format":false,"excerpt":"P\u00e1gina 3 \/ Pedro Mat\u00edas. *Personal m\u00e9dico tiene miedo de contagiarse y morir por hacer su trabajo; lo peor, ser\u00eda lamentable que fuera por falta del equipo. | *Protestan en el Hospital Civil \u201cAurelio Valdivieso\u201d y en el de Tuxtepec donde no hay equipo. OAXACA, Oax. (pagina3.mx).- \u201cAqu\u00ed todos tenemos\u2026","rel":"","context":"En &quot;CINTILLO&quot;","block_context":{"text":"CINTILLO","link":"https:\/\/www.grieta.org.mx\/index.php\/category\/cintillo\/"},"img":{"alt_text":"","src":"https:\/\/i0.wp.com\/www.grieta.org.mx\/wp-content\/uploads\/2018\/03\/14524434_1106112876131411_958039263622046936_o.jpg?resize=350%2C200&ssl=1","width":350,"height":200,"srcset":"https:\/\/i0.wp.com\/www.grieta.org.mx\/wp-content\/uploads\/2018\/03\/14524434_1106112876131411_958039263622046936_o.jpg?resize=350%2C200&ssl=1 1x, https:\/\/i0.wp.com\/www.grieta.org.mx\/wp-content\/uploads\/2018\/03\/14524434_1106112876131411_958039263622046936_o.jpg?resize=525%2C300&ssl=1 1.5x, https:\/\/i0.wp.com\/www.grieta.org.mx\/wp-content\/uploads\/2018\/03\/14524434_1106112876131411_958039263622046936_o.jpg?resize=700%2C400&ssl=1 2x"},"classes":[]}],"_links":{"self":[{"href":"https:\/\/www.grieta.org.mx\/index.php\/wp-json\/wp\/v2\/posts\/52621","targetHints":{"allow":["GET"]}}],"collection":[{"href":"https:\/\/www.grieta.org.mx\/index.php\/wp-json\/wp\/v2\/posts"}],"about":[{"href":"https:\/\/www.grieta.org.mx\/index.php\/wp-json\/wp\/v2\/types\/post"}],"author":[{"embeddable":true,"href":"https:\/\/www.grieta.org.mx\/index.php\/wp-json\/wp\/v2\/users\/2"}],"replies":[{"embeddable":true,"href":"https:\/\/www.grieta.org.mx\/index.php\/wp-json\/wp\/v2\/comments?post=52621"}],"version-history":[{"count":1,"href":"https:\/\/www.grieta.org.mx\/index.php\/wp-json\/wp\/v2\/posts\/52621\/revisions"}],"predecessor-version":[{"id":52623,"href":"https:\/\/www.grieta.org.mx\/index.php\/wp-json\/wp\/v2\/posts\/52621\/revisions\/52623"}],"wp:featuredmedia":[{"embeddable":true,"href":"https:\/\/www.grieta.org.mx\/index.php\/wp-json\/wp\/v2\/media\/52622"}],"wp:attachment":[{"href":"https:\/\/www.grieta.org.mx\/index.php\/wp-json\/wp\/v2\/media?parent=52621"}],"wp:term":[{"taxonomy":"category","embeddable":true,"href":"https:\/\/www.grieta.org.mx\/index.php\/wp-json\/wp\/v2\/categories?post=52621"},{"taxonomy":"post_tag","embeddable":true,"href":"https:\/\/www.grieta.org.mx\/index.php\/wp-json\/wp\/v2\/tags?post=52621"}],"curies":[{"name":"wp","href":"https:\/\/api.w.org\/{rel}","templated":true}]}}