{"id":52615,"date":"2020-08-11T17:55:16","date_gmt":"2020-08-11T22:55:16","guid":{"rendered":"http:\/\/www.grieta.org.mx\/?p=52615"},"modified":"2020-08-11T17:55:16","modified_gmt":"2020-08-11T22:55:16","slug":"presentan-amparo-y-queja-ante-la-cidh-por-cinco-megaproyectos","status":"publish","type":"post","link":"https:\/\/www.grieta.org.mx\/index.php\/2020\/08\/11\/presentan-amparo-y-queja-ante-la-cidh-por-cinco-megaproyectos\/","title":{"rendered":"Presentan amparo y queja ante la CIDH por cinco megaproyectos"},"content":{"rendered":"<p><img loading=\"lazy\" decoding=\"async\" data-attachment-id=\"52616\" data-permalink=\"https:\/\/www.grieta.org.mx\/index.php\/2020\/08\/11\/presentan-amparo-y-queja-ante-la-cidh-por-cinco-megaproyectos\/dosbocas_gobiernodemexico00\/\" data-orig-file=\"https:\/\/www.grieta.org.mx\/wp-content\/uploads\/2020\/08\/Dosbocas_gobiernodemexico00-e1597185213445.jpg\" data-orig-size=\"800,533\" data-comments-opened=\"0\" data-image-meta=\"{&quot;aperture&quot;:&quot;0&quot;,&quot;credit&quot;:&quot;&quot;,&quot;camera&quot;:&quot;&quot;,&quot;caption&quot;:&quot;&quot;,&quot;created_timestamp&quot;:&quot;0&quot;,&quot;copyright&quot;:&quot;&quot;,&quot;focal_length&quot;:&quot;0&quot;,&quot;iso&quot;:&quot;0&quot;,&quot;shutter_speed&quot;:&quot;0&quot;,&quot;title&quot;:&quot;&quot;,&quot;orientation&quot;:&quot;0&quot;}\" data-image-title=\"Dosbocas_gobiernodemexico00\" data-image-description=\"\" data-image-caption=\"\" data-medium-file=\"https:\/\/www.grieta.org.mx\/wp-content\/uploads\/2020\/08\/Dosbocas_gobiernodemexico00-300x200.jpg\" data-large-file=\"https:\/\/www.grieta.org.mx\/wp-content\/uploads\/2020\/08\/Dosbocas_gobiernodemexico00-1024x682.jpg\" src=\"http:\/\/www.grieta.org.mx\/wp-content\/uploads\/2020\/08\/Dosbocas_gobiernodemexico00-e1597185213445.jpg\" alt=\"\" width=\"800\" height=\"533\" class=\"alignnone size-full wp-image-52616\" \/><\/p>\n<p>Texto: Daliri Oropeza  Foto: Presidencia\/ Pie de P\u00e1gina<\/p>\n<blockquote><p>Organizaciones aliadas a defensores del territorio interpusieron recursos legales e internacionales contra cinco megaproyectos del gobierno federal: Tren Maya, Corredor Interoc\u00e9anico, Nuevo Aeropuerto Internacional De Santa Lucia, Refiner\u00eda Dos Bocas, Proyecto Integral Morelos<\/p><\/blockquote>\n<p>Organizaciones civiles interpusieron dos nuevos recursos legales e internacionales contra cinco megaproyectos: Corredor Interoc\u00e9anico, Nuevo Aeropuerto Internacional De Santa Lucia, Refiner\u00eda Dos Bocas, Proyecto Integral Morelos y Tren Maya. Aseguran que los consideran violatorios de Derechos Humanos.<\/p>\n<p>Los recursos legales interpuestos por integrantes de la Coordinaci\u00f3n Metropolitana Anticapitalista-Antipatriarcal y del Concejo Ind\u00edgena de Gobierno (CIG) son una demanda de amparo indirecto en el Juzgado Decimoquinto en la Ciudad de M\u00e9xico por graves violaciones a Derechos Humanos de los cinco megaproyectos.<\/p>\n<p>Adem\u00e1s interpusieron una queja ante la Comisi\u00f3n Interamericana de Derechos Humanos (CIDH) por violar derechos de los pueblos ind\u00edgenas establecidos en la Constituci\u00f3n y que forman parte de los convenios firmados por M\u00e9xico como el 169 de la Organizaci\u00f3n Internacional de Trabajo (OIT). Fueron interpuestos desde el 7 de agosto.<\/p>\n<p>En conferencia de prensa, Carlos Gonz\u00e1lez, abogado especialista en derecho agrario, dijo que por primera vez la sociedad civil organizada interpuso los recursos para sacar de la confrontaci\u00f3n a las comunidades de manera directa con el gobierno federal. Adem\u00e1s, con los amparos a los cinco megaproyectos, dan una visi\u00f3n en conjunto del problema y los intereses a los que responde, afirma.<\/p>\n<p>\u201cEstos megaproyectos son parte de un gran proyecto, el Plan Puebla Panam\u00e1, luego Proyecto Mesoamerica y ahora nos lo presentan de manera distinta. Todos en su conjunto (los cinco megaproyectos) obedecen a los intereses geopol\u00edticos de Estados Unidos. Han sido impuestos, nunca han sido consultados a las poblaciones afectadas, particularmente poblaciones ind\u00edgenas. con las cuales se debe hacer un procedimiento especifico adaptado a est\u00e1ndares internacionales, que marcan los convenios de los cuales M\u00e9xico es parte a nivel constitucional\u201d, asegura Gonz\u00e1lez. <\/p>\n<p>El defensor del territorio maya Pedro Uc, tambi\u00e9n en la conferencia, asegura que las comunidades no fueron consultadas de manera libre, previa, informada, ni de buena voluntad en el caso del Tren Maya. Asegura que los pueblos han sido orillados a las instancias legales, aunque \u201cla v\u00eda jur\u00eddica no es nuestra gran esperanza. Lamentablemente es una necesidad recorrerla. Las leyes que est\u00e1n construidas se hicieron desde una perspectiva y visi\u00f3n occidental y no miraron formas de convivencia y existencia de los pueblos ind\u00edgenas\u201d. <\/p>\n<p>Pedro Uc denuncia que \u201cen el marco del mal llamado Tren Maya, pusimos un primer amparo que el poder judicial se neg\u00f3 a aceptar que porque en Yucat\u00e1n no se estaba realizando ning\u00fan trabajo\u201d. Denuncia que desde los juzgados a\u00fan existe el racismo, no hay jueces ind\u00edgenas ni tampoco en lenguas mayas. Y que tampoco consideran las formas de organizaci\u00f3n de los pueblos. <\/p>\n<p>\u201cLo parad\u00f3jico es que el discurso oficial habla que el tren va a remediar nuestro problema d marginaci\u00f3n, de pobreza, de salud, de educaci\u00f3n. Este es uno de los discursos que se han hecho por todos los gobiernos que han pasado. Y ahora el tren es un dios milagroso que va a resolver nuestras necesidades. As\u00ed es como lo han hecho creer a mucha gente. (\u2026) Un tren no va a resolver nuestro problema. nosotros queremos convivir, nuestros bosques, nuestros animales y tomar decisiones sobre nuestro desarrollo, que no nos traten como est\u00fapidos,como desde hace 500 a\u00f1os\u201d, a\u00f1ade. <\/p>\n<p>De acuerdo con el abogado Carlos Gonz\u00e1lez, desde el gobierno est\u00e1 la pretensi\u00f3n de reacomodar territorios, con estos cinco megaproyectos, adem\u00e1s de comprar gas a Estados Unidos, por ello est\u00e1n planteando m\u00e1s gasoductos, termoel\u00e9ctricas y zonas industriales de sed el Corredor Transistmico que se conectar\u00edan con el suroeste, pes es un megaproyecto \u201cbisaggra\u201d.  <\/p>\n<p>El abogado reitera: \u201cSe pretenden construir 10 corredores urbano industriales, se pretende fijar a la poblaci\u00f3n para que no migre al norte. En el proyecto de Tren Maya que contemplan 30 estaciones, pretenden que en 19 de ellas se construyan polos de desarrollo, y algunos industriales. Corredores urbano industriales o turisticos. Todos estos proyectos tienen un impacto tremendo sobre las poblaciones y sobre la naturaleza\u201d. <\/p>\n<p>El defensor del territorio Pedro Uc aseguro que las comunidades seguir\u00e1n con las estrategias legales y cualquier modo que les permita asegurar la vida de sus pueblos y la naturaleza.<\/p>\n<p>\u201cLa violaci\u00f3n de los poderes a sus mismas leyes es una verdadera verg\u00fcenza. aun con las leyes para su propio beneficio a\u00fan as\u00ed no les alcanza para el despojo, con la forma que tienen de ventaja, alevos\u00eda, premeditaci\u00f3n, nosotros hemos sabido encontrar los resquicios y recovecos de estas leyes para defendernos\u00bb, acusa.<\/p>\n<p>Adem\u00e1s denuncia que, el tema de la consulta ha sido una burla por parte del gobierno, y que jam\u00e1s se han acercado a los defensores del territorio para entablar un di\u00e1logo. \u201cDesde antes de que el presidente actual tomara posesi\u00f3n ya hab\u00eda anunciado la construcci\u00f3n del tren mal llamado maya y esto nos hace pensar que lo que sigue a esto es una especie de justificaci\u00f3n de una decisi\u00f3n que ya se hab\u00eda tomado. Despleg\u00f3 propaganda y cruzada con los comisarios ejidales a trav\u00e9s de personeros de fonatur\u201d, denuncia Uc, quien recalca que ofrecieron becas, y apoyos del \u201cBienestar\u201d a cambio de avalar el proyecto, que a\u00fan desconocen en su totalidad las comunidades.<\/p>\n<p>Recalca que las 135 consultas pr\u00f3ximas que anunci\u00f3 Semarnat en la pen\u00ednsula para evaluar la Manifestaci\u00f3n de Impacto Ambiental tambi\u00e9n son violatorias de los derechos de los pueblos mayas, ya que el proyecto no ha sido avalado. No se puede seguir avanzando legalmente si las comunidades no lo aceptan, recalca.<\/p>\n<p><a href=\"https:\/\/piedepagina.mx\/organizaciones-presentan-amparo-y-queja-ante-la-cidh-por-megaproyectos\/\" rel=\"noopener noreferrer\" target=\"_blank\">https:\/\/piedepagina.mx\/organizaciones-presentan-amparo-y-queja-ante-la-cidh-por-megaproyectos\/<\/a><\/p>\n","protected":false},"excerpt":{"rendered":"<p>Texto: Daliri Oropeza Foto: Presidencia\/ Pie de P\u00e1gina Organizaciones aliadas a defensores del territorio interpusieron recursos legales e internacionales contra cinco megaproyectos del gobierno federal: Tren Maya, Corredor Interoc\u00e9anico, Nuevo &hellip; <a href=\"https:\/\/www.grieta.org.mx\/index.php\/2020\/08\/11\/presentan-amparo-y-queja-ante-la-cidh-por-cinco-megaproyectos\/\" class=\"more-link\">Leer m\u00e1s<\/a><\/p>\n","protected":false},"author":2,"featured_media":52616,"comment_status":"closed","ping_status":"closed","sticky":false,"template":"","format":"standard","meta":{"ngg_post_thumbnail":0,"_jetpack_newsletter_access":"","_jetpack_dont_email_post_to_subs":false,"_jetpack_newsletter_tier_id":0,"_jetpack_memberships_contains_paywalled_content":false,"_jetpack_memberships_contains_paid_content":false,"footnotes":""},"categories":[60,69,3602,11,80,3054,1948,1,3,922,22,926,932,938,942,944,948,2027,951,952,2,167,44,26,28,1171,1423,1249,2198,2138,1875,1876,1877,32,34,2026,2159,35,36],"tags":[2494,3614,2199,510,1878],"class_list":["post-52615","post","type-post","status-publish","format-standard","has-post-thumbnail","hentry","category-16-pueblo-maya","category-25-xpujil","category-aeropuerto-santa-lucia","category-campeche","category-cintillo","category-corredeor-transistmico-en-veracruz","category-corredor-transistmico","category-espejos-de-la-resistencia","category-megaproyectos","category-megaproyectos-estados","category-morelos","category-mp-campeche","category-mp-edo-mex","category-mp-morelos","category-mp-puebla","category-mp-quintana-roo","category-mp-tabasco","category-mp-tlaxcala","category-mp-veracruz","category-mp-yucatan","category-noticias-nacionales","category-nuevo-aeropuerto-de-la-ciudad-de-mexico","category-proyecto-integral-morelos","category-puebla","category-quintana-roo","category-rechazo-al-proyecto-integral-morelos-pim-en-morelos","category-rechazo-al-proyecto-integral-morelos-pim-en-tlaxcala","category-rechazo-al-proyecto-interal-morelos-en-puebla","category-refineria-dos-bocas","category-rechazo-a-desarrollo-de-refineria-en-dos-bocas-tabasco","category-resistencia-al-tren-maya-en-la-peninsula-de-yucatan","category-resistencia-al-tren-maya-en-la-peninsula-de-yucatan-quintana-roo","category-resistencia-al-tren-maya-en-la-peninsula-de-yucatan-campeche","category-tabasco","category-tlaxcala","category-tren-maya","category-tren-maya-en-tabasco","category-veracruz","category-yucatan","tag-aeropuerto-santa-lucia","tag-corredor-interoceanico","tag-dos-bocas","tag-proyecto-integral-morelos","tag-tren-maya","entry"],"jetpack_featured_media_url":"https:\/\/www.grieta.org.mx\/wp-content\/uploads\/2020\/08\/Dosbocas_gobiernodemexico00-e1597185213445.jpg","jetpack_sharing_enabled":true,"jetpack_shortlink":"https:\/\/wp.me\/p7ZJR4-dGD","jetpack_likes_enabled":false,"jetpack-related-posts":[{"id":47874,"url":"https:\/\/www.grieta.org.mx\/index.php\/2020\/04\/13\/las-vias-torcidas-del-tren-maya-video\/","url_meta":{"origin":52615,"position":0},"title":"Las v\u00edas torcidas del tren maya (Video)","author":"grieta","date":"13 abril, 2020","format":false,"excerpt":"https:\/\/www.youtube.com\/watch?v=k8FRX9eT0YY","rel":"","context":"En &quot;16. Pueblo Maya&quot;","block_context":{"text":"16. Pueblo Maya","link":"https:\/\/www.grieta.org.mx\/index.php\/category\/espejos-de-la-resistencia\/16-pueblo-maya\/"},"img":{"alt_text":"","src":"https:\/\/i0.wp.com\/www.grieta.org.mx\/wp-content\/uploads\/2020\/04\/ViasTorcidasTrenMaya.png?resize=350%2C200&ssl=1","width":350,"height":200,"srcset":"https:\/\/i0.wp.com\/www.grieta.org.mx\/wp-content\/uploads\/2020\/04\/ViasTorcidasTrenMaya.png?resize=350%2C200&ssl=1 1x, https:\/\/i0.wp.com\/www.grieta.org.mx\/wp-content\/uploads\/2020\/04\/ViasTorcidasTrenMaya.png?resize=525%2C300&ssl=1 1.5x, https:\/\/i0.wp.com\/www.grieta.org.mx\/wp-content\/uploads\/2020\/04\/ViasTorcidasTrenMaya.png?resize=700%2C400&ssl=1 2x"},"classes":[]},{"id":35945,"url":"https:\/\/www.grieta.org.mx\/index.php\/2019\/07\/05\/expansion-de-megaproyectos-en-la-peninsula-de-yucatan-video\/","url_meta":{"origin":52615,"position":1},"title":"Expansi\u00f3n de Megaproyectos en la Pen\u00ednsula de Yucat\u00e1n (Video)","author":"grieta","date":"5 julio, 2019","format":false,"excerpt":"https:\/\/youtu.be\/qLBARIAaBsI","rel":"","context":"En &quot;Campeche&quot;","block_context":{"text":"Campeche","link":"https:\/\/www.grieta.org.mx\/index.php\/category\/noticias-nacionales\/campeche\/"},"img":{"alt_text":"","src":"https:\/\/i0.wp.com\/img.youtube.com\/vi\/qLBARIAaBsI\/0.jpg?resize=350%2C200","width":350,"height":200},"classes":[]},{"id":40392,"url":"https:\/\/www.grieta.org.mx\/index.php\/2019\/10\/15\/megaproyectos-de-amlo-traeran-depredacion-y-violaciones-a-los-pueblos-denuncian-especialistas\/","url_meta":{"origin":52615,"position":2},"title":"Megaproyectos de AMLO traer\u00e1n depredaci\u00f3n y violaciones a los pueblos, denuncian especialistas","author":"grieta","date":"15 octubre, 2019","format":false,"excerpt":"Efr\u00e9n Flores\/ SinEmbargo El Tren Maya, el Corredor del Itsmo de Tehuantepec y los gasoductos de Morelos son megaproyectos que traer\u00e1n desgracia a los pueblos ind\u00edgenas, alertaron hoy activistas, especialista e ind\u00edgenas, quienes precisaron que estos implican expropiaci\u00f3n y devastaci\u00f3n de territorios, violaciones a la autonom\u00eda de las comunidades originarias,\u2026","rel":"","context":"En &quot;Campeche&quot;","block_context":{"text":"Campeche","link":"https:\/\/www.grieta.org.mx\/index.php\/category\/noticias-nacionales\/campeche\/"},"img":{"alt_text":"","src":"https:\/\/i0.wp.com\/www.grieta.org.mx\/wp-content\/uploads\/2019\/10\/megaproyectos-amlo-e1571628779123.jpg?resize=350%2C200&ssl=1","width":350,"height":200,"srcset":"https:\/\/i0.wp.com\/www.grieta.org.mx\/wp-content\/uploads\/2019\/10\/megaproyectos-amlo-e1571628779123.jpg?resize=350%2C200&ssl=1 1x, https:\/\/i0.wp.com\/www.grieta.org.mx\/wp-content\/uploads\/2019\/10\/megaproyectos-amlo-e1571628779123.jpg?resize=525%2C300&ssl=1 1.5x, https:\/\/i0.wp.com\/www.grieta.org.mx\/wp-content\/uploads\/2019\/10\/megaproyectos-amlo-e1571628779123.jpg?resize=700%2C400&ssl=1 2x"},"classes":[]},{"id":29462,"url":"https:\/\/www.grieta.org.mx\/index.php\/2019\/02\/18\/migrantes-construirian-tren-maya-y-refineria-en-tabasco\/","url_meta":{"origin":52615,"position":3},"title":"Migrantes \u2018construir\u00edan\u2019 Tren Maya y refiner\u00eda en Tabasco","author":"grieta","date":"18 febrero, 2019","format":false,"excerpt":"Redacci\u00f3n \/ XEVA Noticias Ra\u00fal Bonifaz Mohedano, diputado federal de Morena y presidente de la Comisi\u00f3n de la Frontera Sur en el Congreso de la Uni\u00f3n, adelant\u00f3 que hay un proyecto que podr\u00eda contemplar la contrataci\u00f3n de migrantes en obras federales en el sur del pa\u00eds. El legislador federal expuso\u2026","rel":"","context":"En &quot;16. Pueblo Maya&quot;","block_context":{"text":"16. Pueblo Maya","link":"https:\/\/www.grieta.org.mx\/index.php\/category\/espejos-de-la-resistencia\/16-pueblo-maya\/"},"img":{"alt_text":"","src":"https:\/\/i0.wp.com\/www.grieta.org.mx\/wp-content\/uploads\/2019\/02\/tren-1550524057-621x354.jpg?resize=350%2C200&ssl=1","width":350,"height":200,"srcset":"https:\/\/i0.wp.com\/www.grieta.org.mx\/wp-content\/uploads\/2019\/02\/tren-1550524057-621x354.jpg?resize=350%2C200&ssl=1 1x, https:\/\/i0.wp.com\/www.grieta.org.mx\/wp-content\/uploads\/2019\/02\/tren-1550524057-621x354.jpg?resize=525%2C300&ssl=1 1.5x"},"classes":[]},{"id":35613,"url":"https:\/\/www.grieta.org.mx\/index.php\/2019\/06\/27\/impactos-sociales-y-territoriales-del-proyecto-tren-maya-video\/","url_meta":{"origin":52615,"position":4},"title":"Impactos sociales y territoriales del proyecto tren maya (Video)","author":"grieta","date":"27 junio, 2019","format":false,"excerpt":"https:\/\/youtu.be\/FPH4ZTKgMPc","rel":"","context":"En &quot;CINTILLO&quot;","block_context":{"text":"CINTILLO","link":"https:\/\/www.grieta.org.mx\/index.php\/category\/cintillo\/"},"img":{"alt_text":"","src":"https:\/\/i0.wp.com\/www.grieta.org.mx\/wp-content\/uploads\/2018\/03\/14524434_1106112876131411_958039263622046936_o.jpg?resize=350%2C200&ssl=1","width":350,"height":200,"srcset":"https:\/\/i0.wp.com\/www.grieta.org.mx\/wp-content\/uploads\/2018\/03\/14524434_1106112876131411_958039263622046936_o.jpg?resize=350%2C200&ssl=1 1x, https:\/\/i0.wp.com\/www.grieta.org.mx\/wp-content\/uploads\/2018\/03\/14524434_1106112876131411_958039263622046936_o.jpg?resize=525%2C300&ssl=1 1.5x, https:\/\/i0.wp.com\/www.grieta.org.mx\/wp-content\/uploads\/2018\/03\/14524434_1106112876131411_958039263622046936_o.jpg?resize=700%2C400&ssl=1 2x"},"classes":[]},{"id":50050,"url":"https:\/\/www.grieta.org.mx\/index.php\/2020\/05\/31\/los-derechos-indigenas-son-pisoteados-con-impunidad-presidencial-y-sin-recato-dicen-mayas-a-amlo\/","url_meta":{"origin":52615,"position":5},"title":"Los derechos ind\u00edgenas \u201cson pisoteados con impunidad presidencial y sin recato\u201d, dicen mayas a AMLO","author":"grieta","date":"31 mayo, 2020","format":false,"excerpt":"Redacci\u00f3n \/ Sin Embargo \u201cSr. L\u00f3pez, viene usted a Yucat\u00e1n, la tierra donde los malos gobiernos (de los tres niveles) se ponen sin decencia ni recato al servicio de megaproyectos de alma podrida, sembrando discordia y conflictos sociales en nuestras comunidades. Llega usted, Sr. L\u00f3pez, al Yucat\u00e1n donde la ilegalidad,\u2026","rel":"","context":"En &quot;16. Pueblo Maya&quot;","block_context":{"text":"16. Pueblo Maya","link":"https:\/\/www.grieta.org.mx\/index.php\/category\/espejos-de-la-resistencia\/16-pueblo-maya\/"},"img":{"alt_text":"","src":"https:\/\/i0.wp.com\/www.grieta.org.mx\/wp-content\/uploads\/2020\/05\/amloco-tirano-rex-e1590968383995.jpg?resize=350%2C200&ssl=1","width":350,"height":200,"srcset":"https:\/\/i0.wp.com\/www.grieta.org.mx\/wp-content\/uploads\/2020\/05\/amloco-tirano-rex-e1590968383995.jpg?resize=350%2C200&ssl=1 1x, https:\/\/i0.wp.com\/www.grieta.org.mx\/wp-content\/uploads\/2020\/05\/amloco-tirano-rex-e1590968383995.jpg?resize=525%2C300&ssl=1 1.5x, https:\/\/i0.wp.com\/www.grieta.org.mx\/wp-content\/uploads\/2020\/05\/amloco-tirano-rex-e1590968383995.jpg?resize=700%2C400&ssl=1 2x"},"classes":[]}],"_links":{"self":[{"href":"https:\/\/www.grieta.org.mx\/index.php\/wp-json\/wp\/v2\/posts\/52615","targetHints":{"allow":["GET"]}}],"collection":[{"href":"https:\/\/www.grieta.org.mx\/index.php\/wp-json\/wp\/v2\/posts"}],"about":[{"href":"https:\/\/www.grieta.org.mx\/index.php\/wp-json\/wp\/v2\/types\/post"}],"author":[{"embeddable":true,"href":"https:\/\/www.grieta.org.mx\/index.php\/wp-json\/wp\/v2\/users\/2"}],"replies":[{"embeddable":true,"href":"https:\/\/www.grieta.org.mx\/index.php\/wp-json\/wp\/v2\/comments?post=52615"}],"version-history":[{"count":1,"href":"https:\/\/www.grieta.org.mx\/index.php\/wp-json\/wp\/v2\/posts\/52615\/revisions"}],"predecessor-version":[{"id":52619,"href":"https:\/\/www.grieta.org.mx\/index.php\/wp-json\/wp\/v2\/posts\/52615\/revisions\/52619"}],"wp:featuredmedia":[{"embeddable":true,"href":"https:\/\/www.grieta.org.mx\/index.php\/wp-json\/wp\/v2\/media\/52616"}],"wp:attachment":[{"href":"https:\/\/www.grieta.org.mx\/index.php\/wp-json\/wp\/v2\/media?parent=52615"}],"wp:term":[{"taxonomy":"category","embeddable":true,"href":"https:\/\/www.grieta.org.mx\/index.php\/wp-json\/wp\/v2\/categories?post=52615"},{"taxonomy":"post_tag","embeddable":true,"href":"https:\/\/www.grieta.org.mx\/index.php\/wp-json\/wp\/v2\/tags?post=52615"}],"curies":[{"name":"wp","href":"https:\/\/api.w.org\/{rel}","templated":true}]}}