{"id":52596,"date":"2020-08-09T21:04:10","date_gmt":"2020-08-10T02:04:10","guid":{"rendered":"http:\/\/www.grieta.org.mx\/?p=52596"},"modified":"2020-08-15T21:16:54","modified_gmt":"2020-08-16T02:16:54","slug":"jornaleros-otomies-denuncian-a-agroempresa-en-san-jose-iturbide-por-abusos-laborales","status":"publish","type":"post","link":"https:\/\/www.grieta.org.mx\/index.php\/2020\/08\/09\/jornaleros-otomies-denuncian-a-agroempresa-en-san-jose-iturbide-por-abusos-laborales\/","title":{"rendered":"Jornaleros otom\u00edes denuncian a agroempresa en San Jos\u00e9 Iturbide por abusos laborales (Guanajuato)"},"content":{"rendered":"<blockquote><p><strong>Recibe financiamientos millonarios nacionales e internacionales, pero incumple en pagos de hasta seis semanas a trabajadores ind\u00edgenas<\/strong><\/p><\/blockquote>\n<p>Alonso Merino Lubetsky \/POPLAB, 09 de ahosto de 2020<br \/>\n*Con informaci\u00f3n de Francisco Arellano<\/p>\n<p>Un grupo de m\u00e1s de 50 jornaleras y jornaleros otom\u00edes (h\u00f1\u00e4h\u00f1u) de la congregaci\u00f3n de Cieneguillas en Tierra Blanca hicieron una denuncia por abusos laborales contra la empresa agroexportadora Empacadora Xipehua ante la Procuradur\u00eda de la Defensa del Trabajo. La empresa denunciada, dicen las y los jornaleros agr\u00edcolas, no es la primera vez que los deja sin pagos de hasta seis semanas de retraso, adem\u00e1s de que normalmente trabajan en condiciones deplorables y bajo tratos denigrantes.<\/p>\n<p>Juan de Jes\u00fas Garc\u00eda Correa y Mar\u00eda Patricia Guti\u00e9rrez Ortiz, los due\u00f1os de la empresa, se han enfrentado legalmente contra la Corporaci\u00f3n Interamericana de Inversiones (CII) y el Banco Ve por M\u00e1s S.A. de C. V. a quienes han solicitado financiamiento para solventar sus actividades de agroexportaci\u00f3n. Y pese a que han recibido est\u00edmulos millonarios para sostenter sus actividades empresariales de parte de entidades p\u00fablicas y privadas, dejan constantemente a sus trabajadores sin pagos.<\/p>\n<p>La congregaci\u00f3n de Cieneguilla es una comunidad ind\u00edgena reconocida en el Padr\u00f3n de Pueblos y Comunidades Ind\u00edgenas del Estado de Guanajuato. Tiene 715 habitantes, de los cuales 354 son hombres y 361 mujeres, hablantes de otom\u00ed y espa\u00f1ol. Reconocidos como ind\u00edgenas por su lengua, sus tradiciones y por autoadscripci\u00f3n.<\/p>\n<figure id=\"attachment_52597\" aria-describedby=\"caption-attachment-52597\" style=\"width: 800px\" class=\"wp-caption alignnone\"><img loading=\"lazy\" decoding=\"async\" data-attachment-id=\"52597\" data-permalink=\"https:\/\/www.grieta.org.mx\/index.php\/2020\/08\/09\/jornaleros-otomies-denuncian-a-agroempresa-en-san-jose-iturbide-por-abusos-laborales\/whatsapp_image_2020-08-01_at_10-41-48_pm\/\" data-orig-file=\"https:\/\/www.grieta.org.mx\/wp-content\/uploads\/2020\/08\/WhatsApp_Image_2020-08-01_at_10.41.48_PM.jpg\" data-orig-size=\"1280,960\" data-comments-opened=\"0\" data-image-meta=\"{&quot;aperture&quot;:&quot;0&quot;,&quot;credit&quot;:&quot;&quot;,&quot;camera&quot;:&quot;&quot;,&quot;caption&quot;:&quot;&quot;,&quot;created_timestamp&quot;:&quot;0&quot;,&quot;copyright&quot;:&quot;&quot;,&quot;focal_length&quot;:&quot;0&quot;,&quot;iso&quot;:&quot;0&quot;,&quot;shutter_speed&quot;:&quot;0&quot;,&quot;title&quot;:&quot;&quot;,&quot;orientation&quot;:&quot;0&quot;}\" data-image-title=\"WhatsApp_Image_2020-08-01_at_10.41.48_PM\" data-image-description=\"\" data-image-caption=\"&lt;p&gt;Foto: Especial&lt;\/p&gt;\n\" data-medium-file=\"https:\/\/www.grieta.org.mx\/wp-content\/uploads\/2020\/08\/WhatsApp_Image_2020-08-01_at_10.41.48_PM-300x225.jpg\" data-large-file=\"https:\/\/www.grieta.org.mx\/wp-content\/uploads\/2020\/08\/WhatsApp_Image_2020-08-01_at_10.41.48_PM-1024x768.jpg\" class=\"wp-image-52597\" src=\"http:\/\/www.grieta.org.mx\/wp-content\/uploads\/2020\/08\/WhatsApp_Image_2020-08-01_at_10.41.48_PM-300x225.jpg\" alt=\"\" width=\"800\" height=\"600\" srcset=\"https:\/\/www.grieta.org.mx\/wp-content\/uploads\/2020\/08\/WhatsApp_Image_2020-08-01_at_10.41.48_PM-300x225.jpg 300w, https:\/\/www.grieta.org.mx\/wp-content\/uploads\/2020\/08\/WhatsApp_Image_2020-08-01_at_10.41.48_PM-768x576.jpg 768w, https:\/\/www.grieta.org.mx\/wp-content\/uploads\/2020\/08\/WhatsApp_Image_2020-08-01_at_10.41.48_PM-1024x768.jpg 1024w, https:\/\/www.grieta.org.mx\/wp-content\/uploads\/2020\/08\/WhatsApp_Image_2020-08-01_at_10.41.48_PM-667x500.jpg 667w, https:\/\/www.grieta.org.mx\/wp-content\/uploads\/2020\/08\/WhatsApp_Image_2020-08-01_at_10.41.48_PM.jpg 1280w\" sizes=\"auto, (max-width: 800px) 100vw, 800px\" \/><figcaption id=\"caption-attachment-52597\" class=\"wp-caption-text\">Foto: Especial<\/figcaption><\/figure>\n<p>Los jornaleros otom\u00edes trabajan en invernaderos de hortalizas, los cuales proliferan en el noreste de Guanajuato desde hace algunos a\u00f1os, de acuerdo con pobladores de la regi\u00f3n. Empresas como Empacadora Xipehua S.A. de C.V. funcionan gracias al trabajo de mujeres, hombres, ni\u00f1as y ni\u00f1os a quienes prometen pagos a cambio de su fuerza de trabajo; pagos que con frecuencia se atrasan o no llegan.<\/p>\n<p>El grupo de jornaleras y jornaleros denunciantes dice que Xipehua les prometi\u00f3 un jornal de 200 pesos a los adultos y 150 pesos a ?ni\u00f1as, ni\u00f1os y adolescentes por d\u00eda, siempre y cuando completaran la tarea a destajo que se les solicita: de 400 a 600 metros de cosecha de pepino por persona en siete horas bajo el sol dentro de invernaderos gigantes, lo que implica recolectar el producto listo en cada una de las plantas sembradas sobre los surcos.<\/p>\n<p>\u2014&#8221;Luego los invernaderos bien calientes, uno no se soporta ah\u00ed porque ni puede uno respirar bien. No&#8217;m\u00e1s que por necesidad uno trabaja ah\u00ed&#8221;, explica una de las mujeres jornaleras.<\/p>\n<figure id=\"attachment_52600\" aria-describedby=\"caption-attachment-52600\" style=\"width: 600px\" class=\"wp-caption alignnone\"><img loading=\"lazy\" decoding=\"async\" data-attachment-id=\"52600\" data-permalink=\"https:\/\/www.grieta.org.mx\/index.php\/2020\/08\/09\/jornaleros-otomies-denuncian-a-agroempresa-en-san-jose-iturbide-por-abusos-laborales\/whatsapp_image_2020-08-01_at_10-32-05_pm\/\" data-orig-file=\"https:\/\/www.grieta.org.mx\/wp-content\/uploads\/2020\/08\/WhatsApp_Image_2020-08-01_at_10.32.05_PM.jpg\" data-orig-size=\"960,1280\" data-comments-opened=\"0\" data-image-meta=\"{&quot;aperture&quot;:&quot;0&quot;,&quot;credit&quot;:&quot;&quot;,&quot;camera&quot;:&quot;&quot;,&quot;caption&quot;:&quot;&quot;,&quot;created_timestamp&quot;:&quot;0&quot;,&quot;copyright&quot;:&quot;&quot;,&quot;focal_length&quot;:&quot;0&quot;,&quot;iso&quot;:&quot;0&quot;,&quot;shutter_speed&quot;:&quot;0&quot;,&quot;title&quot;:&quot;&quot;,&quot;orientation&quot;:&quot;0&quot;}\" data-image-title=\"WhatsApp_Image_2020-08-01_at_10.32.05_PM\" data-image-description=\"\" data-image-caption=\"&lt;p&gt;Foto: Especial.&lt;\/p&gt;\n\" data-medium-file=\"https:\/\/www.grieta.org.mx\/wp-content\/uploads\/2020\/08\/WhatsApp_Image_2020-08-01_at_10.32.05_PM-225x300.jpg\" data-large-file=\"https:\/\/www.grieta.org.mx\/wp-content\/uploads\/2020\/08\/WhatsApp_Image_2020-08-01_at_10.32.05_PM-768x1024.jpg\" class=\"wp-image-52600\" src=\"http:\/\/www.grieta.org.mx\/wp-content\/uploads\/2020\/08\/WhatsApp_Image_2020-08-01_at_10.32.05_PM-225x300.jpg\" alt=\"\" width=\"600\" height=\"800\" srcset=\"https:\/\/www.grieta.org.mx\/wp-content\/uploads\/2020\/08\/WhatsApp_Image_2020-08-01_at_10.32.05_PM-225x300.jpg 225w, https:\/\/www.grieta.org.mx\/wp-content\/uploads\/2020\/08\/WhatsApp_Image_2020-08-01_at_10.32.05_PM-768x1024.jpg 768w, https:\/\/www.grieta.org.mx\/wp-content\/uploads\/2020\/08\/WhatsApp_Image_2020-08-01_at_10.32.05_PM-375x500.jpg 375w, https:\/\/www.grieta.org.mx\/wp-content\/uploads\/2020\/08\/WhatsApp_Image_2020-08-01_at_10.32.05_PM.jpg 960w\" sizes=\"auto, (max-width: 600px) 100vw, 600px\" \/><figcaption id=\"caption-attachment-52600\" class=\"wp-caption-text\">Foto: Especial.<\/figcaption><\/figure>\n<p><em> &#8220;Nos explotaban muy mal, nos trataban mal. De hecho ellos quer\u00edan una ventaja muy recia, que quer\u00edan que sac\u00e1ramos una meta de un 100 por ciento y se nos hac\u00eda mucho. Seg\u00fan el trato lo hizo [el contador] con el capit\u00e1n, que la jornada iba a ser de 200 pesos. Pero no llegaban los 200 pesos, porque te pon\u00edan, ah\u00ed seg\u00fan en los invernaderos, se les llama nave. Cada nave, cada invernadero es como de 100 metros [de largo], como de 2 hect\u00e1reas cada invernadero [100x200m]. Y luego nos pon\u00edan a hacer muchos surcos y dicen que de ah\u00ed todav\u00eda nos descontaban&#8221;, explican en comunicaci\u00f3n directa con POPLab.<\/em><\/p>\n<p>La empresa es denunciada por no pagar el dinero pactado. Hay a quienes les deben hasta seis semanas de trabajo completas. Responsabilizan directamente al contador de Empacadora Xipehua, el ingeniero Rafael Montoya, de no pagar seg\u00fan sus acuerdos. La Procuradur\u00eda de la Defensa del Trabajo (Jurisdicci\u00f3n de Celaya) da servicio al municipio de Tierra Blanca y hoy lunes 03 de agosto tienen cita en la Junta de Conciliaci\u00f3n y Arbitraje en Celaya junto con el contador de la empresa.<\/p>\n<figure id=\"attachment_52598\" aria-describedby=\"caption-attachment-52598\" style=\"width: 800px\" class=\"wp-caption alignnone\"><img loading=\"lazy\" decoding=\"async\" data-attachment-id=\"52598\" data-permalink=\"https:\/\/www.grieta.org.mx\/index.php\/2020\/08\/09\/jornaleros-otomies-denuncian-a-agroempresa-en-san-jose-iturbide-por-abusos-laborales\/invernadero-6\/\" data-orig-file=\"https:\/\/www.grieta.org.mx\/wp-content\/uploads\/2020\/08\/INVERNADERO-6.jpg\" data-orig-size=\"1920,1080\" data-comments-opened=\"0\" data-image-meta=\"{&quot;aperture&quot;:&quot;0&quot;,&quot;credit&quot;:&quot;&quot;,&quot;camera&quot;:&quot;&quot;,&quot;caption&quot;:&quot;&quot;,&quot;created_timestamp&quot;:&quot;0&quot;,&quot;copyright&quot;:&quot;&quot;,&quot;focal_length&quot;:&quot;0&quot;,&quot;iso&quot;:&quot;0&quot;,&quot;shutter_speed&quot;:&quot;0&quot;,&quot;title&quot;:&quot;&quot;,&quot;orientation&quot;:&quot;0&quot;}\" data-image-title=\"INVERNADERO-6\" data-image-description=\"\" data-image-caption=\"&lt;p&gt;Foto: Especial&lt;\/p&gt;\n\" data-medium-file=\"https:\/\/www.grieta.org.mx\/wp-content\/uploads\/2020\/08\/INVERNADERO-6-300x169.jpg\" data-large-file=\"https:\/\/www.grieta.org.mx\/wp-content\/uploads\/2020\/08\/INVERNADERO-6-1024x576.jpg\" class=\"wp-image-52598\" src=\"http:\/\/www.grieta.org.mx\/wp-content\/uploads\/2020\/08\/INVERNADERO-6-300x169.jpg\" alt=\"\" width=\"800\" height=\"450\" srcset=\"https:\/\/www.grieta.org.mx\/wp-content\/uploads\/2020\/08\/INVERNADERO-6-300x169.jpg 300w, https:\/\/www.grieta.org.mx\/wp-content\/uploads\/2020\/08\/INVERNADERO-6-768x432.jpg 768w, https:\/\/www.grieta.org.mx\/wp-content\/uploads\/2020\/08\/INVERNADERO-6-1024x576.jpg 1024w, https:\/\/www.grieta.org.mx\/wp-content\/uploads\/2020\/08\/INVERNADERO-6-889x500.jpg 889w, https:\/\/www.grieta.org.mx\/wp-content\/uploads\/2020\/08\/INVERNADERO-6.jpg 1920w\" sizes=\"auto, (max-width: 800px) 100vw, 800px\" \/><figcaption id=\"caption-attachment-52598\" class=\"wp-caption-text\">Foto: Especial<\/figcaption><\/figure>\n<p>Aproximadamente hace dos semanas las y los jornaleros acudieron a las oficinas de Xipehua a reclamar falta de pagos del d\u00eda 11 de junio al 22 de julio. El 25 de julio uno de los &#8220;contratistas&#8221; (personas de la comunidad que trasladan jornaleros) se dirig\u00eda a cobrar para entregar el dinero a su cuadrilla cuando el contador Montoya le llam\u00f3 para decirle que este no llegar\u00eda sino hasta el lunes 27. El contador alega que ha sido porque debido a la pandemia no se permite el libre tr\u00e1nsito por carretera los fines de semana.<\/p>\n<p>Sin embargo, el lunes 27 de julio fueron dos camionetas con 40 personas a cobrar sus dinero y la empresa s\u00f3lo pag\u00f3 dos d\u00edas, pero ninguno de los pagos en retraso. El contador se comprometi\u00f3 a pagarles el resto en d\u00edas posteriores y tampoco sucedi\u00f3. POPLab cuenta con documentos que confirman los numerosos tratos denigrantes hacia los trabajadores.<\/p>\n<p>\u2014&#8221;Tienes que comer de lo que trabajes, eso es lo correcto, no de m\u00ed. B\u00fasquele mientras chamba, yo no s\u00e9 qu\u00e9 haces aqu\u00ed&#8221;, les dijo el contador al frente de la empresa en aquella reuni\u00f3n.<br \/>\nLa esclavitud de los jornaleros ind\u00edgenas<\/p>\n<p>El caso permite visibilizar las condiciones de precariedad en las que trabajan miles de jornaleros en el estado, muchos de ellos ind\u00edgenas, migrantes locales, regionales y nacionales, que trabajan para la agroindustria con empresas que incurren en incontables violaciones a sus derechos humanos. Para estas empresas trabajan miles de mujeres, hombres, ni\u00f1as, ni\u00f1os y adolescentes que buscan desesperadamente un ingreso en los campos.<\/p>\n<p>Empacadora Xipehua reclutaba jornaleros antes como Grupo Nixte, que son se\u00f1alados por pobladores de Cieneguilla como malos empleadores que tratan mal a sus trabajadores. Seg\u00fan lo que se dice en la comunidad otom\u00ed, no es un lugar en el que conviene trabajar. Los invernaderos de Empacadora Xipehua (Nixte) se encuentran cerca de la carretera federal no. 57 San Luis Potos\u00ed-Santiago de Quer\u00e9taro, o entre Doctor Mora y San Miguel de Allende rumbo a Los Rodr\u00edguez.<\/p>\n<figure id=\"attachment_52599\" aria-describedby=\"caption-attachment-52599\" style=\"width: 800px\" class=\"wp-caption alignnone\"><img loading=\"lazy\" decoding=\"async\" data-attachment-id=\"52599\" data-permalink=\"https:\/\/www.grieta.org.mx\/index.php\/2020\/08\/09\/jornaleros-otomies-denuncian-a-agroempresa-en-san-jose-iturbide-por-abusos-laborales\/captura_de_pantalla_de_2020-08-02_18-09-58\/\" data-orig-file=\"https:\/\/www.grieta.org.mx\/wp-content\/uploads\/2020\/08\/Captura_de_pantalla_de_2020-08-02_18-09-58.jpg\" data-orig-size=\"1197,581\" data-comments-opened=\"0\" data-image-meta=\"{&quot;aperture&quot;:&quot;0&quot;,&quot;credit&quot;:&quot;&quot;,&quot;camera&quot;:&quot;&quot;,&quot;caption&quot;:&quot;&quot;,&quot;created_timestamp&quot;:&quot;0&quot;,&quot;copyright&quot;:&quot;&quot;,&quot;focal_length&quot;:&quot;0&quot;,&quot;iso&quot;:&quot;0&quot;,&quot;shutter_speed&quot;:&quot;0&quot;,&quot;title&quot;:&quot;&quot;,&quot;orientation&quot;:&quot;0&quot;}\" data-image-title=\"Captura_de_pantalla_de_2020-08-02_18-09-58\" data-image-description=\"\" data-image-caption=\"&lt;p&gt;Foto: Captura de pantalla de GoogleMaps&lt;\/p&gt;\n\" data-medium-file=\"https:\/\/www.grieta.org.mx\/wp-content\/uploads\/2020\/08\/Captura_de_pantalla_de_2020-08-02_18-09-58-300x146.jpg\" data-large-file=\"https:\/\/www.grieta.org.mx\/wp-content\/uploads\/2020\/08\/Captura_de_pantalla_de_2020-08-02_18-09-58-1024x497.jpg\" class=\"wp-image-52599\" src=\"http:\/\/www.grieta.org.mx\/wp-content\/uploads\/2020\/08\/Captura_de_pantalla_de_2020-08-02_18-09-58-300x146.jpg\" alt=\"\" width=\"800\" height=\"388\" srcset=\"https:\/\/www.grieta.org.mx\/wp-content\/uploads\/2020\/08\/Captura_de_pantalla_de_2020-08-02_18-09-58-300x146.jpg 300w, https:\/\/www.grieta.org.mx\/wp-content\/uploads\/2020\/08\/Captura_de_pantalla_de_2020-08-02_18-09-58-768x373.jpg 768w, https:\/\/www.grieta.org.mx\/wp-content\/uploads\/2020\/08\/Captura_de_pantalla_de_2020-08-02_18-09-58-1024x497.jpg 1024w, https:\/\/www.grieta.org.mx\/wp-content\/uploads\/2020\/08\/Captura_de_pantalla_de_2020-08-02_18-09-58-1030x500.jpg 1030w, https:\/\/www.grieta.org.mx\/wp-content\/uploads\/2020\/08\/Captura_de_pantalla_de_2020-08-02_18-09-58.jpg 1197w\" sizes=\"auto, (max-width: 800px) 100vw, 800px\" \/><figcaption id=\"caption-attachment-52599\" class=\"wp-caption-text\">Foto: Captura de pantalla de GoogleMaps<\/figcaption><\/figure>\n<p><em><br \/>\n&#8220;Unos trabajadores nos dijeron que antes el invernadero Xipehua se llamaba Nixte. Porque dice que tambi\u00e9n, no entendemos ah\u00ed por qu\u00e9 le cambiaron despu\u00e9s el nombre, pero se me hace que de tiempos ya tienen conflictos estos invernaderos. Porque yo tengo un t\u00edo que yo le dije: &#8216;ay, no me quieren pagar en tal invernadero&#8217;. Y dijo: &#8216;\u00bfpor d\u00f3nde ser\u00e1, mija?&#8217; \u2014ya le dije m\u00e1s o menos por qu\u00e9 l\u00edneas est\u00e1n\u2014. Y me dice el se\u00f1or: &#8216;No, mija, fuiste a dar en la gente m\u00e1s ratera que son. Ah\u00ed explotan bien al trabajador&#8217;. &#8216;La mera verdad s\u00ed, lo estoy viendo&#8217; \u2014le dije&#8221;.<\/em><\/p>\n<p>En entrevista con Mayo Meza Trejo, directora del Centro de Desarrollo Ind\u00edgena Loyola (CDIL), organizaci\u00f3n que forma parte de la Red Nacional de Jornaleros y Jornaleras Agr\u00edcolas (REJJA), menciona que son frecuentes los abusos materiales y psicol\u00f3gicos en los campos y, como el pago es casi siempre a destajo, no son claros respecto a cu\u00e1ndo les emplear\u00e1n o no, dejando a los jornaleros sin seguridad sobre sus ingresos.<\/p>\n<p>Adem\u00e1s, &#8220;est\u00e1 normalizado que les retrasen su pago seis, siete, ocho o nueve semanas. Son condiciones alejadas al marco jur\u00eddico de la Ley Federal del Trabajo&#8221;. En ocasiones les mienten y los empleadores optan por las cuadrillas m\u00e1s eficientes. &#8220;En general, la agroindustria mata&#8221; \u2014dice Meza Trejo\u2014 y pocas personas se cuestionan de d\u00f3nde vienen los alimentos &#8220;org\u00e1nicos&#8221; que consumimos.<\/p>\n<figure id=\"attachment_52602\" aria-describedby=\"caption-attachment-52602\" style=\"width: 800px\" class=\"wp-caption alignnone\"><img loading=\"lazy\" decoding=\"async\" data-attachment-id=\"52602\" data-permalink=\"https:\/\/www.grieta.org.mx\/index.php\/2020\/08\/09\/jornaleros-otomies-denuncian-a-agroempresa-en-san-jose-iturbide-por-abusos-laborales\/invernadero-4\/\" data-orig-file=\"https:\/\/www.grieta.org.mx\/wp-content\/uploads\/2020\/08\/INVERNADERO-4.jpg\" data-orig-size=\"1920,1080\" data-comments-opened=\"0\" data-image-meta=\"{&quot;aperture&quot;:&quot;0&quot;,&quot;credit&quot;:&quot;&quot;,&quot;camera&quot;:&quot;&quot;,&quot;caption&quot;:&quot;&quot;,&quot;created_timestamp&quot;:&quot;0&quot;,&quot;copyright&quot;:&quot;&quot;,&quot;focal_length&quot;:&quot;0&quot;,&quot;iso&quot;:&quot;0&quot;,&quot;shutter_speed&quot;:&quot;0&quot;,&quot;title&quot;:&quot;&quot;,&quot;orientation&quot;:&quot;0&quot;}\" data-image-title=\"INVERNADERO-4\" data-image-description=\"\" data-image-caption=\"&lt;p&gt;Foto: Especial&lt;\/p&gt;\n\" data-medium-file=\"https:\/\/www.grieta.org.mx\/wp-content\/uploads\/2020\/08\/INVERNADERO-4-300x169.jpg\" data-large-file=\"https:\/\/www.grieta.org.mx\/wp-content\/uploads\/2020\/08\/INVERNADERO-4-1024x576.jpg\" class=\"wp-image-52602\" src=\"http:\/\/www.grieta.org.mx\/wp-content\/uploads\/2020\/08\/INVERNADERO-4-300x169.jpg\" alt=\"\" width=\"800\" height=\"450\" srcset=\"https:\/\/www.grieta.org.mx\/wp-content\/uploads\/2020\/08\/INVERNADERO-4-300x169.jpg 300w, https:\/\/www.grieta.org.mx\/wp-content\/uploads\/2020\/08\/INVERNADERO-4-768x432.jpg 768w, https:\/\/www.grieta.org.mx\/wp-content\/uploads\/2020\/08\/INVERNADERO-4-1024x576.jpg 1024w, https:\/\/www.grieta.org.mx\/wp-content\/uploads\/2020\/08\/INVERNADERO-4-889x500.jpg 889w, https:\/\/www.grieta.org.mx\/wp-content\/uploads\/2020\/08\/INVERNADERO-4.jpg 1920w\" sizes=\"auto, (max-width: 800px) 100vw, 800px\" \/><figcaption id=\"caption-attachment-52602\" class=\"wp-caption-text\">Foto: Especial<\/figcaption><\/figure>\n<p>De acuerdo con la REJJA, existen tres aspectos que son fundamentales en el auge de la agricultura intensiva de exportaci\u00f3n como para la que trabajan las y los jornaleros de Tierra Blanca: primero, que los avances de la tecnolog\u00eda hacen las tierras m\u00e1s productivas; segundo, que los alimentos siempre se demandan en los mercados, aunque haya crisis; y, tercero, porque la explotaci\u00f3n de la mano de obra la hace un negocio muy rentable.<\/p>\n<p>&#8220;Las y los jornaleros agr\u00edcolas internos, particularmente los\/as jornaleros\/as migrantes son los\/as m\u00e1s explotados\/as entre los\/as trabajadores\/as&#8221;, dice el Primer Informe de la REJJA del 2019.<\/p>\n<p>Seg\u00fan los testimonios recibidos en POPLab no es la primera vez que incumplen con los acuerdos pactados y no son las \u00fanicas empresas que incurren en estas violaciones laborales en la regi\u00f3n noreste de nuestro estado. En los invernaderos las condiciones de estancia durante las jornadas son insalubres y bajo presiones, amenazas y condicionamientos de parte de los supervisiores; les solicitan el trabajo en horas extra y tampoco reciben su pago. Cuando han habido personas accidentadas, los due\u00f1os de las agroempresas no se responsabilizan y les dejan a su suerte.<\/p>\n<p>El grupo de jornaleras y jornaleros de Tierra Blanca ya est\u00e1 siendo acompa\u00f1ado por el Instituto Nacional de Pueblos Ind\u00edgenas (INPI) tras haber tenido diferentes enfrentamientos con Empacadora Xipehua. Gracias al INPI reciben asesor\u00eda para que se hagan respetar sus derechos laborales.<br \/>\nEmpresas irregulares son las que incumplen con jornaleros\/as<\/p>\n<p>Las empresas Empacadora Xipehua S.A. de C.V. y Nixte S. de P.R. de R.L. de C.V son propiedad de Juan de Jes\u00fas Garc\u00eda Correa y Mar\u00eda Patricia Guti\u00e9rrez Ortiz, ambas con domicilio en San Jos\u00e9 Iturbide, Guanajuato. Son las agroexportadoras se\u00f1aladas de abuso por las y los jornaleros de los invernaderos.<\/p>\n<p>Garc\u00eda Correa es socio adem\u00e1s de las empresas El Fruto de Nuestra Tierra, S. de P.R. de R.L. de C.V. (San Jos\u00e9 Iturbide) junto Luis Alfonso Rodr\u00edguez Medell\u00edn; de Proyectos Integrales Agr\u00edcolas de M\u00e9xico, S. de P.R. de R.L. de C.V. (Celaya) con Luis Alfonso Reyes Gaona.<\/p>\n<figure id=\"attachment_52601\" aria-describedby=\"caption-attachment-52601\" style=\"width: 800px\" class=\"wp-caption alignnone\"><img loading=\"lazy\" decoding=\"async\" data-attachment-id=\"52601\" data-permalink=\"https:\/\/www.grieta.org.mx\/index.php\/2020\/08\/09\/jornaleros-otomies-denuncian-a-agroempresa-en-san-jose-iturbide-por-abusos-laborales\/invernadero-5\/\" data-orig-file=\"https:\/\/www.grieta.org.mx\/wp-content\/uploads\/2020\/08\/INVERNADERO-5.jpg\" data-orig-size=\"1920,1080\" data-comments-opened=\"0\" data-image-meta=\"{&quot;aperture&quot;:&quot;0&quot;,&quot;credit&quot;:&quot;&quot;,&quot;camera&quot;:&quot;&quot;,&quot;caption&quot;:&quot;&quot;,&quot;created_timestamp&quot;:&quot;0&quot;,&quot;copyright&quot;:&quot;&quot;,&quot;focal_length&quot;:&quot;0&quot;,&quot;iso&quot;:&quot;0&quot;,&quot;shutter_speed&quot;:&quot;0&quot;,&quot;title&quot;:&quot;&quot;,&quot;orientation&quot;:&quot;0&quot;}\" data-image-title=\"INVERNADERO-5\" data-image-description=\"\" data-image-caption=\"&lt;p&gt;Foto: Especial&lt;\/p&gt;\n\" data-medium-file=\"https:\/\/www.grieta.org.mx\/wp-content\/uploads\/2020\/08\/INVERNADERO-5-300x169.jpg\" data-large-file=\"https:\/\/www.grieta.org.mx\/wp-content\/uploads\/2020\/08\/INVERNADERO-5-1024x576.jpg\" class=\"wp-image-52601\" src=\"http:\/\/www.grieta.org.mx\/wp-content\/uploads\/2020\/08\/INVERNADERO-5-300x169.jpg\" alt=\"\" width=\"800\" height=\"450\" srcset=\"https:\/\/www.grieta.org.mx\/wp-content\/uploads\/2020\/08\/INVERNADERO-5-300x169.jpg 300w, https:\/\/www.grieta.org.mx\/wp-content\/uploads\/2020\/08\/INVERNADERO-5-768x432.jpg 768w, https:\/\/www.grieta.org.mx\/wp-content\/uploads\/2020\/08\/INVERNADERO-5-1024x576.jpg 1024w, https:\/\/www.grieta.org.mx\/wp-content\/uploads\/2020\/08\/INVERNADERO-5-889x500.jpg 889w, https:\/\/www.grieta.org.mx\/wp-content\/uploads\/2020\/08\/INVERNADERO-5.jpg 1920w\" sizes=\"auto, (max-width: 800px) 100vw, 800px\" \/><figcaption id=\"caption-attachment-52601\" class=\"wp-caption-text\">Foto: Especial<\/figcaption><\/figure>\n<p>En 2016 Nixte recibi\u00f3 un financiamiento de la Corporaci\u00f3n Interamericana de Inversiones (CII) del Banco Interamericano de Desarrollo (BID) por un monto de 3 millones 500 mil d\u00f3lares (alrededor de 78 millones de pesos). Luego el CII-BID inici\u00f3 procesos legales contra Nixte ante el Tribunal Superior de Justicia de la Ciudad de M\u00e9xico, al menos uno en 2018 (Exp. 999\/2018) y otro en 2019 (Exp. 689\/2019). El Banco Ve por M\u00e1s SA. de CV. (BX+) tambi\u00e9n tiene un expediente abierto desde 2018 (Exp. 1338\/2018) contra Nixte.<\/p>\n<p>En 2015 la empresa recibi\u00f3 otro financiamiento de SAGARPA por el valor de 3 millones 600 mil pesos utilizando la raz\u00f3n social de Nixte y los nombre propios de Garc\u00eda Correa y Guti\u00e9rrez Ortiz como personas f\u00edsicas. Adem\u00e1s, Nixte aparece dentro de las empresas canceladas del Programa de la Industria Manufacturera, Maquiladora y de Servicios Exportaci\u00f3n (IMMEX) de la Secretar\u00eda de Econom\u00eda por falta de presentaci\u00f3n de reporte anual en 2015, resoluci\u00f3n publicada en el Diario Oficial de la Federaci\u00f3n.<\/p>\n<p>En el proyecto entregado al BID, la empresa de Garc\u00eda Correa y Guti\u00e9rrez Ortiz asegura que &#8220;la transportaci\u00f3n de trabajadores se brinda a trav\u00e9s de una compa\u00f1\u00eda transportista contratada por Nixte para este fin&#8221;, cuando son los cuadrilleros quienes los trasladan hacinados en camionetas con hasta 20 trabajadores en cada una.<\/p>\n<p>Seg\u00fan el proyecto &#8220;los procedimientos de buenas pr\u00e1cticas agr\u00edcolas incluyen aspectos de manipulaci\u00f3n y aplicaci\u00f3n de agroqu\u00edmicos, seguridad y salud ocupacional y el suministro de equipo de protecci\u00f3n personal a los trabajadores&#8221;, mientras que a los trabajadores solo se les entrega un bata para las labores de cosecha.<\/p>\n<p>La empresa denunciada por los jornaleros ante la Procuradur\u00eda de la Defensa del Trabajo le dijo al BID que &#8220;las pr\u00e1cticas laborales en la empresa siguen la legislaci\u00f3n laboral mexicana y los principios de la Organizaci\u00f3n Internacional del Trabajo&#8221;. As\u00ed las cosas, cabe preguntarse cu\u00e1ntas agroempresas estar\u00e1n operando en estas condiciones en Guanajuato.<br \/>\n<em><br \/>\nDe acuerdo con Mayo Meza Trejo, &#8220;los m\u00ednimos que se deben de proveer para esta poblaci\u00f3n con base en la Ley Federal del Trabajo, en el art\u00edculo 283, es que los patrones deben suministrar gratuitamente a los trabajadores y sus familias habitaciones adecuadas e higi\u00e9nicas, con agua potable, dotadas de piso firme; proporcionar gratuitamente al trabajador, a sus familiares o dependientes econ\u00f3micos que los acompa\u00f1en medicamentos y material de curaci\u00f3n; seguro de vida para sus traslados desde sus lugares de origen a los centros de trabajo y posteriormente a su retorno, adem\u00e1s de todas las otras cuestiones m\u00e1s generales como un contrato laboral y cumplimiento de \u00e9ste, seguridad social, entre otras&#8221;<\/em>.<\/p>\n<p><a href=\"https:\/\/poplab.mx\/article\/JornalerosotomiesdenuncianaagroempresaenSanJoseIturbideporabusoslaborales\">https:\/\/poplab.mx\/article\/JornalerosotomiesdenuncianaagroempresaenSanJoseIturbideporabusoslaborales<\/a><\/p>\n","protected":false},"excerpt":{"rendered":"<p>Recibe financiamientos millonarios nacionales e internacionales, pero incumple en pagos de hasta seis semanas a trabajadores ind\u00edgenas Alonso Merino Lubetsky \/POPLAB, 09 de ahosto de 2020 *Con informaci\u00f3n de Francisco &hellip; <a href=\"https:\/\/www.grieta.org.mx\/index.php\/2020\/08\/09\/jornaleros-otomies-denuncian-a-agroempresa-en-san-jose-iturbide-por-abusos-laborales\/\" class=\"more-link\">Leer m\u00e1s<\/a><\/p>\n","protected":false},"author":2,"featured_media":52597,"comment_status":"closed","ping_status":"closed","sticky":false,"template":"","format":"standard","meta":{"ngg_post_thumbnail":0,"_jetpack_newsletter_access":"","_jetpack_dont_email_post_to_subs":false,"_jetpack_newsletter_tier_id":0,"_jetpack_memberships_contains_paywalled_content":false,"_jetpack_memberships_contains_paid_content":false,"footnotes":""},"categories":[80,1258,17,2343,2513],"tags":[2841,2794,1056,1386],"class_list":["post-52596","post","type-post","status-publish","format-standard","has-post-thumbnail","hentry","category-cintillo","category-explotacion-y-precariedad-laboral-en-guanajuato","category-guanajuato","category-jornaleros-agricolas-en-guanajuato","category-la-ninez-en-la-tormenta-capitalista-en-guanajuato","tag-explotacion-y-precariedad-laboral","tag-jornaleros-agricolas","tag-lucha-de-jornaleros","tag-ninos-jornaleros","entry"],"jetpack_featured_media_url":"https:\/\/www.grieta.org.mx\/wp-content\/uploads\/2020\/08\/WhatsApp_Image_2020-08-01_at_10.41.48_PM.jpg","jetpack_sharing_enabled":true,"jetpack_shortlink":"https:\/\/wp.me\/p7ZJR4-dGk","jetpack_likes_enabled":false,"jetpack-related-posts":[{"id":31036,"url":"https:\/\/www.grieta.org.mx\/index.php\/2019\/03\/11\/quedan-sin-apoyo-jornaleros-agricolas-que-llegan-a-guanajuato\/","url_meta":{"origin":52596,"position":0},"title":"Quedan sin apoyo jornaleros agr\u00edcolas que llegan a Guanajuato","author":"grieta","date":"11 marzo, 2019","format":false,"excerpt":"Jos\u00e9 Antonio Castro\/ AM, Le\u00f3n Guanajuato, 21 de marzo de 2019. Le\u00f3n.- Con la cancelaci\u00f3n por parte de la Federaci\u00f3n del Programa de Atenci\u00f3n a Jornaleros Agr\u00edcolas, centenares de trabajadores que anualmente llegan a Guanajuato para trabajar en campos de cultivo quedar\u00e1n sin apoyo que era otorgado por Gobierno Federal,\u2026","rel":"","context":"En &quot;CINTILLO&quot;","block_context":{"text":"CINTILLO","link":"https:\/\/www.grieta.org.mx\/index.php\/category\/cintillo\/"},"img":{"alt_text":"","src":"https:\/\/i0.wp.com\/www.grieta.org.mx\/wp-content\/uploads\/2019\/03\/guanajuato-jornaleros.jpg_851672003.jpg?resize=350%2C200&ssl=1","width":350,"height":200,"srcset":"https:\/\/i0.wp.com\/www.grieta.org.mx\/wp-content\/uploads\/2019\/03\/guanajuato-jornaleros.jpg_851672003.jpg?resize=350%2C200&ssl=1 1x, https:\/\/i0.wp.com\/www.grieta.org.mx\/wp-content\/uploads\/2019\/03\/guanajuato-jornaleros.jpg_851672003.jpg?resize=525%2C300&ssl=1 1.5x, https:\/\/i0.wp.com\/www.grieta.org.mx\/wp-content\/uploads\/2019\/03\/guanajuato-jornaleros.jpg_851672003.jpg?resize=700%2C400&ssl=1 2x"},"classes":[]},{"id":41741,"url":"https:\/\/www.grieta.org.mx\/index.php\/2019\/11\/12\/exponen-recomendaciones-ante-violaciones-a-derechos-de-jornaleros-guanajuato\/","url_meta":{"origin":52596,"position":1},"title":"Exponen recomendaciones ante violaciones a derechos de jornaleros (Guanajuato)","author":"grieta","date":"12 noviembre, 2019","format":false,"excerpt":"En M\u00e9xico existen m\u00e1s de 3 millones de jornaleros(as), de los cuales se estim\u00f3 en 2009, el 40 por ciento son ind\u00edgenas. Renata Quintanar, Milenio Le\u00f3n \/ 12 de noviembre de 2019 A trav\u00e9s del panel Violaci\u00f3n de los Derechos Humanos de jornaleros y jornaleras agr\u00edcolas en M\u00e9xico, el Centro\u2026","rel":"","context":"En &quot;CINTILLO&quot;","block_context":{"text":"CINTILLO","link":"https:\/\/www.grieta.org.mx\/index.php\/category\/cintillo\/"},"img":{"alt_text":"","src":"https:\/\/i0.wp.com\/www.grieta.org.mx\/wp-content\/uploads\/2019\/12\/pdhegacudedistintasmunicipiosguanajuato.png?resize=350%2C200&ssl=1","width":350,"height":200,"srcset":"https:\/\/i0.wp.com\/www.grieta.org.mx\/wp-content\/uploads\/2019\/12\/pdhegacudedistintasmunicipiosguanajuato.png?resize=350%2C200&ssl=1 1x, https:\/\/i0.wp.com\/www.grieta.org.mx\/wp-content\/uploads\/2019\/12\/pdhegacudedistintasmunicipiosguanajuato.png?resize=525%2C300&ssl=1 1.5x, https:\/\/i0.wp.com\/www.grieta.org.mx\/wp-content\/uploads\/2019\/12\/pdhegacudedistintasmunicipiosguanajuato.png?resize=700%2C400&ssl=1 2x"},"classes":[]},{"id":47969,"url":"https:\/\/www.grieta.org.mx\/index.php\/2020\/04\/08\/coronavirus-denuncian-riesgo-de-jornaleros-agricolas-a-covid-19\/","url_meta":{"origin":52596,"position":2},"title":"Coronavirus: Denuncian riesgo de jornaleros agr\u00edcolas a COVID-19","author":"grieta","date":"8 abril, 2020","format":false,"excerpt":"En M\u00e9xico, al menos 2 millones de personas migran de su lugar de origen a los campos agr\u00edcolas para emplearse como jornaleras agr\u00edcolas Alina Escobedo, Plumas at\u00f3micas \/8 de abril de 2020 En M\u00e9xico, al menos 2 millones de personas migran de su lugar de origen a los campos agr\u00edcolas\u2026","rel":"","context":"En &quot;Baja California&quot;","block_context":{"text":"Baja California","link":"https:\/\/www.grieta.org.mx\/index.php\/category\/noticias-nacionales\/baja-california\/"},"img":{"alt_text":"","src":"https:\/\/i0.wp.com\/www.grieta.org.mx\/wp-content\/uploads\/2020\/04\/JornalerosCOVID.jpg?resize=350%2C200&ssl=1","width":350,"height":200,"srcset":"https:\/\/i0.wp.com\/www.grieta.org.mx\/wp-content\/uploads\/2020\/04\/JornalerosCOVID.jpg?resize=350%2C200&ssl=1 1x, https:\/\/i0.wp.com\/www.grieta.org.mx\/wp-content\/uploads\/2020\/04\/JornalerosCOVID.jpg?resize=525%2C300&ssl=1 1.5x, https:\/\/i0.wp.com\/www.grieta.org.mx\/wp-content\/uploads\/2020\/04\/JornalerosCOVID.jpg?resize=700%2C400&ssl=1 2x, https:\/\/i0.wp.com\/www.grieta.org.mx\/wp-content\/uploads\/2020\/04\/JornalerosCOVID.jpg?resize=1050%2C600&ssl=1 3x"},"classes":[]},{"id":4223,"url":"https:\/\/www.grieta.org.mx\/index.php\/2015\/04\/14\/denuncian-abusos-a-jornaleros-agricolas\/","url_meta":{"origin":52596,"position":3},"title":"Denuncian abusos a jornaleros agr\u00edcolas","author":"grieta","date":"14 abril, 2015","format":false,"excerpt":"Redacci\u00f3n\/El Sol de Nayarit Los denunciantes precisaron que en Nayarit los casos se dan con mayor frecuencia en municipios de la zona norte del estado. Ante instancias nacionales, defensores de los derechos de los jornaleros agr\u00edcolas denunciaron la explotaci\u00f3n generalizada a la que son sometidos los ind\u00edgenas que cada a\u00f1o\u2026","rel":"","context":"En &quot;CINTILLO&quot;","block_context":{"text":"CINTILLO","link":"https:\/\/www.grieta.org.mx\/index.php\/category\/cintillo\/"},"img":{"alt_text":"","src":"https:\/\/i0.wp.com\/www.grieta.org.mx\/wp-content\/uploads\/2018\/03\/14524434_1106112876131411_958039263622046936_o.jpg?resize=350%2C200&ssl=1","width":350,"height":200,"srcset":"https:\/\/i0.wp.com\/www.grieta.org.mx\/wp-content\/uploads\/2018\/03\/14524434_1106112876131411_958039263622046936_o.jpg?resize=350%2C200&ssl=1 1x, https:\/\/i0.wp.com\/www.grieta.org.mx\/wp-content\/uploads\/2018\/03\/14524434_1106112876131411_958039263622046936_o.jpg?resize=525%2C300&ssl=1 1.5x, https:\/\/i0.wp.com\/www.grieta.org.mx\/wp-content\/uploads\/2018\/03\/14524434_1106112876131411_958039263622046936_o.jpg?resize=700%2C400&ssl=1 2x"},"classes":[]},{"id":41059,"url":"https:\/\/www.grieta.org.mx\/index.php\/2019\/11\/05\/jornaleros-agricolas-de-michoacan-sufren-de-explotacion-en-el-campo\/","url_meta":{"origin":52596,"position":4},"title":"Jornaleros agr\u00edcolas de Michoac\u00e1n sufren de explotaci\u00f3n en el campo","author":"grieta","date":"5 noviembre, 2019","format":false,"excerpt":"\u00a0 En el estado de Michoac\u00e1n los trabajadores del campo no reciben las atenciones adecuadas y trabajan m\u00e1s de lo correspondido con el mismo salario Luis Flores \/ Tribuna, 05 de Noviembre de 2019 Morelia, Michoac\u00e1n.- La mayor\u00eda de los trabajadores del campo perciben 200 y 250 pesos por d\u00eda\u2026","rel":"","context":"En &quot;CINTILLO&quot;","block_context":{"text":"CINTILLO","link":"https:\/\/www.grieta.org.mx\/index.php\/category\/cintillo\/"},"img":{"alt_text":"","src":"https:\/\/i0.wp.com\/www.grieta.org.mx\/wp-content\/uploads\/2019\/11\/jornaleros2019.jpg?resize=350%2C200&ssl=1","width":350,"height":200,"srcset":"https:\/\/i0.wp.com\/www.grieta.org.mx\/wp-content\/uploads\/2019\/11\/jornaleros2019.jpg?resize=350%2C200&ssl=1 1x, https:\/\/i0.wp.com\/www.grieta.org.mx\/wp-content\/uploads\/2019\/11\/jornaleros2019.jpg?resize=525%2C300&ssl=1 1.5x, https:\/\/i0.wp.com\/www.grieta.org.mx\/wp-content\/uploads\/2019\/11\/jornaleros2019.jpg?resize=700%2C400&ssl=1 2x, https:\/\/i0.wp.com\/www.grieta.org.mx\/wp-content\/uploads\/2019\/11\/jornaleros2019.jpg?resize=1050%2C600&ssl=1 3x, https:\/\/i0.wp.com\/www.grieta.org.mx\/wp-content\/uploads\/2019\/11\/jornaleros2019.jpg?resize=1400%2C800&ssl=1 4x"},"classes":[]},{"id":31676,"url":"https:\/\/www.grieta.org.mx\/index.php\/2019\/04\/01\/auge-agricola-en-sl-aumenta-explotacion-de-jornaleros-san-luis-potosi\/","url_meta":{"origin":52596,"position":5},"title":"Auge agr\u00edcola en SL aumenta explotaci\u00f3n de jornaleros (San Luis Potos\u00ed)","author":"grieta","date":"1 abril, 2019","format":false,"excerpt":"Jaime Hern\u00e1ndez \/ Pulso OSC advierte que se mantienen las condiciones deplorables en las que laboran y viven San Luis Potos\u00ed tiene una poblaci\u00f3n flotante de 94 mil 826 jornaleros agr\u00edcolas migrantes, y ha aumentado en los \u00faltimos a\u00f1os debido al incremento de los cultivos agr\u00edcolas en la entidad. Sin\u2026","rel":"","context":"En &quot;CINTILLO&quot;","block_context":{"text":"CINTILLO","link":"https:\/\/www.grieta.org.mx\/index.php\/category\/cintillo\/"},"img":{"alt_text":"","src":"https:\/\/i0.wp.com\/www.grieta.org.mx\/wp-content\/uploads\/2018\/03\/14524434_1106112876131411_958039263622046936_o.jpg?resize=350%2C200&ssl=1","width":350,"height":200,"srcset":"https:\/\/i0.wp.com\/www.grieta.org.mx\/wp-content\/uploads\/2018\/03\/14524434_1106112876131411_958039263622046936_o.jpg?resize=350%2C200&ssl=1 1x, https:\/\/i0.wp.com\/www.grieta.org.mx\/wp-content\/uploads\/2018\/03\/14524434_1106112876131411_958039263622046936_o.jpg?resize=525%2C300&ssl=1 1.5x, https:\/\/i0.wp.com\/www.grieta.org.mx\/wp-content\/uploads\/2018\/03\/14524434_1106112876131411_958039263622046936_o.jpg?resize=700%2C400&ssl=1 2x"},"classes":[]}],"_links":{"self":[{"href":"https:\/\/www.grieta.org.mx\/index.php\/wp-json\/wp\/v2\/posts\/52596","targetHints":{"allow":["GET"]}}],"collection":[{"href":"https:\/\/www.grieta.org.mx\/index.php\/wp-json\/wp\/v2\/posts"}],"about":[{"href":"https:\/\/www.grieta.org.mx\/index.php\/wp-json\/wp\/v2\/types\/post"}],"author":[{"embeddable":true,"href":"https:\/\/www.grieta.org.mx\/index.php\/wp-json\/wp\/v2\/users\/2"}],"replies":[{"embeddable":true,"href":"https:\/\/www.grieta.org.mx\/index.php\/wp-json\/wp\/v2\/comments?post=52596"}],"version-history":[{"count":1,"href":"https:\/\/www.grieta.org.mx\/index.php\/wp-json\/wp\/v2\/posts\/52596\/revisions"}],"predecessor-version":[{"id":52675,"href":"https:\/\/www.grieta.org.mx\/index.php\/wp-json\/wp\/v2\/posts\/52596\/revisions\/52675"}],"wp:featuredmedia":[{"embeddable":true,"href":"https:\/\/www.grieta.org.mx\/index.php\/wp-json\/wp\/v2\/media\/52597"}],"wp:attachment":[{"href":"https:\/\/www.grieta.org.mx\/index.php\/wp-json\/wp\/v2\/media?parent=52596"}],"wp:term":[{"taxonomy":"category","embeddable":true,"href":"https:\/\/www.grieta.org.mx\/index.php\/wp-json\/wp\/v2\/categories?post=52596"},{"taxonomy":"post_tag","embeddable":true,"href":"https:\/\/www.grieta.org.mx\/index.php\/wp-json\/wp\/v2\/tags?post=52596"}],"curies":[{"name":"wp","href":"https:\/\/api.w.org\/{rel}","templated":true}]}}