{"id":52550,"date":"2020-07-13T17:11:42","date_gmt":"2020-07-13T22:11:42","guid":{"rendered":"http:\/\/www.grieta.org.mx\/?p=52550"},"modified":"2020-08-09T00:18:31","modified_gmt":"2020-08-09T05:18:31","slug":"denuncian-colapso-de-hospitales-en-oaxaca-piden-a-la-poblacion-quedarse-en-casa","status":"publish","type":"post","link":"https:\/\/www.grieta.org.mx\/index.php\/2020\/07\/13\/denuncian-colapso-de-hospitales-en-oaxaca-piden-a-la-poblacion-quedarse-en-casa\/","title":{"rendered":"Denuncian colapso de hospitales en Oaxaca; piden a la poblaci\u00f3n quedarse en casa"},"content":{"rendered":"<p>Proceso \/ Pedro Mat\u00edas.<\/p>\n<p><img loading=\"lazy\" decoding=\"async\" data-attachment-id=\"52551\" data-permalink=\"https:\/\/www.grieta.org.mx\/index.php\/2020\/07\/13\/denuncian-colapso-de-hospitales-en-oaxaca-piden-a-la-poblacion-quedarse-en-casa\/1-84\/\" data-orig-file=\"https:\/\/www.grieta.org.mx\/wp-content\/uploads\/2020\/08\/1-2.jpeg\" data-orig-size=\"870,522\" data-comments-opened=\"0\" data-image-meta=\"{&quot;aperture&quot;:&quot;0&quot;,&quot;credit&quot;:&quot;&quot;,&quot;camera&quot;:&quot;&quot;,&quot;caption&quot;:&quot;&quot;,&quot;created_timestamp&quot;:&quot;0&quot;,&quot;copyright&quot;:&quot;&quot;,&quot;focal_length&quot;:&quot;0&quot;,&quot;iso&quot;:&quot;0&quot;,&quot;shutter_speed&quot;:&quot;0&quot;,&quot;title&quot;:&quot;&quot;,&quot;orientation&quot;:&quot;0&quot;}\" data-image-title=\"1\" data-image-description=\"\" data-image-caption=\"\" data-medium-file=\"https:\/\/www.grieta.org.mx\/wp-content\/uploads\/2020\/08\/1-2-300x180.jpeg\" data-large-file=\"https:\/\/www.grieta.org.mx\/wp-content\/uploads\/2020\/08\/1-2.jpeg\" class=\"alignnone wp-image-52551\" src=\"http:\/\/www.grieta.org.mx\/wp-content\/uploads\/2020\/08\/1-2-300x180.jpeg\" alt=\"\" width=\"800\" height=\"480\" srcset=\"https:\/\/www.grieta.org.mx\/wp-content\/uploads\/2020\/08\/1-2-300x180.jpeg 300w, https:\/\/www.grieta.org.mx\/wp-content\/uploads\/2020\/08\/1-2-768x461.jpeg 768w, https:\/\/www.grieta.org.mx\/wp-content\/uploads\/2020\/08\/1-2-833x500.jpeg 833w, https:\/\/www.grieta.org.mx\/wp-content\/uploads\/2020\/08\/1-2.jpeg 870w\" sizes=\"auto, (max-width: 800px) 100vw, 800px\" \/><br \/>\nVideo del Frente Unificador de Sindicatos Independientes Oaxaque\u00f1os y Nacionales (Fusi\u00f3n). Foto: Faceboo Consejo Ciudadano para el Seguimiento de la Funci\u00f3n Publica.<\/p>\n<p>OAXACA, Oax. (apro).- Personal m\u00e9dico advirti\u00f3 que los principales hospitales en Oaxaca se han quedado sin espacio para la atenci\u00f3n de pacientes con covid-19, y muchos ya no cuentan con el equipo suficiente.<\/p>\n<p>No obstante, la Secretar\u00eda de Salud afirm\u00f3 que la entidad tiene 52.7% de disponibilidad hospitalaria para la atenci\u00f3n de pacientes contagiados, lo que tambi\u00e9n fue desmentido por el Frente Unificador de Sindicatos Independientes Oaxaque\u00f1os y Nacionales (Fusi\u00f3n), que en un video de un minuto con 53 segundos llama a la poblaci\u00f3n a no salir de su casa y evitar el contagio, porque los hospitales est\u00e1n colapsados.<\/p>\n<p>Con la frase \u201cPor ti y por los tuyos \u00a1Qu\u00e9date en casa!\u00a1Prot\u00e9gete!\u201d, l\u00edderes sindicales de los hospitales civil \u201cAurelio Valdivieso\u201d; regional \u201cpresidente Ju\u00e1rez\u201d del ISSSTE; general de zona n\u00famero 1 del IMSS-Oaxaca; regional de Alta Especialidad, y de la Mujer y del Ni\u00f1o Oaxaque\u00f1o, insistieron:<\/p>\n<p>\u201cPaisana, paisano, si no existe la urgencia de salir a la calle, qu\u00e9date en casa. Nosotros, como m\u00e9dicos, te lo decimos. Cambiar el sem\u00e1foro de rojo a naranja no quiere decir que la enfermedad termin\u00f3; si no tienes nada que hacer qu\u00e9date en casa\u201d.<\/p>\n<p>En el video \u2013con el tema de fondo \u201cMe espera un pueblo\u201d, de la Trova Serrana\u2013 los l\u00edderes sindicales lanzan un llamado de alerta:<\/p>\n<p>\u201cEl Hospital \u2018Aurelio Valdivieso\u2019 no tiene ya ning\u00fan espacio para recibir a pacientes enfermos de covid\u201d; \u201cel hospital regional \u2018presidente Ju\u00e1rez\u2019 del ISSSTE est\u00e1 saturado, ya no tienen m\u00e1s personal para atenderte; el hospital de especialidades de Oaxaca ya no tiene espacio suficiente, al igual que los dem\u00e1s hospitales de esta ciudad y de todo el estado.<\/p>\n<p><a href=\"https:\/\/www.facebook.com\/watch\/?v=3013716865344174\">https:\/\/www.facebook.com\/watch\/?v=3013716865344174<\/a><\/p>\n<p>\u201cEl hospital general de zona n\u00famero 1 de IMSS-Oaxaca ya no tiene personal y no tiene espacios para atenderte, \u00a1qu\u00e9date en casa!; el hospital de la Mujer cuenta con pocos espacios, pero no ser\u00e1 suficiente si todos nos contagiamos, \u00a1qu\u00e9date en casa!; y los centros de salud no tenemos medicamentos ni equipo de protecci\u00f3n, \u00a1qu\u00e9date en casa!\u201d.<\/p>\n<p>En respuesta a las denuncias, el secretario de Salud, Donato Casas Escamilla, inform\u00f3 que la entidad tiene hasta el corte de hoy 52.7% de capacidad hospitalaria disponible, con lo que se garantiza la atenci\u00f3n m\u00e9dica de la pandemia por covid-19.<\/p>\n<p>El sector Salud, subray\u00f3, presenta el 51.8% de ocupaci\u00f3n de camas de observaci\u00f3n y el 36.1% de espacios con pacientes que se encuentra utilizando un mecanismo de respiraci\u00f3n artificial.<\/p>\n<p>Sobre los Servicios de Salud de Oaxaca (SSO), se\u00f1al\u00f3 que tiene una ocupaci\u00f3n de 43.1% en la red covid-19, mientras que el Hospital Regional de Alta Especialidad de Oaxaca (HRAEO) presenta 61.3% y 100% el de la Ni\u00f1ez Oaxaque\u00f1a \u201cDoctor Guillermo Z\u00e1rate Mijangos\u201d.<\/p>\n<p>En tanto, la Secretar\u00eda de la Defensa Nacional (Sedena) contabiliza 36.1% de camas utilizadas, el Instituto de Seguridad y Servicios Sociales de los Trabajadores del Estado (ISSSTE), 47.7%; el Instituto Mexicano del Seguro Social (IMSS), 61.7%: el IMSS-Bienestar, 22.6%, y Petr\u00f3leos Mexicanos (Pemex) registra el 100% de ocupaci\u00f3n.<\/p>\n<p>Por su parte, la Secretar\u00eda de Marina (Semar) mantiene 73.3% de espacios, brindando atenci\u00f3n a pacientes positivos con complicaciones por el padecimiento viral, mientras que los nosocomios privados de la entidad, reportan el 50% de ocupaci\u00f3n.<\/p>\n<p>Casas Escamilla se\u00f1al\u00f3 que el hospital general \u201cDoctor Macedonio Ben\u00edtez Fuentes\u201d, de Juchit\u00e1n de Zaragoza, \u00fanicamente brindar\u00e1 el servicio de Urgencias en los pr\u00f3ximos d\u00edas, debido a que 170 trabajadores dieron positivo a covid-19.<\/p>\n<p>Destac\u00f3 que la atenci\u00f3n m\u00e9dica en la regi\u00f3n se seguir\u00e1 ofreciendo a trav\u00e9s de la red de unidades m\u00e9dicas de la Jurisdicci\u00f3n, que cuenta con siete hospitales y 135 centros de salud.<\/p>\n<p>En tal sentido, inform\u00f3 que se ampliar\u00e1 el n\u00famero de camas disponibles para la atenci\u00f3n del covid-19, espec\u00edficamente en el hospital de especialidades de Juchit\u00e1n de Zaragoza, que incrementar\u00e1 los espacios de 25 a 42.<\/p>\n<p>Casas Escamilla explic\u00f3 que, luego de realizar un tamizaje a 271 trabajadores de dicha unidad, el 61% result\u00f3 positivo a SARS-CoV-2, por lo que, cumpliendo con el protocolo establecido, el personal estar\u00e1 en aislamiento domiciliario, bajo vigilancia m\u00e9dica estricta, en espera de su recuperaci\u00f3n.<\/p>\n<p>Por otro lado, acept\u00f3 que los SSO establecieron este domingo un cerco sanitario en el hospital b\u00e1sico comunitario de Nochixtl\u00e1n, como parte de las medidas de seguridad para evitar contagios entre las y los trabajadores de la unidad m\u00e9dica.<\/p>\n<p>Destac\u00f3 que a trav\u00e9s del protocolo establecido por la pandemia se realizar\u00e1n actividades de sanitizaci\u00f3n en el inmueble hospitalario, as\u00ed como la b\u00fasqueda de casos sospechosos, acciones de contenci\u00f3n, vigilancia epidemiol\u00f3gica, atenci\u00f3n y seguimiento m\u00e9dico oportuno a las y los trabajadores que resulten positivos a covid-19.<\/p>\n<p>Explic\u00f3 que a la fecha se tiene el reporte de 27 pruebas confirmadas a la infecci\u00f3n respiratoria, en la plantilla laboral, por lo que el hospital comunitario (de 12 camas) reanudar\u00e1 actividades hasta el pr\u00f3ximo jueves 16.<\/p>\n<p>El funcionario expuso que durante este periodo el Centro de Salud de Servicios Ampliados (Cessa), ubicado en el Barrio de Pe\u00f1ade este municipio, atender\u00e1 las urgencias m\u00e9dicas que se presenten en la poblaci\u00f3n aleda\u00f1a a la zona.<\/p>\n<p><a href=\"https:\/\/www.proceso.com.mx\/638136\/coronavirus-en-mexico-denuncian-colapso-de-hospitales-en-oaxaca-piden-a-la-poblacion-quedarse-en-casa\" target=\"_blank\" rel=\"noopener noreferrer\">https:\/\/www.proceso.com.mx\/638136\/coronavirus-en-mexico-denuncian-colapso-de-hospitales-en-oaxaca-piden-a-la-poblacion-quedarse-en-casa<\/a><\/p>\n","protected":false},"excerpt":{"rendered":"<p>Proceso \/ Pedro Mat\u00edas. Video del Frente Unificador de Sindicatos Independientes Oaxaque\u00f1os y Nacionales (Fusi\u00f3n). Foto: Faceboo Consejo Ciudadano para el Seguimiento de la Funci\u00f3n Publica. OAXACA, Oax. (apro).- Personal &hellip; <a href=\"https:\/\/www.grieta.org.mx\/index.php\/2020\/07\/13\/denuncian-colapso-de-hospitales-en-oaxaca-piden-a-la-poblacion-quedarse-en-casa\/\" class=\"more-link\">Leer m\u00e1s<\/a><\/p>\n","protected":false},"author":2,"featured_media":52551,"comment_status":"closed","ping_status":"closed","sticky":false,"template":"","format":"standard","meta":{"ngg_post_thumbnail":0,"_jetpack_newsletter_access":"","_jetpack_dont_email_post_to_subs":false,"_jetpack_newsletter_tier_id":0,"_jetpack_memberships_contains_paywalled_content":false,"_jetpack_memberships_contains_paid_content":false,"footnotes":""},"categories":[80,3262,1728,2,25],"tags":[],"class_list":["post-52550","post","type-post","status-publish","format-standard","has-post-thumbnail","hentry","category-cintillo","category-crisis-covid-19-en-oaxaca","category-crisis-del-sector-salud-en-oaxaca","category-noticias-nacionales","category-oaxaca","entry"],"jetpack_featured_media_url":"https:\/\/www.grieta.org.mx\/wp-content\/uploads\/2020\/08\/1-2.jpeg","jetpack_sharing_enabled":true,"jetpack_shortlink":"https:\/\/wp.me\/p7ZJR4-dFA","jetpack_likes_enabled":false,"jetpack-related-posts":[{"id":49280,"url":"https:\/\/www.grieta.org.mx\/index.php\/2020\/05\/15\/ante-colapso-de-hospitales-habilitan-red-hospitalaria-para-atender-pacientes-de-coronavirus-en-oaxaca\/","url_meta":{"origin":52550,"position":0},"title":"Ante colapso de hospitales, habilitan red hospitalaria para atender pacientes de coronavirus en Oaxaca","author":"grieta","date":"15 mayo, 2020","format":false,"excerpt":"P\u00e1gina 3 \/ Pedro Mat\u00edas. Ampl\u00edan a 25 la red hospitalaria ante incremento de caso de covid-19. Pese a pugnas con personal sindicalizado Murat determin\u00f3 Hospital Covid al Aurelio Valdivieso OAXACA, Oax.- Ante el colapso de los dos principales hospitales covid-19 de la capital de Oaxaca, el gobernador Alejandro Murat\u2026","rel":"","context":"En &quot;CINTILLO&quot;","block_context":{"text":"CINTILLO","link":"https:\/\/www.grieta.org.mx\/index.php\/category\/cintillo\/"},"img":{"alt_text":"","src":"https:\/\/i0.wp.com\/www.grieta.org.mx\/wp-content\/uploads\/2020\/05\/Hospital-Aurelio-Valdivieso-Oax-1024x529.jpg?resize=350%2C200&ssl=1","width":350,"height":200,"srcset":"https:\/\/i0.wp.com\/www.grieta.org.mx\/wp-content\/uploads\/2020\/05\/Hospital-Aurelio-Valdivieso-Oax-1024x529.jpg?resize=350%2C200&ssl=1 1x, https:\/\/i0.wp.com\/www.grieta.org.mx\/wp-content\/uploads\/2020\/05\/Hospital-Aurelio-Valdivieso-Oax-1024x529.jpg?resize=525%2C300&ssl=1 1.5x, https:\/\/i0.wp.com\/www.grieta.org.mx\/wp-content\/uploads\/2020\/05\/Hospital-Aurelio-Valdivieso-Oax-1024x529.jpg?resize=700%2C400&ssl=1 2x"},"classes":[]},{"id":49084,"url":"https:\/\/www.grieta.org.mx\/index.php\/2020\/05\/13\/dos-de-los-principales-hospitales-para-atencion-del-covid-19-en-oaxaca-a-punto-de-colapsar\/","url_meta":{"origin":52550,"position":1},"title":"Dos de los principales hospitales para atenci\u00f3n del covid-19 en Oaxaca, a punto de colapsar","author":"grieta","date":"13 mayo, 2020","format":false,"excerpt":"Proceso \/ Pedro Mat\u00edas. El General de Zona 1 del IMSS, es uno de los hospitales que est\u00e1n a punto de colapsar por la atenci\u00f3n a pacientes con covid-19. Foto: Google Maps. OAXACA, Oax. (apro).- La Secretar\u00eda de Salud de Oaxaca reconoci\u00f3 que los hospitales Regional de Alta Especialidad de\u2026","rel":"","context":"En &quot;CINTILLO&quot;","block_context":{"text":"CINTILLO","link":"https:\/\/www.grieta.org.mx\/index.php\/category\/cintillo\/"},"img":{"alt_text":"","src":"https:\/\/i0.wp.com\/www.grieta.org.mx\/wp-content\/uploads\/2020\/05\/IMSS-hospital-general.jpg?resize=350%2C200&ssl=1","width":350,"height":200,"srcset":"https:\/\/i0.wp.com\/www.grieta.org.mx\/wp-content\/uploads\/2020\/05\/IMSS-hospital-general.jpg?resize=350%2C200&ssl=1 1x, https:\/\/i0.wp.com\/www.grieta.org.mx\/wp-content\/uploads\/2020\/05\/IMSS-hospital-general.jpg?resize=525%2C300&ssl=1 1.5x"},"classes":[]},{"id":47883,"url":"https:\/\/www.grieta.org.mx\/index.php\/2020\/04\/15\/casi-tres-mil-trabajadores-de-salud-sin-material-de-proteccion-para-hacer-frente-al-coronavirus-en-el-istmo-oaxaca\/","url_meta":{"origin":52550,"position":2},"title":"Casi tres mil trabajadores de Salud sin material de protecci\u00f3n para hacer frente al Coronavirus en el Istmo (Oaxaca)","author":"grieta","date":"15 abril, 2020","format":false,"excerpt":"P\u00e1gina 3 \/ Pedro Mat\u00edas. Casi tres mil trabajadores de Salud sin material de protecci\u00f3n para hacer frente al Coronavirus en el Istmo. OAXACA, Oax. (pagina3.mx).- A casi un mes de la presencia de la pandemia del Covid-19 (coronavirus) el material de protecci\u00f3n para atender esta pandemia no llega. Y\u2026","rel":"","context":"En &quot;CINTILLO&quot;","block_context":{"text":"CINTILLO","link":"https:\/\/www.grieta.org.mx\/index.php\/category\/cintillo\/"},"img":{"alt_text":"","src":"https:\/\/i0.wp.com\/www.grieta.org.mx\/wp-content\/uploads\/2018\/03\/14524434_1106112876131411_958039263622046936_o.jpg?resize=350%2C200&ssl=1","width":350,"height":200,"srcset":"https:\/\/i0.wp.com\/www.grieta.org.mx\/wp-content\/uploads\/2018\/03\/14524434_1106112876131411_958039263622046936_o.jpg?resize=350%2C200&ssl=1 1x, https:\/\/i0.wp.com\/www.grieta.org.mx\/wp-content\/uploads\/2018\/03\/14524434_1106112876131411_958039263622046936_o.jpg?resize=525%2C300&ssl=1 1.5x, https:\/\/i0.wp.com\/www.grieta.org.mx\/wp-content\/uploads\/2018\/03\/14524434_1106112876131411_958039263622046936_o.jpg?resize=700%2C400&ssl=1 2x"},"classes":[]},{"id":49885,"url":"https:\/\/www.grieta.org.mx\/index.php\/2020\/05\/26\/dos-hospitales-de-oaxaca-saturados-con-pacientes-covid-19\/","url_meta":{"origin":52550,"position":3},"title":"Dos hospitales de Oaxaca saturados con pacientes COVID-19","author":"grieta","date":"26 mayo, 2020","format":false,"excerpt":"P\u00e1gina 3 \/ Jaime Guerrero *Aplican campa\u00f1a \u201c\u00a1Alerta! Zona de alto contagio\u201d, en sitios p\u00fablicos. Jaime GUERRERO Los Servicios de Salud de Oaxaca reportaron que de acuerdo con el informe del nivel de disponibilidad de camas para atender pacientes COVID-19, dos hospitales est\u00e1n al 100 por ciento de su capacidad.\u2026","rel":"","context":"En &quot;CINTILLO&quot;","block_context":{"text":"CINTILLO","link":"https:\/\/www.grieta.org.mx\/index.php\/category\/cintillo\/"},"img":{"alt_text":"","src":"https:\/\/i0.wp.com\/www.grieta.org.mx\/wp-content\/uploads\/2020\/05\/Zona-de-alto-contagio.jpg?resize=350%2C200&ssl=1","width":350,"height":200,"srcset":"https:\/\/i0.wp.com\/www.grieta.org.mx\/wp-content\/uploads\/2020\/05\/Zona-de-alto-contagio.jpg?resize=350%2C200&ssl=1 1x, https:\/\/i0.wp.com\/www.grieta.org.mx\/wp-content\/uploads\/2020\/05\/Zona-de-alto-contagio.jpg?resize=525%2C300&ssl=1 1.5x, https:\/\/i0.wp.com\/www.grieta.org.mx\/wp-content\/uploads\/2020\/05\/Zona-de-alto-contagio.jpg?resize=700%2C400&ssl=1 2x"},"classes":[]},{"id":56376,"url":"https:\/\/www.grieta.org.mx\/index.php\/2021\/01\/19\/exigen-semaforo-rojo-en-oaxaca-covid-19-fuera-de-control\/","url_meta":{"origin":52550,"position":4},"title":"Exigen sem\u00e1foro rojo en Oaxaca: Covid-19 fuera de control","author":"grieta","date":"19 enero, 2021","format":false,"excerpt":"P\u00e1gina 3 \/ Pedro Mat\u00edas. *Alrededor de 20 Colegios M\u00e9dicos calificaron de \u201cinaudita la actitud irresponsable\u201d de los gobiernos de Alejandro Murat y de Oswaldo Garc\u00eda Jarqu\u00edn. | *Cuestionaron que prioricen \u201cla politiquer\u00eda y la econom\u00eda por encima de la salud p\u00fablica\u201d. | *Los hospitales est\u00e1n colapsados OAXACA, Oax.- Oaxaca\u2026","rel":"","context":"En &quot;CINTILLO&quot;","block_context":{"text":"CINTILLO","link":"https:\/\/www.grieta.org.mx\/index.php\/category\/cintillo\/"},"img":{"alt_text":"","src":"https:\/\/i0.wp.com\/www.grieta.org.mx\/wp-content\/uploads\/2021\/01\/1-9.jpg?resize=350%2C200&ssl=1","width":350,"height":200,"srcset":"https:\/\/i0.wp.com\/www.grieta.org.mx\/wp-content\/uploads\/2021\/01\/1-9.jpg?resize=350%2C200&ssl=1 1x, https:\/\/i0.wp.com\/www.grieta.org.mx\/wp-content\/uploads\/2021\/01\/1-9.jpg?resize=525%2C300&ssl=1 1.5x"},"classes":[]},{"id":46629,"url":"https:\/\/www.grieta.org.mx\/index.php\/2020\/03\/22\/por-coronavirus-amlo-entregara-control-de-10-hospitales-al-ejercito\/","url_meta":{"origin":52550,"position":5},"title":"Por coronavirus, AMLO entregar\u00e1 control de 10 hospitales al Ej\u00e9rcito","author":"grieta","date":"22 marzo, 2020","format":false,"excerpt":"Alberto Morales\/El Universal 22 marzo 2020 https:\/\/youtu.be\/sL1qTZ1ZZsg El presidente L\u00f3pez Obrador dijo que su gobierno ya se est\u00e1 preparando para tener los hospitales, las camas y los equipos que se necesiten durante la contingencia por el coronavirus Oaxaca.- El presidente Andr\u00e9s Manuel L\u00f3pez Obrador dijo que su gobierno se prepara,\u2026","rel":"","context":"En &quot;CINTILLO&quot;","block_context":{"text":"CINTILLO","link":"https:\/\/www.grieta.org.mx\/index.php\/category\/cintillo\/"},"img":{"alt_text":"","src":"https:\/\/i0.wp.com\/www.grieta.org.mx\/wp-content\/uploads\/2020\/03\/covid.png?resize=350%2C200&ssl=1","width":350,"height":200,"srcset":"https:\/\/i0.wp.com\/www.grieta.org.mx\/wp-content\/uploads\/2020\/03\/covid.png?resize=350%2C200&ssl=1 1x, https:\/\/i0.wp.com\/www.grieta.org.mx\/wp-content\/uploads\/2020\/03\/covid.png?resize=525%2C300&ssl=1 1.5x"},"classes":[]}],"_links":{"self":[{"href":"https:\/\/www.grieta.org.mx\/index.php\/wp-json\/wp\/v2\/posts\/52550","targetHints":{"allow":["GET"]}}],"collection":[{"href":"https:\/\/www.grieta.org.mx\/index.php\/wp-json\/wp\/v2\/posts"}],"about":[{"href":"https:\/\/www.grieta.org.mx\/index.php\/wp-json\/wp\/v2\/types\/post"}],"author":[{"embeddable":true,"href":"https:\/\/www.grieta.org.mx\/index.php\/wp-json\/wp\/v2\/users\/2"}],"replies":[{"embeddable":true,"href":"https:\/\/www.grieta.org.mx\/index.php\/wp-json\/wp\/v2\/comments?post=52550"}],"version-history":[{"count":1,"href":"https:\/\/www.grieta.org.mx\/index.php\/wp-json\/wp\/v2\/posts\/52550\/revisions"}],"predecessor-version":[{"id":52552,"href":"https:\/\/www.grieta.org.mx\/index.php\/wp-json\/wp\/v2\/posts\/52550\/revisions\/52552"}],"wp:featuredmedia":[{"embeddable":true,"href":"https:\/\/www.grieta.org.mx\/index.php\/wp-json\/wp\/v2\/media\/52551"}],"wp:attachment":[{"href":"https:\/\/www.grieta.org.mx\/index.php\/wp-json\/wp\/v2\/media?parent=52550"}],"wp:term":[{"taxonomy":"category","embeddable":true,"href":"https:\/\/www.grieta.org.mx\/index.php\/wp-json\/wp\/v2\/categories?post=52550"},{"taxonomy":"post_tag","embeddable":true,"href":"https:\/\/www.grieta.org.mx\/index.php\/wp-json\/wp\/v2\/tags?post=52550"}],"curies":[{"name":"wp","href":"https:\/\/api.w.org\/{rel}","templated":true}]}}