{"id":52502,"date":"2020-07-29T20:17:30","date_gmt":"2020-07-30T01:17:30","guid":{"rendered":"http:\/\/www.grieta.org.mx\/?p=52502"},"modified":"2020-08-07T22:25:45","modified_gmt":"2020-08-08T03:25:45","slug":"video-que-dijo-amlo-a-campesinos-de-oaxaca-sobre-contaminacion-minera","status":"publish","type":"post","link":"https:\/\/www.grieta.org.mx\/index.php\/2020\/07\/29\/video-que-dijo-amlo-a-campesinos-de-oaxaca-sobre-contaminacion-minera\/","title":{"rendered":"Video: \u00bfQu\u00e9 dijo Amlo a campesinos de Oaxaca sobre contaminaci\u00f3n minera?"},"content":{"rendered":"<p>Avispa Midia \/ Santiago Navarro F.<\/p>\n<div class=\"jetpack-video-wrapper\"><iframe loading=\"lazy\" title=\"Nueva contaminaci\u00f3n de Minera Canadiense en comunidades de Oaxaca\" width=\"1170\" height=\"658\" src=\"https:\/\/www.youtube.com\/embed\/_qjXDrqvyYU?feature=oembed\" frameborder=\"0\" allow=\"accelerometer; autoplay; clipboard-write; encrypted-media; gyroscope; picture-in-picture\" allowfullscreen><\/iframe><\/div>\n<p>El pasado 10 de julio, mujeres y hombres de la comunidad de Magdalena Ocotl\u00e1n, Oaxaca, ubicada al sur de M\u00e9xico, se alertaron por una nueva contaminaci\u00f3n en las aguas que bebe su ganado y de d\u00f3nde se nutren sus cultivos.<\/p>\n<p>La comunidad tom\u00f3 acciones intuyendo que est\u00e1 contaminaci\u00f3n recae en la responsabilidad de la Compa\u00f1\u00eda Minera Cuzcatl\u00e1n, filial de la canadiense Fortuna Silver Mines, la cual se encuentra a menos de 300 metros explotando diariamente, a trav\u00e9s de t\u00faneles, m\u00e1s de 8 millones de onzas de plata y 50 mil onzas de oro.<\/p>\n<p>En 2018 se registr\u00f3 una de las contaminaciones m\u00e1s severas de esta mina, al derramarse la presa de jales (estructura que contiene residuos de la explotaci\u00f3n de los minerales). En 2019, cu\u00e1ndo Andr\u00e9s Manuel L\u00f3pez Obrador (Amlo), presidente de M\u00e9xico, se dirig\u00eda de visita a otra comunidad los campesinos de Magdalena Ocotl\u00e1n le cerraron el paso para exponerle est\u00e1 contaminaci\u00f3n.<\/p>\n<p>\u00bfQu\u00e9 fue lo que dijo?<\/p>\n<p>En este video-documental recogemos las voces de la comunidad de Magdalena Ocotl\u00e1n y la voz de Amlo a su paso por esta comunidad.? https:\/\/bit.ly\/306zhYW<\/p>\n<p><a href=\"https:\/\/avispa.org\/video-que-dijo-amlo-a-campesinos-de-oaxaca-sobre-contaminacion-minera\/\" rel=\"noopener noreferrer\" target=\"_blank\">https:\/\/avispa.org\/video-que-dijo-amlo-a-campesinos-de-oaxaca-sobre-contaminacion-minera\/<\/a><\/p>\n","protected":false},"excerpt":{"rendered":"<p>Avispa Midia \/ Santiago Navarro F. El pasado 10 de julio, mujeres y hombres de la comunidad de Magdalena Ocotl\u00e1n, Oaxaca, ubicada al sur de M\u00e9xico, se alertaron por una &hellip; <a href=\"https:\/\/www.grieta.org.mx\/index.php\/2020\/07\/29\/video-que-dijo-amlo-a-campesinos-de-oaxaca-sobre-contaminacion-minera\/\" class=\"more-link\">Leer m\u00e1s<\/a><\/p>\n","protected":false},"author":2,"featured_media":21928,"comment_status":"closed","ping_status":"closed","sticky":false,"template":"","format":"standard","meta":{"ngg_post_thumbnail":0,"_jetpack_newsletter_access":"","_jetpack_dont_email_post_to_subs":false,"_jetpack_newsletter_tier_id":0,"_jetpack_memberships_contains_paywalled_content":false,"_jetpack_memberships_contains_paid_content":false,"footnotes":""},"categories":[80,1357,2355,1358,3262,2,25,2909],"tags":[],"class_list":["post-52502","post","type-post","status-publish","format-standard","has-post-thumbnail","hentry","category-cintillo","category-conflictos-mineros-en-oaxaca","category-conflictos-por-agua-en-oaxaca","category-conflictos-por-megaproyectos-en-oaxaca","category-crisis-covid-19-en-oaxaca","category-noticias-nacionales","category-oaxaca","category-resistencias-y-rebeldias-en-oaxaca","entry"],"jetpack_featured_media_url":"https:\/\/www.grieta.org.mx\/wp-content\/uploads\/2018\/03\/14524434_1106112876131411_958039263622046936_o.jpg","jetpack_sharing_enabled":true,"jetpack_shortlink":"https:\/\/wp.me\/p7ZJR4-dEO","jetpack_likes_enabled":false,"jetpack-related-posts":[{"id":28368,"url":"https:\/\/www.grieta.org.mx\/index.php\/2018\/12\/29\/vigentes-22-conflictos-por-proyectos-mineros-en-oaxaca\/","url_meta":{"origin":52502,"position":0},"title":"Vigentes, 22 conflictos por proyectos mineros en Oaxaca","author":"grieta","date":"29 diciembre, 2018","format":false,"excerpt":"Noticias. Miguel Angel, INTIMIDACI\u00d3N, ASESINATOS Y CONTAMINACI\u00d3N Oaxaca.- Intimidaciones, asesinatos, sobreexplotaci\u00f3n y contaminaci\u00f3n de fuentes de agua, contaminaci\u00f3n ambiental y auditiva, adem\u00e1s de ganancias multimillonarias que no se reflejan en el desarrollo de las comunidades son las inconformidades que muestran los pueblos ind\u00edgenas ante los proyectos mineros. De acuerdo al\u2026","rel":"","context":"En &quot;CINTILLO&quot;","block_context":{"text":"CINTILLO","link":"https:\/\/www.grieta.org.mx\/index.php\/category\/cintillo\/"},"img":{"alt_text":"","src":"https:\/\/i0.wp.com\/www.grieta.org.mx\/wp-content\/uploads\/2019\/01\/image_6.jpg?resize=350%2C200&ssl=1","width":350,"height":200,"srcset":"https:\/\/i0.wp.com\/www.grieta.org.mx\/wp-content\/uploads\/2019\/01\/image_6.jpg?resize=350%2C200&ssl=1 1x, https:\/\/i0.wp.com\/www.grieta.org.mx\/wp-content\/uploads\/2019\/01\/image_6.jpg?resize=525%2C300&ssl=1 1.5x, https:\/\/i0.wp.com\/www.grieta.org.mx\/wp-content\/uploads\/2019\/01\/image_6.jpg?resize=700%2C400&ssl=1 2x, https:\/\/i0.wp.com\/www.grieta.org.mx\/wp-content\/uploads\/2019\/01\/image_6.jpg?resize=1050%2C600&ssl=1 3x"},"classes":[]},{"id":54281,"url":"https:\/\/www.grieta.org.mx\/index.php\/2020\/10\/17\/calpulalpam-de-mendez-denuncia-contaminacion-ambiental-de-minera-en-su-territorio-oaxaca\/","url_meta":{"origin":52502,"position":1},"title":"Calpul\u00e1lpam de M\u00e9ndez denuncia contaminaci\u00f3n ambiental de minera en su territorio (Oaxaca)","author":"grieta","date":"17 octubre, 2020","format":false,"excerpt":"Noticias \/ Octavio V\u00e9lez. Revelan que la compa\u00f1\u00eda La Natividad y Anexas afectan a su r\u00edo. La comunidad ind\u00edgena zapoteca de Capul\u00e1lpam de M\u00e9ndez denunci\u00f3 que la compa\u00f1\u00eda minera La Natividad y Anexas est\u00e1 causando un grave impacto social y ambiental por la explotaci\u00f3n y el saqueo de minerales en\u2026","rel":"","context":"En &quot;CINTILLO&quot;","block_context":{"text":"CINTILLO","link":"https:\/\/www.grieta.org.mx\/index.php\/category\/cintillo\/"},"img":{"alt_text":"","src":"https:\/\/i0.wp.com\/www.grieta.org.mx\/wp-content\/uploads\/2020\/10\/R-1.jpg?resize=350%2C200&ssl=1","width":350,"height":200,"srcset":"https:\/\/i0.wp.com\/www.grieta.org.mx\/wp-content\/uploads\/2020\/10\/R-1.jpg?resize=350%2C200&ssl=1 1x, https:\/\/i0.wp.com\/www.grieta.org.mx\/wp-content\/uploads\/2020\/10\/R-1.jpg?resize=525%2C300&ssl=1 1.5x, https:\/\/i0.wp.com\/www.grieta.org.mx\/wp-content\/uploads\/2020\/10\/R-1.jpg?resize=700%2C400&ssl=1 2x, https:\/\/i0.wp.com\/www.grieta.org.mx\/wp-content\/uploads\/2020\/10\/R-1.jpg?resize=1050%2C600&ssl=1 3x"},"classes":[]},{"id":40030,"url":"https:\/\/www.grieta.org.mx\/index.php\/2019\/10\/03\/protestan-contra-empresa-minera-cuzcatlan-por-incumplir-con-obras-en-la-comunidad-el-cuajilote-oaxaca\/","url_meta":{"origin":52502,"position":2},"title":"Protestan contra empresa minera Cuzcatl\u00e1n por incumplir con obras en la comunidad El Cuajilote (Oaxaca)","author":"grieta","date":"3 octubre, 2019","format":false,"excerpt":"Pedro Mat\u00edas \/ P\u00e1gina 3. Oaxaca, Oax.- Madres y padres de familia de la escuela primaria \u201cAdolfo L\u00f3pez Mateos\u201d de la comunidad El Cuajilote cerraron las entradas de la minera Cuzcatl\u00e1n en San Jos\u00e9 Progreso por incumplir promesas de realizar obras sociales en la comunidad a cambio de establecerse en\u2026","rel":"","context":"En &quot;CINTILLO&quot;","block_context":{"text":"CINTILLO","link":"https:\/\/www.grieta.org.mx\/index.php\/category\/cintillo\/"},"img":{"alt_text":"","src":"https:\/\/i0.wp.com\/www.grieta.org.mx\/wp-content\/uploads\/2019\/10\/2.jpg?resize=350%2C200&ssl=1","width":350,"height":200,"srcset":"https:\/\/i0.wp.com\/www.grieta.org.mx\/wp-content\/uploads\/2019\/10\/2.jpg?resize=350%2C200&ssl=1 1x, https:\/\/i0.wp.com\/www.grieta.org.mx\/wp-content\/uploads\/2019\/10\/2.jpg?resize=525%2C300&ssl=1 1.5x"},"classes":[]},{"id":43369,"url":"https:\/\/www.grieta.org.mx\/index.php\/2020\/01\/21\/piden-a-gobierno-federal-cancelar-concesion-a-minera-en-la-mixteca-oaxaca\/","url_meta":{"origin":52502,"position":3},"title":"Piden a Gobierno Federal cancelar concesi\u00f3n a minera en la Mixteca (Oaxaca)","author":"grieta","date":"21 enero, 2020","format":false,"excerpt":"Diario Marca \/ Agencia NEC Huajuapan de Le\u00f3n, Oax.- Integrantes del colectivo \u00d1uu Savi, pidieron al Gobierno Federal la cancelaci\u00f3n de una concesi\u00f3n minera para la extracci\u00f3n de silicio en comunidades de la Mixteca oaxaque\u00f1a y poblana, al se\u00f1alar pone en riesgo el medio ambiente. A trav\u00e9s de una asamblea\u2026","rel":"","context":"En &quot;CINTILLO&quot;","block_context":{"text":"CINTILLO","link":"https:\/\/www.grieta.org.mx\/index.php\/category\/cintillo\/"},"img":{"alt_text":"","src":"https:\/\/i0.wp.com\/www.grieta.org.mx\/wp-content\/uploads\/2020\/01\/a.jpg?resize=350%2C200&ssl=1","width":350,"height":200,"srcset":"https:\/\/i0.wp.com\/www.grieta.org.mx\/wp-content\/uploads\/2020\/01\/a.jpg?resize=350%2C200&ssl=1 1x, https:\/\/i0.wp.com\/www.grieta.org.mx\/wp-content\/uploads\/2020\/01\/a.jpg?resize=525%2C300&ssl=1 1.5x, https:\/\/i0.wp.com\/www.grieta.org.mx\/wp-content\/uploads\/2020\/01\/a.jpg?resize=700%2C400&ssl=1 2x"},"classes":[]},{"id":69548,"url":"https:\/\/www.grieta.org.mx\/index.php\/2024\/09\/02\/oaxaca-zapotecos-denuncian-que-minera-continua-extraccion-ilegal-de-minerales\/","url_meta":{"origin":52502,"position":4},"title":"Oaxaca: Zapotecos denuncian que minera contin\u00faa extracci\u00f3n ilegal de minerales","author":"grieta","date":"2 septiembre, 2024","format":false,"excerpt":"Imagen: Avispa Midia Sare Frabes \/ Avispa Midia Autoridades de la\u00a0comunidad zapoteca de Capul\u00e1lpam de M\u00e9ndez,\u00a0en la Sierra Norte de Oaxaca, confiscaron en la madrugada del 31 de agosto\u00a0minerales extra\u00eddos\u00a0clandestinamente por la\u00a0minera Natividad y Anexas S.A. de C.V.,\u00a0filial de la canadiense\u00a0Fortuna Silver Mines, pese al cierre de la mina por\u2026","rel":"","context":"En &quot;CINTILLO&quot;","block_context":{"text":"CINTILLO","link":"https:\/\/www.grieta.org.mx\/index.php\/category\/cintillo\/"},"img":{"alt_text":"","src":"https:\/\/i0.wp.com\/www.grieta.org.mx\/wp-content\/uploads\/2024\/09\/Recortar-Conferencia-de-prensa-comunidades-unidas-de-la-Sierra-Norte-Por-Santiago-Navarro-F.jpg?resize=350%2C200&ssl=1","width":350,"height":200,"srcset":"https:\/\/i0.wp.com\/www.grieta.org.mx\/wp-content\/uploads\/2024\/09\/Recortar-Conferencia-de-prensa-comunidades-unidas-de-la-Sierra-Norte-Por-Santiago-Navarro-F.jpg?resize=350%2C200&ssl=1 1x, https:\/\/i0.wp.com\/www.grieta.org.mx\/wp-content\/uploads\/2024\/09\/Recortar-Conferencia-de-prensa-comunidades-unidas-de-la-Sierra-Norte-Por-Santiago-Navarro-F.jpg?resize=525%2C300&ssl=1 1.5x, https:\/\/i0.wp.com\/www.grieta.org.mx\/wp-content\/uploads\/2024\/09\/Recortar-Conferencia-de-prensa-comunidades-unidas-de-la-Sierra-Norte-Por-Santiago-Navarro-F.jpg?resize=700%2C400&ssl=1 2x, https:\/\/i0.wp.com\/www.grieta.org.mx\/wp-content\/uploads\/2024\/09\/Recortar-Conferencia-de-prensa-comunidades-unidas-de-la-Sierra-Norte-Por-Santiago-Navarro-F.jpg?resize=1050%2C600&ssl=1 3x"},"classes":[]},{"id":29782,"url":"https:\/\/www.grieta.org.mx\/index.php\/2019\/02\/28\/denuncia-comunidad-indigena-de-oaxaca-a-minera-canadiense\/","url_meta":{"origin":52502,"position":5},"title":"Denuncia comunidad ind\u00edgena de Oaxaca a minera canadiense","author":"grieta","date":"28 febrero, 2019","format":false,"excerpt":"Noticias. Octavio V\u00e9lez, Pobladores manifestaron su rechazo a la minera por violentar el derecho de los pueblos a decidir. La comunidad ind\u00edgena chontal de Santa Mar\u00eda Zapotitl\u00e1n denunci\u00f3 a la Secretar\u00eda de Econom\u00eda (SE) y a la compa\u00f1\u00eda canadiense Minaurum Gold, por violar sus derechos a la autonom\u00eda y a\u2026","rel":"","context":"En &quot;CINTILLO&quot;","block_context":{"text":"CINTILLO","link":"https:\/\/www.grieta.org.mx\/index.php\/category\/cintillo\/"},"img":{"alt_text":"","src":"https:\/\/i0.wp.com\/www.grieta.org.mx\/wp-content\/uploads\/2019\/02\/image_587.jpg?resize=350%2C200&ssl=1","width":350,"height":200,"srcset":"https:\/\/i0.wp.com\/www.grieta.org.mx\/wp-content\/uploads\/2019\/02\/image_587.jpg?resize=350%2C200&ssl=1 1x, https:\/\/i0.wp.com\/www.grieta.org.mx\/wp-content\/uploads\/2019\/02\/image_587.jpg?resize=525%2C300&ssl=1 1.5x, https:\/\/i0.wp.com\/www.grieta.org.mx\/wp-content\/uploads\/2019\/02\/image_587.jpg?resize=700%2C400&ssl=1 2x, https:\/\/i0.wp.com\/www.grieta.org.mx\/wp-content\/uploads\/2019\/02\/image_587.jpg?resize=1050%2C600&ssl=1 3x"},"classes":[]}],"_links":{"self":[{"href":"https:\/\/www.grieta.org.mx\/index.php\/wp-json\/wp\/v2\/posts\/52502","targetHints":{"allow":["GET"]}}],"collection":[{"href":"https:\/\/www.grieta.org.mx\/index.php\/wp-json\/wp\/v2\/posts"}],"about":[{"href":"https:\/\/www.grieta.org.mx\/index.php\/wp-json\/wp\/v2\/types\/post"}],"author":[{"embeddable":true,"href":"https:\/\/www.grieta.org.mx\/index.php\/wp-json\/wp\/v2\/users\/2"}],"replies":[{"embeddable":true,"href":"https:\/\/www.grieta.org.mx\/index.php\/wp-json\/wp\/v2\/comments?post=52502"}],"version-history":[{"count":1,"href":"https:\/\/www.grieta.org.mx\/index.php\/wp-json\/wp\/v2\/posts\/52502\/revisions"}],"predecessor-version":[{"id":52504,"href":"https:\/\/www.grieta.org.mx\/index.php\/wp-json\/wp\/v2\/posts\/52502\/revisions\/52504"}],"wp:featuredmedia":[{"embeddable":true,"href":"https:\/\/www.grieta.org.mx\/index.php\/wp-json\/wp\/v2\/media\/21928"}],"wp:attachment":[{"href":"https:\/\/www.grieta.org.mx\/index.php\/wp-json\/wp\/v2\/media?parent=52502"}],"wp:term":[{"taxonomy":"category","embeddable":true,"href":"https:\/\/www.grieta.org.mx\/index.php\/wp-json\/wp\/v2\/categories?post=52502"},{"taxonomy":"post_tag","embeddable":true,"href":"https:\/\/www.grieta.org.mx\/index.php\/wp-json\/wp\/v2\/tags?post=52502"}],"curies":[{"name":"wp","href":"https:\/\/api.w.org\/{rel}","templated":true}]}}