{"id":52497,"date":"2020-08-02T19:52:00","date_gmt":"2020-08-03T00:52:00","guid":{"rendered":"http:\/\/www.grieta.org.mx\/?p=52497"},"modified":"2020-08-07T21:57:04","modified_gmt":"2020-08-08T02:57:04","slug":"los-decesos-ocultos-en-el-istmo-de-tehuantepec-oaxaca","status":"publish","type":"post","link":"https:\/\/www.grieta.org.mx\/index.php\/2020\/08\/02\/los-decesos-ocultos-en-el-istmo-de-tehuantepec-oaxaca\/","title":{"rendered":"Los decesos ocultos en el Istmo de Tehuantepec (Oaxaca)"},"content":{"rendered":"<p>Autoridades de Uni\u00f3n Hidalgo, Salina Cruz y Juchit\u00e1n confirman un subregistro de casi 100% en las muertes, respecto a datos de SSO<\/p>\n<p><img loading=\"lazy\" decoding=\"async\" src=\"https:\/\/www.eluniversal.com.mx\/sites\/default\/files\/covid_istmo.jpg\" width=\"1201\" height=\"740\" class=\"alignnone size-medium\" \/><\/p>\n<p> Juchit\u00e1n de Zaragoza, Oax.- La pandemia de Covid-19 avanz\u00f3 de manera silenciosa en el Istmo de Tehuantepec. Mientras las cifras de fallecidos y contagios confirmados apenas se mov\u00edan en los primeros meses de la emergencia, abonando a la incredulidad de la poblaci\u00f3n, las muertes de gente con los s\u00edntomas del virus, pero que no se realiz\u00f3 la prueba, se fueron acumulando.<\/p>\n<p>Al menos as\u00ed lo se\u00f1alan autoridades de Uni\u00f3n Hidalgo, Salina Cruz y Juchit\u00e1n, quienes confirman la existencia de un subregistro de casi 100% en los decesos, respecto a datos oficiales de los Servicios de Salud de Oaxaca (SSO).<\/p>\n<p>Seg\u00fan datos de la dependencia, en el Istmo se acumulan 150 fallecidos por Covid-19 en los 48 municipios de la regi\u00f3n, desde abril, cuando se present\u00f3 el primer caso y la primera muerte en Juchit\u00e1n; en contraste, en un recuento realizado por EL UNIVERSAL se encontr\u00f3 que s\u00f3lo en Uni\u00f3n Hidalgo, Salina Cruz y Juchit\u00e1n se contabilizan 297 fallecidos con sospecha del virus en los \u00faltimos tres meses.<\/p>\n<p>Dicho recuento se construy\u00f3 a partir de las cifras de los gobiernos municipales, desde sus regidur\u00edas de panteones. Y fue el incremento de sepulturas, desde la \u00faltima semana de junio hasta la primera quincena de julio, lo que oblig\u00f3 a las autoridades a implementar estrategias dr\u00e1sticas, y al gobierno estatal, a declarar la regi\u00f3n en foco rojo para contener los contagios.<\/p>\n<p> Uni\u00f3n Hidalgo<\/p>\n<p>El 9 de junio, Antonio envi\u00f3 sus condolencias v\u00eda WhatsApp a Mariano, su amigo de toda la vida, pues su hermano Alejandro hab\u00eda muerto por Covid-19 en el pueblo de Uni\u00f3n Hidalgo, seg\u00fan le confirm\u00f3.<\/p>\n<p>A pesar del diagn\u00f3stico, la familia de Alejandro invit\u00f3 al velorio y al sepelio por los altavoces del pueblo; se resist\u00edan a acatar las recomendaciones sanitarias.<\/p>\n<p>Fue precisamente en junio cuando el gobierno municipal observ\u00f3 un aumento at\u00edpico de muertes.<\/p>\n<p>C\u00e9sar Carrasco Vicente, presidente municipal de Uni\u00f3n Hidalgo, reconoce que esta poblaci\u00f3n zapoteca no queda fuera de los subregistros de muertes. Sobre todo porque hay un sector que se niega a aceptar la existencia del mismo [coronavirus] y se resiste a acudir a los hospitales.<\/p>\n<p>Es por ello que cuando un paciente no venc\u00eda la enfermedad, su muerte no se contabilizaba de manera oficial en ning\u00fan lado, as\u00ed que tener los datos de las ocupaciones en los panteones les dio un acercamiento m\u00e1s real.<\/p>\n<p> De manera oficial, los SSO registran en Uni\u00f3n Hidalgo s\u00f3lo tres fallecimientos y 15 casos de Covid-19, pero la autoridad calcula que podr\u00edan ser 50 positivos.<\/p>\n<p>Sobre las defunciones, en mayo, junio y julio han fallecido 35 personas; la mayor\u00eda por complicaciones respiratorias y algunas por paros cardiacos, de acuerdo con sus certificados de defunci\u00f3n.<br \/>\nSalina Cruz<\/p>\n<p>Parar la vida de una ciudad portuaria es una labor casi imposible. As\u00ed lo ha dicho Juan Carlos Atecas Altamirano, alcalde de Salina Cruz, el municipio que, seg\u00fan los SSO, concentra el mayor n\u00famero de muertes y contagios de coronavirus en el Istmo, con 317 casos y 55 defunciones.<\/p>\n<p>A esas cifras hay que sumar 30 fallecimientos con sospechas o s\u00edntomas de Covid-19 sepultados en el pante\u00f3n municipal.<\/p>\n<p>Se trata de pacientes que murieron en sus casas y que fueron enterrados sin realizarse la prueba, sin diagn\u00f3stico y sin certificado de defunci\u00f3n. Con esta \u201ccifra negra\u201d suman 85 los fallecimientos desde que comenz\u00f3 la contingencia.<\/p>\n<p> La situaci\u00f3n del puerto lleg\u00f3 a tal grado que se satur\u00f3 el pante\u00f3n municipal, lo que oblig\u00f3 a las autoridades a acondicionar uno nuevo, donde desde la semana pasada comenzaron a ser ocupadas las tumbas.<br \/>\nJuchit\u00e1n<\/p>\n<p>Cuando esta ciudad se convirti\u00f3 en el epicentro de la pandemia en el Istmo, no lo hizo por los datos oficiales de los SSO, que apenas reportan 162 casos positivos y 29 fallecidos.<\/p>\n<p>La emergencia en el reino zapoteca comenz\u00f3 cuando el subregistro de las muertes, y la necesidad diaria de cavar cada vez m\u00e1s tumbas fue tan escandalosa que no hab\u00eda c\u00f3mo ocultarlo.<\/p>\n<p>Seg\u00fan las autoridades municipales, al d\u00eda se lleg\u00f3 a sepultar hasta a nueve personas, cuando no pasaban de cuatro al mes antes de la emergencia. A toda esa muerte se sumaron los brotes en mercados y en el Hospital General Macedonio Ben\u00edtez Fuentes.<\/p>\n<p>De acuerdo con los datos de la Regidur\u00eda de Panteones, del 26 de junio al 30 de julio suman 177 personas sepultadas, de las cuales 130 est\u00e1n relacionadas con el virus; seg\u00fan los SSO, son 31.<\/p>\n<p> En un informe virtual, el edil Emilio Montero dio a conocer que 50 fueron por Covid-19; 12, por sospechas de la enfermedad; 23, por infarto; 14, por deficiencia respiratoria, y siete, por diabetes. Adem\u00e1s, 24 personas fueron sepultadas sin datos sobre la causa de muerte, por lo que se consideran inhumaciones clandestinas.<\/p>\n<p>Aun cuando el n\u00famero baj\u00f3 la \u00faltima semana, el 29 y 30 de julio la muerte regres\u00f3 con furia, pues en dos d\u00edas fallecieron 16 personas.<\/p>\n<p><a href=\"https:\/\/www.eluniversal.com.mx\/estados\/los-decesos-ocultos-en-el-istmo-de-tehuantepec\" rel=\"noopener noreferrer\" target=\"_blank\">https:\/\/www.eluniversal.com.mx\/estados\/los-decesos-ocultos-en-el-istmo-de-tehuantepec<\/a><\/p>\n","protected":false},"excerpt":{"rendered":"<p>Autoridades de Uni\u00f3n Hidalgo, Salina Cruz y Juchit\u00e1n confirman un subregistro de casi 100% en las muertes, respecto a datos de SSO Juchit\u00e1n de Zaragoza, Oax.- La pandemia de Covid-19 &hellip; <a href=\"https:\/\/www.grieta.org.mx\/index.php\/2020\/08\/02\/los-decesos-ocultos-en-el-istmo-de-tehuantepec-oaxaca\/\" class=\"more-link\">Leer m\u00e1s<\/a><\/p>\n","protected":false},"author":2,"featured_media":21928,"comment_status":"closed","ping_status":"closed","sticky":false,"template":"","format":"standard","meta":{"ngg_post_thumbnail":0,"_jetpack_newsletter_access":"","_jetpack_dont_email_post_to_subs":false,"_jetpack_newsletter_tier_id":0,"_jetpack_memberships_contains_paywalled_content":false,"_jetpack_memberships_contains_paid_content":false,"footnotes":""},"categories":[80,3262,1728,2,25],"tags":[],"class_list":["post-52497","post","type-post","status-publish","format-standard","has-post-thumbnail","hentry","category-cintillo","category-crisis-covid-19-en-oaxaca","category-crisis-del-sector-salud-en-oaxaca","category-noticias-nacionales","category-oaxaca","entry"],"jetpack_featured_media_url":"https:\/\/www.grieta.org.mx\/wp-content\/uploads\/2018\/03\/14524434_1106112876131411_958039263622046936_o.jpg","jetpack_sharing_enabled":true,"jetpack_shortlink":"https:\/\/wp.me\/p7ZJR4-dEJ","jetpack_likes_enabled":false,"jetpack-related-posts":[{"id":15382,"url":"https:\/\/www.grieta.org.mx\/index.php\/2016\/06\/22\/cumplen-una-semana-de-paro-en-hospitales-del-istmo\/","url_meta":{"origin":52497,"position":0},"title":"Cumplen una semana de paro en Hospitales del Istmo","author":"grieta","date":"22 junio, 2016","format":false,"excerpt":"Diana Manzo, Aguascalientes #Juchit\u00e1n 22 jun (#Istmopress) .- Trabajadores de los Servicios de Salud de Oaxaca (SSO) en la regi\u00f3n del Istmo de Tehuantepec cumplieron una semana de paro de labores en Hospitales debido a la falta de insumos, medicamentos e infraestructura. En los hospitales de Juchit\u00e1n, Ixtepec, Salina Cruz\u2026","rel":"","context":"En &quot;CINTILLO&quot;","block_context":{"text":"CINTILLO","link":"https:\/\/www.grieta.org.mx\/index.php\/category\/cintillo\/"},"img":{"alt_text":"","src":"https:\/\/i0.wp.com\/www.grieta.org.mx\/wp-content\/uploads\/2018\/03\/14524434_1106112876131411_958039263622046936_o.jpg?resize=350%2C200&ssl=1","width":350,"height":200,"srcset":"https:\/\/i0.wp.com\/www.grieta.org.mx\/wp-content\/uploads\/2018\/03\/14524434_1106112876131411_958039263622046936_o.jpg?resize=350%2C200&ssl=1 1x, https:\/\/i0.wp.com\/www.grieta.org.mx\/wp-content\/uploads\/2018\/03\/14524434_1106112876131411_958039263622046936_o.jpg?resize=525%2C300&ssl=1 1.5x, https:\/\/i0.wp.com\/www.grieta.org.mx\/wp-content\/uploads\/2018\/03\/14524434_1106112876131411_958039263622046936_o.jpg?resize=700%2C400&ssl=1 2x"},"classes":[]},{"id":1685,"url":"https:\/\/www.grieta.org.mx\/index.php\/2016\/02\/11\/cumple-15-dia-paro-trabajadores-de-la-salud\/","url_meta":{"origin":52497,"position":1},"title":"Cumple 15 d\u00eda paro trabajadores de la salud","author":"grieta","date":"11 febrero, 2016","format":false,"excerpt":"Istmopress. Diana Manzo, Juchit\u00e1n, Oaxaca.- Unos mil 500 Trabajadores de 17 Delegaciones de los Servicios de Salud de Oaxaca del Istmo de Tehuantepec cumplieron quince d\u00edas de paro de labores en las unidades de salud, debido a la falta de insumos, medicamento y equipos medicos. El personal de salud solo\u2026","rel":"","context":"En &quot;CINTILLO&quot;","block_context":{"text":"CINTILLO","link":"https:\/\/www.grieta.org.mx\/index.php\/category\/cintillo\/"},"img":{"alt_text":"","src":"https:\/\/i0.wp.com\/www.grieta.org.mx\/wp-content\/uploads\/2018\/03\/14524434_1106112876131411_958039263622046936_o.jpg?resize=350%2C200&ssl=1","width":350,"height":200,"srcset":"https:\/\/i0.wp.com\/www.grieta.org.mx\/wp-content\/uploads\/2018\/03\/14524434_1106112876131411_958039263622046936_o.jpg?resize=350%2C200&ssl=1 1x, https:\/\/i0.wp.com\/www.grieta.org.mx\/wp-content\/uploads\/2018\/03\/14524434_1106112876131411_958039263622046936_o.jpg?resize=525%2C300&ssl=1 1.5x, https:\/\/i0.wp.com\/www.grieta.org.mx\/wp-content\/uploads\/2018\/03\/14524434_1106112876131411_958039263622046936_o.jpg?resize=700%2C400&ssl=1 2x"},"classes":[]},{"id":57320,"url":"https:\/\/www.grieta.org.mx\/index.php\/2021\/03\/05\/trabajadores-de-la-salud-de-oaxaca-bloquean-vias-para-exigir-vacuna-contra-covid-19\/","url_meta":{"origin":52497,"position":2},"title":"Trabajadores de la salud de Oaxaca bloquean v\u00edas para exigir vacuna contra covid-19","author":"grieta","date":"5 marzo, 2021","format":false,"excerpt":"Proceso \/ Pedro Mat\u00edas. Integrantes del Sindicato Nacional de Trabajadores de la Secretar\u00eda de Salud bloquearon seis v\u00edas para exigir que se aplique la vacuna contra el covid-19 a personal administrativo. OAXACA, Oax. (apro).- Con seis bloqueos carreteros en la regi\u00f3n del Istmo de Tehuantepec, integrantes del Sindicato Nacional de\u2026","rel":"","context":"En &quot;CINTILLO&quot;","block_context":{"text":"CINTILLO","link":"https:\/\/www.grieta.org.mx\/index.php\/category\/cintillo\/"},"img":{"alt_text":"","src":"https:\/\/i0.wp.com\/www.grieta.org.mx\/wp-content\/uploads\/2021\/03\/1.jpg?resize=350%2C200&ssl=1","width":350,"height":200,"srcset":"https:\/\/i0.wp.com\/www.grieta.org.mx\/wp-content\/uploads\/2021\/03\/1.jpg?resize=350%2C200&ssl=1 1x, https:\/\/i0.wp.com\/www.grieta.org.mx\/wp-content\/uploads\/2021\/03\/1.jpg?resize=525%2C300&ssl=1 1.5x, https:\/\/i0.wp.com\/www.grieta.org.mx\/wp-content\/uploads\/2021\/03\/1.jpg?resize=700%2C400&ssl=1 2x"},"classes":[]},{"id":63720,"url":"https:\/\/www.grieta.org.mx\/index.php\/2022\/03\/17\/dos-mujeres-y-una-adolescente-fueron-asesinadas-en-oaxaca-van-34-feminicidios-durante-2022\/","url_meta":{"origin":52497,"position":3},"title":"Dos mujeres y una adolescente fueron asesinadas en Oaxaca, van 34 feminicidios durante 2022","author":"grieta","date":"17 marzo, 2022","format":false,"excerpt":"Proceso \/ Pedro Mat\u00edas. De acuerdo con el conteo de la Plataforma de Violencia Feminicida, el Istmo de Tehuantepec es la regi\u00f3n con la mayor incidencia al concentrar 17 casos, de los cuales 10 se cometieron en el municipio de Juchit\u00e1n de Zaragoza. OAXACA, Oax. (apro).- La violencia feminicida en\u2026","rel":"","context":"En &quot;CINTILLO&quot;","block_context":{"text":"CINTILLO","link":"https:\/\/www.grieta.org.mx\/index.php\/category\/cintillo\/"},"img":{"alt_text":"","src":"https:\/\/i0.wp.com\/www.grieta.org.mx\/wp-content\/uploads\/2022\/03\/1.jpg?resize=350%2C200&ssl=1","width":350,"height":200,"srcset":"https:\/\/i0.wp.com\/www.grieta.org.mx\/wp-content\/uploads\/2022\/03\/1.jpg?resize=350%2C200&ssl=1 1x, https:\/\/i0.wp.com\/www.grieta.org.mx\/wp-content\/uploads\/2022\/03\/1.jpg?resize=525%2C300&ssl=1 1.5x, https:\/\/i0.wp.com\/www.grieta.org.mx\/wp-content\/uploads\/2022\/03\/1.jpg?resize=700%2C400&ssl=1 2x"},"classes":[]},{"id":52499,"url":"https:\/\/www.grieta.org.mx\/index.php\/2020\/07\/24\/con-20-decesos-y-1690-contagios-personal-de-salud-de-oaxaca-expone-problematicas\/","url_meta":{"origin":52497,"position":4},"title":"Con 20 decesos y 1,690 contagios, personal de salud de Oaxaca expone problem\u00e1ticas","author":"grieta","date":"24 julio, 2020","format":false,"excerpt":"Proceso \/ Pedro Mat\u00edas. Hospital Presidente Ju\u00e1rez del ISSSTE en Oaxaca. Foto: Google Maps OAXACA, Oax., (apro).- A mil 690 casos asciende el n\u00famero de contagios por covid-19 entre el personal m\u00e9dico, de los cuales 20 han muerto por coronavirus, confirmaron los Servicios de Salud. Los casos m\u00e1s recientes son\u2026","rel":"","context":"En &quot;CINTILLO&quot;","block_context":{"text":"CINTILLO","link":"https:\/\/www.grieta.org.mx\/index.php\/category\/cintillo\/"},"img":{"alt_text":"","src":"https:\/\/i0.wp.com\/www.grieta.org.mx\/wp-content\/uploads\/2020\/08\/t.jpeg?resize=350%2C200&ssl=1","width":350,"height":200,"srcset":"https:\/\/i0.wp.com\/www.grieta.org.mx\/wp-content\/uploads\/2020\/08\/t.jpeg?resize=350%2C200&ssl=1 1x, https:\/\/i0.wp.com\/www.grieta.org.mx\/wp-content\/uploads\/2020\/08\/t.jpeg?resize=525%2C300&ssl=1 1.5x, https:\/\/i0.wp.com\/www.grieta.org.mx\/wp-content\/uploads\/2020\/08\/t.jpeg?resize=700%2C400&ssl=1 2x"},"classes":[]},{"id":24687,"url":"https:\/\/www.grieta.org.mx\/index.php\/2018\/05\/23\/istmo-segundo-por-desaparicion-de-mujeres-en-oaxaca\/","url_meta":{"origin":52497,"position":5},"title":"Istmo, segundo por desaparici\u00f3n de mujeres en Oaxaca","author":"grieta","date":"23 mayo, 2018","format":false,"excerpt":"Noticias. Mariana Saynes B\u00f3squez y Francisco Mendoza, Salina Cruz, Oaxaca.- La regi\u00f3n del Istmo de Tehuantepec ocupa el segundo lugar estatal por el n\u00famero de mujeres desaparecidas, as\u00ed lo confirma un estudio presentado recientemente por Consorcio para el Di\u00e1logo Parlamentario y la Equidad Oaxaca. El an\u00e1lisis de la organizaci\u00f3n parte\u2026","rel":"","context":"En &quot;CINTILLO&quot;","block_context":{"text":"CINTILLO","link":"https:\/\/www.grieta.org.mx\/index.php\/category\/cintillo\/"},"img":{"alt_text":"","src":"https:\/\/i0.wp.com\/www.grieta.org.mx\/wp-content\/uploads\/2018\/07\/image_16_236.jpg?resize=350%2C200&ssl=1","width":350,"height":200,"srcset":"https:\/\/i0.wp.com\/www.grieta.org.mx\/wp-content\/uploads\/2018\/07\/image_16_236.jpg?resize=350%2C200&ssl=1 1x, https:\/\/i0.wp.com\/www.grieta.org.mx\/wp-content\/uploads\/2018\/07\/image_16_236.jpg?resize=525%2C300&ssl=1 1.5x, https:\/\/i0.wp.com\/www.grieta.org.mx\/wp-content\/uploads\/2018\/07\/image_16_236.jpg?resize=700%2C400&ssl=1 2x, https:\/\/i0.wp.com\/www.grieta.org.mx\/wp-content\/uploads\/2018\/07\/image_16_236.jpg?resize=1050%2C600&ssl=1 3x"},"classes":[]}],"_links":{"self":[{"href":"https:\/\/www.grieta.org.mx\/index.php\/wp-json\/wp\/v2\/posts\/52497","targetHints":{"allow":["GET"]}}],"collection":[{"href":"https:\/\/www.grieta.org.mx\/index.php\/wp-json\/wp\/v2\/posts"}],"about":[{"href":"https:\/\/www.grieta.org.mx\/index.php\/wp-json\/wp\/v2\/types\/post"}],"author":[{"embeddable":true,"href":"https:\/\/www.grieta.org.mx\/index.php\/wp-json\/wp\/v2\/users\/2"}],"replies":[{"embeddable":true,"href":"https:\/\/www.grieta.org.mx\/index.php\/wp-json\/wp\/v2\/comments?post=52497"}],"version-history":[{"count":1,"href":"https:\/\/www.grieta.org.mx\/index.php\/wp-json\/wp\/v2\/posts\/52497\/revisions"}],"predecessor-version":[{"id":52498,"href":"https:\/\/www.grieta.org.mx\/index.php\/wp-json\/wp\/v2\/posts\/52497\/revisions\/52498"}],"wp:featuredmedia":[{"embeddable":true,"href":"https:\/\/www.grieta.org.mx\/index.php\/wp-json\/wp\/v2\/media\/21928"}],"wp:attachment":[{"href":"https:\/\/www.grieta.org.mx\/index.php\/wp-json\/wp\/v2\/media?parent=52497"}],"wp:term":[{"taxonomy":"category","embeddable":true,"href":"https:\/\/www.grieta.org.mx\/index.php\/wp-json\/wp\/v2\/categories?post=52497"},{"taxonomy":"post_tag","embeddable":true,"href":"https:\/\/www.grieta.org.mx\/index.php\/wp-json\/wp\/v2\/tags?post=52497"}],"curies":[{"name":"wp","href":"https:\/\/api.w.org\/{rel}","templated":true}]}}