{"id":52461,"date":"2020-08-04T23:11:14","date_gmt":"2020-08-05T04:11:14","guid":{"rendered":"http:\/\/www.grieta.org.mx\/?p=52461"},"modified":"2020-08-06T23:16:46","modified_gmt":"2020-08-07T04:16:46","slug":"denuncian-brote-de-covid-en-hospital-fray-bernardino-y-carencias-para-atender-pacientes-ciudad-de-mexico","status":"publish","type":"post","link":"https:\/\/www.grieta.org.mx\/index.php\/2020\/08\/04\/denuncian-brote-de-covid-en-hospital-fray-bernardino-y-carencias-para-atender-pacientes-ciudad-de-mexico\/","title":{"rendered":"Denuncian brote de COVID en hospital Fray Bernardino y carencias para atender pacientes (Ciudad de M\u00e9xico)"},"content":{"rendered":"<figure id=\"attachment_52462\" aria-describedby=\"caption-attachment-52462\" style=\"width: 441px\" class=\"wp-caption alignnone\"><img loading=\"lazy\" decoding=\"async\" data-attachment-id=\"52462\" data-permalink=\"https:\/\/www.grieta.org.mx\/index.php\/2020\/08\/04\/denuncian-brote-de-covid-en-hospital-fray-bernardino-y-carencias-para-atender-pacientes-ciudad-de-mexico\/una-medica-tiende-una-cama-para-pacientes-con-covid-19-en-el-pabellon-de-terapia-intensiva-en-el-hospital-de-expansion-autodromo-hermanos-rodriguez\/\" data-orig-file=\"https:\/\/www.grieta.org.mx\/wp-content\/uploads\/2020\/08\/Denuncian-brote-de-COVID-en-hospital-Fray-Bernardino-y-carencias-para-atender-pacientes-cdmx-ago.jpeg\" data-orig-size=\"960,558\" data-comments-opened=\"0\" data-image-meta=\"{&quot;aperture&quot;:&quot;0&quot;,&quot;credit&quot;:&quot;Graciela L\\u00f3pez&quot;,&quot;camera&quot;:&quot;&quot;,&quot;caption&quot;:&quot;CIUDAD DE M\\u00c9XICO, 21JULIO2020.- M\\u00e9dicos atienden a pacientes infectados de Covid-19 en pabellones de terapia intermedia y terapia intensiva en el Hospital de Expansi\\u00f3n Aut\\u00f3dromo Hermanos Rodr\\u00edguez que cuenta con 8 pabellones de 24 camas y 2 pabellones de terapia intermedia con 26 camas, las cuales suman un total de 218 camas para atender a pacientes que llegan al \\u00c1rea de Urgencias para ser internados en el Hospital. Alrededor de 700 personas son las que laboran entre m\\u00e9dicos, personal de limpieza y personal administrativo. La jornada laboral de los m\\u00e9dicos se divide en 5 turnos, qui\\u00e9nes entran al Pabell\\u00f3n Respiratorio para utilizar los protocolos de equipo y medidas sanitarias antes de ingresar al Area Covid-19. \\nFOTO: GRACIELA L\\u00d3PEZ \/CUARTOSCURO.COM&quot;,&quot;created_timestamp&quot;:&quot;1595358529&quot;,&quot;copyright&quot;:&quot;Graciela L\\u00f3pez @Cuartoscuro&quot;,&quot;focal_length&quot;:&quot;0&quot;,&quot;iso&quot;:&quot;0&quot;,&quot;shutter_speed&quot;:&quot;0&quot;,&quot;title&quot;:&quot;Una m\\u00e9dica tiende una cama para pacientes con Covid-19 en el Pabell\\u00f3n de Terapia Intensiva en el Hospital de Expansi\\u00f3n Aut\\u00f3dromo Hermanos Rodr\\u00edguez&quot;,&quot;orientation&quot;:&quot;1&quot;}\" data-image-title=\"Una m\u00e9dica tiende una cama para pacientes con Covid-19 en el Pabell\u00f3n de Terapia Intensiva en el Hospital de Expansi\u00f3n Aut\u00f3dromo Hermanos Rodr\u00edguez\" data-image-description=\"\" data-image-caption=\"&lt;p&gt;CIUDAD DE M\u00c9XICO, 21JULIO2020.- M\u00e9dicos atienden a pacientes infectados de Covid-19 en pabellones de terapia intermedia y terapia intensiva en el Hospital de Expansi\u00f3n Aut\u00f3dromo Hermanos Rodr\u00edguez que cuenta con 8 pabellones de 24 camas y 2 pabellones de terapia intermedia con 26 camas, las cuales suman un total de 218 camas para atender a pacientes que llegan al \u00c1rea de Urgencias para ser internados en el Hospital. Alrededor de 700 personas son las que laboran entre m\u00e9dicos, personal de limpieza y personal administrativo. La jornada laboral de los m\u00e9dicos se divide en 5 turnos, qui\u00e9nes entran al Pabell\u00f3n Respiratorio para utilizar los protocolos de equipo y medidas sanitarias antes de ingresar al Area Covid-19.&lt;br \/&gt;\nFOTO: GRACIELA L\u00d3PEZ \/CUARTOSCURO.COM&lt;\/p&gt;\n\" data-medium-file=\"https:\/\/www.grieta.org.mx\/wp-content\/uploads\/2020\/08\/Denuncian-brote-de-COVID-en-hospital-Fray-Bernardino-y-carencias-para-atender-pacientes-cdmx-ago-300x174.jpeg\" data-large-file=\"https:\/\/www.grieta.org.mx\/wp-content\/uploads\/2020\/08\/Denuncian-brote-de-COVID-en-hospital-Fray-Bernardino-y-carencias-para-atender-pacientes-cdmx-ago.jpeg\" class=\" wp-image-52462\" src=\"http:\/\/www.grieta.org.mx\/wp-content\/uploads\/2020\/08\/Denuncian-brote-de-COVID-en-hospital-Fray-Bernardino-y-carencias-para-atender-pacientes-cdmx-ago-300x174.jpeg\" alt=\"\" width=\"441\" height=\"256\" srcset=\"https:\/\/www.grieta.org.mx\/wp-content\/uploads\/2020\/08\/Denuncian-brote-de-COVID-en-hospital-Fray-Bernardino-y-carencias-para-atender-pacientes-cdmx-ago-300x174.jpeg 300w, https:\/\/www.grieta.org.mx\/wp-content\/uploads\/2020\/08\/Denuncian-brote-de-COVID-en-hospital-Fray-Bernardino-y-carencias-para-atender-pacientes-cdmx-ago-768x446.jpeg 768w, https:\/\/www.grieta.org.mx\/wp-content\/uploads\/2020\/08\/Denuncian-brote-de-COVID-en-hospital-Fray-Bernardino-y-carencias-para-atender-pacientes-cdmx-ago-860x500.jpeg 860w, https:\/\/www.grieta.org.mx\/wp-content\/uploads\/2020\/08\/Denuncian-brote-de-COVID-en-hospital-Fray-Bernardino-y-carencias-para-atender-pacientes-cdmx-ago.jpeg 960w\" sizes=\"auto, (max-width: 441px) 100vw, 441px\" \/><figcaption id=\"caption-attachment-52462\" class=\"wp-caption-text\">CIUDAD DE M\u00c9XICO, 21JULIO2020.- M\u00e9dicos atienden a pacientes infectados de Covid-19 en pabellones de terapia intermedia y terapia intensiva en el Hospital de Expansi\u00f3n Aut\u00f3dromo Hermanos Rodr\u00edguez que cuenta con 8 pabellones de 24 camas y 2 pabellones de terapia intermedia con 26 camas, las cuales suman un total de 218 camas para atender a pacientes que llegan al \u00c1rea de Urgencias para ser internados en el Hospital. Alrededor de 700 personas son las que laboran entre m\u00e9dicos, personal de limpieza y personal administrativo. La jornada laboral de los m\u00e9dicos se divide en 5 turnos, qui\u00e9nes entran al Pabell\u00f3n Respiratorio para utilizar los protocolos de equipo y medidas sanitarias antes de ingresar al Area Covid-19.<br \/>FOTO: GRACIELA L\u00d3PEZ \/CUARTOSCURO.COM<\/figcaption><\/figure>\n<p>Andrea Vega \/ Animal Pol\u00edtico<\/p>\n<p>&nbsp;<\/p>\n<blockquote><p>M\u00e9dicos que est\u00e1n cursando su especialidad denuncian que ingres\u00f3 al hospital psiqui\u00e1trico un paciente con Covid, hubo varios contagios y qued\u00f3 expuesta la falta de preparaci\u00f3n para enfrentar el virus.<\/p><\/blockquote>\n<p>Hace m\u00e1s o menos dos semanas ingres\u00f3 al Hospital Psiqui\u00e1trico Fray Bernardino \u00c1lvarez un paciente que no presentaba s\u00edntomas de infecci\u00f3n respiratoria, pero los present\u00f3 estando ya hospitalizado en el quinto piso. Ten\u00eda Covid. El contacto con \u00e9l bast\u00f3 para que otros cinco pacientes se contagiaran, adem\u00e1s de tres residentes.<\/p>\n<p>As\u00ed lo denuncian m\u00e9dicos de segundo y cuarto a\u00f1o que cursan la especialidad de psiquiatr\u00eda en este hospital, donde dicen, se ha respondido a la contingencia de Covid de forma improvisada, sobre la marcha, y con lo que se ha podido.<\/p>\n<p>En la instituci\u00f3n ya se hab\u00eda dispuesto una zona para enviar ah\u00ed a los pacientes afectados con el coronavirus, en el primer piso de la torre de hospitalizaci\u00f3n, en el ala izquierda.<\/p>\n<p>Hasta hace dos semanas, cuenta uno de los residentes, a quien llamaremos Juan para proteger su identidad, no hab\u00eda ning\u00fan paciente ah\u00ed. El triage respiratorio a la entrada del hospital, una carpa acondicionada en la intemperie, hab\u00eda sido efectivo. Nadie con s\u00edntomas hab\u00eda ingresado.<\/p>\n<p>Pero hace dos semanas, eso cambi\u00f3. \u201cLleg\u00f3 un paciente que al parecer no ten\u00eda la enfermedad, pero ya estando internado, present\u00f3 s\u00edntomas, se le hizo la prueba y dio positivo\u201d.<\/p>\n<p>Ese paciente inaugur\u00f3 el \u00e1rea de aislados del Fray Bernardino. \u201cDespu\u00e9s tuvimos que ingresar ah\u00ed a ocho m\u00e1s, cinco tambi\u00e9n del quinto piso que estuvieron con \u00e9l. Y despu\u00e9s otros tres, de otros pisos, que tambi\u00e9n ingresaron sin s\u00edntomas y despu\u00e9s los presentaron\u201d.<\/p>\n<p>De acuerdo a los residentes, solo el primer paciente contagi\u00f3 a personal del hospital, \u201ca tres compa\u00f1eros, aunque no tenemos el dato de si tambi\u00e9n se contagi\u00f3 personal de enfermer\u00eda, solo sabemos de los residentes porque ellos nos lo comentaron. Las autoridades del hospital no nos dijeron nada y tampoco se nos hizo la prueba a todos los que estuvimos en contacto con ellos\u201d, sostiene Juan.<\/p>\n<p>Jimena, tambi\u00e9n nombre ficticio, otra de las residentes de segundo a\u00f1o, dice que hay otros compa\u00f1eros contagiados, al menos cinco, pero no se puede asegurar que hayan adquirido el virus en el Fray Bernardino. De ellos, dos estuvieron hospitalizados en la extensi\u00f3n que se mont\u00f3 en el CitiBanamex.<\/p>\n<p>La residente resume as\u00ed lo que ha pasado en el hospital frente a la epidemia: \u201cse ha hecho lo mejor que se puede con lo que se ten\u00eda, porque no hay protocolos de atenci\u00f3n a Covid en centros de atenci\u00f3n psiqui\u00e1trica, que est\u00e9n basados en evidencia, ha sido un poco emp\u00edrico como todo en lo de Covid\u201d.<\/p>\n<p>De ah\u00ed se desencadena toda una serie de denuncias que este lunes hicieron p\u00fablicas los residentes de cuarto a\u00f1o en una carta dirigida a la doctora Rosa Mar\u00eda Osiris Pazar\u00e1n, directora del Hospital Psiqui\u00e1trico Fray Bernardino \u00c1lvarez, y al doctor Rafael Sal\u00edn Pascual, jefe de la Unidad de Investigaci\u00f3n, Ense\u00f1anza y Capacitaci\u00f3n.<\/p>\n<p>En esta enumeran una serie de irregularidades, desde que el triage respiratorio es una simple carpa a la intemperie, hasta la falta de material de protecci\u00f3n, infraestructura y protocolos en el \u00e1rea de aislados y sobrecarga de trabajo para los m\u00e9dicos que cursan aqu\u00ed la especialidad de psiquiatr\u00eda.<\/p>\n<p>Uno de los m\u00e1s grandes problemas, se\u00f1ala \u201cRosa\u201d, residente de cuarto a\u00f1o, es que como la delimitaci\u00f3n de las \u00e1reas se hizo de forma improvisada, en la zona de aislados no hay un lugar por donde el personal entre y otro por donde salga. Se entra y se sale por la misma puerta, todav\u00eda portando el equipo de seguridad, con el riesgo de contaminaci\u00f3n que eso implica. Por ah\u00ed tambi\u00e9n ingresan carritos de comida, de basura y todo lo que haga falta.<\/p>\n<p>Adem\u00e1s, el \u00e1rea donde se cambian los residentes, al entrar y salir de donde est\u00e1n los aislados, est\u00e1 delimitada solo por una cortina de pl\u00e1stico. \u201cEst\u00e1 el pl\u00e1stico, lo pasas, ah\u00ed est\u00e1 la zona gris donde nos cambiamos, y despu\u00e9s ya est\u00e1 la puerta para entrar con los pacientes Covid. Lo ideal ser\u00eda que en lugar de esa cortina pl\u00e1stica hubiera otra puerta para mayor contenci\u00f3n de los agentes pat\u00f3genos\u201d, explica Juan.<\/p>\n<p>La carta de los residentes tambi\u00e9n denuncia que esa zona de aislados no se desinfecta de forma adecuada, en especial los fines de semana, cuando hay menos personal de limpieza. \u201cEntre semana s\u00ed sanitizan una vez cada 12 horas, m\u00e1s o menos, pero este domingo, por ejemplo, que me toc\u00f3 guardia tuvimos que pedirles que fueran porque estaba todo sucio y no pasaban\u201d, asegura el residente.<\/p>\n<p>De material de protecci\u00f3n dicen que s\u00ed hay, pero de donaciones, no porque la instituci\u00f3n lo provea. \u201cEn este hospital siempre hay carencias, siempre falta material, pero todo se vuelve m\u00e1s visible ahora en pandemia. Lo que tenemos nos lo han donado, y, por ejemplo, lo que falta mucho son los cubre botas, tenemos que usar los gorros para cubrir nuestro calzado, pero eso pasa siempre aqu\u00ed\u201d, cuenta Jimena.<\/p>\n<p>Otra cosa que pasa siempre y en la mayor\u00eda de los hospitales, pero que es peor ahora es la carga de trabajo y de responsabilidad para los residentes, que en sentido estricto son todav\u00eda m\u00e9dicos en formaci\u00f3n, cursando su especialidad.<\/p>\n<p>En el Fray Bernardino, como en casi todos los hospitales del pa\u00eds, ellos son los que est\u00e1n en la primera l\u00ednea. \u201cHay poco personal ahora porque se fueron muchos m\u00e9dicos adscritos de permiso por estar en los grupos de riesgos, as\u00ed que nos toca a nosotros atender a los pacientes con Covid\u201d, se\u00f1ala Juan.<\/p>\n<p>Una atenci\u00f3n que para estos j\u00f3venes m\u00e9dicos implica un doble desaf\u00edo. \u201cCon los pacientes psiqui\u00e1tricos es dif\u00edcil seguir protocolos \u2013subraya Jimena\u2013 si es dif\u00edcil lograr que se quieran ba\u00f1ar, imag\u00ednate conseguir que usen el cubre bocas o que respeten la sana distancia. Es muy complejo y eso sube el riesgo de contagios tanto entre ellos como entre nosotros\u201d.<\/p>\n<p>Lo otro es que ellos son residentes de psiquiatr\u00eda, no tienen todos los conocimientos para tratar a pacientes con insuficiencia respiratoria ni los f\u00e1rmacos ni la infraestructura adecuada.<\/p>\n<p>Por eso en el Fray Bernardino no se puede tener a pacientes intubados, si uno se agrava, es necesario trasladarlo. \u201cYa fue necesario llevar a uno a otro hospital, y no quer\u00edan aceptarlo, en ning\u00fan lado quieren aceptar a pacientes psiqui\u00e1tricos por el dif\u00edcil manejo \u2013cuenta Juan\u2013 los compa\u00f1eros que lo acompa\u00f1aron anduvieron dando vueltas con \u00e9l en la ambulancia hasta que lo aceptaron en uno, as\u00ed que tambi\u00e9n eso es un problema\u201d.<\/p>\n<p>En el Fray Bernardino se quedan solo los pacientes con Covid que no est\u00e1n graves. \u201cAqu\u00ed ni siquiera podemos tenerlos a todos con puntas nasales, porque solo hay una toma de ox\u00edgeno. Si se requiere, usamos tanques de los peque\u00f1os, que es todo lo que hay\u201d, dice Jimena.<\/p>\n<p>Frente a todo esto es que los residentes solicitan a las autoridades del hospital, a trav\u00e9s de la carta difundida hoy: tener un protocolo de seguimiento para los residentes del hospital infectados por COVID-19 y sus contactos, no minimizar signos y s\u00edntomas de probable infecci\u00f3n, solicitar asesor\u00eda por parte de direcci\u00f3n a otros hospitales con mayor experiencia, como el Instituto de Nutrici\u00f3n o el INER.<\/p>\n<p>Tambi\u00e9n sugieren a las autoridades realizar una visita guiada por las instalaciones del Hospital Psiqui\u00e1trico Fray Bernardino \u00c1lvarez para conocer el funcionamiento y emitir recomendaciones espec\u00edficas. Los residentes piden una respuesta a sus peticiones en un plazo de 48 horas.<\/p>\n<p>Animal Pol\u00edtico solicit\u00f3 a la Secretar\u00eda de Salud, de la que depende el Hospital Fray Bernardino, una entrevista o una postura ante las denuncias de los residentes, pero hasta el cierre de esta edici\u00f3n no hubo respuesta.<\/p>\n<p><a href=\"https:\/\/www.animalpolitico.com\/2020\/08\/denuncian-brote-covid-hospital-fray-bernardino\/\" target=\"_blank\" rel=\"noopener noreferrer\">https:\/\/www.animalpolitico.com\/2020\/08\/denuncian-brote-covid-hospital-fray-bernardino\/<\/a><\/p>\n","protected":false},"excerpt":{"rendered":"<p>Andrea Vega \/ Animal Pol\u00edtico &nbsp; M\u00e9dicos que est\u00e1n cursando su especialidad denuncian que ingres\u00f3 al hospital psiqui\u00e1trico un paciente con Covid, hubo varios contagios y qued\u00f3 expuesta la falta &hellip; <a href=\"https:\/\/www.grieta.org.mx\/index.php\/2020\/08\/04\/denuncian-brote-de-covid-en-hospital-fray-bernardino-y-carencias-para-atender-pacientes-ciudad-de-mexico\/\" class=\"more-link\">Leer m\u00e1s<\/a><\/p>\n","protected":false},"author":2,"featured_media":52462,"comment_status":"closed","ping_status":"closed","sticky":false,"template":"","format":"standard","meta":{"ngg_post_thumbnail":0,"_jetpack_newsletter_access":"","_jetpack_dont_email_post_to_subs":false,"_jetpack_newsletter_tier_id":0,"_jetpack_memberships_contains_paywalled_content":false,"_jetpack_memberships_contains_paid_content":false,"footnotes":""},"categories":[80,14,3295,918,3033,910,2,2119,83],"tags":[3241,2367,2841],"class_list":["post-52461","post","type-post","status-publish","format-standard","has-post-thumbnail","hentry","category-cintillo","category-ciudad-de-mexico","category-covid-19-en-ciudad-de-mexico","category-privatizacion-del-sector-salud","category-crisis-en-el-sector-salud-en-la-ciudad-de-mexico","category-explotacion-y-precariedad-laboral","category-noticias-nacionales","category-precarizacion-de-las-condiciones-laborales-en-la-ciudad-de-mexico","category-temas-nacionales","tag-covid-19","tag-crisis-en-el-sector-salud","tag-explotacion-y-precariedad-laboral","entry"],"jetpack_featured_media_url":"https:\/\/www.grieta.org.mx\/wp-content\/uploads\/2020\/08\/Denuncian-brote-de-COVID-en-hospital-Fray-Bernardino-y-carencias-para-atender-pacientes-cdmx-ago.jpeg","jetpack_sharing_enabled":true,"jetpack_shortlink":"https:\/\/wp.me\/p7ZJR4-dE9","jetpack_likes_enabled":false,"jetpack-related-posts":[{"id":47813,"url":"https:\/\/www.grieta.org.mx\/index.php\/2020\/04\/13\/covid-19-lleva-al-limite-a-los-hospitales-comienza-saturacion-ciudad-de-mexico\/","url_meta":{"origin":52461,"position":0},"title":"Covid-19 lleva al l\u00edmite a los hospitales; comienza saturaci\u00f3n (Ciudad de M\u00e9xico)","author":"grieta","date":"13 abril, 2020","format":false,"excerpt":"Imagen tomada de: lasillarota.com Mariluz Rold\u00e1n \/ La Silla Rota La pandemia de coronavirus esta llevando a la saturaci\u00f3n a los hospitales uno de ellos el Instituto Nacional de Ciencias M\u00e9dicas y Nutrici\u00f3n La pandemia de coronavirus ya llev\u00f3 al l\u00edmite a algunos ''hospitales covid'', como el Instituto Nacional de\u2026","rel":"","context":"En &quot;CINTILLO&quot;","block_context":{"text":"CINTILLO","link":"https:\/\/www.grieta.org.mx\/index.php\/category\/cintillo\/"},"img":{"alt_text":"","src":"https:\/\/i0.wp.com\/www.grieta.org.mx\/wp-content\/uploads\/2020\/04\/Covid-19-lleva-al-l%C3%ADmite-a-los-hospitales-comienza-saturaci%C3%B3n-cdmx-abr.jpg?resize=350%2C200","width":350,"height":200},"classes":[]},{"id":48978,"url":"https:\/\/www.grieta.org.mx\/index.php\/2020\/05\/08\/doctores-del-hospital-de-iztacalco-cierran-avenida-en-protesta-por-falta-de-personal-amagan-con-ir-a-paro-ciudad-de-mexico\/","url_meta":{"origin":52461,"position":1},"title":"Doctores del Hospital de Iztacalco cierran avenida en protesta por falta de personal; amagan con ir a paro (Ciudad de M\u00e9xico)","author":"grieta","date":"8 mayo, 2020","format":false,"excerpt":"Imagen tomada de: www.animalpolitico.com Manu Ureste y Andrea Vega \/ Animal Pol\u00edtico El personal m\u00e9dico acusa que las autoridades del hospital no dieron respuestas concretas a las exigencias planteadas. Personal m\u00e9dico del Hospital General n\u00famero 30 del IMSS, en Iztacalco, Ciudad de M\u00e9xico, cort\u00f3 la circulaci\u00f3n vial en la avenida\u2026","rel":"","context":"En &quot;CINTILLO&quot;","block_context":{"text":"CINTILLO","link":"https:\/\/www.grieta.org.mx\/index.php\/category\/cintillo\/"},"img":{"alt_text":"","src":"https:\/\/i0.wp.com\/www.grieta.org.mx\/wp-content\/uploads\/2020\/05\/Doctores-del-Hospital-de-Iztacalco-cierran-avenida-en-protesta-por-falta-de-personal-amagan-con-ir-a-paro-cdmx-may.jpg?resize=350%2C200&ssl=1","width":350,"height":200,"srcset":"https:\/\/i0.wp.com\/www.grieta.org.mx\/wp-content\/uploads\/2020\/05\/Doctores-del-Hospital-de-Iztacalco-cierran-avenida-en-protesta-por-falta-de-personal-amagan-con-ir-a-paro-cdmx-may.jpg?resize=350%2C200&ssl=1 1x, https:\/\/i0.wp.com\/www.grieta.org.mx\/wp-content\/uploads\/2020\/05\/Doctores-del-Hospital-de-Iztacalco-cierran-avenida-en-protesta-por-falta-de-personal-amagan-con-ir-a-paro-cdmx-may.jpg?resize=525%2C300&ssl=1 1.5x, https:\/\/i0.wp.com\/www.grieta.org.mx\/wp-content\/uploads\/2020\/05\/Doctores-del-Hospital-de-Iztacalco-cierran-avenida-en-protesta-por-falta-de-personal-amagan-con-ir-a-paro-cdmx-may.jpg?resize=700%2C400&ssl=1 2x, https:\/\/i0.wp.com\/www.grieta.org.mx\/wp-content\/uploads\/2020\/05\/Doctores-del-Hospital-de-Iztacalco-cierran-avenida-en-protesta-por-falta-de-personal-amagan-con-ir-a-paro-cdmx-may.jpg?resize=1050%2C600&ssl=1 3x"},"classes":[]},{"id":47810,"url":"https:\/\/www.grieta.org.mx\/index.php\/2020\/04\/13\/personal-medico-del-imss-exige-insumos-para-atender-coronavirus-ciudad-de-mexico\/","url_meta":{"origin":52461,"position":2},"title":"Personal m\u00e9dico del IMSS exige insumos para atender coronavirus (Ciudad de M\u00e9xico)","author":"grieta","date":"13 abril, 2020","format":false,"excerpt":"Imagen tomada de: www.eluniversal.com.mx Carla Mart\u00ednez \/ El Universal Personal que labora en el Hospital General de Zona Venados del IMSS bloque\u00f3 la avenida Municipio Libre para exigir insumos m\u00e9dicos para atender a pacientes con Covid-19 Por falta de insumos m\u00e9dicos para atender a pacientes con Covid-19, personal de salud\u2026","rel":"","context":"En &quot;CINTILLO&quot;","block_context":{"text":"CINTILLO","link":"https:\/\/www.grieta.org.mx\/index.php\/category\/cintillo\/"},"img":{"alt_text":"","src":"https:\/\/i0.wp.com\/www.grieta.org.mx\/wp-content\/uploads\/2020\/04\/Personal-m%C3%A9dico-del-IMSS-exige-insumos-para-atender-coronavirus-cdmx-abr.jpg?resize=350%2C200","width":350,"height":200},"classes":[]},{"id":48770,"url":"https:\/\/www.grieta.org.mx\/index.php\/2020\/05\/06\/personal-de-clinica-del-imss-en-zaragoza-denuncian-que-han-sido-rebasados-ciudad-de-mexico\/","url_meta":{"origin":52461,"position":3},"title":"PERSONAL DE CL\u00cdNICA DEL IMSS EN ZARAGOZA DENUNCIAN QUE HAN SIDO REBASADOS (Ciudad de M\u00e9xico)","author":"grieta","date":"6 mayo, 2020","format":false,"excerpt":"Foto: www.reporteindigo.com Reporte \u00cdndigo Trabajadores de la cl\u00ednica ubicada en calzada Ignacio Zaragoza se manifestaron este mi\u00e9rcoles a las afueras de la UMF 120 y cerraron la avenida El personal m\u00e9dico de la Unidad M\u00e9dica Familiar (UMF)120 en Zaragoza del Instituto Mexicano del Seguro Social (IMSS) denunci\u00f3 este mi\u00e9rcoles que\u2026","rel":"","context":"En &quot;CINTILLO&quot;","block_context":{"text":"CINTILLO","link":"https:\/\/www.grieta.org.mx\/index.php\/category\/cintillo\/"},"img":{"alt_text":"","src":"https:\/\/i0.wp.com\/www.grieta.org.mx\/wp-content\/uploads\/2020\/05\/PERSONAL-DE-CL%C3%8DNICA-DEL-IMSS-EN-ZARAGOZA-DENUNCIAN-QUE-HAN-SIDO-REBASADOS-cdmx-may.jpg?resize=350%2C200","width":350,"height":200},"classes":[]},{"id":48339,"url":"https:\/\/www.grieta.org.mx\/index.php\/2020\/04\/28\/hospitales-privados-reportan-que-ya-no-pueden-atender-a-mas-pacientes-covid-19-ciudad-de-mexico\/","url_meta":{"origin":52461,"position":4},"title":"HOSPITALES PRIVADOS REPORTAN QUE YA NO PUEDEN ATENDER A M\u00c1S PACIENTES COVID-19 (Ciudad de M\u00e9xico)","author":"grieta","date":"28 abril, 2020","format":false,"excerpt":"El Hospital Espa\u00f1ol es uno de los que anunci\u00f3 que ya no cuenta con camas disponibles para pacientes con COVID-19. Foto: Magdalena Montiel \/ Cuartoscuro.com Eme Equis Al menos ocho hospitales privados en la Ciudad de M\u00e9xico confirmaron que estaban rebasados en su capacidad para atender a pacientes con coronavirus\u2026","rel":"","context":"En &quot;CINTILLO&quot;","block_context":{"text":"CINTILLO","link":"https:\/\/www.grieta.org.mx\/index.php\/category\/cintillo\/"},"img":{"alt_text":"","src":"https:\/\/i0.wp.com\/www.grieta.org.mx\/wp-content\/uploads\/2020\/04\/HOSPITALES-PRIVADOS-REPORTAN-QUE-YA-NO-PUEDEN-ATENDER-A-M%C3%81S-PACIENTES-COVID-19-cdmx-abr.png?resize=350%2C200&ssl=1","width":350,"height":200,"srcset":"https:\/\/i0.wp.com\/www.grieta.org.mx\/wp-content\/uploads\/2020\/04\/HOSPITALES-PRIVADOS-REPORTAN-QUE-YA-NO-PUEDEN-ATENDER-A-M%C3%81S-PACIENTES-COVID-19-cdmx-abr.png?resize=350%2C200&ssl=1 1x, https:\/\/i0.wp.com\/www.grieta.org.mx\/wp-content\/uploads\/2020\/04\/HOSPITALES-PRIVADOS-REPORTAN-QUE-YA-NO-PUEDEN-ATENDER-A-M%C3%81S-PACIENTES-COVID-19-cdmx-abr.png?resize=525%2C300&ssl=1 1.5x, https:\/\/i0.wp.com\/www.grieta.org.mx\/wp-content\/uploads\/2020\/04\/HOSPITALES-PRIVADOS-REPORTAN-QUE-YA-NO-PUEDEN-ATENDER-A-M%C3%81S-PACIENTES-COVID-19-cdmx-abr.png?resize=700%2C400&ssl=1 2x, https:\/\/i0.wp.com\/www.grieta.org.mx\/wp-content\/uploads\/2020\/04\/HOSPITALES-PRIVADOS-REPORTAN-QUE-YA-NO-PUEDEN-ATENDER-A-M%C3%81S-PACIENTES-COVID-19-cdmx-abr.png?resize=1050%2C600&ssl=1 3x"},"classes":[]},{"id":48333,"url":"https:\/\/www.grieta.org.mx\/index.php\/2020\/04\/27\/bloquean-calzada-vallejo-por-falta-de-insumos-en-el-hospital-la-raza-ciudad-de-mexico\/","url_meta":{"origin":52461,"position":5},"title":"Bloquean Calzada Vallejo por falta de insumos en el Hospital La Raza (Ciudad de M\u00e9xico)","author":"grieta","date":"27 abril, 2020","format":false,"excerpt":"Personal de La Raza exige insumos m\u00e9dicos para laborar. Foto: Germ\u00e1n Canseco Rodrigo Vera \/ Proceso Personal m\u00e9dico del Hospital La Raza realiz\u00f3 esta tarde una protesta para exigir insumos m\u00e9dicos que les permitan atender a sus pacientes con coronavirus, aparte de que, se\u00f1alan, 45 de sus compa\u00f1eros ya han\u2026","rel":"","context":"En &quot;CINTILLO&quot;","block_context":{"text":"CINTILLO","link":"https:\/\/www.grieta.org.mx\/index.php\/category\/cintillo\/"},"img":{"alt_text":"","src":"https:\/\/i0.wp.com\/www.grieta.org.mx\/wp-content\/uploads\/2020\/04\/Bloquean-Calzada-Vallejo-por-falta-de-insumos-en-el-Hospital-La-Raza-cdmx-abr.jpg?resize=350%2C200&ssl=1","width":350,"height":200,"srcset":"https:\/\/i0.wp.com\/www.grieta.org.mx\/wp-content\/uploads\/2020\/04\/Bloquean-Calzada-Vallejo-por-falta-de-insumos-en-el-Hospital-La-Raza-cdmx-abr.jpg?resize=350%2C200&ssl=1 1x, https:\/\/i0.wp.com\/www.grieta.org.mx\/wp-content\/uploads\/2020\/04\/Bloquean-Calzada-Vallejo-por-falta-de-insumos-en-el-Hospital-La-Raza-cdmx-abr.jpg?resize=525%2C300&ssl=1 1.5x, https:\/\/i0.wp.com\/www.grieta.org.mx\/wp-content\/uploads\/2020\/04\/Bloquean-Calzada-Vallejo-por-falta-de-insumos-en-el-Hospital-La-Raza-cdmx-abr.jpg?resize=700%2C400&ssl=1 2x"},"classes":[]}],"_links":{"self":[{"href":"https:\/\/www.grieta.org.mx\/index.php\/wp-json\/wp\/v2\/posts\/52461","targetHints":{"allow":["GET"]}}],"collection":[{"href":"https:\/\/www.grieta.org.mx\/index.php\/wp-json\/wp\/v2\/posts"}],"about":[{"href":"https:\/\/www.grieta.org.mx\/index.php\/wp-json\/wp\/v2\/types\/post"}],"author":[{"embeddable":true,"href":"https:\/\/www.grieta.org.mx\/index.php\/wp-json\/wp\/v2\/users\/2"}],"replies":[{"embeddable":true,"href":"https:\/\/www.grieta.org.mx\/index.php\/wp-json\/wp\/v2\/comments?post=52461"}],"version-history":[{"count":1,"href":"https:\/\/www.grieta.org.mx\/index.php\/wp-json\/wp\/v2\/posts\/52461\/revisions"}],"predecessor-version":[{"id":52463,"href":"https:\/\/www.grieta.org.mx\/index.php\/wp-json\/wp\/v2\/posts\/52461\/revisions\/52463"}],"wp:featuredmedia":[{"embeddable":true,"href":"https:\/\/www.grieta.org.mx\/index.php\/wp-json\/wp\/v2\/media\/52462"}],"wp:attachment":[{"href":"https:\/\/www.grieta.org.mx\/index.php\/wp-json\/wp\/v2\/media?parent=52461"}],"wp:term":[{"taxonomy":"category","embeddable":true,"href":"https:\/\/www.grieta.org.mx\/index.php\/wp-json\/wp\/v2\/categories?post=52461"},{"taxonomy":"post_tag","embeddable":true,"href":"https:\/\/www.grieta.org.mx\/index.php\/wp-json\/wp\/v2\/tags?post=52461"}],"curies":[{"name":"wp","href":"https:\/\/api.w.org\/{rel}","templated":true}]}}