{"id":52451,"date":"2020-08-04T22:28:26","date_gmt":"2020-08-05T03:28:26","guid":{"rendered":"http:\/\/www.grieta.org.mx\/?p=52451"},"modified":"2020-08-06T22:32:05","modified_gmt":"2020-08-07T03:32:05","slug":"piden-proteccion-para-activista-amenazada-por-presuntos-colaboradores-de-diputada-mexiquense","status":"publish","type":"post","link":"https:\/\/www.grieta.org.mx\/index.php\/2020\/08\/04\/piden-proteccion-para-activista-amenazada-por-presuntos-colaboradores-de-diputada-mexiquense\/","title":{"rendered":"Piden protecci\u00f3n para activista amenazada por presuntos colaboradores de diputada mexiquense"},"content":{"rendered":"<p><img loading=\"lazy\" decoding=\"async\" data-attachment-id=\"52452\" data-permalink=\"https:\/\/www.grieta.org.mx\/index.php\/2020\/08\/04\/piden-proteccion-para-activista-amenazada-por-presuntos-colaboradores-de-diputada-mexiquense\/piden-proteccion-para-activista-amenazada-por-presuntos-colaboradores-de-diputada-mexiquense-edomex-ago\/\" data-orig-file=\"https:\/\/www.grieta.org.mx\/wp-content\/uploads\/2020\/08\/Piden-protecci\u00f3n-para-activista-amenazada-por-presuntos-colaboradores-de-diputada-mexiquense-edomex-ago.jpg\" data-orig-size=\"870,522\" data-comments-opened=\"0\" data-image-meta=\"{&quot;aperture&quot;:&quot;0&quot;,&quot;credit&quot;:&quot;&quot;,&quot;camera&quot;:&quot;&quot;,&quot;caption&quot;:&quot;&quot;,&quot;created_timestamp&quot;:&quot;0&quot;,&quot;copyright&quot;:&quot;&quot;,&quot;focal_length&quot;:&quot;0&quot;,&quot;iso&quot;:&quot;0&quot;,&quot;shutter_speed&quot;:&quot;0&quot;,&quot;title&quot;:&quot;&quot;,&quot;orientation&quot;:&quot;0&quot;}\" data-image-title=\"Piden protecci\u00f3n para activista amenazada por presuntos colaboradores de diputada mexiquense edomex ago\" data-image-description=\"\" data-image-caption=\"\" data-medium-file=\"https:\/\/www.grieta.org.mx\/wp-content\/uploads\/2020\/08\/Piden-protecci\u00f3n-para-activista-amenazada-por-presuntos-colaboradores-de-diputada-mexiquense-edomex-ago-300x180.jpg\" data-large-file=\"https:\/\/www.grieta.org.mx\/wp-content\/uploads\/2020\/08\/Piden-protecci\u00f3n-para-activista-amenazada-por-presuntos-colaboradores-de-diputada-mexiquense-edomex-ago.jpg\" class=\"alignnone size-medium wp-image-52452\" src=\"http:\/\/www.grieta.org.mx\/wp-content\/uploads\/2020\/08\/Piden-protecci\u00f3n-para-activista-amenazada-por-presuntos-colaboradores-de-diputada-mexiquense-edomex-ago-300x180.jpg\" alt=\"\" width=\"300\" height=\"180\" srcset=\"https:\/\/www.grieta.org.mx\/wp-content\/uploads\/2020\/08\/Piden-protecci\u00f3n-para-activista-amenazada-por-presuntos-colaboradores-de-diputada-mexiquense-edomex-ago-300x180.jpg 300w, https:\/\/www.grieta.org.mx\/wp-content\/uploads\/2020\/08\/Piden-protecci\u00f3n-para-activista-amenazada-por-presuntos-colaboradores-de-diputada-mexiquense-edomex-ago-768x461.jpg 768w, https:\/\/www.grieta.org.mx\/wp-content\/uploads\/2020\/08\/Piden-protecci\u00f3n-para-activista-amenazada-por-presuntos-colaboradores-de-diputada-mexiquense-edomex-ago-833x500.jpg 833w, https:\/\/www.grieta.org.mx\/wp-content\/uploads\/2020\/08\/Piden-protecci\u00f3n-para-activista-amenazada-por-presuntos-colaboradores-de-diputada-mexiquense-edomex-ago.jpg 870w\" sizes=\"auto, (max-width: 300px) 100vw, 300px\" \/><br \/>\nEl presunto agresor de la activista con la diputada Azucena Cisneros. Foto: Especial<\/p>\n<p>Veneranda Mendoza \/ Proceso<\/p>\n<blockquote><p>TOLUCA, Edomex. (apro).- M\u00e1s de un centenar de organizaciones civiles solicitaron a la titular de la Secretar\u00eda de Gobernaci\u00f3n, Olga S\u00e1nchez Cordero, acoger al mecanismo de protecci\u00f3n a Adelina Paz, activista mixteca l\u00edder del \u2018Proyecto Urban@s: Por nuestro Derecho a la Ciudad\u2019, en virtud de que fue amenazada por Joel Mart\u00ednez y Juana Jaramillo, presuntos colaboradores de la diputada local Azucena Cisneros.<\/p><\/blockquote>\n<p>No obstante, la legisladora morenista rechaz\u00f3 que Paz o Mart\u00ednez trabajen para ella, y asegur\u00f3 que m\u00e1s bien se trata de una campa\u00f1a de difamaci\u00f3n porque no conoce a los se\u00f1alados.<\/p>\n<p>A trav\u00e9s de una carta dirigida a S\u00e1nchez Cordero, as\u00ed como a los presidentes de las comisiones nacional y estatal de Derechos Humanos, Rosario Piedra y Jorge Olvera, respectivamente, y al alcalde de Ecatepec, Fernando Vilchis, los colectivos \u2013entre ellos Mujeres, Democracia y Ciudadan\u00eda, y la Comisi\u00f3n Huairou\u2013 indicaron que Joel Mart\u00ednez Ram\u00edrez amenaz\u00f3 a la activista en la Comunidad Potrero del Rey, en Ecatepec.<\/p>\n<p>Detallaron que el proyecto que Adelina lidera instal\u00f3 el comedor comunitario \u201cMarcelina Bautista\u201d para atender a aquellas personas que perdieron sus medios de sobrevivencia debido a la pandemia de covid-19, y el 28 de julio pasado, durante una asamblea para discutir el fresado de calles, Joel Mart\u00ednez habr\u00eda solicitado a Paz \u201cincondicionalidad pol\u00edtica\u201d, adem\u00e1s de que la acus\u00f3 de \u201cignorante con facha de pobre y analfabeta\u201d, y le dijo que mejor deb\u00eda regresarse a casa a cuidar a sus hijos.<\/p>\n<p>Tambi\u00e9n le habr\u00eda advertido: \u201cSi no cierras el comedor comunitario, atente a las consecuencias\u2026 estoy bien parado con la diputada Azucena Cisneros, quien ser\u00e1 la pr\u00f3xima presidenta municipal\u201d.<\/p>\n<p>Al d\u00eda siguiente, relataron, \u201cpersonas a bordo de un autom\u00f3vil Chevrolet \u00d3nix rojo, donde se pudo identificar plenamente a Juana Jaramillo, tambi\u00e9n operadora pol\u00edtica de la diputada en cuesti\u00f3n, invitaron a nuestra compa\u00f1era a subir al coche, ya que quer\u00edan hablar con ella a solas; al negarse, bajaron del coche y le ofrecieron que se integre a su equipo de trabajo, que Joel era una excelente persona y que si segu\u00eda neg\u00e1ndose entonces no le bajar\u00edan el programa de vivienda a su comunidad\u201d.<\/p>\n<p>A trav\u00e9s de amenazas y coerci\u00f3n pol\u00edtica, subrayaron, Joel Mart\u00ednez y Juana Jaramillo tratan de impedir el ejercicio del derecho a la organizaci\u00f3n y participaci\u00f3n pol\u00edtica libre e independiente, \u201cmientras sus manifestaciones violentas, machistas, con la intenci\u00f3n de humillar, envilecer, degradar o cosificar van en contra de la dignidad de las personas y contravienen a la Constituci\u00f3n y las leyes en materia de derechos humanos\u201d.<\/p>\n<p>Por ello, exigieron a las autoridades correspondientes su intervenci\u00f3n \u201cpara que se investiguen los hechos y se garantice el derecho de las mujeres a trabajar en nuestros territorios, libres de coerci\u00f3n pol\u00edtica y con respeto a la autonom\u00eda de nuestras organizaciones comunitarias, y que adem\u00e1s se garantice una vida libre de violencia para las mujeres y ni\u00f1as\u201d.<\/p>\n<p>Adem\u00e1s, responsabilizaron a Mart\u00ednez Ram\u00edrez y a Jaramillo Tapia \u201cde cualquier cosa que pueda sucederle a nuestra compa\u00f1era Adelina Paz\u201d.<\/p>\n<p>En tanto, la morenista Azucena Cisneros alert\u00f3 que el se\u00f1alamiento \u201ces una campa\u00f1a de difamaci\u00f3n tremenda\u2026 Las elecciones intermedias est\u00e1n a la vuelta de la esquina, no soy ajena para Ecatepec, pero doblemente lamentable que pudiera utilizarse con esos fines, desde el intento de azuzar a una activista\u201d.<\/p>\n<p>La diputada asegur\u00f3 que los se\u00f1alados no trabajan con ella, y precis\u00f3 que las fotograf\u00edas en las que aparece al lado de Joel Mart\u00ednez fueron tomadas durante su informe legislativo, evento al que acudieron mil 500 personas de diversas comunidades de Ecatepec, y no por ello son sus colaboradoras.<\/p>\n<p>\u201cRespondo por mis actos, pero no puedo responder por los actos de vecinos. No soy adversaria de nadie, necesitamos caminar todos juntos porque nadie puede solo en Ecatepec\u2026 Es un exceso que intenten involucrarme\u201d, abund\u00f3.<\/p>\n<p><a href=\"https:\/\/www.proceso.com.mx\/641440\/piden-proteccion-para-activista-amenazada-por-presuntos-colaboradores-de-diputada-mexiquense\" target=\"_blank\" rel=\"noopener noreferrer\">https:\/\/www.proceso.com.mx\/641440\/piden-proteccion-para-activista-amenazada-por-presuntos-colaboradores-de-diputada-mexiquense<\/a><\/p>\n","protected":false},"excerpt":{"rendered":"<p>El presunto agresor de la activista con la diputada Azucena Cisneros. Foto: Especial Veneranda Mendoza \/ Proceso TOLUCA, Edomex. (apro).- M\u00e1s de un centenar de organizaciones civiles solicitaron a la &hellip; <a href=\"https:\/\/www.grieta.org.mx\/index.php\/2020\/08\/04\/piden-proteccion-para-activista-amenazada-por-presuntos-colaboradores-de-diputada-mexiquense\/\" class=\"more-link\">Leer m\u00e1s<\/a><\/p>\n","protected":false},"author":2,"featured_media":52452,"comment_status":"closed","ping_status":"closed","sticky":false,"template":"","format":"standard","meta":{"ngg_post_thumbnail":0,"_jetpack_newsletter_access":"","_jetpack_dont_email_post_to_subs":false,"_jetpack_newsletter_tier_id":0,"_jetpack_memberships_contains_paywalled_content":false,"_jetpack_memberships_contains_paid_content":false,"footnotes":""},"categories":[80,16,3035,2],"tags":[2860],"class_list":["post-52451","post","type-post","status-publish","format-standard","has-post-thumbnail","hentry","category-cintillo","category-estado-de-mexico","category-movilizaciones-y-protestas-de-habitantes-en-el-estado-de-mexico","category-noticias-nacionales","tag-amenazas-contra-activistas","entry"],"jetpack_featured_media_url":"https:\/\/www.grieta.org.mx\/wp-content\/uploads\/2020\/08\/Piden-protecci\u00f3n-para-activista-amenazada-por-presuntos-colaboradores-de-diputada-mexiquense-edomex-ago.jpg","jetpack_sharing_enabled":true,"jetpack_shortlink":"https:\/\/wp.me\/p7ZJR4-dDZ","jetpack_likes_enabled":false,"jetpack-related-posts":[{"id":21664,"url":"https:\/\/www.grieta.org.mx\/index.php\/2016\/09\/11\/asesinan-a-activista-de-idp-en-los-reyes-la-paz\/","url_meta":{"origin":52451,"position":0},"title":"Asesinan a activista de IDP en Los Reyes la Paz","author":"grieta","date":"11 septiembre, 2016","format":false,"excerpt":"11\/09\/16. Asesinan a Ricardo Mej\u00eda, activista de la IDP en Los Reyes la PazReporteros en Movimiento","rel":"","context":"En &quot;Estado de M\u00e9xico&quot;","block_context":{"text":"Estado de M\u00e9xico","link":"https:\/\/www.grieta.org.mx\/index.php\/category\/noticias-nacionales\/estado-de-mexico\/"},"img":{"alt_text":"","src":"https:\/\/i0.wp.com\/www.grieta.org.mx\/wp-content\/uploads\/2018\/03\/14524434_1106112876131411_958039263622046936_o.jpg?resize=350%2C200&ssl=1","width":350,"height":200,"srcset":"https:\/\/i0.wp.com\/www.grieta.org.mx\/wp-content\/uploads\/2018\/03\/14524434_1106112876131411_958039263622046936_o.jpg?resize=350%2C200&ssl=1 1x, https:\/\/i0.wp.com\/www.grieta.org.mx\/wp-content\/uploads\/2018\/03\/14524434_1106112876131411_958039263622046936_o.jpg?resize=525%2C300&ssl=1 1.5x, https:\/\/i0.wp.com\/www.grieta.org.mx\/wp-content\/uploads\/2018\/03\/14524434_1106112876131411_958039263622046936_o.jpg?resize=700%2C400&ssl=1 2x"},"classes":[]},{"id":21655,"url":"https:\/\/www.grieta.org.mx\/index.php\/2016\/09\/11\/asesinan-a-ricardo-mejia-activista-de-la-idp-en-los-reyes-la-paz\/","url_meta":{"origin":52451,"position":1},"title":"Asesinan a Ricardo Mej\u00eda, activista de la IDP en Los Reyes la Paz","author":"grieta","date":"11 septiembre, 2016","format":false,"excerpt":"LOS REYES LA PAZ, M\u00e9x. 11 septiembre 2016.- Ricardo Mej\u00eda Samaniego, uno de los dirigentes la Izquierda Democr\u00e1tica Popular (IDP) cuya ra\u00edces organizativas vienen de familiares del guerrillero, Lucio Caba\u00f1as, fue asesinado por un solitario sicario, cuando se encontraba en la construcci\u00f3n de su casa en la calle Orqu\u00eddea de\u2026","rel":"","context":"En &quot;CINTILLO&quot;","block_context":{"text":"CINTILLO","link":"https:\/\/www.grieta.org.mx\/index.php\/category\/cintillo\/"},"img":{"alt_text":"","src":"https:\/\/i0.wp.com\/www.grieta.org.mx\/wp-content\/uploads\/2018\/03\/14524434_1106112876131411_958039263622046936_o.jpg?resize=350%2C200&ssl=1","width":350,"height":200,"srcset":"https:\/\/i0.wp.com\/www.grieta.org.mx\/wp-content\/uploads\/2018\/03\/14524434_1106112876131411_958039263622046936_o.jpg?resize=350%2C200&ssl=1 1x, https:\/\/i0.wp.com\/www.grieta.org.mx\/wp-content\/uploads\/2018\/03\/14524434_1106112876131411_958039263622046936_o.jpg?resize=525%2C300&ssl=1 1.5x, https:\/\/i0.wp.com\/www.grieta.org.mx\/wp-content\/uploads\/2018\/03\/14524434_1106112876131411_958039263622046936_o.jpg?resize=700%2C400&ssl=1 2x"},"classes":[]},{"id":64604,"url":"https:\/\/www.grieta.org.mx\/index.php\/2022\/07\/22\/luz-raquel-padilla-la-madre-y-activista-mexicana-quemada-tras-denunciar-amenazas-jalisco\/","url_meta":{"origin":52451,"position":2},"title":"Luz Raquel Padilla: la madre y activista mexicana quemada tras denunciar amenazas (Jalisco)","author":"grieta","date":"22 julio, 2022","format":false,"excerpt":"Imagen: Nensweek Kenia Hern\u00e1ndez Rivera \/ Newsweek en espa\u00f1ol Luz Raquel Padilla, de 35 a\u00f1os, fue atacada el 16 de julio en Zapopan, Jalisco, M\u00e9xico, por cinco personas que le rociaron alcohol para despu\u00e9s prenderle fuego. Cuando los polic\u00edas atendieron el reporte la encontraron con quemaduras en 90 por ciento\u2026","rel":"","context":"En &quot;Amenazas contra activistas en Jalisco&quot;","block_context":{"text":"Amenazas contra activistas en Jalisco","link":"https:\/\/www.grieta.org.mx\/index.php\/category\/noticias-nacionales\/jalisco\/amenazas-contra-activistas-en-jalisco\/"},"img":{"alt_text":"","src":"https:\/\/i0.wp.com\/www.grieta.org.mx\/wp-content\/uploads\/2022\/07\/FTBIZYzXwAA84y7.jpg?resize=350%2C200&ssl=1","width":350,"height":200,"srcset":"https:\/\/i0.wp.com\/www.grieta.org.mx\/wp-content\/uploads\/2022\/07\/FTBIZYzXwAA84y7.jpg?resize=350%2C200&ssl=1 1x, https:\/\/i0.wp.com\/www.grieta.org.mx\/wp-content\/uploads\/2022\/07\/FTBIZYzXwAA84y7.jpg?resize=525%2C300&ssl=1 1.5x"},"classes":[]},{"id":56502,"url":"https:\/\/www.grieta.org.mx\/index.php\/2020\/10\/13\/rema-exige-proteccion-para-defensora-del-bosque-amenazada-de-muerte-en-hidalgo\/","url_meta":{"origin":52451,"position":3},"title":"Rema exige protecci\u00f3n para defensora del bosque amenazada de muerte en Hidalgo","author":"Admin","date":"13 octubre, 2020","format":false,"excerpt":"Gloria Leticia D\u00edaz \/ Proceso CIUDAD DE M\u00c9XICO (apro).- La Red Mexicana de Afectados por la Miner\u00eda (Rema) exigi\u00f3 protecci\u00f3n para Filiberta Nevado Templos y otros defensores del bosque de Zacacuautla, y responsabiliz\u00f3 al presidente Andr\u00e9s Manuel L\u00f3pez Obrador, al gobierno de Hidalgo y al ayuntamiento de Acaxochitl\u00e1n, de la\u2026","rel":"","context":"En &quot;Defensa de los bosques en Hidalgo&quot;","block_context":{"text":"Defensa de los bosques en Hidalgo","link":"https:\/\/www.grieta.org.mx\/index.php\/category\/noticias-nacionales\/hidalgo\/defensa-de-los-bosques-en-hidalgo\/"},"img":{"alt_text":"","src":"https:\/\/i0.wp.com\/www.grieta.org.mx\/wp-content\/uploads\/2021\/01\/f800x450-122021_173467_5050.jpg?resize=350%2C200&ssl=1","width":350,"height":200,"srcset":"https:\/\/i0.wp.com\/www.grieta.org.mx\/wp-content\/uploads\/2021\/01\/f800x450-122021_173467_5050.jpg?resize=350%2C200&ssl=1 1x, https:\/\/i0.wp.com\/www.grieta.org.mx\/wp-content\/uploads\/2021\/01\/f800x450-122021_173467_5050.jpg?resize=525%2C300&ssl=1 1.5x, https:\/\/i0.wp.com\/www.grieta.org.mx\/wp-content\/uploads\/2021\/01\/f800x450-122021_173467_5050.jpg?resize=700%2C400&ssl=1 2x"},"classes":[]},{"id":24440,"url":"https:\/\/www.grieta.org.mx\/index.php\/2018\/07\/03\/eres-un-feminicidio-pedido-a-gritos-amenazan-a-frida-guerrera\/","url_meta":{"origin":52451,"position":4},"title":"\u201cEres un feminicidio pedido a gritos&#8221;; amenazan a Frida Guerrera","author":"grieta","date":"3 julio, 2018","format":false,"excerpt":"Por Juan Manuel Barrera La activista Frida Guerrera, que difunde materiales contra el feminicidio, muchos de ellos sobre el Estado de M\u00e9xico, fue amenazada de muerte a trav\u00e9s de redes sociales. \u201cMe siento muy asustada\u201d, relat\u00f3 la autora del libro #NiUnaM\u00e1s. El feminicidio en M\u00e9xico: Tema urgente en la agenda\u2026","rel":"","context":"En &quot;CINTILLO&quot;","block_context":{"text":"CINTILLO","link":"https:\/\/www.grieta.org.mx\/index.php\/category\/cintillo\/"},"img":{"alt_text":"","src":"https:\/\/i0.wp.com\/www.grieta.org.mx\/wp-content\/uploads\/2018\/03\/14524434_1106112876131411_958039263622046936_o.jpg?resize=350%2C200&ssl=1","width":350,"height":200,"srcset":"https:\/\/i0.wp.com\/www.grieta.org.mx\/wp-content\/uploads\/2018\/03\/14524434_1106112876131411_958039263622046936_o.jpg?resize=350%2C200&ssl=1 1x, https:\/\/i0.wp.com\/www.grieta.org.mx\/wp-content\/uploads\/2018\/03\/14524434_1106112876131411_958039263622046936_o.jpg?resize=525%2C300&ssl=1 1.5x, https:\/\/i0.wp.com\/www.grieta.org.mx\/wp-content\/uploads\/2018\/03\/14524434_1106112876131411_958039263622046936_o.jpg?resize=700%2C400&ssl=1 2x"},"classes":[]},{"id":72303,"url":"https:\/\/www.grieta.org.mx\/index.php\/2025\/08\/17\/ni-una-activista-trans-menos-exigen-organizaciones-justicia-para-katia-medina-en-jalisco-y-tipificacion-de-los-transfeminicidios\/","url_meta":{"origin":52451,"position":5},"title":"\u201cNi una activista trans menos\u201d exigen organizaciones justicia para Katia Medina en Jalisco y tipificaci\u00f3n de los transfeminicidios","author":"grieta","date":"17 agosto, 2025","format":false,"excerpt":"Imagen: Zona Docs El transfeminicidio de la activista Katia Daniela Medina, directora del colectivo\u00a0Zapotl\u00e1n Diverso\u00a0en Zapotl\u00e1n el Grande en Zapotl\u00e1n el Grande, Jalisco dej\u00f3 en evidencia la falta de empat\u00eda, perspectiva de derechos humanos y de diversidad sexual que prevalece en los medios de comunicaci\u00f3n al reportar cr\u00edmenes en contra\u2026","rel":"","context":"En &quot;Amenazas contra activistas en Jalisco&quot;","block_context":{"text":"Amenazas contra activistas en Jalisco","link":"https:\/\/www.grieta.org.mx\/index.php\/category\/noticias-nacionales\/jalisco\/amenazas-contra-activistas-en-jalisco\/"},"img":{"alt_text":"","src":"https:\/\/i0.wp.com\/www.grieta.org.mx\/wp-content\/uploads\/2025\/09\/IMG_1932.jpeg?resize=350%2C200&ssl=1","width":350,"height":200},"classes":[]}],"_links":{"self":[{"href":"https:\/\/www.grieta.org.mx\/index.php\/wp-json\/wp\/v2\/posts\/52451","targetHints":{"allow":["GET"]}}],"collection":[{"href":"https:\/\/www.grieta.org.mx\/index.php\/wp-json\/wp\/v2\/posts"}],"about":[{"href":"https:\/\/www.grieta.org.mx\/index.php\/wp-json\/wp\/v2\/types\/post"}],"author":[{"embeddable":true,"href":"https:\/\/www.grieta.org.mx\/index.php\/wp-json\/wp\/v2\/users\/2"}],"replies":[{"embeddable":true,"href":"https:\/\/www.grieta.org.mx\/index.php\/wp-json\/wp\/v2\/comments?post=52451"}],"version-history":[{"count":1,"href":"https:\/\/www.grieta.org.mx\/index.php\/wp-json\/wp\/v2\/posts\/52451\/revisions"}],"predecessor-version":[{"id":52453,"href":"https:\/\/www.grieta.org.mx\/index.php\/wp-json\/wp\/v2\/posts\/52451\/revisions\/52453"}],"wp:featuredmedia":[{"embeddable":true,"href":"https:\/\/www.grieta.org.mx\/index.php\/wp-json\/wp\/v2\/media\/52452"}],"wp:attachment":[{"href":"https:\/\/www.grieta.org.mx\/index.php\/wp-json\/wp\/v2\/media?parent=52451"}],"wp:term":[{"taxonomy":"category","embeddable":true,"href":"https:\/\/www.grieta.org.mx\/index.php\/wp-json\/wp\/v2\/categories?post=52451"},{"taxonomy":"post_tag","embeddable":true,"href":"https:\/\/www.grieta.org.mx\/index.php\/wp-json\/wp\/v2\/tags?post=52451"}],"curies":[{"name":"wp","href":"https:\/\/api.w.org\/{rel}","templated":true}]}}