{"id":52436,"date":"2020-08-04T18:37:56","date_gmt":"2020-08-04T23:37:56","guid":{"rendered":"http:\/\/www.grieta.org.mx\/?p=52436"},"modified":"2020-08-06T18:40:32","modified_gmt":"2020-08-06T23:40:32","slug":"nosotras-no-podemos-salir-sin-tener-miedo-reclama-justicia-hija-de-pamela-portillo-a-diez-anos-de-su-desaparicion-chihuahua","status":"publish","type":"post","link":"https:\/\/www.grieta.org.mx\/index.php\/2020\/08\/04\/nosotras-no-podemos-salir-sin-tener-miedo-reclama-justicia-hija-de-pamela-portillo-a-diez-anos-de-su-desaparicion-chihuahua\/","title":{"rendered":"\u201cNosotras no podemos salir sin tener miedo\u201d, reclama justicia hija de Pamela Portillo, a diez a\u00f1os de su desaparici\u00f3n (Chihuahua)"},"content":{"rendered":"<div class=\"content\">\n<div class=\"moz-reader-content reader-show-element\">\n<div id=\"readability-page-1\" class=\"page\">\n<div>\n<p><em>Patricia Mayorga \/ Ra\u00edchali<\/em><\/p>\n<p>\u201cSon diez a\u00f1os de mucha frustraci\u00f3n. Pasa y pasa el tiempo y nada. Es frustrante, no es tan f\u00e1cil, vivir d\u00eda a d\u00eda con una frustraci\u00f3n tan fuerte. Pensar todos los d\u00edas: \u2018ya a llegar, ya mero llega, \u00bfpodr\u00e1 ser? Es su cumplea\u00f1os, ya va a llegar\u201d, extern\u00f3 Lourdes Hern\u00e1ndez Alarc\u00f3n en el d\u00e9cimo aniversario de privaci\u00f3n de la libertad forzada de su hija Pamela Leticia Portillo Hern\u00e1ndez.<\/p>\n<p>A sus 22 a\u00f1os, Pamela fue privada de su libertad por militares el 25 de julio de 2010. Ten\u00eda dos hijas de 4 y 6 a\u00f1os cuando la desaparecieron. Su caso est\u00e1 inm\u00f3vil por la justicia estatal y por la federal, a pesar de que hay personas citadas como testigos.<\/p>\n<p>\u201cJavier se est\u00e1 haciendo como loco (\u2026) quisiera que hiciera su trabajo, espero que de alguna forma entienda que pues, ese es su trabajo, que para est\u00e1 para eso, para hacer justica\u201d, extern\u00f3 en entrevista, Vania Portillo Hern\u00e1ndez, la hija mayor de Pamela.<\/p>\n<p>En el d\u00e9cimo aniversario de la desaparici\u00f3n, llegaron a la cruz de clavos Vania de 16 a\u00f1os y Dana de 14. Con ellas iban Lourdes Hern\u00e1ndez Alarc\u00f3n, su abuela y Luc\u00eda Hern\u00e1ndez Alarc\u00f3n, su t\u00eda que las adopt\u00f3 legalmente desde que eran peque\u00f1as.<\/p>\n<figure><img loading=\"lazy\" decoding=\"async\" class=\"\" src=\"https:\/\/raichali.com\/wp-content\/uploads\/2020\/08\/20200725_10285622-1024x902.jpg\" alt=\"\" width=\"796\" height=\"702\" \/><\/figure>\n<p>Las dos hermanas, Lucy y Luly, han enfrentado a\u00f1os duros por la ausencia de Pamela Portillo en la vida de sus hijas. Tardaron tres a\u00f1os en decirles que su mam\u00e1 no estaba en Sonora trabajando, eso les hab\u00edan contado para evitarles m\u00e1s sufrimiento.<\/p>\n<p>Sin embargo, para las ni\u00f1as, era importante conocer lo que hab\u00eda ocurrido, s\u00f3lo a partir del momento en el que les revelaron la verdad en terapia, lograron liberarse y comenzar su propio proceso de fortalecimiento. Hoy su participaci\u00f3n es activa en la exigencia de justicia.<\/p>\n<p>En la cruz de clavos y junto a sus nietas, Lourdes Hern\u00e1ndez llam\u00f3 al gobernador Javier Corral a que cumpla su promesa con las familias de v\u00edctimas de desaparici\u00f3n en Chihuahua y las busque, a todas.<\/p>\n<p>\u201cSe\u00f1or gobernador: t\u00fa pusiste una comisi\u00f3n de b\u00fasqueda estatal, pero no le das recurso suficiente para las b\u00fasquedas. Siempre est\u00e1 el m\u00ednimo de recursos, as\u00ed no se pueden hacer b\u00fasquedas exhaustivas. \u00bfC\u00f3mo podr\u00edan buscar si a veces no tienen completo para la gasolina, para todos los implementos que necesitan?\u201d, denunci\u00f3 con otras madres de personas desaparecidas, al lado.<\/p>\n<p>Reclam\u00f3 a Corral que lo apoyaron porque confiaron en \u00e9l, pero ahora, hace el trabajo incompleto: \u201cYo te pido ahora por mi hija, por todos los desaparecidos, porque haya b\u00fasquedas que se tienen que hacer y no se han hecho por falta de recursos.<\/p>\n<p>La directora del Centro de Derechos Humanos de las Mujeres (Cedehm), Ruth Fierro, quien estuvo presente en el acto conmemorativo, dijo que las autoridades federales y estatales pueden y deben resolver el caso porque no han agotado los datos y la informaci\u00f3n que obra en la carpeta de investigaci\u00f3n de la desaparici\u00f3n Pamela Portillo.<\/p>\n<p>\u201cEste es un caso en el que ha habido claramente la intenci\u00f3n de las autoridades que participaron en la desaparici\u00f3n forzada, para mantener en la impunidad. Se necesita tambi\u00e9n la participaci\u00f3n de gobierno federal, porque quienes participaron como perpetradores estaban en el gobierno federal y tambi\u00e9n para ellos es el reclamo, para que asuma su responsabilidad e investigue con la debida diligencia la desaparici\u00f3n de Pamela y de otras personas que han desaparecido\u201d, demando Ruth Fierro.<\/p>\n<p>Luc\u00eda Hern\u00e1ndez tambi\u00e9n le envi\u00f3 un mensaje a Corral y le record\u00f3 que Pamela dej\u00f3 dos hijas que la esperan desde hace diez a\u00f1os, diez a\u00f1os en los que no se ha hecho nada por esclarecer el caso ni para buscarla.<\/p>\n<figure><img loading=\"lazy\" decoding=\"async\" class=\"\" src=\"https:\/\/raichali.com\/wp-content\/uploads\/2020\/08\/pamela.jpg\" alt=\"\" width=\"811\" height=\"609\" \/><\/figure>\n<p>\u201cFue una desaparici\u00f3n\u00a0forzada por parte de las autoridades, donde hay nombres y no se ha hecho nada porque tal vez los quieren cubrir\u201d, advirti\u00f3.<\/p>\n<p>Vania Portillo particip\u00f3 con otras y otros adolescentes en un encuentro regional de desaparici\u00f3n forzada en el norte del pa\u00eds, en 2015, y ah\u00ed escribieron textos e hicieron un mural para externar sus emociones y sus demandas.<\/p>\n<p>Vania, quien ahora tiene 16 a\u00f1os, escribi\u00f3 en el encuentro una carta dirigida a C\u00e9sar Duarte a un a\u00f1o de que dejara de ser gobernador:<\/p>\n<p>\u201cLo que yo no puedo entender es porqu\u00e9 usted no tiene los pantalones para venir y dar la cara de lo que usted es responsable, pero nosotros s\u00ed tenemos la cara y los pantalones, porque nosotros no tenemos miedo para venir a hacer huelga, para venir a decirle que nos devuelva a nuestros seres queridos, pero ni siquiera hace el m\u00ednimo esfuerzo porque a usted lo \u00fanico que le importa es el dinero y el poder, as\u00ed que no podemos esperar nada de usted porque lo que en realidad es, es un poco hombre\u201d.<\/p>\n<p>Ahora, recuerda aquella carta que para ellos fue liberadora, pero reclama tambi\u00e9n que en el actual gobierno no han encontrado justicia. Desde su percepci\u00f3n, el gobernador Javier Corral se ha dedicado a perseguir a Duarte y no ha hecho lo necesario por darles justica a las familias de personas desaparecidas.<\/p>\n<p>\u201cNosotras no podemos salir a la calle solas o pues s\u00ed, no podemos salir sin tener miedo\u201d, expresa Vania.<\/p>\n<p>Luc\u00eda Hern\u00e1ndez expres\u00f3, tambi\u00e9n en entrevista aparte, su frustraci\u00f3n e impotencia porque no se ha hecho nada, pero dijo que las ni\u00f1as para ella son una bendici\u00f3n.<\/p>\n<p>\u201cUna bendici\u00f3n de que aparte de haber perdido a mi hija (quien muri\u00f3 hace casi dos a\u00f1os). Ellas son mis bendiciones. Yo no renunciar\u00eda nunca a ellas, yo las adopt\u00e9 y son mis hijas, no son hijas biol\u00f3gicas, pero son de mis sentimientos, que yo creo que es m\u00e1s fuerte\u201d, lo dice con orgullo.<\/p>\n<p>Ni Dana ni Vania recuerdan bien a su mam\u00e1, tienen im\u00e1genes vagas que son suficientes para mantenerla viva en ellas. La m\u00e1s peque\u00f1a, Dana, dice que lo \u00fanico que recuerda es un viaje que hicieron con Pamela. Estaban en un hotel y su mam\u00e1 guardaba el dinero para llevarlas a comer y a pasear.<\/p>\n<p>\u201cSon cosas s\u00faper peque\u00f1itas. Para m\u00ed son bien importantes, no recuerdo mucho de ella\u201d.<\/p>\n<p>Comparte que los diez a\u00f1os, principalmente cuando ingresaron a la escuela, fueron dif\u00edciles. \u201cMis compa\u00f1eros de alguna manera se enteraron y me hac\u00edan a veces sentir menos por no tener mam\u00e1, o que mi mam\u00e1 nos hab\u00eda abandonado o que \u00e9ramos hu\u00e9rfanas\u201d.<\/p>\n<p>Las dos han tenido un acompa\u00f1amiento psicol\u00f3gico que las ha fortalecido, sobre todo cuando entendieron lo que suced\u00eda y la injusticia que como familia han vivido, en medio de un contexto violento que hay en el estado y en el pa\u00eds.<\/p>\n<p>Las dos hermanas han convivido y compartido con otras ni\u00f1as y ni\u00f1os que viven situaciones parecidas, y aunque para Vania es dif\u00edcil hablar del tema, ha identificado que cuando necesita hablarlo, \u201clo suelto\u201d.<\/p>\n<p>Ella tiene ahora 16 a\u00f1os, recuerda que su mam\u00e1 siempre estaba pendiente de ellas. \u201cA mi me tuvo muy jovencita, ten\u00eda 16 a\u00f1os cuando se embaraz\u00f3 de m\u00ed. \u00c9ramos como hermanas\u201d.<\/p>\n<figure><img decoding=\"async\" src=\"https:\/\/raichali.com\/wp-content\/uploads\/2020\/08\/60239ddd-4a0e-4317-b716-45c6b9ae8bbc.jpeg\" alt=\"\" \/><figcaption><em>Pamela Portillo<\/em><\/figcaption><\/figure>\n<p>Los s\u00e1bados eran especiales para las tres. Eran d\u00edas de hacer pan franc\u00e9s. \u201cMe acuerdo que era: \u2018Vania, la miel\u2019. Y yo sal\u00eda a gorro a la tienda por la miel, porque yo sab\u00eda que era d\u00eda de toste de pan franc\u00e9s y me encantaban los s\u00e1bados\u201d.<\/p>\n<p>La ausencia de su mam\u00e1 duele siempre, dice, pero ese mismo dolor le ha mostrado su fortaleza emocional. \u201cAhora puedo hablar de mi mam\u00e1 sin llorar al instante, pero s\u00e9 que donde quera que ella est\u00e9, pues est\u00e1 orgullosa de nosotras y pues, la vamos a encontrar. Tambi\u00e9n aprend\u00ed que la esperanza es lo \u00faltimo que muere (\u2026) un d\u00eda va a llegar ella, va a llegar as\u00ed de la nada y va a ser un reencuentro as\u00ed s\u00faper tierno\u201d.<\/p>\n<p><a href=\"https:\/\/raichali.com\/2020\/08\/03\/nosotras-no-podemos-salir-sin-tener-miedo-reclama-justicia-hija-de-pamela-portillo-a-diez-anos-de-su-desaparicion\/\">https:\/\/raichali.com\/2020\/08\/03\/nosotras-no-podemos-salir-sin-tener-miedo-reclama-justicia-hija-de-pamela-portillo-a-diez-anos-de-su-desaparicion\/<\/a><\/p>\n<\/div>\n<\/div>\n<\/div>\n<\/div>\n","protected":false},"excerpt":{"rendered":"<p>Patricia Mayorga \/ Ra\u00edchali \u201cSon diez a\u00f1os de mucha frustraci\u00f3n. Pasa y pasa el tiempo y nada. Es frustrante, no es tan f\u00e1cil, vivir d\u00eda a d\u00eda con una frustraci\u00f3n &hellip; <a href=\"https:\/\/www.grieta.org.mx\/index.php\/2020\/08\/04\/nosotras-no-podemos-salir-sin-tener-miedo-reclama-justicia-hija-de-pamela-portillo-a-diez-anos-de-su-desaparicion-chihuahua\/\" class=\"more-link\">Leer m\u00e1s<\/a><\/p>\n","protected":false},"author":2,"featured_media":52437,"comment_status":"closed","ping_status":"closed","sticky":false,"template":"","format":"standard","meta":{"ngg_post_thumbnail":0,"_jetpack_newsletter_access":"","_jetpack_dont_email_post_to_subs":false,"_jetpack_newsletter_tier_id":0,"_jetpack_memberships_contains_paywalled_content":false,"_jetpack_memberships_contains_paid_content":false,"footnotes":""},"categories":[12,80,1042],"tags":[631],"class_list":["post-52436","post","type-post","status-publish","format-standard","has-post-thumbnail","hentry","category-chihuahua","category-cintillo","category-desaparecidos-en-chihuahua","tag-desaparecidas","entry"],"jetpack_featured_media_url":"https:\/\/www.grieta.org.mx\/wp-content\/uploads\/2020\/08\/20200725_10285622-1024x902.jpg","jetpack_sharing_enabled":true,"jetpack_shortlink":"https:\/\/wp.me\/p7ZJR4-dDK","jetpack_likes_enabled":false,"jetpack-related-posts":[{"id":67972,"url":"https:\/\/www.grieta.org.mx\/index.php\/2023\/10\/21\/67972\/","url_meta":{"origin":52436,"position":0},"title":"A m\u00e1s de 30 a\u00f1os\u2026","author":"grieta","date":"21 octubre, 2023","format":false,"excerpt":"A m\u00e1s de 30 a\u00f1os de que se empezaron a documentar los asesinatos de mujeres en Chihuahua y Ciudad Ju\u00e1rez, cientos de familias de v\u00edctimas a\u00fan no tienen acceso a la justicia Feminicidios: Paula y Julia, primeras v\u00edctimas, \u00edconos de la lucha por justicia en Ciudad Ju\u00e1rez.A m\u00e1s de 30\u2026","rel":"","context":"En &quot;Chihuahua&quot;","block_context":{"text":"Chihuahua","link":"https:\/\/www.grieta.org.mx\/index.php\/category\/noticias-nacionales\/chihuahua\/"},"img":{"alt_text":"","src":"https:\/\/i0.wp.com\/www.grieta.org.mx\/wp-content\/uploads\/2023\/10\/imagen.jpg?resize=350%2C200&ssl=1","width":350,"height":200,"srcset":"https:\/\/i0.wp.com\/www.grieta.org.mx\/wp-content\/uploads\/2023\/10\/imagen.jpg?resize=350%2C200&ssl=1 1x, https:\/\/i0.wp.com\/www.grieta.org.mx\/wp-content\/uploads\/2023\/10\/imagen.jpg?resize=525%2C300&ssl=1 1.5x, https:\/\/i0.wp.com\/www.grieta.org.mx\/wp-content\/uploads\/2023\/10\/imagen.jpg?resize=700%2C400&ssl=1 2x"},"classes":[]},{"id":48012,"url":"https:\/\/www.grieta.org.mx\/index.php\/2020\/04\/20\/exigen-justicia-por-multihomicidio-en-la-tarahumara-chihuahua\/","url_meta":{"origin":52436,"position":1},"title":"Exigen justicia por multihomicidio en la Tarahumara (Chihuahua)","author":"grieta","date":"20 abril, 2020","format":false,"excerpt":"Patricia Mayorga (Proceso) Foto tomada de SinEmbargo CIUDAD DE M\u00c9XICO (apro).- .\u00a0El obispo de la Tarahumara, Juan Manuel Gonz\u00e1lez Sandoval, exigi\u00f3 justicia y pidi\u00f3 que las autoridades ejerzan su trabajo para dar una respuesta pronta y eficaz a las familias de las v\u00edctimas que fueron asesinadas por un grupo armado\u2026","rel":"","context":"En &quot;Chihuahua&quot;","block_context":{"text":"Chihuahua","link":"https:\/\/www.grieta.org.mx\/index.php\/category\/noticias-nacionales\/chihuahua\/"},"img":{"alt_text":"","src":"https:\/\/i0.wp.com\/www.grieta.org.mx\/wp-content\/uploads\/2020\/04\/foto-principal-1024x683.jpg?resize=350%2C200&ssl=1","width":350,"height":200,"srcset":"https:\/\/i0.wp.com\/www.grieta.org.mx\/wp-content\/uploads\/2020\/04\/foto-principal-1024x683.jpg?resize=350%2C200&ssl=1 1x, https:\/\/i0.wp.com\/www.grieta.org.mx\/wp-content\/uploads\/2020\/04\/foto-principal-1024x683.jpg?resize=525%2C300&ssl=1 1.5x, https:\/\/i0.wp.com\/www.grieta.org.mx\/wp-content\/uploads\/2020\/04\/foto-principal-1024x683.jpg?resize=700%2C400&ssl=1 2x, https:\/\/i0.wp.com\/www.grieta.org.mx\/wp-content\/uploads\/2020\/04\/foto-principal-1024x683.jpg?resize=1050%2C600&ssl=1 3x"},"classes":[]},{"id":11894,"url":"https:\/\/www.grieta.org.mx\/index.php\/2016\/05\/02\/asesinan-a-cinco-personas-en-chihuahua\/","url_meta":{"origin":52436,"position":2},"title":"Asesinan a cinco personas en Chihuahua","author":"grieta","date":"2 mayo, 2016","format":false,"excerpt":"Patricia Mayorga Proceso Por lo menos siete personas fueron privadas de su libertad el jueves pasado y cinco de ellas fueron localizadas sin vida ayer en el municipio de Guachochi. El pasado jueves fueron privadas de su libertad varias personas cerca del ejido de T\u00f3nachi, localizado a unos 40 minutos\u2026","rel":"","context":"En &quot;chihuahua&quot;","block_context":{"text":"chihuahua","link":"https:\/\/www.grieta.org.mx\/index.php\/category\/chihuahua\/"},"img":{"alt_text":"","src":"https:\/\/i0.wp.com\/www.grieta.org.mx\/wp-content\/uploads\/2018\/03\/14524434_1106112876131411_958039263622046936_o.jpg?resize=350%2C200&ssl=1","width":350,"height":200,"srcset":"https:\/\/i0.wp.com\/www.grieta.org.mx\/wp-content\/uploads\/2018\/03\/14524434_1106112876131411_958039263622046936_o.jpg?resize=350%2C200&ssl=1 1x, https:\/\/i0.wp.com\/www.grieta.org.mx\/wp-content\/uploads\/2018\/03\/14524434_1106112876131411_958039263622046936_o.jpg?resize=525%2C300&ssl=1 1.5x, https:\/\/i0.wp.com\/www.grieta.org.mx\/wp-content\/uploads\/2018\/03\/14524434_1106112876131411_958039263622046936_o.jpg?resize=700%2C400&ssl=1 2x"},"classes":[]},{"id":69979,"url":"https:\/\/www.grieta.org.mx\/index.php\/2024\/09\/30\/diez-anos-de-mentiras-normalistas-rurales-de-chihuahua-exigen-justicia-por-ayotzinapa\/","url_meta":{"origin":52436,"position":3},"title":"\u201cDiez a\u00f1os de mentiras\u201d: normalistas rurales de Chihuahua exigen justicia por Ayotzinapa","author":"grieta","date":"30 septiembre, 2024","format":false,"excerpt":"Normalistas rurales de Saucillo se unieron a la serie de protestas que se realizaron por todo M\u00e9xico para exigir justicia tras una d\u00e9cada de la desaparici\u00f3n de 43 estudiantes en Iguala, Guerrero. En la manifestaci\u00f3n, se cuestionaron las acciones de AMLO frente al caso y se se\u00f1al\u00f3 a Israel como\u2026","rel":"","context":"En &quot;Chihuahua&quot;","block_context":{"text":"Chihuahua","link":"https:\/\/www.grieta.org.mx\/index.php\/category\/noticias-nacionales\/chihuahua\/"},"img":{"alt_text":"","src":"https:\/\/i0.wp.com\/www.grieta.org.mx\/wp-content\/uploads\/2024\/10\/461323687_1061851155945165_1522875681384183311_n-1024x683-1.jpg?resize=350%2C200&ssl=1","width":350,"height":200,"srcset":"https:\/\/i0.wp.com\/www.grieta.org.mx\/wp-content\/uploads\/2024\/10\/461323687_1061851155945165_1522875681384183311_n-1024x683-1.jpg?resize=350%2C200&ssl=1 1x, https:\/\/i0.wp.com\/www.grieta.org.mx\/wp-content\/uploads\/2024\/10\/461323687_1061851155945165_1522875681384183311_n-1024x683-1.jpg?resize=525%2C300&ssl=1 1.5x, https:\/\/i0.wp.com\/www.grieta.org.mx\/wp-content\/uploads\/2024\/10\/461323687_1061851155945165_1522875681384183311_n-1024x683-1.jpg?resize=700%2C400&ssl=1 2x"},"classes":[]},{"id":58074,"url":"https:\/\/www.grieta.org.mx\/index.php\/2021\/03\/30\/la-larga-noche-de-las-madres-que-buscan-justicia-para-sus-hijas\/","url_meta":{"origin":52436,"position":4},"title":"La larga noche de las madres que buscan justicia para sus hijas","author":"grieta","date":"30 marzo, 2021","format":false,"excerpt":"Texto y fotos: Isabel Brise\u00f1o Pie de P\u00e1gina Unas 60 madres de distintas regiones de M\u00e9xico velaron frente a Palacio Nacional en su b\u00fasqueda de justicia para sus hijas, v\u00edctimas de violencia contra las mujeres en todo el pa\u00eds CIUDAD DE M\u00c9XICO.- \u201cToda la noche y Palacio Nacional no alcanzan\u2026","rel":"","context":"En &quot;CINTILLO&quot;","block_context":{"text":"CINTILLO","link":"https:\/\/www.grieta.org.mx\/index.php\/category\/cintillo\/"},"img":{"alt_text":"","src":"https:\/\/i0.wp.com\/www.grieta.org.mx\/wp-content\/uploads\/2021\/04\/La-larga-noche-de-las-madres-que-buscan-justicia-para-sus-hijas-cdmx-abril.jpg?resize=350%2C200&ssl=1","width":350,"height":200,"srcset":"https:\/\/i0.wp.com\/www.grieta.org.mx\/wp-content\/uploads\/2021\/04\/La-larga-noche-de-las-madres-que-buscan-justicia-para-sus-hijas-cdmx-abril.jpg?resize=350%2C200&ssl=1 1x, https:\/\/i0.wp.com\/www.grieta.org.mx\/wp-content\/uploads\/2021\/04\/La-larga-noche-de-las-madres-que-buscan-justicia-para-sus-hijas-cdmx-abril.jpg?resize=525%2C300&ssl=1 1.5x, https:\/\/i0.wp.com\/www.grieta.org.mx\/wp-content\/uploads\/2021\/04\/La-larga-noche-de-las-madres-que-buscan-justicia-para-sus-hijas-cdmx-abril.jpg?resize=700%2C400&ssl=1 2x, https:\/\/i0.wp.com\/www.grieta.org.mx\/wp-content\/uploads\/2021\/04\/La-larga-noche-de-las-madres-que-buscan-justicia-para-sus-hijas-cdmx-abril.jpg?resize=1050%2C600&ssl=1 3x"},"classes":[]},{"id":4521,"url":"https:\/\/www.grieta.org.mx\/index.php\/2015\/12\/16\/marisela-escobedo-cinco-anos-de-impunidad-en-chihuahua\/","url_meta":{"origin":52436,"position":5},"title":"Marisela Escobedo: cinco a\u00f1os de impunidad en Chihuahua","author":"grieta","date":"16 diciembre, 2015","format":false,"excerpt":"Proceso Anaiz Zamora M\u00e1rquez M\u00c9XICO, DF, (apro-cimac).- Al cumplirse hoy cinco a\u00f1os del asesinato de la defensora de Derechos Humanos (DH) Marisela Escobedo, activistas y sus familiares exiliados exigieron justicia al gobierno de Chihuahua y el cumplimiento de la recomendaci\u00f3n emitida en 2013 por la Comisi\u00f3n Nacional de los Derechos\u2026","rel":"","context":"En &quot;chihuahua&quot;","block_context":{"text":"chihuahua","link":"https:\/\/www.grieta.org.mx\/index.php\/category\/chihuahua\/"},"img":{"alt_text":"","src":"https:\/\/i0.wp.com\/www.grieta.org.mx\/wp-content\/uploads\/2018\/03\/14524434_1106112876131411_958039263622046936_o.jpg?resize=350%2C200&ssl=1","width":350,"height":200,"srcset":"https:\/\/i0.wp.com\/www.grieta.org.mx\/wp-content\/uploads\/2018\/03\/14524434_1106112876131411_958039263622046936_o.jpg?resize=350%2C200&ssl=1 1x, https:\/\/i0.wp.com\/www.grieta.org.mx\/wp-content\/uploads\/2018\/03\/14524434_1106112876131411_958039263622046936_o.jpg?resize=525%2C300&ssl=1 1.5x, https:\/\/i0.wp.com\/www.grieta.org.mx\/wp-content\/uploads\/2018\/03\/14524434_1106112876131411_958039263622046936_o.jpg?resize=700%2C400&ssl=1 2x"},"classes":[]}],"_links":{"self":[{"href":"https:\/\/www.grieta.org.mx\/index.php\/wp-json\/wp\/v2\/posts\/52436","targetHints":{"allow":["GET"]}}],"collection":[{"href":"https:\/\/www.grieta.org.mx\/index.php\/wp-json\/wp\/v2\/posts"}],"about":[{"href":"https:\/\/www.grieta.org.mx\/index.php\/wp-json\/wp\/v2\/types\/post"}],"author":[{"embeddable":true,"href":"https:\/\/www.grieta.org.mx\/index.php\/wp-json\/wp\/v2\/users\/2"}],"replies":[{"embeddable":true,"href":"https:\/\/www.grieta.org.mx\/index.php\/wp-json\/wp\/v2\/comments?post=52436"}],"version-history":[{"count":1,"href":"https:\/\/www.grieta.org.mx\/index.php\/wp-json\/wp\/v2\/posts\/52436\/revisions"}],"predecessor-version":[{"id":52438,"href":"https:\/\/www.grieta.org.mx\/index.php\/wp-json\/wp\/v2\/posts\/52436\/revisions\/52438"}],"wp:featuredmedia":[{"embeddable":true,"href":"https:\/\/www.grieta.org.mx\/index.php\/wp-json\/wp\/v2\/media\/52437"}],"wp:attachment":[{"href":"https:\/\/www.grieta.org.mx\/index.php\/wp-json\/wp\/v2\/media?parent=52436"}],"wp:term":[{"taxonomy":"category","embeddable":true,"href":"https:\/\/www.grieta.org.mx\/index.php\/wp-json\/wp\/v2\/categories?post=52436"},{"taxonomy":"post_tag","embeddable":true,"href":"https:\/\/www.grieta.org.mx\/index.php\/wp-json\/wp\/v2\/tags?post=52436"}],"curies":[{"name":"wp","href":"https:\/\/api.w.org\/{rel}","templated":true}]}}