{"id":52423,"date":"2020-08-05T21:44:34","date_gmt":"2020-08-06T02:44:34","guid":{"rendered":"http:\/\/www.grieta.org.mx\/?p=52423"},"modified":"2020-08-05T21:44:34","modified_gmt":"2020-08-06T02:44:34","slug":"drogaron-abusaron-y-dejaron-morir-a-angela-en-centro-de-rehabilitacion-de-nl","status":"publish","type":"post","link":"https:\/\/www.grieta.org.mx\/index.php\/2020\/08\/05\/drogaron-abusaron-y-dejaron-morir-a-angela-en-centro-de-rehabilitacion-de-nl\/","title":{"rendered":"Drogaron, abusaron y dejaron morir a \u00c1ngela en centro de rehabilitaci\u00f3n de NL"},"content":{"rendered":"<p>La Redacci\u00f3n\/ PROCESO<\/p>\n<figure id=\"attachment_52424\" aria-describedby=\"caption-attachment-52424\" style=\"width: 800px\" class=\"wp-caption alignnone\"><img loading=\"lazy\" decoding=\"async\" data-attachment-id=\"52424\" data-permalink=\"https:\/\/www.grieta.org.mx\/index.php\/2020\/08\/05\/drogaron-abusaron-y-dejaron-morir-a-angela-en-centro-de-rehabilitacion-de-nl\/angela-drogada-nl-870x522\/\" data-orig-file=\"https:\/\/www.grieta.org.mx\/wp-content\/uploads\/2020\/08\/angela-drogada-nl-870x522.jpg\" data-orig-size=\"870,522\" data-comments-opened=\"0\" data-image-meta=\"{&quot;aperture&quot;:&quot;0&quot;,&quot;credit&quot;:&quot;&quot;,&quot;camera&quot;:&quot;&quot;,&quot;caption&quot;:&quot;&quot;,&quot;created_timestamp&quot;:&quot;0&quot;,&quot;copyright&quot;:&quot;&quot;,&quot;focal_length&quot;:&quot;0&quot;,&quot;iso&quot;:&quot;0&quot;,&quot;shutter_speed&quot;:&quot;0&quot;,&quot;title&quot;:&quot;&quot;,&quot;orientation&quot;:&quot;0&quot;}\" data-image-title=\"angela-drogada-nl-870&amp;#215;522\" data-image-description=\"\" data-image-caption=\"&lt;p&gt;\u00c1ngela padec\u00eda diabetes, pero los encargados del centro de rehabilitaci\u00f3n le negaron la insulina como castigo. Foto: Especial&lt;\/p&gt;\n\" data-medium-file=\"https:\/\/www.grieta.org.mx\/wp-content\/uploads\/2020\/08\/angela-drogada-nl-870x522-300x180.jpg\" data-large-file=\"https:\/\/www.grieta.org.mx\/wp-content\/uploads\/2020\/08\/angela-drogada-nl-870x522.jpg\" class=\"wp-image-52424\" src=\"http:\/\/www.grieta.org.mx\/wp-content\/uploads\/2020\/08\/angela-drogada-nl-870x522-300x180.jpg\" alt=\"\" width=\"800\" height=\"480\" srcset=\"https:\/\/www.grieta.org.mx\/wp-content\/uploads\/2020\/08\/angela-drogada-nl-870x522-300x180.jpg 300w, https:\/\/www.grieta.org.mx\/wp-content\/uploads\/2020\/08\/angela-drogada-nl-870x522-768x461.jpg 768w, https:\/\/www.grieta.org.mx\/wp-content\/uploads\/2020\/08\/angela-drogada-nl-870x522-833x500.jpg 833w, https:\/\/www.grieta.org.mx\/wp-content\/uploads\/2020\/08\/angela-drogada-nl-870x522.jpg 870w\" sizes=\"auto, (max-width: 800px) 100vw, 800px\" \/><figcaption id=\"caption-attachment-52424\" class=\"wp-caption-text\">\u00c1ngela padec\u00eda diabetes, pero los encargados del centro de rehabilitaci\u00f3n le negaron la insulina como castigo. Foto: Especial<\/figcaption><\/figure>\n<p><strong>CIUDAD DE M\u00c9XICO (apro).- Usuarios de redes sociales se movilizaron a trav\u00e9s del hashtag #JusticiaParaAngela para denunciar la muerte de la joven de 15 a\u00f1os, quien se encontraba internada en un centro de rehabilitaci\u00f3n cristiano en el municipio de Santa Catarina, en Nuevo Le\u00f3n.<\/strong><\/p>\n<p>De acuerdo con un hilo compartido en Twitter por la usuaria @izajajaj, \u00c1ngela, hab\u00eda sido internada en el centro de rehabilitaci\u00f3n Casa de Rescate Jes\u00fas Salva A.C., luego de que la familia conociera a una pareja de pastores.<\/p>\n<p>En el hilo, la usuaria relata que la familia proporcionaba a los encargados la insulina que \u00c1ngela deb\u00eda tomar todos los d\u00edas, ya que padec\u00eda diabetes tipo 1, y que un d\u00eda antes del deceso, la encargada hab\u00eda dicho a los familiares que su esposo y pastor se encontraba desaparecido, por lo que era necesario trasladar a las internas a otros centros de rehabilitaci\u00f3n.<\/p>\n<p>CIUDAD DE M\u00c9XICO (apro).- Usuarios de redes sociales se movilizaron a trav\u00e9s del hashtag #JusticiaParaAngela para denunciar la muerte de la joven de 15 a\u00f1os, quien se encontraba internada en un centro de rehabilitaci\u00f3n cristiano en el municipio de Santa Catarina, en Nuevo Le\u00f3n.<\/p>\n<p>De acuerdo con un hilo compartido en Twitter por la usuaria @izajajaj, \u00c1ngela, hab\u00eda sido internada en el centro de rehabilitaci\u00f3n Casa de Rescate Jes\u00fas Salva A.C., luego de que la familia conociera a una pareja de pastores.<\/p>\n<p>En el hilo, la usuaria relata que la familia proporcionaba a los encargados la insulina que \u00c1ngela deb\u00eda tomar todos los d\u00edas, ya que padec\u00eda diabetes tipo 1, y que un d\u00eda antes del deceso, la encargada hab\u00eda dicho a los familiares que su esposo y pastor se encontraba desaparecido, por lo que era necesario trasladar a las internas a otros centros de rehabilitaci\u00f3n.<\/p>\n<p>De acuerdo con @izajajaj, al d\u00eda siguiente, los familiares recibieron una llamada de la encargada pidi\u00e9ndoles que se dirigieran al centro r\u00e1pidamente, y al llegar encontraron a \u00c1ngela tirada en un colch\u00f3n sin signos vitales.<\/p>\n<p>La usuaria denunci\u00f3 que los encargados del centro no llamaron a una ambulancia ni trataron de revivirla, y que, de acuerdo con la declaraci\u00f3n de una de las trabajadoras del centro, la noche del 26 de febrero, el pastor se habr\u00eda aprovechado de la ausencia del velador para introducir drogas y alcohol al lugar y abusar de las mujeres.<\/p>\n<p>@izajajaj tambi\u00e9n denunci\u00f3 que, de acuerdo con los testimonios de las otras internas, \u00c1ngela no estaba recibiendo su insulina como una medida de castigo.<\/p>\n<p>A cinco meses del fallecimiento de la joven, los usuarios denuncian que a\u00fan no est\u00e1n claras las condiciones en las que falleci\u00f3 y que no se han tomado acciones legales en contra de los encargados del centro, los cuales mantienen en funcionamiento dos centros de rehabilitaci\u00f3n.<\/p>\n<p><a href=\"https:\/\/www.proceso.com.mx\/641570\/drogaron-abusaron-y-dejaron-a-morir-a-angela-en-centro-de-rehabilitacion-de-nl\" rel=\"noopener noreferrer\" target=\"_blank\">https:\/\/www.proceso.com.mx\/641570\/drogaron-abusaron-y-dejaron-a-morir-a-angela-en-centro-de-rehabilitacion-de-nl<\/a><\/p>\n","protected":false},"excerpt":{"rendered":"<p>La Redacci\u00f3n\/ PROCESO CIUDAD DE M\u00c9XICO (apro).- Usuarios de redes sociales se movilizaron a trav\u00e9s del hashtag #JusticiaParaAngela para denunciar la muerte de la joven de 15 a\u00f1os, quien se &hellip; <a href=\"https:\/\/www.grieta.org.mx\/index.php\/2020\/08\/05\/drogaron-abusaron-y-dejaron-morir-a-angela-en-centro-de-rehabilitacion-de-nl\/\" class=\"more-link\">Leer m\u00e1s<\/a><\/p>\n","protected":false},"author":2,"featured_media":52424,"comment_status":"closed","ping_status":"closed","sticky":false,"template":"","format":"standard","meta":{"ngg_post_thumbnail":0,"_jetpack_newsletter_access":"","_jetpack_dont_email_post_to_subs":false,"_jetpack_newsletter_tier_id":0,"_jetpack_memberships_contains_paywalled_content":false,"_jetpack_memberships_contains_paid_content":false,"footnotes":""},"categories":[80,84,1131,1827,2334,2,24,83],"tags":[1820,2362,746],"class_list":["post-52423","post","type-post","status-publish","format-standard","has-post-thumbnail","hentry","category-cintillo","category-feminicidios","category-feminicidios-en-nuevo-leon","category-la-ninez-en-la-tormenta-capitalista","category-la-ninez-en-la-tormenta-capitalista-en-nuevo-leon","category-noticias-nacionales","category-nuevo-leon","category-temas-nacionales","tag-abuso-sexual-infantil","tag-la-ninez-en-la-tormenta","tag-violencia","entry"],"jetpack_featured_media_url":"https:\/\/www.grieta.org.mx\/wp-content\/uploads\/2020\/08\/angela-drogada-nl-870x522.jpg","jetpack_sharing_enabled":true,"jetpack_shortlink":"https:\/\/wp.me\/p7ZJR4-dDx","jetpack_likes_enabled":false,"jetpack-related-posts":[{"id":30911,"url":"https:\/\/www.grieta.org.mx\/index.php\/2019\/03\/08\/al-menos-siete-feminicidios-mensuales-de-ninas-y-adolescentes-redim\/","url_meta":{"origin":52423,"position":0},"title":"Al menos siete feminicidios mensuales de ni\u00f1as y adolescentes: REDIM","author":"grieta","date":"8 marzo, 2019","format":false,"excerpt":"L\u00f3pez D\u00f3riga Digital La cifra de adolescentes v\u00edctimas de feminicidios a nivel nacional se duplic\u00f3 de 2015 a 2018, al pasar de 422 a 861 casos La Red por los Derechos de la Infancia en M\u00e9xico (REDIM) asegur\u00f3 que la violencia machista y omisi\u00f3n de las autoridades son responsables de\u2026","rel":"","context":"En &quot;Chihuahua&quot;","block_context":{"text":"Chihuahua","link":"https:\/\/www.grieta.org.mx\/index.php\/category\/noticias-nacionales\/chihuahua\/"},"img":{"alt_text":"","src":"https:\/\/i0.wp.com\/www.grieta.org.mx\/wp-content\/uploads\/2019\/03\/Al-menos-siete-feminicidios-mensuales-de-ni%C3%B1as-y-adolescentes-REDIM-nl-mzo.jpg?resize=350%2C200&ssl=1","width":350,"height":200,"srcset":"https:\/\/i0.wp.com\/www.grieta.org.mx\/wp-content\/uploads\/2019\/03\/Al-menos-siete-feminicidios-mensuales-de-ni%C3%B1as-y-adolescentes-REDIM-nl-mzo.jpg?resize=350%2C200&ssl=1 1x, https:\/\/i0.wp.com\/www.grieta.org.mx\/wp-content\/uploads\/2019\/03\/Al-menos-siete-feminicidios-mensuales-de-ni%C3%B1as-y-adolescentes-REDIM-nl-mzo.jpg?resize=525%2C300&ssl=1 1.5x, https:\/\/i0.wp.com\/www.grieta.org.mx\/wp-content\/uploads\/2019\/03\/Al-menos-siete-feminicidios-mensuales-de-ni%C3%B1as-y-adolescentes-REDIM-nl-mzo.jpg?resize=700%2C400&ssl=1 2x"},"classes":[]},{"id":32687,"url":"https:\/\/www.grieta.org.mx\/index.php\/2019\/04\/27\/guanajuato-tiene-el-mayor-numero-de-asesinatos-de-menores\/","url_meta":{"origin":52423,"position":1},"title":"Guanajuato tiene el mayor n\u00famero de asesinatos de menores","author":"grieta","date":"27 abril, 2019","format":false,"excerpt":"Durante los primeros meses de este a\u00f1o, en el pa\u00eds 285 menores fueron v\u00edctimas de homicidio y Guanajuato cuenta con el mayor n\u00famero de casos, con 35 AM, Le\u00f3n Guanajuato\/ Redacci\u00f3n, 27 de Abril de 2019 Durante el primer trimestre del a\u00f1o, 285 menores de edad fueron asesinados en el\u2026","rel":"","context":"En &quot;Chihuahua&quot;","block_context":{"text":"Chihuahua","link":"https:\/\/www.grieta.org.mx\/index.php\/category\/noticias-nacionales\/chihuahua\/"},"img":{"alt_text":"","src":"https:\/\/i0.wp.com\/www.grieta.org.mx\/wp-content\/uploads\/2018\/03\/14524434_1106112876131411_958039263622046936_o.jpg?resize=350%2C200&ssl=1","width":350,"height":200,"srcset":"https:\/\/i0.wp.com\/www.grieta.org.mx\/wp-content\/uploads\/2018\/03\/14524434_1106112876131411_958039263622046936_o.jpg?resize=350%2C200&ssl=1 1x, https:\/\/i0.wp.com\/www.grieta.org.mx\/wp-content\/uploads\/2018\/03\/14524434_1106112876131411_958039263622046936_o.jpg?resize=525%2C300&ssl=1 1.5x, https:\/\/i0.wp.com\/www.grieta.org.mx\/wp-content\/uploads\/2018\/03\/14524434_1106112876131411_958039263622046936_o.jpg?resize=700%2C400&ssl=1 2x"},"classes":[]},{"id":65945,"url":"https:\/\/www.grieta.org.mx\/index.php\/2022\/12\/04\/colima-entre-los-estados-mas-inseguros-para-ninas-y-adolescentes\/","url_meta":{"origin":52423,"position":2},"title":"Colima, entre los estados m\u00e1s inseguros para ni\u00f1as y adolescentes","author":"grieta","date":"4 diciembre, 2022","format":false,"excerpt":"Imagen: Diario Avanzada Heidi de Le\u00f3n Guti\u00e9rrez \/ Diario Avanzada Colima, M\u00e9xico, Avanzada (04\/12\/2022).- Colima se encuentra entre los 14 estados m\u00e1s inseguros para las ni\u00f1as y adolescentes, de acuerdo al monitoreo que realiz\u00f3 la organizaci\u00f3n: Aqu\u00ed estamos: feminicidio infantil en M\u00e9xico. El reporte fue elaborado por un grupo de\u2026","rel":"","context":"En &quot;CINTILLO&quot;","block_context":{"text":"CINTILLO","link":"https:\/\/www.grieta.org.mx\/index.php\/category\/cintillo\/"},"img":{"alt_text":"","src":"https:\/\/i0.wp.com\/www.grieta.org.mx\/wp-content\/uploads\/2022\/12\/image-25-1.png?resize=350%2C200&ssl=1","width":350,"height":200,"srcset":"https:\/\/i0.wp.com\/www.grieta.org.mx\/wp-content\/uploads\/2022\/12\/image-25-1.png?resize=350%2C200&ssl=1 1x, https:\/\/i0.wp.com\/www.grieta.org.mx\/wp-content\/uploads\/2022\/12\/image-25-1.png?resize=525%2C300&ssl=1 1.5x"},"classes":[]},{"id":60676,"url":"https:\/\/www.grieta.org.mx\/index.php\/2021\/07\/18\/se-los-traga-la-tierra-desaparecen-menores-migrantes-al-cruzar-slp\/","url_meta":{"origin":52423,"position":3},"title":"Se los traga la tierra, desaparecen menores migrantes al cruzar SLP","author":"grieta","date":"18 julio, 2021","format":false,"excerpt":"Juan Hern\u00e1ndez\/Quadrat\u00edn San Luis Potos\u00ed 18 julio 2021 Al menos 10 menores de entre 12 y 17 a\u00f1os, nacidos en Honduras y El Salvador, han desaparecido en su paso por San Luis Potos\u00ed en el transcurso de este a\u00f1o. La Fiscal\u00eda Especializada en Derechos Humanos mantiene activas las fichas de\u2026","rel":"","context":"En &quot;CINTILLO&quot;","block_context":{"text":"CINTILLO","link":"https:\/\/www.grieta.org.mx\/index.php\/category\/cintillo\/"},"img":{"alt_text":"","src":"https:\/\/i0.wp.com\/www.grieta.org.mx\/wp-content\/uploads\/2021\/07\/ninos-mig.jpeg?resize=350%2C200&ssl=1","width":350,"height":200,"srcset":"https:\/\/i0.wp.com\/www.grieta.org.mx\/wp-content\/uploads\/2021\/07\/ninos-mig.jpeg?resize=350%2C200&ssl=1 1x, https:\/\/i0.wp.com\/www.grieta.org.mx\/wp-content\/uploads\/2021\/07\/ninos-mig.jpeg?resize=525%2C300&ssl=1 1.5x, https:\/\/i0.wp.com\/www.grieta.org.mx\/wp-content\/uploads\/2021\/07\/ninos-mig.jpeg?resize=700%2C400&ssl=1 2x, https:\/\/i0.wp.com\/www.grieta.org.mx\/wp-content\/uploads\/2021\/07\/ninos-mig.jpeg?resize=1050%2C600&ssl=1 3x"},"classes":[]},{"id":67839,"url":"https:\/\/www.grieta.org.mx\/index.php\/2023\/09\/26\/colima-no-garantiza-la-reparacion-del-dano-a-familiares-de-las-victimas-de-feminicidio\/","url_meta":{"origin":52423,"position":4},"title":"Colima no garantiza la reparaci\u00f3n del da\u00f1o a familiares de las v\u00edctimas de feminicidio","author":"grieta","date":"26 septiembre, 2023","format":false,"excerpt":"Imagen: Tomada de la Red Heidi de Le\u00f3n Guti\u00e9rrez \/ Diario Avanzada Colima, M\u00e9xico, Avanzada (26\/09\/2023).- Para la Comisi\u00f3n Nacional de Derechos Humanos, el Gobierno de Colima tiene pendiente\u00a0garantizar la reparaci\u00f3n del da\u00f1o a las v\u00edctimas indirectas menores de edad del delito de feminicidio. El organismo destaca que en 14\u2026","rel":"","context":"En &quot;CINTILLO&quot;","block_context":{"text":"CINTILLO","link":"https:\/\/www.grieta.org.mx\/index.php\/category\/cintillo\/"},"img":{"alt_text":"","src":"https:\/\/i0.wp.com\/www.grieta.org.mx\/wp-content\/uploads\/2023\/10\/feminicidio-mexico.webp?resize=350%2C200&ssl=1","width":350,"height":200,"srcset":"https:\/\/i0.wp.com\/www.grieta.org.mx\/wp-content\/uploads\/2023\/10\/feminicidio-mexico.webp?resize=350%2C200&ssl=1 1x, https:\/\/i0.wp.com\/www.grieta.org.mx\/wp-content\/uploads\/2023\/10\/feminicidio-mexico.webp?resize=525%2C300&ssl=1 1.5x, https:\/\/i0.wp.com\/www.grieta.org.mx\/wp-content\/uploads\/2023\/10\/feminicidio-mexico.webp?resize=700%2C400&ssl=1 2x"},"classes":[]},{"id":34672,"url":"https:\/\/www.grieta.org.mx\/index.php\/2019\/06\/11\/en-nuevo-leon-5-4-de-los-ninos-trabajan\/","url_meta":{"origin":52423,"position":5},"title":"En Nuevo Le\u00f3n, 5.4% de los ni\u00f1os trabajan","author":"grieta","date":"11 junio, 2019","format":false,"excerpt":"Daniela Garc\u00eda \/ Multimedios De acuerdo a cifras del Instituto Nacional de Estad\u00edstica y Geograf\u00eda, el 77.1 por ciento realiza actividades no permitidas por la ley. MONTERREY.- En Nuevo Le\u00f3n, la tasa de ocupaci\u00f3n de la poblaci\u00f3n de ni\u00f1os de entre 5 y 17 a\u00f1os es de 5.4 por ciento\u2026","rel":"","context":"En &quot;CINTILLO&quot;","block_context":{"text":"CINTILLO","link":"https:\/\/www.grieta.org.mx\/index.php\/category\/cintillo\/"},"img":{"alt_text":"","src":"https:\/\/i0.wp.com\/www.grieta.org.mx\/wp-content\/uploads\/2019\/06\/En-Nuevo-Le%C3%B3n-5.4-de-los-ni%C3%B1os-trabajan-nl-jun.jpeg?resize=350%2C200&ssl=1","width":350,"height":200,"srcset":"https:\/\/i0.wp.com\/www.grieta.org.mx\/wp-content\/uploads\/2019\/06\/En-Nuevo-Le%C3%B3n-5.4-de-los-ni%C3%B1os-trabajan-nl-jun.jpeg?resize=350%2C200&ssl=1 1x, https:\/\/i0.wp.com\/www.grieta.org.mx\/wp-content\/uploads\/2019\/06\/En-Nuevo-Le%C3%B3n-5.4-de-los-ni%C3%B1os-trabajan-nl-jun.jpeg?resize=525%2C300&ssl=1 1.5x, https:\/\/i0.wp.com\/www.grieta.org.mx\/wp-content\/uploads\/2019\/06\/En-Nuevo-Le%C3%B3n-5.4-de-los-ni%C3%B1os-trabajan-nl-jun.jpeg?resize=700%2C400&ssl=1 2x"},"classes":[]}],"_links":{"self":[{"href":"https:\/\/www.grieta.org.mx\/index.php\/wp-json\/wp\/v2\/posts\/52423","targetHints":{"allow":["GET"]}}],"collection":[{"href":"https:\/\/www.grieta.org.mx\/index.php\/wp-json\/wp\/v2\/posts"}],"about":[{"href":"https:\/\/www.grieta.org.mx\/index.php\/wp-json\/wp\/v2\/types\/post"}],"author":[{"embeddable":true,"href":"https:\/\/www.grieta.org.mx\/index.php\/wp-json\/wp\/v2\/users\/2"}],"replies":[{"embeddable":true,"href":"https:\/\/www.grieta.org.mx\/index.php\/wp-json\/wp\/v2\/comments?post=52423"}],"version-history":[{"count":1,"href":"https:\/\/www.grieta.org.mx\/index.php\/wp-json\/wp\/v2\/posts\/52423\/revisions"}],"predecessor-version":[{"id":52425,"href":"https:\/\/www.grieta.org.mx\/index.php\/wp-json\/wp\/v2\/posts\/52423\/revisions\/52425"}],"wp:featuredmedia":[{"embeddable":true,"href":"https:\/\/www.grieta.org.mx\/index.php\/wp-json\/wp\/v2\/media\/52424"}],"wp:attachment":[{"href":"https:\/\/www.grieta.org.mx\/index.php\/wp-json\/wp\/v2\/media?parent=52423"}],"wp:term":[{"taxonomy":"category","embeddable":true,"href":"https:\/\/www.grieta.org.mx\/index.php\/wp-json\/wp\/v2\/categories?post=52423"},{"taxonomy":"post_tag","embeddable":true,"href":"https:\/\/www.grieta.org.mx\/index.php\/wp-json\/wp\/v2\/tags?post=52423"}],"curies":[{"name":"wp","href":"https:\/\/api.w.org\/{rel}","templated":true}]}}