{"id":5235,"date":"2015-06-26T05:35:43","date_gmt":"2015-06-26T05:35:43","guid":{"rendered":"http:\/\/50.22.11.12\/~grietaor\/?p=5235"},"modified":"2016-03-26T05:39:01","modified_gmt":"2016-03-26T05:39:01","slug":"investigan-enfermedades-por-agua-contaminada-en-pinal-de-amoles-queretaro","status":"publish","type":"post","link":"https:\/\/www.grieta.org.mx\/index.php\/2015\/06\/26\/investigan-enfermedades-por-agua-contaminada-en-pinal-de-amoles-queretaro\/","title":{"rendered":"Investigan enfermedades por agua contaminada en Pinal de Amoles, Quer\u00e9taro"},"content":{"rendered":"<p>Mariana Ch\u00e1vez\/La Jornada<\/p>\n<blockquote><p>Se habr\u00edan intoxicado con ars\u00e9nico 69% de los habitantes de El Llano de San Francisco<br \/>\nPadecen infecciones respiratorias, agotamiento y descamaci\u00f3n de la piel, entre otros malestares<br \/>\nSospechan que la fuente es una mina de mercurio\n<\/p><\/blockquote>\n<p>A trav\u00e9s de la niebla se observan unas 20 casas de la comunidad El Llano de San Francisco, donde 120 de sus 172 habitantes (69 por ciento) se intoxicaron con agua contaminada, presuntamente con ars\u00e9nico, lo cual les provoc\u00f3 infecciones respiratorias, diarrea, v\u00f3mito, fiebre y otras enfermedades.<\/p>\n<p>Los vecinos dicen estar mejor, pero a\u00fan tienen secuelas: erupciones y manchas en la piel.<\/p>\n<p>En mayo empezaron a padecer infecciones respiratorias agudas, agotamiento, p\u00e9rdida de fuerza, comez\u00f3n y descamaci\u00f3n de la piel. La Secretar\u00eda de Salud (Ssa) emiti\u00f3 alerta sanitaria, y junto con la Comisi\u00f3n Estatal de Aguas (CEA) analiz\u00f3 el manantial El Cedral.<\/p>\n<p>El 14 de junio el gobierno estatal dio a conocer que 120 personas presentaban lesiones cut\u00e1neas. El diagn\u00f3stico era sospecha de intoxicaci\u00f3n cr\u00f3nica por ars\u00e9nico. La CEA prohibi\u00f3 usar el agua de El Cedral e instal\u00f3 dos dep\u00f3sitos provisionales.<\/p>\n<p>Cansada de cargar le\u00f1a con un mecapal y apoyada con una rama, Martha, de 68 a\u00f1os de edad, se detiene junto a un matorral. Recuerda que a su hija le salieron hartos granos, como si estuviera quemada. Le control\u00f3 la fiebre con ba\u00f1os de agua fr\u00eda y el prurito con ramas del campo. Por falta de dinero no la llev\u00f3 al centro de salud de San Gaspar, comunidad aleda\u00f1a, ni al hospital en Jalpan de Serra. Estuvo enferma un mes, hasta que lleg\u00f3 a su casa personal de la Ssa y le dio tratamiento para la hinchaz\u00f3n de los pies.<\/p>\n<p>Antes de la emergencia sanitaria, los pobladores consum\u00edan el agua del manantial de El Llano, desde hace 30 a\u00f1os su principal fuente de abastecimiento.<\/p>\n<p>\u201cPara ba\u00f1arme ocupo un burrito y llevo mis anforitas \u2013refiere Martha\u2013. Mi ropa la llevo a lavar adonde llega la fuga del tanque\u201d, dice en referencia al tanque de acero de 50 metros c\u00fabicos instalado por la CEA para abastecer a los 172 habitantes de la comunidad. La obra qued\u00f3 terminada en 2014, pero a\u00fan no est\u00e1 en operaci\u00f3n.<\/p>\n<p>El 18 de junio pasado lleg\u00f3 a esa comunidad el presidente municipal, C\u00e9sar Fernando Arcega P\u00e9rez, para anunciar que pedir\u00eda a la CEA que le apuraran al agua.<\/p>\n<p>La principal preocupaci\u00f3n de Martha es no tener dinero para comer. A veces lava ropa ajena, pero a sus 68 a\u00f1os ya no me alcanza la fuerza.<\/p>\n<p>Las enfermedades en El Llano de San Francisco han atemorizado a los vecinos de Los Pinos, Cornitos, La Ca\u00f1ada, Cant\u00f3n, San Gaspar y El Madro\u00f1o, quienes optaron por no consumir el l\u00edquido de manantiales que llega entubado a su comunidad, aunque no provenga de El Cedral.<\/p>\n<p>Al amanecer se observa en la carretera el ajetreo de viejas camionetas que transportan tambos con agua de otros r\u00edos.<\/p>\n<p>Los delegados de los poblados convocaron el 19 de junio a una junta dirigida por el alcalde. Les informaron que la CEA y la Comisi\u00f3n Nacional del Agua (Conagua) ya tomaron muestras y analizan el l\u00edquido para saber qu\u00e9 contaminantes tiene y de d\u00f3nde provienen.<\/p>\n<p>Refugio Hern\u00e1ndez, delegado de la comunidad El Madro\u00f1o, de unos 500 habitantes, pidi\u00f3 a los encargados de los estudios una respuesta abierta, no s\u00f3lo entre ellos. Necesitamos saber qu\u00e9 pasa.<\/p>\n<p>En Madro\u00f1o y El Llano de San Francisco sospechan que la contaminaci\u00f3n de El Cedral fue provocada por una mina de mercurio conocida como El Oyamel, explotada por lugare\u00f1os.<\/p>\n<p>Martha duda que la mina sea el origen de la contaminaci\u00f3n. Aqu\u00ed hay mineros que toman (agua en el yacimiento). Ya les hubiera afectado. Pero no.<\/p>\n<p>Mar\u00eda Elena, de 22 a\u00f1os de edad, y su esposo Rub\u00e9n, de 20, jalan la rienda de un burro cargado de le\u00f1a. Los dos y su hija de tres a\u00f1os enfermaron. \u00c9l tiene erupciones dolorosas en un pie y estuvo dos meses en cama. No tiene trabajo. Ella lleva una bolsa con pan que le fiaron los vecinos.<\/p>\n<p>Su hija sigue enferma. Le dieron cita en el hospital de Jalpan el 22 de junio, pero no acudi\u00f3 por la falta de recursos. Mi ni\u00f1a est\u00e1 bien pelada (de la piel) y no se le quitan las manchas, comenta Mar\u00eda Elena.<\/p>\n<p><a href=\"http:\/\/www.jornada.unam.mx\/2015\/06\/26\/estados\/030n1est\" target=\"_blank\">www.jornada.unam.mx\/2015\/06\/26\/estados\/030n1est<\/a><\/p>\n","protected":false},"excerpt":{"rendered":"<p>Mariana Ch\u00e1vez\/La Jornada Se habr\u00edan intoxicado con ars\u00e9nico 69% de los habitantes de El Llano de San Francisco Padecen infecciones respiratorias, agotamiento y descamaci\u00f3n de la piel, entre otros malestares &hellip; <a href=\"https:\/\/www.grieta.org.mx\/index.php\/2015\/06\/26\/investigan-enfermedades-por-agua-contaminada-en-pinal-de-amoles-queretaro\/\" class=\"more-link\">Leer m\u00e1s<\/a><\/p>\n","protected":false},"author":2,"featured_media":21928,"comment_status":"closed","ping_status":"open","sticky":false,"template":"","format":"standard","meta":{"ngg_post_thumbnail":0,"_jetpack_newsletter_access":"","_jetpack_dont_email_post_to_subs":false,"_jetpack_newsletter_tier_id":0,"_jetpack_memberships_contains_paywalled_content":false,"_jetpack_memberships_contains_paid_content":false,"footnotes":""},"categories":[80,359],"tags":[393,149],"class_list":["post-5235","post","type-post","status-publish","format-standard","has-post-thumbnail","hentry","category-cintillo","category-queretaro","tag-contaminacion-del-agua","tag-salud","entry"],"jetpack_featured_media_url":"https:\/\/www.grieta.org.mx\/wp-content\/uploads\/2018\/03\/14524434_1106112876131411_958039263622046936_o.jpg","jetpack_sharing_enabled":true,"jetpack_shortlink":"https:\/\/wp.me\/p7ZJR4-1mr","jetpack_likes_enabled":false,"jetpack-related-posts":[{"id":5236,"url":"https:\/\/www.grieta.org.mx\/index.php\/2015\/06\/14\/se-intoxican-120-personas-con-agua-contaminada-con-arsenico-en-queretaro\/","url_meta":{"origin":5235,"position":0},"title":"Se intoxican 120 personas con agua contaminada con ars\u00e9nico en Qu\u00e9retaro","author":"grieta","date":"14 junio, 2015","format":false,"excerpt":"Cadena Rasa Quer\u00e9taro (Rasainforma.com).- La Secretar\u00eda de Salud del estado de Quer\u00e9taro inform\u00f3 que una posible intoxicaci\u00f3n cr\u00f3nica por ars\u00e9nico ocasion\u00f3 que 120 personas fueran hospitalizadas en el municipio Pinal de Amoles, Quer\u00e9taro. A trav\u00e9s de un comunicado, la dependencia se\u00f1al\u00f3 que implement\u00f3 acciones de vigilancia epidemiol\u00f3gica y protecci\u00f3n contra\u2026","rel":"","context":"En &quot;CINTILLO&quot;","block_context":{"text":"CINTILLO","link":"https:\/\/www.grieta.org.mx\/index.php\/category\/cintillo\/"},"img":{"alt_text":"","src":"https:\/\/i0.wp.com\/www.grieta.org.mx\/wp-content\/uploads\/2018\/03\/14524434_1106112876131411_958039263622046936_o.jpg?resize=350%2C200&ssl=1","width":350,"height":200,"srcset":"https:\/\/i0.wp.com\/www.grieta.org.mx\/wp-content\/uploads\/2018\/03\/14524434_1106112876131411_958039263622046936_o.jpg?resize=350%2C200&ssl=1 1x, https:\/\/i0.wp.com\/www.grieta.org.mx\/wp-content\/uploads\/2018\/03\/14524434_1106112876131411_958039263622046936_o.jpg?resize=525%2C300&ssl=1 1.5x, https:\/\/i0.wp.com\/www.grieta.org.mx\/wp-content\/uploads\/2018\/03\/14524434_1106112876131411_958039263622046936_o.jpg?resize=700%2C400&ssl=1 2x"},"classes":[]},{"id":5234,"url":"https:\/\/www.grieta.org.mx\/index.php\/2015\/07\/06\/danos-a-la-salud-en-queretaro-por-agua-contaminada-con-arsenico\/","url_meta":{"origin":5235,"position":1},"title":"Da\u00f1os a la salud en Quer\u00e9taro por agua contaminada con ars\u00e9nico","author":"grieta","date":"6 julio, 2015","format":false,"excerpt":"06\/07\/15. Clausuran manantial con alto nivel de ars\u00e9nico Diario de Quer\u00e9taro 26\/06\/15. Investigan enfermedades por agua contaminada en Pinal de Amoles, Quer\u00e9taro La Jornada 14\/06\/15. Se intoxican 120 personas con agua contaminada con ars\u00e9nico en Qu\u00e9retaro ACadena Rasa","rel":"","context":"En &quot;NOTICIAS NACIONALES&quot;","block_context":{"text":"NOTICIAS NACIONALES","link":"https:\/\/www.grieta.org.mx\/index.php\/category\/noticias-nacionales\/"},"img":{"alt_text":"","src":"https:\/\/i0.wp.com\/www.grieta.org.mx\/wp-content\/uploads\/2018\/03\/14524434_1106112876131411_958039263622046936_o.jpg?resize=350%2C200&ssl=1","width":350,"height":200,"srcset":"https:\/\/i0.wp.com\/www.grieta.org.mx\/wp-content\/uploads\/2018\/03\/14524434_1106112876131411_958039263622046936_o.jpg?resize=350%2C200&ssl=1 1x, https:\/\/i0.wp.com\/www.grieta.org.mx\/wp-content\/uploads\/2018\/03\/14524434_1106112876131411_958039263622046936_o.jpg?resize=525%2C300&ssl=1 1.5x, https:\/\/i0.wp.com\/www.grieta.org.mx\/wp-content\/uploads\/2018\/03\/14524434_1106112876131411_958039263622046936_o.jpg?resize=700%2C400&ssl=1 2x"},"classes":[]},{"id":69654,"url":"https:\/\/www.grieta.org.mx\/index.php\/2024\/09\/09\/emergencia-en-chalco-las-inundaciones-ponen-en-riesgo-la-salud-fisica-y-mental-de-miles-de-habitantes-de-la-region-estado-de-mexico\/","url_meta":{"origin":5235,"position":2},"title":"Emergencia en Chalco: las inundaciones ponen en riesgo la salud f\u00edsica y mental de miles de habitantes de la regi\u00f3n (Estado de M\u00e9xico)","author":"grieta","date":"9 septiembre, 2024","format":false,"excerpt":"Las aguas negras son precursoras de enfermedades de la piel, gastrointestinales e infecciosas Roc\u00edo L\u00f3pez Fonseca \/ Meteored La exposici\u00f3n prolongada a condiciones insalubres tambi\u00e9n puede provocar enfermedades de la piel, respiratorias y problemas de salud mental, como estr\u00e9s postraum\u00e1tico y depresi\u00f3n. Sin contar los da\u00f1os materiales que provocan este\u2026","rel":"","context":"En &quot;CINTILLO&quot;","block_context":{"text":"CINTILLO","link":"https:\/\/www.grieta.org.mx\/index.php\/category\/cintillo\/"},"img":{"alt_text":"","src":"https:\/\/i0.wp.com\/www.grieta.org.mx\/wp-content\/uploads\/2024\/09\/Emergencia-en-Chalco-las-inundaciones-ponen-en-riesgo-la-salud-fisica-y-mental-de-miles-de-habitantes-de-la-region.jpg?resize=350%2C200&ssl=1","width":350,"height":200,"srcset":"https:\/\/i0.wp.com\/www.grieta.org.mx\/wp-content\/uploads\/2024\/09\/Emergencia-en-Chalco-las-inundaciones-ponen-en-riesgo-la-salud-fisica-y-mental-de-miles-de-habitantes-de-la-region.jpg?resize=350%2C200&ssl=1 1x, https:\/\/i0.wp.com\/www.grieta.org.mx\/wp-content\/uploads\/2024\/09\/Emergencia-en-Chalco-las-inundaciones-ponen-en-riesgo-la-salud-fisica-y-mental-de-miles-de-habitantes-de-la-region.jpg?resize=525%2C300&ssl=1 1.5x, https:\/\/i0.wp.com\/www.grieta.org.mx\/wp-content\/uploads\/2024\/09\/Emergencia-en-Chalco-las-inundaciones-ponen-en-riesgo-la-salud-fisica-y-mental-de-miles-de-habitantes-de-la-region.jpg?resize=700%2C400&ssl=1 2x"},"classes":[]},{"id":5232,"url":"https:\/\/www.grieta.org.mx\/index.php\/2015\/07\/06\/clausuran-manantial-con-alto-nivel-de-arsenico\/","url_meta":{"origin":5235,"position":3},"title":"Clausuran manantial con alto nivel de ars\u00e9nico","author":"grieta","date":"6 julio, 2015","format":false,"excerpt":"Heidy Wagner Laclette\/Diario de Quer\u00e9taro La Direcci\u00f3n Local Quer\u00e9taro de la Comisi\u00f3n Nacional del Agua (Conagua) procedi\u00f3 a la clausura del manantial El Cedral, ubicado en Llano de San Francisco, municipio de Pinal de Amoles, debido a que de acuerdo con los an\u00e1lisis preliminares de calidad del agua que se\u2026","rel":"","context":"En &quot;CINTILLO&quot;","block_context":{"text":"CINTILLO","link":"https:\/\/www.grieta.org.mx\/index.php\/category\/cintillo\/"},"img":{"alt_text":"","src":"https:\/\/i0.wp.com\/www.grieta.org.mx\/wp-content\/uploads\/2018\/03\/14524434_1106112876131411_958039263622046936_o.jpg?resize=350%2C200&ssl=1","width":350,"height":200,"srcset":"https:\/\/i0.wp.com\/www.grieta.org.mx\/wp-content\/uploads\/2018\/03\/14524434_1106112876131411_958039263622046936_o.jpg?resize=350%2C200&ssl=1 1x, https:\/\/i0.wp.com\/www.grieta.org.mx\/wp-content\/uploads\/2018\/03\/14524434_1106112876131411_958039263622046936_o.jpg?resize=525%2C300&ssl=1 1.5x, https:\/\/i0.wp.com\/www.grieta.org.mx\/wp-content\/uploads\/2018\/03\/14524434_1106112876131411_958039263622046936_o.jpg?resize=700%2C400&ssl=1 2x"},"classes":[]},{"id":69810,"url":"https:\/\/www.grieta.org.mx\/index.php\/2024\/07\/07\/infecciones-en-piel-ojos-insuficiencia-renal-y-hasta-cancer-por-contaminacion-del-agua-en-region-tula\/","url_meta":{"origin":5235,"position":4},"title":"Infecciones en piel, ojos, insuficiencia renal y hasta c\u00e1ncer por contaminaci\u00f3n del agua en regi\u00f3n Tula","author":"Admin","date":"7 julio, 2024","format":false,"excerpt":"Por El Universal, Hidalgo El agua contaminada del sistema de drenaje profundo de la Ciudad de M\u00e9xico que llega a trav\u00e9s del T\u00fanel Emisor Oriente y T\u00fanel Emisor Central, as\u00ed como las descargas que realiza la Planta de Tratamiento de Aguas Residuales de Atotonilco hacia la presa Endh\u00f3, son las\u2026","rel":"","context":"En &quot;Contaminaci\u00f3n ambiental en Hidalgo&quot;","block_context":{"text":"Contaminaci\u00f3n ambiental en Hidalgo","link":"https:\/\/www.grieta.org.mx\/index.php\/category\/noticias-nacionales\/hidalgo\/contaminacion-ambiental-en-hidalgo\/"},"img":{"alt_text":"","src":"https:\/\/i0.wp.com\/www.grieta.org.mx\/wp-content\/uploads\/2024\/09\/Captura-de-Pantalla-2024-09-24-a-las-9.52.09.jpg?resize=350%2C200&ssl=1","width":350,"height":200,"srcset":"https:\/\/i0.wp.com\/www.grieta.org.mx\/wp-content\/uploads\/2024\/09\/Captura-de-Pantalla-2024-09-24-a-las-9.52.09.jpg?resize=350%2C200&ssl=1 1x, https:\/\/i0.wp.com\/www.grieta.org.mx\/wp-content\/uploads\/2024\/09\/Captura-de-Pantalla-2024-09-24-a-las-9.52.09.jpg?resize=525%2C300&ssl=1 1.5x, https:\/\/i0.wp.com\/www.grieta.org.mx\/wp-content\/uploads\/2024\/09\/Captura-de-Pantalla-2024-09-24-a-las-9.52.09.jpg?resize=700%2C400&ssl=1 2x, https:\/\/i0.wp.com\/www.grieta.org.mx\/wp-content\/uploads\/2024\/09\/Captura-de-Pantalla-2024-09-24-a-las-9.52.09.jpg?resize=1050%2C600&ssl=1 3x, https:\/\/i0.wp.com\/www.grieta.org.mx\/wp-content\/uploads\/2024\/09\/Captura-de-Pantalla-2024-09-24-a-las-9.52.09.jpg?resize=1400%2C800&ssl=1 4x"},"classes":[]},{"id":20617,"url":"https:\/\/www.grieta.org.mx\/index.php\/2015\/07\/27\/denuncian-afectaciones-a-la-salud-por-deposito-de-desechos\/","url_meta":{"origin":5235,"position":5},"title":"Denuncian afectaciones a la salud por dep\u00f3sito de desechos","author":"grieta","date":"27 julio, 2015","format":false,"excerpt":"Raquel May Ol\u00e1n Villahermosa, Tabasco.- Habitantes de la rancher\u00eda Benito Ju\u00e1rez 1ra y 2da secci\u00f3n de Jalpa de M\u00e9ndez, denunciaron las afectaciones que ha dejado el \"cementerio de desechos t\u00f3xicos\" que desde el 2011 instal\u00f3 en la comunidad una empresa de nombre INASA, dedicada al manejo de residuos contaminantes, misma\u2026","rel":"","context":"En &quot;CINTILLO&quot;","block_context":{"text":"CINTILLO","link":"https:\/\/www.grieta.org.mx\/index.php\/category\/cintillo\/"},"img":{"alt_text":"","src":"https:\/\/i0.wp.com\/www.grieta.org.mx\/wp-content\/uploads\/2018\/03\/14524434_1106112876131411_958039263622046936_o.jpg?resize=350%2C200&ssl=1","width":350,"height":200,"srcset":"https:\/\/i0.wp.com\/www.grieta.org.mx\/wp-content\/uploads\/2018\/03\/14524434_1106112876131411_958039263622046936_o.jpg?resize=350%2C200&ssl=1 1x, https:\/\/i0.wp.com\/www.grieta.org.mx\/wp-content\/uploads\/2018\/03\/14524434_1106112876131411_958039263622046936_o.jpg?resize=525%2C300&ssl=1 1.5x, https:\/\/i0.wp.com\/www.grieta.org.mx\/wp-content\/uploads\/2018\/03\/14524434_1106112876131411_958039263622046936_o.jpg?resize=700%2C400&ssl=1 2x"},"classes":[]}],"_links":{"self":[{"href":"https:\/\/www.grieta.org.mx\/index.php\/wp-json\/wp\/v2\/posts\/5235","targetHints":{"allow":["GET"]}}],"collection":[{"href":"https:\/\/www.grieta.org.mx\/index.php\/wp-json\/wp\/v2\/posts"}],"about":[{"href":"https:\/\/www.grieta.org.mx\/index.php\/wp-json\/wp\/v2\/types\/post"}],"author":[{"embeddable":true,"href":"https:\/\/www.grieta.org.mx\/index.php\/wp-json\/wp\/v2\/users\/2"}],"replies":[{"embeddable":true,"href":"https:\/\/www.grieta.org.mx\/index.php\/wp-json\/wp\/v2\/comments?post=5235"}],"version-history":[{"count":1,"href":"https:\/\/www.grieta.org.mx\/index.php\/wp-json\/wp\/v2\/posts\/5235\/revisions"}],"predecessor-version":[{"id":5238,"href":"https:\/\/www.grieta.org.mx\/index.php\/wp-json\/wp\/v2\/posts\/5235\/revisions\/5238"}],"wp:featuredmedia":[{"embeddable":true,"href":"https:\/\/www.grieta.org.mx\/index.php\/wp-json\/wp\/v2\/media\/21928"}],"wp:attachment":[{"href":"https:\/\/www.grieta.org.mx\/index.php\/wp-json\/wp\/v2\/media?parent=5235"}],"wp:term":[{"taxonomy":"category","embeddable":true,"href":"https:\/\/www.grieta.org.mx\/index.php\/wp-json\/wp\/v2\/categories?post=5235"},{"taxonomy":"post_tag","embeddable":true,"href":"https:\/\/www.grieta.org.mx\/index.php\/wp-json\/wp\/v2\/tags?post=5235"}],"curies":[{"name":"wp","href":"https:\/\/api.w.org\/{rel}","templated":true}]}}