{"id":52319,"date":"2020-08-04T15:59:22","date_gmt":"2020-08-04T20:59:22","guid":{"rendered":"http:\/\/www.grieta.org.mx\/?p=52319"},"modified":"2020-08-10T17:52:29","modified_gmt":"2020-08-10T22:52:29","slug":"los-rostros-no-tan-ocultos-del-mal-llamado-tren-maya-el-tren-de-la-4t-y-el-fomento-de-la-agroindustria","status":"publish","type":"post","link":"https:\/\/www.grieta.org.mx\/index.php\/2020\/08\/04\/los-rostros-no-tan-ocultos-del-mal-llamado-tren-maya-el-tren-de-la-4t-y-el-fomento-de-la-agroindustria\/","title":{"rendered":"Los rostros (no tan) ocultos del mal llamado &#8220;tren maya&#8221;. Parte 1 : El tren de la 4T y el fomento de la agroindustria"},"content":{"rendered":"<figure id=\"attachment_52345\" aria-describedby=\"caption-attachment-52345\" style=\"width: 800px\" class=\"wp-caption aligncenter\"><img loading=\"lazy\" decoding=\"async\" data-attachment-id=\"52345\" data-permalink=\"https:\/\/www.grieta.org.mx\/index.php\/2020\/08\/04\/los-rostros-no-tan-ocultos-del-mal-llamado-tren-maya-el-tren-de-la-4t-y-el-fomento-de-la-agroindustria\/soyatransgenica\/\" data-orig-file=\"https:\/\/www.grieta.org.mx\/wp-content\/uploads\/2020\/08\/Soyatransgenica.jpg\" data-orig-size=\"1461,977\" data-comments-opened=\"0\" data-image-meta=\"{&quot;aperture&quot;:&quot;1.8&quot;,&quot;credit&quot;:&quot;&quot;,&quot;camera&quot;:&quot;BLADE V9&quot;,&quot;caption&quot;:&quot;&quot;,&quot;created_timestamp&quot;:&quot;1574348536&quot;,&quot;copyright&quot;:&quot;&quot;,&quot;focal_length&quot;:&quot;3.89&quot;,&quot;iso&quot;:&quot;100&quot;,&quot;shutter_speed&quot;:&quot;0.0018181818181818&quot;,&quot;title&quot;:&quot;&quot;,&quot;orientation&quot;:&quot;1&quot;}\" data-image-title=\"Soyatransgenica\" data-image-description=\"\" data-image-caption=\"&lt;p&gt;Campo de soya transg\u00e9nica en las cercan\u00edas del tramo carretero ente Dzibalch\u00e9n y Hopelch\u00e9n. Foto: Colectivo Grieta&lt;\/p&gt;\n\" data-medium-file=\"https:\/\/www.grieta.org.mx\/wp-content\/uploads\/2020\/08\/Soyatransgenica-300x201.jpg\" data-large-file=\"https:\/\/www.grieta.org.mx\/wp-content\/uploads\/2020\/08\/Soyatransgenica-1024x685.jpg\" class=\"wp-image-52345\" src=\"http:\/\/www.grieta.org.mx\/wp-content\/uploads\/2020\/08\/Soyatransgenica.jpg\" alt=\"\" width=\"800\" height=\"535\" srcset=\"https:\/\/www.grieta.org.mx\/wp-content\/uploads\/2020\/08\/Soyatransgenica.jpg 1461w, https:\/\/www.grieta.org.mx\/wp-content\/uploads\/2020\/08\/Soyatransgenica-300x201.jpg 300w, https:\/\/www.grieta.org.mx\/wp-content\/uploads\/2020\/08\/Soyatransgenica-768x514.jpg 768w, https:\/\/www.grieta.org.mx\/wp-content\/uploads\/2020\/08\/Soyatransgenica-1024x685.jpg 1024w, https:\/\/www.grieta.org.mx\/wp-content\/uploads\/2020\/08\/Soyatransgenica-748x500.jpg 748w\" sizes=\"auto, (max-width: 800px) 100vw, 800px\" \/><figcaption id=\"caption-attachment-52345\" class=\"wp-caption-text\">Campo de soya transg\u00e9nica en las cercan\u00edas del tramo carretero ente Dzibalch\u00e9n y Hopelch\u00e9n. El modelo &#8220;labranza cero&#8221; que impulsan las grandes granjas implica una dependencia total de insumos externos y es posible solo porque la soya es resistente a herbicidas, los cuales se aplican masivamente. Foto: Colectivo Grieta<\/figcaption><\/figure>\n<p>Colectivo Grieta, 04 de agosto de 2020<\/p>\n<p>Ciudad de M\u00e9xico.- La publicidad y el discurso oficial tienden a presentar al mal llamado tren maya solo como un proyecto de desarrollo tur\u00edstico. A partir de eso el mismo discurso oficial ha tendido a circunscribir los posibles impactos ecol\u00f3gicos y sociales al mero trazo de la v\u00eda f\u00e9rrea y, si acaso, a mencionar los terrenos necesarios para la construcci\u00f3n de las estaciones. Sin embargo, el proyecto del mal llamado tren maya se inserta en la l\u00f3gica de <a href=\"https:\/\/enlacezapatista.ezln.org.mx\/1997\/06\/20\/7-piezas-sueltas-del-rompecabezas-mundial-el-neoliberalismo-como-rompecabezas-la-inutil-unidad-mundial-que-fragmenta-y-destruye-naciones\/\" target=\"_blank\" rel=\"noopener noreferrer\">destrucci\u00f3n\/despoblamiento- reconstrucci\u00f3n\/reordenamiento<\/a> que impulsa el gran capital, es decir, la destrucci\u00f3n de la vida social, de la cultura de la gente y de su relaci\u00f3n con la naturaleza, el despojo de los medios de vida -incluyendo la tierra- y la reconstrucci\u00f3n de acuerdo a los intereses de los grandes empresarios, reorganizando la vida de las personas para que solo produzcan y consuman aquello que da ganancias al capitalismo; quienes no asuman ese modo de vida impuesto no caben en el mundo capitalista. A lo largo de los \u00faltimos meses se ha acumulado informaci\u00f3n sobre c\u00f3mo el mal llamado &#8220;tren maya&#8221; busca transformar la producci\u00f3n agr\u00edcola de la regi\u00f3n suroriental y oriental de M\u00e9xico como parte de este proceso continuado de despojo y destrucci\u00f3n. Esta transformaci\u00f3n busca destruir la vida campesina para convertir a sus mujeres y hombres en <a href=\"https:\/\/www.grieta.org.mx\/index.php\/2020\/07\/01\/proyecto-tren-maya-cambiaria-a-indigenas-y-campesinos-a-una-poblacion-urbanizada-y-asalariada\/\" target=\"_blank\" rel=\"noopener noreferrer\">poblaci\u00f3n asalariada<\/a>, sea en la agroindustria o en las maquiladoras que ya explotan a los trabajadores. Por ejemplo, el Consejo Mexicano para la Silvicultura Sostenible ha explicado que existe un fuerte riesgo de desplazamiento de poblaciones locales justamente debido al <a href=\"https:\/\/www.puntomedio.mx\/alertan-que-el-tren-maya-expulsaria-a-poblaciones\/\" target=\"_blank\" rel=\"noopener noreferrer\">acaparamiento de tierra y a la destrucci\u00f3n de las agricultura comunitaria de la zona<\/a>.<\/p>\n<p>El autodenominado &#8220;programa agroalimentario&#8221; del mal llamado &#8220;tren maya&#8221; contempla usar la v\u00eda f\u00e9rrea para transportar hasta 5,500 millones de toneladas de &#8220;carga agroalimentaria&#8221;. Si bien este impacto en la regi\u00f3n ha sido ocultado en los documentos legales clave como la Manifestaci\u00f3n de Impacto Ambiental (MIA), al presentar el programa frente al Comisi\u00f3n de Asuntos de la Frontera Sur de la C\u00e1mara de Diputados, <a href=\"https:\/\/www.milenio.com\/politica\/tren-maya-movera-5-5-millones-toneladas-carga-agroalimentaria\" target=\"_blank\" rel=\"noopener noreferrer\">el titular de turismo del gobierno de la 4T se sincer\u00f3<\/a>: <em>&#8220;Andr\u00e9s Manuel (L\u00f3pez Obrador) siempre habl\u00f3 de un tren que si bien en su primera etapa es muy elocuente y es la parte, digamos, muy llamativa, atractiva, inicial del proyecto como un tren tur\u00edstico, en el fondo es un proyecto integral de desarrollo que incide en todos los sectores y fundamentalmente en la regi\u00f3n en el \u00e1rea agroalimentaria&#8221;<\/em>. En esa misma reuni\u00f3n, el funcionario federal detall\u00f3 que existe incluso un calendario estimado de c\u00f3mo se intensificar\u00eda el tr\u00e1fico de mercanc\u00edas entre el 2021 y el 2023.<\/p>\n<p>Pero \u00bfcu\u00e1l es el tipo de producci\u00f3n agr\u00edcola que se impulsa como parte del proyecto? \u00bfqu\u00e9 implica para la vida de las comunidades campesinas que all\u00ed se encuentran? Por otra parte, resulta revelador que sea hasta ahora (despu\u00e9s de la farsa que llamaron consulta, realizada por el gobierno en la que se &#8220;aprob\u00f3&#8221; el megaproyecto) que el gobierno de la 4T reconozca, a cuenta gotas, la intenci\u00f3n real de este &#8220;tren&#8221;: mover m\u00e1s r\u00e1pido las mercanc\u00edas. As\u00ed lo han reportado los medios cercanos al gran capital donde se han recogido y celebrado los planes del gobierno para construir infraestructura agroindustrial alrededor de las estaciones del tren. Estas instalaciones incluir\u00edan plantas frigor\u00edficas y de secado de vegetales y carne, m\u00e1s a\u00fan, como detalla el propio gobierno cuando habla frente a diputados o <a href=\"https:\/\/realestatemarket.com.mx\/noticias\/infraestructura-y-construccion\/29210-tren-maya-trasladara-5-5-millones-de-toneladas-de-carga-agroalimentaria\" target=\"_blank\" rel=\"noopener noreferrer\">representantes del gran capital<\/a> se piensa en que el mal llamado tren maya traslade entre otros productos: ca\u00f1a de az\u00facar, palma aceitera y carne de cerdo.<\/p>\n<figure id=\"attachment_52346\" aria-describedby=\"caption-attachment-52346\" style=\"width: 800px\" class=\"wp-caption aligncenter\"><img loading=\"lazy\" decoding=\"async\" data-attachment-id=\"52346\" data-permalink=\"https:\/\/www.grieta.org.mx\/index.php\/2020\/08\/04\/los-rostros-no-tan-ocultos-del-mal-llamado-tren-maya-el-tren-de-la-4t-y-el-fomento-de-la-agroindustria\/homun-2\/\" data-orig-file=\"https:\/\/www.grieta.org.mx\/wp-content\/uploads\/2020\/08\/Homun.jpg\" data-orig-size=\"800,435\" data-comments-opened=\"0\" data-image-meta=\"{&quot;aperture&quot;:&quot;0&quot;,&quot;credit&quot;:&quot;&quot;,&quot;camera&quot;:&quot;&quot;,&quot;caption&quot;:&quot;&quot;,&quot;created_timestamp&quot;:&quot;0&quot;,&quot;copyright&quot;:&quot;&quot;,&quot;focal_length&quot;:&quot;0&quot;,&quot;iso&quot;:&quot;0&quot;,&quot;shutter_speed&quot;:&quot;0&quot;,&quot;title&quot;:&quot;&quot;,&quot;orientation&quot;:&quot;0&quot;}\" data-image-title=\"Homun\" data-image-description=\"\" data-image-caption=\"&lt;p&gt;Protesta contra la granja porc\u00edcola de Hom\u00fan. La manifestaci\u00f3n fue realizada el pasado 23 de septiembre de 2019. Foto: Diario de Yucat\u00e1n.&lt;\/p&gt;\n\" data-medium-file=\"https:\/\/www.grieta.org.mx\/wp-content\/uploads\/2020\/08\/Homun-300x163.jpg\" data-large-file=\"https:\/\/www.grieta.org.mx\/wp-content\/uploads\/2020\/08\/Homun.jpg\" class=\"size-full wp-image-52346\" src=\"http:\/\/www.grieta.org.mx\/wp-content\/uploads\/2020\/08\/Homun.jpg\" alt=\"\" width=\"800\" height=\"435\" srcset=\"https:\/\/www.grieta.org.mx\/wp-content\/uploads\/2020\/08\/Homun.jpg 800w, https:\/\/www.grieta.org.mx\/wp-content\/uploads\/2020\/08\/Homun-300x163.jpg 300w, https:\/\/www.grieta.org.mx\/wp-content\/uploads\/2020\/08\/Homun-768x418.jpg 768w\" sizes=\"auto, (max-width: 800px) 100vw, 800px\" \/><figcaption id=\"caption-attachment-52346\" class=\"wp-caption-text\">Protesta contra la granja porc\u00edcola de Hom\u00fan. La manifestaci\u00f3n fue realizada el pasado 23 de septiembre de 2019. Foto: Diario de Yucat\u00e1n.<\/figcaption><\/figure>\n<p>El que se piense precisamente en el traslado de palma aceitera y carne de cerdo revela que el impacto ecol\u00f3gico y social del proyecto de tren de la 4T es mucho mayor al reconocido en la Manifestaci\u00f3n de Impacto Ambiental, pues tanto las <a href=\"https:\/\/es.mongabay.com\/2019\/10\/palma-de-aceite-en-mexico-amenaza-areas-protegidas-en-campeche\/\" target=\"_blank\" rel=\"noopener noreferrer\">plantaciones de palma aceitera<\/a> como las <a href=\"https:\/\/www.animalpolitico.com\/2020\/05\/irregularidades-granjas-porcicolas-yucatan-greenpeace\/\" target=\"_blank\" rel=\"noopener noreferrer\">granjas porc\u00edcolas<\/a> son conocidas por los efectos devastadores en los agroecosistemas de la regi\u00f3n. Las granjas porc\u00edcolas han sido ampliamente denunciadas por la contaminaci\u00f3n que generan, la palma aceitera desgasta brutalmente los suelos, reduce la agrobiodiversidad y ambos sistemas de producci\u00f3n se caracterizan por una explotaci\u00f3n salvaje de los trabajadores asalariados; la ca\u00f1a de az\u00facar altamente demandante de nitr\u00f3geno degradar\u00eda los suelos de la regi\u00f3n en aras del mercado. Un cuarto elemento que entra en juego es el crecimiento de <a href=\"https:\/\/www.elfinanciero.com.mx\/bloomberg-businessweek\/menonitas-que-huyeron-de-chihuahua-ahora-alimentan-asia-desde-campeche\" target=\"_blank\" rel=\"noopener noreferrer\">las granjas menonitas<\/a> que, acaparando tierras al amparo de la reforma salinista al art\u00edculo 27 constitucional, han extendido el monocultivo de soya transg\u00e9nica y ahora tambi\u00e9n de arroz, incluso desmontando bosque tropical, el <em>monte<\/em> de los ejidos y comunidades en la pen\u00ednsula de Yucat\u00e1n y que es un elemento muy importante en su subsistencia al proveerles entre otras cosas agua, le\u00f1a, frutos y ocasionalmente animales para la caza en \u00e9pocas de dificultad. En la cadena de producci\u00f3n de la soya transg\u00e9nica producida para fines industriales <a href=\"https:\/\/avispa.org\/el-agronegocio-industria-depredadora-en-la-peninsula-de-yucatan\/\" target=\"_blank\" rel=\"noopener noreferrer\">participa de manera importante la empresa Enerall<\/a>, propiedad de Alfonso Romo, jefe de la Oficina de la presidencia, en patente conflicto de inter\u00e9s. As\u00ed la apuesta del gobierno y los empresarios es destruir los sistemas de milpa y de huertos de la regi\u00f3n donde se cultivan variedades&nbsp; de calabaza, ma\u00edz, frijol, chile, jitomate y frutales -algunas de las cuales son end\u00e9micas de la zona maya- que dan alimento a sus comunidades y reemplazarlos por monocultivos comerciales. Tal es el desarrollo prometido por la 4T: acumulaci\u00f3n de riqueza para unos cuantos, dilapidaci\u00f3n de la tierra y de la vida de los seres humanos para los de abajo.<\/p>\n<figure id=\"attachment_52347\" aria-describedby=\"caption-attachment-52347\" style=\"width: 800px\" class=\"wp-caption aligncenter\"><img loading=\"lazy\" decoding=\"async\" data-attachment-id=\"52347\" data-permalink=\"https:\/\/www.grieta.org.mx\/index.php\/2020\/08\/04\/los-rostros-no-tan-ocultos-del-mal-llamado-tren-maya-el-tren-de-la-4t-y-el-fomento-de-la-agroindustria\/maquinariamenonitas\/\" data-orig-file=\"https:\/\/www.grieta.org.mx\/wp-content\/uploads\/2020\/08\/MaquinariaMenonitas.jpg\" data-orig-size=\"1490,1117\" data-comments-opened=\"0\" data-image-meta=\"{&quot;aperture&quot;:&quot;1.8&quot;,&quot;credit&quot;:&quot;&quot;,&quot;camera&quot;:&quot;BLADE V9&quot;,&quot;caption&quot;:&quot;&quot;,&quot;created_timestamp&quot;:&quot;1574346446&quot;,&quot;copyright&quot;:&quot;&quot;,&quot;focal_length&quot;:&quot;3.89&quot;,&quot;iso&quot;:&quot;100&quot;,&quot;shutter_speed&quot;:&quot;0.00079176563737134&quot;,&quot;title&quot;:&quot;&quot;,&quot;orientation&quot;:&quot;1&quot;}\" data-image-title=\"MaquinariaMenonitas\" data-image-description=\"\" data-image-caption=\"&lt;p&gt;Maquinaria pesada empleada en la agricultura industrial en Campeche. Los veh\u00edculos son de tales dimenasiones que ocupan dos carriles en las estrechas carreteras de la regi\u00f3n. Los campesinos  son transformados en peones o, en el mejor de los casos, en rentistas que reciben una cantidad min\u00fascula comparada con las ganancias que deja el agotamiento de sus suelos. Foto: Colectivo Grieta.&lt;\/p&gt;\n\" data-medium-file=\"https:\/\/www.grieta.org.mx\/wp-content\/uploads\/2020\/08\/MaquinariaMenonitas-300x225.jpg\" data-large-file=\"https:\/\/www.grieta.org.mx\/wp-content\/uploads\/2020\/08\/MaquinariaMenonitas-1024x768.jpg\" class=\"wp-image-52347\" src=\"http:\/\/www.grieta.org.mx\/wp-content\/uploads\/2020\/08\/MaquinariaMenonitas.jpg\" alt=\"\" width=\"800\" height=\"600\" srcset=\"https:\/\/www.grieta.org.mx\/wp-content\/uploads\/2020\/08\/MaquinariaMenonitas.jpg 1490w, https:\/\/www.grieta.org.mx\/wp-content\/uploads\/2020\/08\/MaquinariaMenonitas-300x225.jpg 300w, https:\/\/www.grieta.org.mx\/wp-content\/uploads\/2020\/08\/MaquinariaMenonitas-768x576.jpg 768w, https:\/\/www.grieta.org.mx\/wp-content\/uploads\/2020\/08\/MaquinariaMenonitas-1024x768.jpg 1024w, https:\/\/www.grieta.org.mx\/wp-content\/uploads\/2020\/08\/MaquinariaMenonitas-667x500.jpg 667w\" sizes=\"auto, (max-width: 800px) 100vw, 800px\" \/><figcaption id=\"caption-attachment-52347\" class=\"wp-caption-text\">Maquinaria pesada empleada en la agricultura industrial en Campeche. Los veh\u00edculos son de tales dimensiones que ocupan dos carriles en las estrechas carreteras de la regi\u00f3n. Los campesinos son transformados en jornaleros o, si acaso, en rentistas que reciben una cantidad min\u00fascula comparada con las ganancias que deja al agronegocio el agotamiento de sus suelos. Foto: Colectivo Grieta.<\/figcaption><\/figure>\n<p>Por ello, las comunidades ind\u00edgenas de la regi\u00f3n, por ejemplo a trav\u00e9s de la Asamblea Muuch\u2019 X\u00edinbal\u2019, del Consejo Regional Ind\u00edgena Maya de Bacalar, de Guardianes de los Cenotes Kanan Ts\u2019ono\u2019ot y del Consejo Regional Ind\u00edgena y Popular de Xpujil han luchado contra las granjas porc\u00edcolas, contra la soya transg\u00e9nica y el avance de la palma aceitera, incluso desde antes de que el gobierno de L\u00f3pez Obrador relanzara el proyecto calderonista del tren. Esta <a href=\"https:\/\/piedepagina.mx\/comunidades-de-calakmul-ganan-amparo-contra-tren-maya\/\" target=\"_blank\" rel=\"noopener noreferrer\">lucha<\/a> se ha articulado y fortalecido a\u00fan m\u00e1s en los \u00faltimos meses. As\u00ed, en las tierras donde la 4T impulsa el mal llamado tren maya existe un historial de <a href=\"https:\/\/www.grieta.org.mx\/index.php\/category\/noticias-nacionales\/campeche\/se-organizan-para-frenar-avance-de-transgenicos-en-yucatan-campeche-y-quintana-roo\/\" target=\"_blank\" rel=\"noopener noreferrer\">lucha de los apicultores<\/a> contra el cultivo de soya transg\u00e9nica y una lucha de los pueblos y comunidades contra las granjas porc\u00edcolas altamente contaminantes como en el caso de <a href=\"https:\/\/www.grieta.org.mx\/index.php\/category\/noticias-nacionales\/yucatan\/lucha-contra-granja-porcicola\/\" target=\"_blank\" rel=\"noopener noreferrer\">Hom\u00fan<\/a>. Todo ello ha llevado al fortalecimiento de los v\u00ednculos entre las comunidades en lucha que se han expresado una y otra vez de forma clara en defensa de su territorio y contra el megaproyecto como lo hicieron <a href=\"https:\/\/www.grieta.org.mx\/index.php\/2019\/06\/22\/pronunciamiento-de-organizaciones-mayas-de-la-peninsula-de-yucatan\/\" target=\"_blank\" rel=\"noopener noreferrer\">en junio de 2019<\/a> y m\u00e1s recientemente el pasado <a href=\"https:\/\/asambleamaya.wixsite.com\/muuchxiinbal\/no-al-tren-maya\" target=\"_blank\" rel=\"noopener noreferrer\">21 de mayo<\/a>, sumando el apoyo de intelectuales y acad\u00e9micos.<\/p>\n<p>No en balde el proyecto del mal llamado tren maya ha sido caracterizado por GRAIN como un proyecto de &#8220;<a href=\"https:\/\/www.grain.org\/es\/article\/6416-el-mal-llamado-tren-maya-acaparamiento-multimodal-de-territorios\" target=\"_blank\" rel=\"noopener noreferrer\">mega zona econ\u00f3mica especial<\/a>&#8221; que busca acaparar territorios. Por eso la lucha de los pueblos y comunidades mayas contra el mal llamado tren maya es una lucha por la vida. Los t\u00e9rminos del pensamiento mercantil en cuyo horizonte se mueve el actual gobierno y aqu\u00e9llos a quienes sirve, no pueden conciliarse con la vida de los pueblos. La lucha contra el tren maya fue uno de los ejes de las <a href=\"https:\/\/www.grieta.org.mx\/index.php\/category\/jornadas-samir-somos-todas-y-todos\/\" target=\"_blank\" rel=\"noopener noreferrer\">Jornadas en Defensa de la Tierra y el Territorio &#8220;Samir somos Todas y todos&#8221;<\/a>, realizadas del 20 al 22 de Febrero de 2020 y convocadas por la Asamblea en Resistencia de Amilcingo, el EZLN y el Congreso Nacional Ind\u00edgena, y sigue siendo uno de los ejes de los pueblos en defensa de la vida, como lo plantea la Asamblea Muuch\u2019 X\u00edinbal\u2019 en su texto del 21 de mayo de 2020:<\/p>\n<p>&#8220;<em>NO permitiremos que sigan pisando nuestra dignidad como pueblos originarios: \u00a1ESTA LUCHA ES POR LA DEFENSA DE NUESTRO TERRITORIO Y POR NUESTRAS VIDAS!&#8221;<\/em><\/p>\n","protected":false},"excerpt":{"rendered":"<p>Colectivo Grieta, 04 de agosto de 2020 Ciudad de M\u00e9xico.- La publicidad y el discurso oficial tienden a presentar al mal llamado tren maya solo como un proyecto de desarrollo &hellip; <a href=\"https:\/\/www.grieta.org.mx\/index.php\/2020\/08\/04\/los-rostros-no-tan-ocultos-del-mal-llamado-tren-maya-el-tren-de-la-4t-y-el-fomento-de-la-agroindustria\/\" class=\"more-link\">Leer m\u00e1s<\/a><\/p>\n","protected":false},"author":2,"featured_media":52345,"comment_status":"closed","ping_status":"closed","sticky":false,"template":"","format":"standard","meta":{"ngg_post_thumbnail":0,"_jetpack_newsletter_access":"","_jetpack_dont_email_post_to_subs":false,"_jetpack_newsletter_tier_id":0,"_jetpack_memberships_contains_paywalled_content":false,"_jetpack_memberships_contains_paid_content":false,"footnotes":""},"categories":[42,11,80,1775,2997,1278,2258,910,85,926,944,952,28,32,2026,36],"tags":[281,2988,2987,204,2466,3514,1878],"class_list":["post-52319","post","type-post","status-publish","format-standard","has-post-thumbnail","hentry","category-agroindustria","category-campeche","category-cintillo","category-colectivo-grieta","category-despojo-de-tierras-en-campeche","category-despojo-de-tierras-y-territorios","category-ecocidio-en-campeche","category-explotacion-y-precariedad-laboral","category-jornaleros","category-mp-campeche","category-mp-quintana-roo","category-mp-yucatan","category-quintana-roo","category-tabasco","category-tren-maya","category-yucatan","tag-agroindustria","tag-deforestacion-por-el-tren-maya","tag-impacto-ecologico-por-tren-maya","tag-jornaleros","tag-luchas-y-resistencias-de-pueblos-originarios","tag-protestas-contra-tren-maya","tag-tren-maya","entry"],"jetpack_featured_media_url":"https:\/\/www.grieta.org.mx\/wp-content\/uploads\/2020\/08\/Soyatransgenica.jpg","jetpack_sharing_enabled":true,"jetpack_shortlink":"https:\/\/wp.me\/p7ZJR4-dBR","jetpack_likes_enabled":false,"jetpack-related-posts":[{"id":35945,"url":"https:\/\/www.grieta.org.mx\/index.php\/2019\/07\/05\/expansion-de-megaproyectos-en-la-peninsula-de-yucatan-video\/","url_meta":{"origin":52319,"position":0},"title":"Expansi\u00f3n de Megaproyectos en la Pen\u00ednsula de Yucat\u00e1n (Video)","author":"grieta","date":"5 julio, 2019","format":false,"excerpt":"https:\/\/youtu.be\/qLBARIAaBsI","rel":"","context":"En &quot;Campeche&quot;","block_context":{"text":"Campeche","link":"https:\/\/www.grieta.org.mx\/index.php\/category\/noticias-nacionales\/campeche\/"},"img":{"alt_text":"","src":"https:\/\/i0.wp.com\/img.youtube.com\/vi\/qLBARIAaBsI\/0.jpg?resize=350%2C200","width":350,"height":200},"classes":[]},{"id":47874,"url":"https:\/\/www.grieta.org.mx\/index.php\/2020\/04\/13\/las-vias-torcidas-del-tren-maya-video\/","url_meta":{"origin":52319,"position":1},"title":"Las v\u00edas torcidas del tren maya (Video)","author":"grieta","date":"13 abril, 2020","format":false,"excerpt":"https:\/\/www.youtube.com\/watch?v=k8FRX9eT0YY","rel":"","context":"En &quot;16. Pueblo Maya&quot;","block_context":{"text":"16. Pueblo Maya","link":"https:\/\/www.grieta.org.mx\/index.php\/category\/espejos-de-la-resistencia\/16-pueblo-maya\/"},"img":{"alt_text":"","src":"https:\/\/i0.wp.com\/www.grieta.org.mx\/wp-content\/uploads\/2020\/04\/ViasTorcidasTrenMaya.png?resize=350%2C200&ssl=1","width":350,"height":200,"srcset":"https:\/\/i0.wp.com\/www.grieta.org.mx\/wp-content\/uploads\/2020\/04\/ViasTorcidasTrenMaya.png?resize=350%2C200&ssl=1 1x, https:\/\/i0.wp.com\/www.grieta.org.mx\/wp-content\/uploads\/2020\/04\/ViasTorcidasTrenMaya.png?resize=525%2C300&ssl=1 1.5x, https:\/\/i0.wp.com\/www.grieta.org.mx\/wp-content\/uploads\/2020\/04\/ViasTorcidasTrenMaya.png?resize=700%2C400&ssl=1 2x"},"classes":[]},{"id":35613,"url":"https:\/\/www.grieta.org.mx\/index.php\/2019\/06\/27\/impactos-sociales-y-territoriales-del-proyecto-tren-maya-video\/","url_meta":{"origin":52319,"position":2},"title":"Impactos sociales y territoriales del proyecto tren maya (Video)","author":"grieta","date":"27 junio, 2019","format":false,"excerpt":"https:\/\/youtu.be\/FPH4ZTKgMPc","rel":"","context":"En &quot;CINTILLO&quot;","block_context":{"text":"CINTILLO","link":"https:\/\/www.grieta.org.mx\/index.php\/category\/cintillo\/"},"img":{"alt_text":"","src":"https:\/\/i0.wp.com\/www.grieta.org.mx\/wp-content\/uploads\/2018\/03\/14524434_1106112876131411_958039263622046936_o.jpg?resize=350%2C200&ssl=1","width":350,"height":200,"srcset":"https:\/\/i0.wp.com\/www.grieta.org.mx\/wp-content\/uploads\/2018\/03\/14524434_1106112876131411_958039263622046936_o.jpg?resize=350%2C200&ssl=1 1x, https:\/\/i0.wp.com\/www.grieta.org.mx\/wp-content\/uploads\/2018\/03\/14524434_1106112876131411_958039263622046936_o.jpg?resize=525%2C300&ssl=1 1.5x, https:\/\/i0.wp.com\/www.grieta.org.mx\/wp-content\/uploads\/2018\/03\/14524434_1106112876131411_958039263622046936_o.jpg?resize=700%2C400&ssl=1 2x"},"classes":[]},{"id":58003,"url":"https:\/\/www.grieta.org.mx\/index.php\/2021\/03\/27\/son-proyectos-que-no-estan-siendo-consultados-por-tren-maya-se-harian-10-parques-solares-activistas-de-yucatan-no-quieren-mas-despojo-de-tierras\/","url_meta":{"origin":52319,"position":3},"title":"\u201cSon proyectos que no est\u00e1n siendo consultados\u201d: Por Tren Maya, se har\u00edan 10 parques solares; activistas de Yucat\u00e1n no quieren m\u00e1s despojo de tierras","author":"grieta","date":"27 marzo, 2021","format":false,"excerpt":"Itzel Chan \/ Noticaribe M\u00c9RIDA, MX.- Ante el anuncio relacionado con la construcci\u00f3n de 10 parques de energ\u00eda solar para abastecer los tramos electrificados del Tren Maya, integrantes de la Asamblea de Defensores del Territorio Maya M\u00fauch\u2019 X\u00edinbal, se pronuncian desde ahora que se oponen a m\u00e1s despojo de tierras.\u2026","rel":"","context":"En &quot;Campeche&quot;","block_context":{"text":"Campeche","link":"https:\/\/www.grieta.org.mx\/index.php\/category\/noticias-nacionales\/campeche\/"},"img":{"alt_text":"","src":"https:\/\/i0.wp.com\/www.grieta.org.mx\/wp-content\/uploads\/2021\/03\/ParquesSolaresTrenMalla-e1616978369383.png?resize=350%2C200&ssl=1","width":350,"height":200,"srcset":"https:\/\/i0.wp.com\/www.grieta.org.mx\/wp-content\/uploads\/2021\/03\/ParquesSolaresTrenMalla-e1616978369383.png?resize=350%2C200&ssl=1 1x, https:\/\/i0.wp.com\/www.grieta.org.mx\/wp-content\/uploads\/2021\/03\/ParquesSolaresTrenMalla-e1616978369383.png?resize=525%2C300&ssl=1 1.5x, https:\/\/i0.wp.com\/www.grieta.org.mx\/wp-content\/uploads\/2021\/03\/ParquesSolaresTrenMalla-e1616978369383.png?resize=700%2C400&ssl=1 2x"},"classes":[]},{"id":52154,"url":"https:\/\/www.grieta.org.mx\/index.php\/2020\/07\/02\/acusan-al-tren-maya-de-atentar-contra-el-tejido-comunitario\/","url_meta":{"origin":52319,"position":4},"title":"Acusan al Tren Maya de atentar contra el tejido comunitario","author":"grieta","date":"2 julio, 2020","format":false,"excerpt":"Pablo Puerto \/ Yucat\u00e1n a la Mano El Consejo Civil Mexicano para la Silvicultura Sostenible (CCMSS) acus\u00f3 al proyecto del Tren Maya de romper el tejido comunitario en la Pen\u00ednsula de Yucat\u00e1n, situaci\u00f3n que complica las opciones de reproducir su cultura para confirmar una poblaci\u00f3n urbanizada. A trav\u00e9s de un\u2026","rel":"","context":"En &quot;Campeche&quot;","block_context":{"text":"Campeche","link":"https:\/\/www.grieta.org.mx\/index.php\/category\/noticias-nacionales\/campeche\/"},"img":{"alt_text":"","src":"https:\/\/i0.wp.com\/www.grieta.org.mx\/wp-content\/uploads\/2020\/07\/AcusanAlTren-e1596122559447.png?resize=350%2C200&ssl=1","width":350,"height":200,"srcset":"https:\/\/i0.wp.com\/www.grieta.org.mx\/wp-content\/uploads\/2020\/07\/AcusanAlTren-e1596122559447.png?resize=350%2C200&ssl=1 1x, https:\/\/i0.wp.com\/www.grieta.org.mx\/wp-content\/uploads\/2020\/07\/AcusanAlTren-e1596122559447.png?resize=525%2C300&ssl=1 1.5x, https:\/\/i0.wp.com\/www.grieta.org.mx\/wp-content\/uploads\/2020\/07\/AcusanAlTren-e1596122559447.png?resize=700%2C400&ssl=1 2x"},"classes":[]},{"id":27851,"url":"https:\/\/www.grieta.org.mx\/index.php\/2018\/12\/02\/mayas-de-la-peninsula-de-yucatan-refrendan-su-compromiso-de-defender-su-territorio\/","url_meta":{"origin":52319,"position":5},"title":"Mayas de la Pen\u00ednsula de Yucat\u00e1n refrendan su compromiso de defender su territorio","author":"grieta","date":"2 diciembre, 2018","format":false,"excerpt":"MayaPolitikon Dziuch\u00e9, Quintana Roo .\u00ad\u2013 Representantes de pueblos mayas de la Pen\u00ednsula de Yucat\u00e1n refrendaron su compromiso de trabajar juntos en la protecci\u00f3n de su territorio, sus tierras y su manera de vivir. Reunidos hoy en Dziuch\u00e9, Quintana Roo, expresaron asimismo su profunda desconfianza en los gobiernos de los tres\u2026","rel":"","context":"En &quot;16. Pueblo Maya&quot;","block_context":{"text":"16. Pueblo Maya","link":"https:\/\/www.grieta.org.mx\/index.php\/category\/espejos-de-la-resistencia\/16-pueblo-maya\/"},"img":{"alt_text":"","src":"https:\/\/i0.wp.com\/www.grieta.org.mx\/wp-content\/uploads\/2018\/12\/abejas.jpg?resize=350%2C200&ssl=1","width":350,"height":200,"srcset":"https:\/\/i0.wp.com\/www.grieta.org.mx\/wp-content\/uploads\/2018\/12\/abejas.jpg?resize=350%2C200&ssl=1 1x, https:\/\/i0.wp.com\/www.grieta.org.mx\/wp-content\/uploads\/2018\/12\/abejas.jpg?resize=525%2C300&ssl=1 1.5x, https:\/\/i0.wp.com\/www.grieta.org.mx\/wp-content\/uploads\/2018\/12\/abejas.jpg?resize=700%2C400&ssl=1 2x"},"classes":[]}],"_links":{"self":[{"href":"https:\/\/www.grieta.org.mx\/index.php\/wp-json\/wp\/v2\/posts\/52319","targetHints":{"allow":["GET"]}}],"collection":[{"href":"https:\/\/www.grieta.org.mx\/index.php\/wp-json\/wp\/v2\/posts"}],"about":[{"href":"https:\/\/www.grieta.org.mx\/index.php\/wp-json\/wp\/v2\/types\/post"}],"author":[{"embeddable":true,"href":"https:\/\/www.grieta.org.mx\/index.php\/wp-json\/wp\/v2\/users\/2"}],"replies":[{"embeddable":true,"href":"https:\/\/www.grieta.org.mx\/index.php\/wp-json\/wp\/v2\/comments?post=52319"}],"version-history":[{"count":1,"href":"https:\/\/www.grieta.org.mx\/index.php\/wp-json\/wp\/v2\/posts\/52319\/revisions"}],"predecessor-version":[{"id":52595,"href":"https:\/\/www.grieta.org.mx\/index.php\/wp-json\/wp\/v2\/posts\/52319\/revisions\/52595"}],"wp:featuredmedia":[{"embeddable":true,"href":"https:\/\/www.grieta.org.mx\/index.php\/wp-json\/wp\/v2\/media\/52345"}],"wp:attachment":[{"href":"https:\/\/www.grieta.org.mx\/index.php\/wp-json\/wp\/v2\/media?parent=52319"}],"wp:term":[{"taxonomy":"category","embeddable":true,"href":"https:\/\/www.grieta.org.mx\/index.php\/wp-json\/wp\/v2\/categories?post=52319"},{"taxonomy":"post_tag","embeddable":true,"href":"https:\/\/www.grieta.org.mx\/index.php\/wp-json\/wp\/v2\/tags?post=52319"}],"curies":[{"name":"wp","href":"https:\/\/api.w.org\/{rel}","templated":true}]}}