{"id":52276,"date":"2020-07-22T10:01:01","date_gmt":"2020-07-22T15:01:01","guid":{"rendered":"http:\/\/www.grieta.org.mx\/?p=52276"},"modified":"2020-08-02T10:25:16","modified_gmt":"2020-08-02T15:25:16","slug":"repuntan-violaciones-durante-confinamiento-en-aguascalientes","status":"publish","type":"post","link":"https:\/\/www.grieta.org.mx\/index.php\/2020\/07\/22\/repuntan-violaciones-durante-confinamiento-en-aguascalientes\/","title":{"rendered":"Repuntan violaciones durante confinamiento en Aguascalientes"},"content":{"rendered":"<p>Alejandro Romo\/Newsweek Aguascalientes<br \/>\n22 julio 2020<\/p>\n<p><img loading=\"lazy\" decoding=\"async\" data-attachment-id=\"52277\" data-permalink=\"https:\/\/www.grieta.org.mx\/index.php\/2020\/07\/22\/repuntan-violaciones-durante-confinamiento-en-aguascalientes\/violencia-violacion-2\/\" data-orig-file=\"https:\/\/www.grieta.org.mx\/wp-content\/uploads\/2020\/08\/violencia.-violaci\u00f3n.jpg\" data-orig-size=\"649,450\" data-comments-opened=\"0\" data-image-meta=\"{&quot;aperture&quot;:&quot;0&quot;,&quot;credit&quot;:&quot;&quot;,&quot;camera&quot;:&quot;&quot;,&quot;caption&quot;:&quot;&quot;,&quot;created_timestamp&quot;:&quot;0&quot;,&quot;copyright&quot;:&quot;&quot;,&quot;focal_length&quot;:&quot;0&quot;,&quot;iso&quot;:&quot;0&quot;,&quot;shutter_speed&quot;:&quot;0&quot;,&quot;title&quot;:&quot;&quot;,&quot;orientation&quot;:&quot;0&quot;}\" data-image-title=\"violencia.-violaci\u00f3n\" data-image-description=\"\" data-image-caption=\"\" data-medium-file=\"https:\/\/www.grieta.org.mx\/wp-content\/uploads\/2020\/08\/violencia.-violaci\u00f3n-300x208.jpg\" data-large-file=\"https:\/\/www.grieta.org.mx\/wp-content\/uploads\/2020\/08\/violencia.-violaci\u00f3n.jpg\" src=\"http:\/\/www.grieta.org.mx\/wp-content\/uploads\/2020\/08\/violencia.-violaci\u00f3n.jpg\" alt=\"\" width=\"649\" height=\"450\" class=\"aligncenter size-full wp-image-52277\" srcset=\"https:\/\/www.grieta.org.mx\/wp-content\/uploads\/2020\/08\/violencia.-violaci\u00f3n.jpg 649w, https:\/\/www.grieta.org.mx\/wp-content\/uploads\/2020\/08\/violencia.-violaci\u00f3n-300x208.jpg 300w\" sizes=\"auto, (max-width: 649px) 100vw, 649px\" \/><\/p>\n<p>Durante el mes de junio se duplicaron las denuncias por violaci\u00f3n simple en Aguascalientes, al contabilizarse 22 querellas por este delito, luego de que en abril y mayo se presentaran 12 y 11 respectivamente, seg\u00fan los datos m\u00e1s recientes del Secretariado Ejecutivo del Sistema Nacional de Seguridad P\u00fablica (SNSP).<\/p>\n<p>En lo que va del a\u00f1o suman 106 denuncias por violaci\u00f3n simple en la Fiscal\u00eda General de Aguascalientes.<\/p>\n<p>Al respecto, la psic\u00f3loga especialista en Sexolog\u00eda Cl\u00ednica, Elena Agredano Gonz\u00e1lez, el confinamiento por la contingencia del Covid-19 ha fomentado que exista mayor contacto al interior de las familias, que en la mayor\u00eda de las ocasiones es donde se encuentran los agresores de delitos sexuales.<\/p>\n<p>De acuerdo a la especialista, alrededor del 80% de las personas que cometen este delito tienen alg\u00fan grado de parentesco con las v\u00edctimas o forman parte de su c\u00edrculo social m\u00e1s cercano.<\/p>\n<p>\u201cTanto el abuso sexual como la violaci\u00f3n son mayormente hechos por familiares, por la pareja, por el padre, por los t\u00edos, por personas que viven en un mismo espacio y que rara vez son personas ajenas al contexto familiar o al contexto de personas de \u2018confianza\u2019, entonces en este contexto de aislamiento social se da tambi\u00e9n esta coerci\u00f3n tanto en las parejas como en los menores\u201d.<\/p>\n<p>Refiri\u00f3 que las personas m\u00e1s vulnerables a padecer alg\u00fan tipo de delito sexual son los ni\u00f1os que se encuentran en la primera infancia, es decir, de entre 0 y 5 a\u00f1os de edad, que requieren una mayor cantidad de cuidados.<\/p>\n<p>\u201cLas poblaciones con m\u00e1s riesgo en esta pandemia y en este aislamiento social son definitivamente las infancias que no cuentan con las herramientas para oponer resistencia o para denunciar la situaci\u00f3n, como los ni\u00f1os que todav\u00eda no hablan, o que tienen un retraso en su desarrollo f\u00edsico o ps\u00edquico, tambi\u00e9n las infancias y adolescencias que tienen una carencia de afecto que no diferencian los contactos como abuso sino contacto afectivo\u201d.<\/p>\n<p>De igual manera, las mujeres tambi\u00e9n son consideradas un grupo vulnerable de padecer alg\u00fan delito sexual, especialmente por parte de sus parejas, a\u00f1adi\u00f3.<\/p>\n<p>\u201cLas mujeres tambi\u00e9n son poblaciones de riesgo para vivir abuso y violaci\u00f3n, sobre todo por sus parejas y si ya hay un antecedente de si sus parejas son controladoras o violentas\u201d.<\/p>\n<p>Elena Agredano coment\u00f3 que el perfil de los agresores suele estar vinculado a antecedentes de violencia o agresiones tambi\u00e9n de tipo sexual.<\/p>\n<p>\u201cA trav\u00e9s de diversos estudios se ha demostrado que las personas que est\u00e1n siendo abusadoras ya hab\u00edan vivido un abuso sexual o una violaci\u00f3n en su infancia, que son personas que tienen inseguridades muy marcadas y que desean un contacto f\u00edsico con la otra persona, y al no poder hacerlo de manera sana buscan a personas que tengan menos poder para que sea una relaci\u00f3n asim\u00e9trica y as\u00ed obtener lo que est\u00e1n buscando\u201d.<\/p>\n<p>Las afectaciones psicol\u00f3gicas en las v\u00edctimas var\u00edan dependiendo las caracter\u00edsticas de las v\u00edctimas, siendo las m\u00e1s notorias las siguientes:<\/p>\n<p>1) V\u00cdCTIMAS EN EDAD PREESCOLAR<\/p>\n<p>Despu\u00e9s de aprender a ir al ba\u00f1o, comienzan a orinarse en la cama o en la ropa, o cuando est\u00e1n jugando o en otra actividad, cuando ya exist\u00eda un control de esf\u00ednteres.<\/p>\n<p>Se observan somatizaciones, que son dolencias f\u00edsicas que no tienen un origen org\u00e1nico.<\/p>\n<p>Se tiene una regresi\u00f3n de conducta que ya no se ten\u00edan, como por ejemplo chuparse el dedo, volver a querer a tomar biber\u00f3n y adem\u00e1s una sexualizaci\u00f3n de los contextos que no sea acorde a su realidad.<\/p>\n<p>2) V\u00cdCTIMAS EN EDAD ESCOLAR<\/p>\n<p>Se observan problemas en el \u00e1mbito escolar, se registra una baja autoestima, inseguridades muy marcadas, problemas de sue\u00f1o y alimentaci\u00f3n y reacciones som\u00e1ticas (dolores sin causa aparente).<\/p>\n<p>3) V\u00cdCTIMAS ADOLESCENTES<\/p>\n<p>En este tipo de v\u00edctimas se aprecia aislamiento, agresividad, depresi\u00f3n, ansiedad, intentos de suicidio y embarazos.<\/p>\n<p>4) V\u00cdCTIMAS EN EDAD ADULTA<\/p>\n<p>Existe ansiedad, depresi\u00f3n, trastornos de estr\u00e9s pos-traum\u00e1tico, cambios repentinos de humor, dificultades sexuales y conductas autodestructivas.<\/p>\n<p>Finalmente, la especialista recalc\u00f3 la necesidad de que se cuente con una justicia m\u00e1s r\u00e1pida y expedita, que no discrimine ni revictimice, a fin de favorecer la denuncia de los delitos sexuales, que suelen ser los m\u00e1s complejos de revelarse.<\/p>\n<p>Asimismo, se debe privilegiar la educaci\u00f3n integral de la sexualidad para identificar el abuso sexual o una violaci\u00f3n.<\/p>\n<p>\u201cTodos estos casos que tienen que ver con abusos y violaciones se viven desde la culpa y la verg\u00fcenza, y m\u00e1s porque estos temas sexuales son temas que han venido siendo ocultados desde todo el tiempo, entonces la parte del silencio tambi\u00e9n da pie a que se sigan repitiendo los abusos\u201d, concluy\u00f3 Agredano Gonz\u00e1lez.<\/p>\n<p><a href=\"https:\/\/newsweekespanol.com\/2020\/07\/repuntan-violaciones-durante-confinamiento-en-aguascalientes\/\" rel=\"noopener noreferrer\" target=\"_blank\">https:\/\/newsweekespanol.com\/2020\/07\/repuntan-violaciones-durante-confinamiento-en-aguascalientes\/<\/a><\/p>\n","protected":false},"excerpt":{"rendered":"<p>Alejandro Romo\/Newsweek Aguascalientes 22 julio 2020 Durante el mes de junio se duplicaron las denuncias por violaci\u00f3n simple en Aguascalientes, al contabilizarse 22 querellas por este delito, luego de que &hellip; <a href=\"https:\/\/www.grieta.org.mx\/index.php\/2020\/07\/22\/repuntan-violaciones-durante-confinamiento-en-aguascalientes\/\" class=\"more-link\">Leer m\u00e1s<\/a><\/p>\n","protected":false},"author":2,"featured_media":52277,"comment_status":"closed","ping_status":"closed","sticky":false,"template":"","format":"standard","meta":{"ngg_post_thumbnail":0,"_jetpack_newsletter_access":"","_jetpack_dont_email_post_to_subs":false,"_jetpack_newsletter_tier_id":0,"_jetpack_memberships_contains_paywalled_content":false,"_jetpack_memberships_contains_paid_content":false,"footnotes":""},"categories":[4,80,2,1938,2491],"tags":[3001,1630],"class_list":["post-52276","post","type-post","status-publish","format-standard","has-post-thumbnail","hentry","category-aguascalientes","category-cintillo","category-noticias-nacionales","category-criminalizacion-del-derecho-a-decidir-en-aguascalientes","category-violencia-contra-las-mujeres-en-aguascalientes","tag-violacion","tag-violencia-contra-las-mujeres","entry"],"jetpack_featured_media_url":"https:\/\/www.grieta.org.mx\/wp-content\/uploads\/2020\/08\/violencia.-violaci\u00f3n.jpg","jetpack_sharing_enabled":true,"jetpack_shortlink":"https:\/\/wp.me\/p7ZJR4-dBa","jetpack_likes_enabled":false,"jetpack-related-posts":[{"id":43578,"url":"https:\/\/www.grieta.org.mx\/index.php\/2020\/01\/23\/aguascalientes-20-mil-casos-de-abuso-sexual-pero-no-se-investiga-ninguno\/","url_meta":{"origin":52276,"position":0},"title":"Aguascalientes: 20 mil casos de abuso sexual, pero no se investiga ninguno","author":"grieta","date":"23 enero, 2020","format":false,"excerpt":"Redacci\u00f3n\/La Silla Rota 23 enero 2020. En esta entidad, donde hay 672 mil 453 mujeres y 640 mil 91 hombres, son ellas las que vuelven a ser v\u00edctimas de violencia sexual y acoso. En Aguascalientes, un estado con un alto \u00cdndice de Desarrollo Humano, las agresiones contra las mujeres y\u2026","rel":"","context":"En &quot;Aguascalientes&quot;","block_context":{"text":"Aguascalientes","link":"https:\/\/www.grieta.org.mx\/index.php\/category\/noticias-nacionales\/aguascalientes\/"},"img":{"alt_text":"","src":"https:\/\/i0.wp.com\/www.grieta.org.mx\/wp-content\/uploads\/2020\/01\/mujeres-focus-min0.05-0.28-983-557.jpg?resize=350%2C200&ssl=1","width":350,"height":200,"srcset":"https:\/\/i0.wp.com\/www.grieta.org.mx\/wp-content\/uploads\/2020\/01\/mujeres-focus-min0.05-0.28-983-557.jpg?resize=350%2C200&ssl=1 1x, https:\/\/i0.wp.com\/www.grieta.org.mx\/wp-content\/uploads\/2020\/01\/mujeres-focus-min0.05-0.28-983-557.jpg?resize=525%2C300&ssl=1 1.5x, https:\/\/i0.wp.com\/www.grieta.org.mx\/wp-content\/uploads\/2020\/01\/mujeres-focus-min0.05-0.28-983-557.jpg?resize=700%2C400&ssl=1 2x"},"classes":[]},{"id":49876,"url":"https:\/\/www.grieta.org.mx\/index.php\/2020\/05\/26\/se-atendieron-132-llamadas-por-violencia-a-mujeres-en-aguascalientes-en-abril\/","url_meta":{"origin":52276,"position":1},"title":"Se atendieron 132 llamadas por violencia a mujeres en Aguascalientes en abril","author":"grieta","date":"26 mayo, 2020","format":false,"excerpt":"Alejandro Romo\/Newsweek Aguascalientes 26 mayo 2020 Foto: Pixabay Durante el periodo de contingencia sanitaria por el coronavirus Covid-19 en abril, el servicio de emergencias 911 report\u00f3 132 llamadas de mujeres que padecieron alg\u00fan tipo de violencia al interior de sus hogares, principalmente, seg\u00fan los datos del Secretariado Ejecutivo del Sistema\u2026","rel":"","context":"En &quot;Aguascalientes&quot;","block_context":{"text":"Aguascalientes","link":"https:\/\/www.grieta.org.mx\/index.php\/category\/noticias-nacionales\/aguascalientes\/"},"img":{"alt_text":"","src":"https:\/\/i0.wp.com\/www.grieta.org.mx\/wp-content\/uploads\/2020\/05\/violencia.-violaci%C3%B3n.jpg?resize=350%2C200&ssl=1","width":350,"height":200,"srcset":"https:\/\/i0.wp.com\/www.grieta.org.mx\/wp-content\/uploads\/2020\/05\/violencia.-violaci%C3%B3n.jpg?resize=350%2C200&ssl=1 1x, https:\/\/i0.wp.com\/www.grieta.org.mx\/wp-content\/uploads\/2020\/05\/violencia.-violaci%C3%B3n.jpg?resize=525%2C300&ssl=1 1.5x"},"classes":[]},{"id":11160,"url":"https:\/\/www.grieta.org.mx\/index.php\/2016\/05\/29\/movilizacion-contra-la-violencia-hacia-las-mujeres-en-aguascalientes\/","url_meta":{"origin":52276,"position":2},"title":"Movilizaci\u00f3n contra la violencia hacia las mujeres en Aguascalientes","author":"grieta","date":"29 mayo, 2016","format":false,"excerpt":"29\/05\/16. Edad promedio de mujeres ante primer acoso en Aguascalientes es de 14 a\u00f1os La Jornada Aguascalientes 24\/04\/16. Movilizaci\u00f3n en contra de las violencias machistas La Jornada Aguascalientes","rel":"","context":"En &quot;Aguascalientes&quot;","block_context":{"text":"Aguascalientes","link":"https:\/\/www.grieta.org.mx\/index.php\/category\/noticias-nacionales\/aguascalientes\/"},"img":{"alt_text":"","src":"https:\/\/i0.wp.com\/www.grieta.org.mx\/wp-content\/uploads\/2018\/03\/14524434_1106112876131411_958039263622046936_o.jpg?resize=350%2C200&ssl=1","width":350,"height":200,"srcset":"https:\/\/i0.wp.com\/www.grieta.org.mx\/wp-content\/uploads\/2018\/03\/14524434_1106112876131411_958039263622046936_o.jpg?resize=350%2C200&ssl=1 1x, https:\/\/i0.wp.com\/www.grieta.org.mx\/wp-content\/uploads\/2018\/03\/14524434_1106112876131411_958039263622046936_o.jpg?resize=525%2C300&ssl=1 1.5x, https:\/\/i0.wp.com\/www.grieta.org.mx\/wp-content\/uploads\/2018\/03\/14524434_1106112876131411_958039263622046936_o.jpg?resize=700%2C400&ssl=1 2x"},"classes":[]},{"id":34121,"url":"https:\/\/www.grieta.org.mx\/index.php\/2019\/05\/27\/alarmante-posicion-en-ranking-de-feminicidios-aguascalientes\/","url_meta":{"origin":52276,"position":3},"title":"Alarmante posici\u00f3n en ranking de feminicidios (Aguascalientes)","author":"grieta","date":"27 mayo, 2019","format":false,"excerpt":"Redacci\u00f3n\/El Heraldo de Aguascalientes. Aguascalientes qued\u00f3 integrado este mes a la lista de los \u201cPrimeros 100 Municipios con Presuntos Feminicidios\u201d, a nivel nacional al dejar constancia de que aqu\u00ed se perpetr\u00f3 uno de los 294 casos de muerte violenta contra mujeres sucedidos en M\u00e9xico, durante el primer cuatrimestre del a\u00f1o.\u2026","rel":"","context":"En &quot;Aguascalientes&quot;","block_context":{"text":"Aguascalientes","link":"https:\/\/www.grieta.org.mx\/index.php\/category\/noticias-nacionales\/aguascalientes\/"},"img":{"alt_text":"","src":"https:\/\/i0.wp.com\/www.grieta.org.mx\/wp-content\/uploads\/2019\/06\/a1.jpg?resize=350%2C200&ssl=1","width":350,"height":200,"srcset":"https:\/\/i0.wp.com\/www.grieta.org.mx\/wp-content\/uploads\/2019\/06\/a1.jpg?resize=350%2C200&ssl=1 1x, https:\/\/i0.wp.com\/www.grieta.org.mx\/wp-content\/uploads\/2019\/06\/a1.jpg?resize=525%2C300&ssl=1 1.5x"},"classes":[]},{"id":57538,"url":"https:\/\/www.grieta.org.mx\/index.php\/2021\/03\/09\/mujeres-de-aguascalientes-denuncian-agresiones-y-detenciones-en-marcha-del-8m\/","url_meta":{"origin":52276,"position":4},"title":"Mujeres de Aguascalientes denuncian agresiones y detenciones en marcha del 8M","author":"grieta","date":"9 marzo, 2021","format":false,"excerpt":"De 23 mujeres detenidas ya se pag\u00f3 la fianza de 15. La Comunidad Feminista de Aguascalientes pide ayuda para localizar a tres de sus compa\u00f1eras. Facebook Brigada Centinela Redacci\u00f3n\/Animal Pol\u00edtico 9 marzo 2021 En un comunicado, la Brigada Centinela denunci\u00f3 que las autoridades estatales actuaron con violencia y reprimieron a\u2026","rel":"","context":"En &quot;Aguascalientes&quot;","block_context":{"text":"Aguascalientes","link":"https:\/\/www.grieta.org.mx\/index.php\/category\/noticias-nacionales\/aguascalientes\/"},"img":{"alt_text":"","src":"https:\/\/i0.wp.com\/www.grieta.org.mx\/wp-content\/uploads\/2021\/03\/marcha-8m-21.jpeg?resize=350%2C200&ssl=1","width":350,"height":200,"srcset":"https:\/\/i0.wp.com\/www.grieta.org.mx\/wp-content\/uploads\/2021\/03\/marcha-8m-21.jpeg?resize=350%2C200&ssl=1 1x, https:\/\/i0.wp.com\/www.grieta.org.mx\/wp-content\/uploads\/2021\/03\/marcha-8m-21.jpeg?resize=525%2C300&ssl=1 1.5x, https:\/\/i0.wp.com\/www.grieta.org.mx\/wp-content\/uploads\/2021\/03\/marcha-8m-21.jpeg?resize=700%2C400&ssl=1 2x, https:\/\/i0.wp.com\/www.grieta.org.mx\/wp-content\/uploads\/2021\/03\/marcha-8m-21.jpeg?resize=1050%2C600&ssl=1 3x"},"classes":[]},{"id":52289,"url":"https:\/\/www.grieta.org.mx\/index.php\/2020\/07\/27\/repuntan-los-delitos-de-violencia-familiar-en-aguascalientes\/","url_meta":{"origin":52276,"position":5},"title":"Repuntan los delitos de violencia familiar en Aguascalientes","author":"grieta","date":"27 julio, 2020","format":false,"excerpt":"Adrian Javier Flores Nieves\/La Jornada Aguascalientes 27 julio 2020 Tanto nacional como localmente, la violencia familiar tuvo un claro repunte durante junio A lo largo del a\u00f1o en Aguascalientes se han reportado mil 72 carpetas de investigaci\u00f3n sobre presuntos delitos de violencia familiar, en M\u00e9xico, 104 mil 331 Uno de\u2026","rel":"","context":"En &quot;Aguascalientes&quot;","block_context":{"text":"Aguascalientes","link":"https:\/\/www.grieta.org.mx\/index.php\/category\/noticias-nacionales\/aguascalientes\/"},"img":{"alt_text":"","src":"https:\/\/i0.wp.com\/www.grieta.org.mx\/wp-content\/uploads\/2020\/07\/44387246102_50886373ca_b.jpg?resize=350%2C200&ssl=1","width":350,"height":200,"srcset":"https:\/\/i0.wp.com\/www.grieta.org.mx\/wp-content\/uploads\/2020\/07\/44387246102_50886373ca_b.jpg?resize=350%2C200&ssl=1 1x, https:\/\/i0.wp.com\/www.grieta.org.mx\/wp-content\/uploads\/2020\/07\/44387246102_50886373ca_b.jpg?resize=525%2C300&ssl=1 1.5x, https:\/\/i0.wp.com\/www.grieta.org.mx\/wp-content\/uploads\/2020\/07\/44387246102_50886373ca_b.jpg?resize=700%2C400&ssl=1 2x"},"classes":[]}],"_links":{"self":[{"href":"https:\/\/www.grieta.org.mx\/index.php\/wp-json\/wp\/v2\/posts\/52276","targetHints":{"allow":["GET"]}}],"collection":[{"href":"https:\/\/www.grieta.org.mx\/index.php\/wp-json\/wp\/v2\/posts"}],"about":[{"href":"https:\/\/www.grieta.org.mx\/index.php\/wp-json\/wp\/v2\/types\/post"}],"author":[{"embeddable":true,"href":"https:\/\/www.grieta.org.mx\/index.php\/wp-json\/wp\/v2\/users\/2"}],"replies":[{"embeddable":true,"href":"https:\/\/www.grieta.org.mx\/index.php\/wp-json\/wp\/v2\/comments?post=52276"}],"version-history":[{"count":1,"href":"https:\/\/www.grieta.org.mx\/index.php\/wp-json\/wp\/v2\/posts\/52276\/revisions"}],"predecessor-version":[{"id":52278,"href":"https:\/\/www.grieta.org.mx\/index.php\/wp-json\/wp\/v2\/posts\/52276\/revisions\/52278"}],"wp:featuredmedia":[{"embeddable":true,"href":"https:\/\/www.grieta.org.mx\/index.php\/wp-json\/wp\/v2\/media\/52277"}],"wp:attachment":[{"href":"https:\/\/www.grieta.org.mx\/index.php\/wp-json\/wp\/v2\/media?parent=52276"}],"wp:term":[{"taxonomy":"category","embeddable":true,"href":"https:\/\/www.grieta.org.mx\/index.php\/wp-json\/wp\/v2\/categories?post=52276"},{"taxonomy":"post_tag","embeddable":true,"href":"https:\/\/www.grieta.org.mx\/index.php\/wp-json\/wp\/v2\/tags?post=52276"}],"curies":[{"name":"wp","href":"https:\/\/api.w.org\/{rel}","templated":true}]}}