{"id":52238,"date":"2020-07-08T20:01:16","date_gmt":"2020-07-09T01:01:16","guid":{"rendered":"http:\/\/www.grieta.org.mx\/?p=52238"},"modified":"2020-08-01T20:21:04","modified_gmt":"2020-08-02T01:21:04","slug":"covid-19-broto-entre-jornaleros-agricolas-y-sus-familias-en-4-estados-y-hay-dos-muertos-red","status":"publish","type":"post","link":"https:\/\/www.grieta.org.mx\/index.php\/2020\/07\/08\/covid-19-broto-entre-jornaleros-agricolas-y-sus-familias-en-4-estados-y-hay-dos-muertos-red\/","title":{"rendered":"COVID-19 brot\u00f3 entre jornaleros agr\u00edcolas y sus familias en 4 estados, y hay dos muertos: Red"},"content":{"rendered":"<figure id=\"attachment_52239\" aria-describedby=\"caption-attachment-52239\" style=\"width: 800px\" class=\"wp-caption aligncenter\"><img loading=\"lazy\" decoding=\"async\" data-attachment-id=\"52239\" data-permalink=\"https:\/\/www.grieta.org.mx\/index.php\/2020\/07\/08\/covid-19-broto-entre-jornaleros-agricolas-y-sus-familias-en-4-estados-y-hay-dos-muertos-red\/jornaleros-guerrero\/\" data-orig-file=\"https:\/\/www.grieta.org.mx\/wp-content\/uploads\/2020\/08\/jornaleros-guerrero.jpg\" data-orig-size=\"1100,580\" data-comments-opened=\"0\" data-image-meta=\"{&quot;aperture&quot;:&quot;0&quot;,&quot;credit&quot;:&quot;&quot;,&quot;camera&quot;:&quot;&quot;,&quot;caption&quot;:&quot;&quot;,&quot;created_timestamp&quot;:&quot;0&quot;,&quot;copyright&quot;:&quot;&quot;,&quot;focal_length&quot;:&quot;0&quot;,&quot;iso&quot;:&quot;0&quot;,&quot;shutter_speed&quot;:&quot;0&quot;,&quot;title&quot;:&quot;&quot;,&quot;orientation&quot;:&quot;0&quot;}\" data-image-title=\"jornaleros-guerrero\" data-image-description=\"\" data-image-caption=\"&lt;p&gt;Jornaleros de la Monta\u00f1a de Guerrero comenzaron los viajes en junio, temporada alta, para trabajar en diversos estados del norte del pa\u00eds. Foto: Cuartoscuro. &lt;\/p&gt;\n\" data-medium-file=\"https:\/\/www.grieta.org.mx\/wp-content\/uploads\/2020\/08\/jornaleros-guerrero-300x158.jpg\" data-large-file=\"https:\/\/www.grieta.org.mx\/wp-content\/uploads\/2020\/08\/jornaleros-guerrero-1024x540.jpg\" class=\"wp-image-52239\" src=\"http:\/\/www.grieta.org.mx\/wp-content\/uploads\/2020\/08\/jornaleros-guerrero.jpg\" alt=\"\" width=\"800\" height=\"422\" srcset=\"https:\/\/www.grieta.org.mx\/wp-content\/uploads\/2020\/08\/jornaleros-guerrero.jpg 1100w, https:\/\/www.grieta.org.mx\/wp-content\/uploads\/2020\/08\/jornaleros-guerrero-300x158.jpg 300w, https:\/\/www.grieta.org.mx\/wp-content\/uploads\/2020\/08\/jornaleros-guerrero-768x405.jpg 768w, https:\/\/www.grieta.org.mx\/wp-content\/uploads\/2020\/08\/jornaleros-guerrero-1024x540.jpg 1024w, https:\/\/www.grieta.org.mx\/wp-content\/uploads\/2020\/08\/jornaleros-guerrero-948x500.jpg 948w\" sizes=\"auto, (max-width: 800px) 100vw, 800px\" \/><figcaption id=\"caption-attachment-52239\" class=\"wp-caption-text\">Jornaleros de la Monta\u00f1a de Guerrero comenzaron los viajes en junio, temporada alta, para trabajar en diversos estados del norte del pa\u00eds. Foto: Cuartoscuro.<\/figcaption><\/figure>\n<blockquote><p><strong>Entre hacinamiento, explotaci\u00f3n infantil, desregulaci\u00f3n de transporte de una zona a otra y sin seguridad social, la COVID-19 brot\u00f3 entre jornaleros agr\u00edcolas y sus familias, a pesar de las gu\u00edas de medidas sanitarias distribuidas por la Secretar\u00eda del Trabajo a las empresas productoras<\/strong>.<\/p><\/blockquote>\n<p>Dulce Olvera \/ Sinembargo, 08 de julio de 2020<br \/>\nCiudad de M\u00e9xico, 8 julio (SinEmbargo).\u2013 Durante la pandemia se han registrado brotes de contagio de la COVID-19 en albergues donde viven en hacinamiento jornaleros agr\u00edcolas y sus familias en Sonora, Chihuahua, Zacatecas y Baja California Sur. Al menos dos han fallecido en Delicias y Fresnillo, report\u00f3 la Red Nacional de Jornaleros y Jornaleras Agr\u00edcolas durante una conferencia de la Secretar\u00eda de Agricultura (Sader).<\/p>\n<p>La Secretar\u00eda de Salud no brinda informaci\u00f3n peri\u00f3dica sobre casos positivos de coronavirus en la poblaci\u00f3n jornalera, donde ocho de cada diez no tienen seguridad social. El 18 de junio la delegaci\u00f3n de Chihuahua esboz\u00f3 que hubo un brote en Meoqui con 27 casos y un muerto.<\/p>\n<p>La coordinadora de la Red, Isabel Margarita Nemecio, detall\u00f3 a SinEmbargo que entre junio y julio se han registrado brotes en Poblado Miguel Alem\u00e1n, Sonora (11 casos); en Delicias, Chihuahua (un jornalero falleci\u00f3) y Meoqui (27 casos en un albergue); Fresnillo, Zacatecas (una mujer jornalera falleci\u00f3); Vizca\u00edno, Baja California Sur (se desconoce el n\u00famero de casos) y 3 mil jornaleros procedentes de Guerrero, Michoac\u00e1n, Nayarit y Sinaloa se encuentran en alto riesgo de infecci\u00f3n en Zacatecas debido al hacinamiento en el que viven concentrados en bodegas, en grupos de entre 40 y 60 personas, incluso familias completas.<\/p>\n<p>\u201cNo hay medidas de higiene. Al ser bodegas no se pueden garantizar las medidas de las Gu\u00edas de la Secretar\u00eda del Trabajo. Existen, pero qui\u00e9n vigila que se apliquen\u201d, dijo Nemecio. No descarta que haya m\u00e1s casos no detectados. En Guanajuato se sabe que falleci\u00f3 un jornalero ind\u00edgena oriundo de la Monta\u00f1a de Guerrero y lo enterraron en alg\u00fan pante\u00f3n cercano al campo agr\u00edcola donde laboraba. Pero no ha podido localizar a la familia para confirmarlo.<\/p>\n<p>La falta de insumos m\u00e9dicos en los centros de salud, su lejan\u00eda o la carencia de seguridad social ha limitado la identificaci\u00f3n y atenci\u00f3n de contagios, detect\u00f3 la Red Nacional de Jornaleros.<\/p>\n<p>A nivel nacional, hay 2 millones y medio de jornaleros y jornaleras en la agricultura, sin embargo, ya que suelen viajar con sus familias, se estima que la poblaci\u00f3n impactada por esta actividad laboral alcanza los 5.9 millones de personas, reporta el Instituto Nacional de Estad\u00edstica y Geograf\u00eda (Inegi).<\/p>\n<p>Desde Guerrero, Abel Barrera, director del Centro de Derechos Humanos de la Monta\u00f1a Tlachinollan, recrimin\u00f3 que \u201clos que dan de comer a M\u00e9xico son los trabajadores m\u00e1s vulnerables y a los que no se est\u00e1 protegiendo\u201d.<\/p>\n<p>La Secretaria del Trabajo Luisa Mar\u00eda Alcalde Luj\u00e1n coincidi\u00f3 durante el conversatorio que gracias a la actividad de los jornaleros y familias campesinas no hemos tenido ning\u00fan problema de desabasto, ya que el campo no ha parado ni en sem\u00e1foro rojo al considerarse una actividad esencial bajo determinadas medidas sanitarias.<\/p>\n<p>En Baja California, Sonora, Sinaloa y Baja California Sur, donde predomina la producci\u00f3n de hortalizas y frutas para atender el mercado de Estados Unidos, se concentra el 80 por ciento (cerca de 200 mil personas) de la poblaci\u00f3n jornalera del norte de M\u00e9xico. Tienen circuitos laborales con entidades del centro y sur del pa\u00eds, como Guerrero, Veracruz, Oaxaca, Sinaloa, Chiapas, Puebla y Guanajuato, que concentra el 46.5 por ciento de la poblaci\u00f3n jornalera a nivel nacional, esto es poco m\u00e1s de 500 mil. En Chihuahua, Coahuila, Nuevo Le\u00f3n, Tamaulipas y Durango domina la producci\u00f3n frut\u00edcola, algodonera y ca\u00f1era, documenta el informe \u201cLos jornaleros agr\u00edcolas migrantes\u201d del Colegio de la Frontera Norte (Colef).<\/p>\n<p>Ganan el salario m\u00ednimo de 185 pesos diarios (por 8 horas en temporada baja) y unos 400 pesos (por horas extras en temporada alta).<\/p>\n<figure id=\"attachment_52240\" aria-describedby=\"caption-attachment-52240\" style=\"width: 800px\" class=\"wp-caption aligncenter\"><img loading=\"lazy\" decoding=\"async\" data-attachment-id=\"52240\" data-permalink=\"https:\/\/www.grieta.org.mx\/index.php\/2020\/07\/08\/covid-19-broto-entre-jornaleros-agricolas-y-sus-familias-en-4-estados-y-hay-dos-muertos-red\/jornaleros-agricolas3\/\" data-orig-file=\"https:\/\/www.grieta.org.mx\/wp-content\/uploads\/2020\/08\/jornaleros-agricolas3.jpg\" data-orig-size=\"700,522\" data-comments-opened=\"0\" data-image-meta=\"{&quot;aperture&quot;:&quot;0&quot;,&quot;credit&quot;:&quot;&quot;,&quot;camera&quot;:&quot;&quot;,&quot;caption&quot;:&quot;&quot;,&quot;created_timestamp&quot;:&quot;0&quot;,&quot;copyright&quot;:&quot;&quot;,&quot;focal_length&quot;:&quot;0&quot;,&quot;iso&quot;:&quot;0&quot;,&quot;shutter_speed&quot;:&quot;0&quot;,&quot;title&quot;:&quot;&quot;,&quot;orientation&quot;:&quot;0&quot;}\" data-image-title=\"jornaleros-agricolas3\" data-image-description=\"\" data-image-caption=\"&lt;p&gt;Jornaleros agr\u00edcolas con cubrebocas respetan distanciamiento social. Foto: Cortes\u00eda de la empresa San Vicente Camalu, en Valle de San Quint\u00edn, Baja California, 2020, publicada por el informe del Colef.&lt;\/p&gt;\n\" data-medium-file=\"https:\/\/www.grieta.org.mx\/wp-content\/uploads\/2020\/08\/jornaleros-agricolas3-300x224.jpg\" data-large-file=\"https:\/\/www.grieta.org.mx\/wp-content\/uploads\/2020\/08\/jornaleros-agricolas3.jpg\" class=\"wp-image-52240\" src=\"http:\/\/www.grieta.org.mx\/wp-content\/uploads\/2020\/08\/jornaleros-agricolas3.jpg\" alt=\"\" width=\"800\" height=\"597\" srcset=\"https:\/\/www.grieta.org.mx\/wp-content\/uploads\/2020\/08\/jornaleros-agricolas3.jpg 700w, https:\/\/www.grieta.org.mx\/wp-content\/uploads\/2020\/08\/jornaleros-agricolas3-300x224.jpg 300w, https:\/\/www.grieta.org.mx\/wp-content\/uploads\/2020\/08\/jornaleros-agricolas3-670x500.jpg 670w\" sizes=\"auto, (max-width: 800px) 100vw, 800px\" \/><figcaption id=\"caption-attachment-52240\" class=\"wp-caption-text\">Jornaleros agr\u00edcolas con cubrebocas respetan distanciamiento social. Foto: Cortes\u00eda de la empresa San Vicente Camalu, en Valle de San Quint\u00edn, Baja California, 2020, publicada por el informe del Colef.<\/figcaption><\/figure>\n<p>El 22 de abril, expuso Alcalde, se public\u00f3 la Gu\u00eda de Acci\u00f3n para los Centros de Trabajo Agr\u00edcolas ante la COVID, la cual proporciona una serie de recomendaciones para la planeaci\u00f3n, capacitaci\u00f3n, prevenci\u00f3n, protecci\u00f3n y monitoreo desde la cosecha hasta la distribuci\u00f3n. Y tambi\u00e9n la Gu\u00eda para el Retorno Seguro de Jornaleros Agr\u00edcolas que brinda ocho recomendaciones, considerando promoci\u00f3n de la salud, filtros de control, equipos de protecci\u00f3n y medidas espec\u00edficas para el retorno seguro en el transporte.<\/p>\n<p>En el caso de Driscoll\u2019s, empresa de producci\u00f3n de berries, su Director general Mario Steta comparti\u00f3 que han implementado estas gu\u00edas con acciones como escalonar horarios, modificar las estaciones de miles de lavados de manos para que se activen con los pies; evitar compartir comida y utensilios de cocina; y proveer insumos de protecci\u00f3n. Cuentan con personal m\u00e9dico para detectar contagios y aislarlos, se toma la temperatura y se instalaron arcos de desinfecci\u00f3n.<\/p>\n<p>La Secretaria del Trabajo Luisa Mar\u00eda Alcalde agreg\u00f3 que a trav\u00e9s del Programa de Movilidad Laboral para Jornaleros Agr\u00edcolas se colocaron 5 mil 878 jornaleros en empresas que respeten la Ley Federal del Trabajo (prestaciones de ley, seguridad social, vivienda adecuada, transporte con seguro de protecci\u00f3n de accidentes) y se continu\u00f3 con el Programa de Trabajadores temporales M\u00e9xico-Canad\u00e1 con 13 mil jornaleros con contrato de 6 meses, jornada de 8 horas, salario de 14 d\u00f3lares por hora con movilidad ordenada y segura.<\/p>\n<figure id=\"attachment_52241\" aria-describedby=\"caption-attachment-52241\" style=\"width: 800px\" class=\"wp-caption aligncenter\"><img loading=\"lazy\" decoding=\"async\" data-attachment-id=\"52241\" data-permalink=\"https:\/\/www.grieta.org.mx\/index.php\/2020\/07\/08\/covid-19-broto-entre-jornaleros-agricolas-y-sus-familias-en-4-estados-y-hay-dos-muertos-red\/jornaleros-guerrero-camion\/\" data-orig-file=\"https:\/\/www.grieta.org.mx\/wp-content\/uploads\/2020\/08\/jornaleros-guerrero-camion.jpg\" data-orig-size=\"700,467\" data-comments-opened=\"0\" data-image-meta=\"{&quot;aperture&quot;:&quot;0&quot;,&quot;credit&quot;:&quot;&quot;,&quot;camera&quot;:&quot;&quot;,&quot;caption&quot;:&quot;&quot;,&quot;created_timestamp&quot;:&quot;0&quot;,&quot;copyright&quot;:&quot;&quot;,&quot;focal_length&quot;:&quot;0&quot;,&quot;iso&quot;:&quot;0&quot;,&quot;shutter_speed&quot;:&quot;0&quot;,&quot;title&quot;:&quot;&quot;,&quot;orientation&quot;:&quot;0&quot;}\" data-image-title=\"jornaleros-guerrero-camion\" data-image-description=\"\" data-image-caption=\"&lt;p&gt;Jornaleros se alistan para abordar el cami\u00f3n de Guerrero hacia el norte. Foto: Cuartoscuro.&lt;\/p&gt;\n\" data-medium-file=\"https:\/\/www.grieta.org.mx\/wp-content\/uploads\/2020\/08\/jornaleros-guerrero-camion-300x200.jpg\" data-large-file=\"https:\/\/www.grieta.org.mx\/wp-content\/uploads\/2020\/08\/jornaleros-guerrero-camion.jpg\" class=\"wp-image-52241\" src=\"http:\/\/www.grieta.org.mx\/wp-content\/uploads\/2020\/08\/jornaleros-guerrero-camion.jpg\" alt=\"\" width=\"800\" height=\"534\" srcset=\"https:\/\/www.grieta.org.mx\/wp-content\/uploads\/2020\/08\/jornaleros-guerrero-camion.jpg 700w, https:\/\/www.grieta.org.mx\/wp-content\/uploads\/2020\/08\/jornaleros-guerrero-camion-300x200.jpg 300w\" sizes=\"auto, (max-width: 800px) 100vw, 800px\" \/><figcaption id=\"caption-attachment-52241\" class=\"wp-caption-text\">Jornaleros se alistan para abordar el cami\u00f3n de Guerrero hacia el norte. Foto: Cuartoscuro.<\/figcaption><\/figure>\n<p>Sin embargo, la coordinadora de la Red Nacional de Jornaleros Isabel Nemecio expuso que esta serie de medidas de la Secretar\u00eda del Trabajo se han visto \u201climitadas\u201d porque, ante la falta de un diagn\u00f3stico y perfil del sector, algunas de las rutas de desplazamiento de los jornaleros no est\u00e1n identificadas e incluso hay quienes se movilizan por su cuenta.<\/p>\n<p>Y si bien hay empresas que generan condiciones laborales id\u00f3neas, tambi\u00e9n hay otras que \u201cno est\u00e1n tomando ninguna medida\u201d pese a las gu\u00edas, dijo Nemecio.<\/p>\n<p>Abel Barrera, director del Centro de Derechos Humanos de la Monta\u00f1a Tlachinollan, agreg\u00f3 que a pesar de que la migraci\u00f3n jornalera incrementar\u00e1 en estos meses por la crisis econ\u00f3mica, no hay un registro claro de las empresas de transportistas que no brindan un seguro del viajero, ni monitoreo en \u201ccampos de esclavitud\u201d que a\u00fan operan de manera irregular.<\/p>\n<p>Adem\u00e1s, dijo Isabel Nemecio de la Red Nacional de Jornaleros, no en todos los centros de trabajo se les garantiza vivienda a la poblaci\u00f3n jornalera, por lo que \u201clas familias tienen que organizarse para alquilar casas con carencia de servicios, donde no pueden estar en condiciones salubres de distanciamiento social\u201d.<\/p>\n<p>Barrera coincidi\u00f3 que \u201cel quedarse en casas es quedarse en galeras, en los surcos y en el suelo. Estar sin agua y que los ni\u00f1os no est\u00e9n en sus comunidades ni en escuelas\u201d.<\/p>\n<figure id=\"attachment_52242\" aria-describedby=\"caption-attachment-52242\" style=\"width: 800px\" class=\"wp-caption aligncenter\"><img loading=\"lazy\" decoding=\"async\" data-attachment-id=\"52242\" data-permalink=\"https:\/\/www.grieta.org.mx\/index.php\/2020\/07\/08\/covid-19-broto-entre-jornaleros-agricolas-y-sus-familias-en-4-estados-y-hay-dos-muertos-red\/literas\/\" data-orig-file=\"https:\/\/www.grieta.org.mx\/wp-content\/uploads\/2020\/08\/literas.jpg\" data-orig-size=\"700,843\" data-comments-opened=\"0\" data-image-meta=\"{&quot;aperture&quot;:&quot;0&quot;,&quot;credit&quot;:&quot;&quot;,&quot;camera&quot;:&quot;&quot;,&quot;caption&quot;:&quot;&quot;,&quot;created_timestamp&quot;:&quot;0&quot;,&quot;copyright&quot;:&quot;&quot;,&quot;focal_length&quot;:&quot;0&quot;,&quot;iso&quot;:&quot;0&quot;,&quot;shutter_speed&quot;:&quot;0&quot;,&quot;title&quot;:&quot;&quot;,&quot;orientation&quot;:&quot;0&quot;}\" data-image-title=\"literas\" data-image-description=\"\" data-image-caption=\"&lt;p&gt;Jornaleros agr\u00edcolas descansan en literas despu\u00e9s de trabajar. Foto: Laura Velasco. Valle de Santo Domingo, Comond\u00fa. Baja California Sur, 2014, publicada en el informe de Colef.&lt;\/p&gt;\n\" data-medium-file=\"https:\/\/www.grieta.org.mx\/wp-content\/uploads\/2020\/08\/literas-249x300.jpg\" data-large-file=\"https:\/\/www.grieta.org.mx\/wp-content\/uploads\/2020\/08\/literas.jpg\" class=\"wp-image-52242\" src=\"http:\/\/www.grieta.org.mx\/wp-content\/uploads\/2020\/08\/literas.jpg\" alt=\"\" width=\"800\" height=\"963\" srcset=\"https:\/\/www.grieta.org.mx\/wp-content\/uploads\/2020\/08\/literas.jpg 700w, https:\/\/www.grieta.org.mx\/wp-content\/uploads\/2020\/08\/literas-249x300.jpg 249w, https:\/\/www.grieta.org.mx\/wp-content\/uploads\/2020\/08\/literas-415x500.jpg 415w\" sizes=\"auto, (max-width: 800px) 100vw, 800px\" \/><figcaption id=\"caption-attachment-52242\" class=\"wp-caption-text\">Jornaleros agr\u00edcolas descansan en literas despu\u00e9s de trabajar. Foto: Laura Velasco. Valle de Santo Domingo, Comond\u00fa. Baja California Sur, 2014, publicada en el informe de Colef.<\/figcaption><\/figure>\n<p>Sobre la situaci\u00f3n particular de las mujeres jornaleras, Gisela Espinosa, acad\u00e9mica de Desarrollo Rural de la Universidad Aut\u00f3noma Metropolitana (UAM), abund\u00f3 que llegan con desventaja porque desconocen sus derechos laborales y algunas son analfabetas o monoling\u00fces, lo que les dificulta la comunicaci\u00f3n con personas que hablan espa\u00f1ol o ingl\u00e9s.<\/p>\n<p>\u201cTienen doble jornada. No importa que trabajen en los campos porque tienen que realizar tareas de cuidado y reproductivas en las \u00e1reas habitacionales, donde el hacinamiento es muy fuerte y el acceso a agua potable es deficiente\u201d, afirm\u00f3. \u201cLa sana distancia es imposible\u201d.<\/p>\n<figure id=\"attachment_52243\" aria-describedby=\"caption-attachment-52243\" style=\"width: 800px\" class=\"wp-caption aligncenter\"><img loading=\"lazy\" decoding=\"async\" data-attachment-id=\"52243\" data-permalink=\"https:\/\/www.grieta.org.mx\/index.php\/2020\/07\/08\/covid-19-broto-entre-jornaleros-agricolas-y-sus-familias-en-4-estados-y-hay-dos-muertos-red\/mujeres-jornaleras-2\/\" data-orig-file=\"https:\/\/www.grieta.org.mx\/wp-content\/uploads\/2020\/08\/mujeres-jornaleras.jpg\" data-orig-size=\"700,467\" data-comments-opened=\"0\" data-image-meta=\"{&quot;aperture&quot;:&quot;0&quot;,&quot;credit&quot;:&quot;&quot;,&quot;camera&quot;:&quot;&quot;,&quot;caption&quot;:&quot;&quot;,&quot;created_timestamp&quot;:&quot;0&quot;,&quot;copyright&quot;:&quot;&quot;,&quot;focal_length&quot;:&quot;0&quot;,&quot;iso&quot;:&quot;0&quot;,&quot;shutter_speed&quot;:&quot;0&quot;,&quot;title&quot;:&quot;&quot;,&quot;orientation&quot;:&quot;0&quot;}\" data-image-title=\"mujeres-jornaleras\" data-image-description=\"\" data-image-caption=\"&lt;p&gt;Algunas mujeres jornaleras laboran embarazadas. Foto: Cuartoscuro.&lt;\/p&gt;\n\" data-medium-file=\"https:\/\/www.grieta.org.mx\/wp-content\/uploads\/2020\/08\/mujeres-jornaleras-300x200.jpg\" data-large-file=\"https:\/\/www.grieta.org.mx\/wp-content\/uploads\/2020\/08\/mujeres-jornaleras.jpg\" class=\"wp-image-52243\" src=\"http:\/\/www.grieta.org.mx\/wp-content\/uploads\/2020\/08\/mujeres-jornaleras.jpg\" alt=\"\" width=\"800\" height=\"534\" srcset=\"https:\/\/www.grieta.org.mx\/wp-content\/uploads\/2020\/08\/mujeres-jornaleras.jpg 700w, https:\/\/www.grieta.org.mx\/wp-content\/uploads\/2020\/08\/mujeres-jornaleras-300x200.jpg 300w\" sizes=\"auto, (max-width: 800px) 100vw, 800px\" \/><figcaption id=\"caption-attachment-52243\" class=\"wp-caption-text\">Algunas mujeres jornaleras laboran embarazadas. Foto: Cuartoscuro.<\/figcaption><\/figure>\n<p><strong><br \/>\nRETOS EN DETECCI\u00d3N Y ATENCI\u00d3N DE CASOS <\/strong><\/p>\n<p>Ricardo Cort\u00e9s Alcal\u00e1, Director general de Promoci\u00f3n de la Salud, ejemplific\u00f3 que en el municipio jornalero de Vicente Guerrero, en Baja California, hay 36 unidades de primer nivel de atenci\u00f3n fijas y m\u00f3viles con personal m\u00e9dico, enfermer\u00eda y promoci\u00f3n de salud, un hospital rural del IMSS-Bienestar y otro servicio del ISSSTE.<\/p>\n<p>La causa principal de enfermedad en esa zona, detect\u00f3, son las infecciones respiratorias agudas. En 2018 se tuvieron m\u00e1s de 30 mil casos y seguramente esta cifra se incrementar\u00e1 por el coronavirus, estim\u00f3.<\/p>\n<p>\u201cHay que dar tratamiento m\u00e9dico, pero tambi\u00e9n hay que analizar muy de cerca los determinantes de la salud que hay que atacar como la educaci\u00f3n, alimentaci\u00f3n nutritiva y no procesada, servicios b\u00e1sicos, empoderamiento de la comunidad con informaci\u00f3n para tomar decisiones correctas y lograr la corresponsabilidad entre sociedad y gobierno para el cuidado de la salud\u201d, dijo.<\/p>\n<p>Pero la coordinadora de la Red Nacional de Jornaleros Isabel Margarita Nemecio alert\u00f3 que a veces las brigadas de salud solo cubren ciertas \u00e1reas o las unidades de salud est\u00e1n muy alejadas de los centros de trabajo de los jornaleros.<\/p>\n<p>Abel Barrera, director del Centro de Derechos Humanos de la Monta\u00f1a Tlachinollan, dijo que no hay instancias gubernamentales que atiendan con m\u00f3dulos de salud desde los puntos principales de salida de la poblaci\u00f3n jornalera en Cochoapa, Tlapa y Metlat\u00f3noc.<\/p>\n<p>\u201cEst\u00e1n saliendo sin ninguna protecci\u00f3n ni diagn\u00f3stico\u201d, dijo.<\/p>\n<p>Solo en mayo y junio migraron alrededor de 6 mil personas de la entidad sure\u00f1a hacia Chihuahua, Zacatecas y Baja California. Muchas de las mujeres van embarazadas o con sus beb\u00e9s en brazos y, en plena pandemia, trabajan embarazadas.<\/p>\n<p><a href=\"https:\/\/www.sinembargo.mx\/08-07-2020\/3819577\">https:\/\/www.sinembargo.mx\/08-07-2020\/3819577<\/a><\/p>\n","protected":false},"excerpt":{"rendered":"<p>Entre hacinamiento, explotaci\u00f3n infantil, desregulaci\u00f3n de transporte de una zona a otra y sin seguridad social, la COVID-19 brot\u00f3 entre jornaleros agr\u00edcolas y sus familias, a pesar de las gu\u00edas &hellip; <a href=\"https:\/\/www.grieta.org.mx\/index.php\/2020\/07\/08\/covid-19-broto-entre-jornaleros-agricolas-y-sus-familias-en-4-estados-y-hay-dos-muertos-red\/\" class=\"more-link\">Leer m\u00e1s<\/a><\/p>\n","protected":false},"author":2,"featured_media":52239,"comment_status":"closed","ping_status":"closed","sticky":false,"template":"","format":"standard","meta":{"ngg_post_thumbnail":0,"_jetpack_newsletter_access":"","_jetpack_dont_email_post_to_subs":false,"_jetpack_newsletter_tier_id":0,"_jetpack_memberships_contains_paywalled_content":false,"_jetpack_memberships_contains_paid_content":false,"footnotes":""},"categories":[5,10,12,80,3312,3249,910,1109,85,369,2323,1604,3338,21,1231,76],"tags":[3241,195,2841,2794],"class_list":["post-52238","post","type-post","status-publish","format-standard","has-post-thumbnail","hentry","category-baja-california","category-baja-california-sur","category-chihuahua","category-cintillo","category-covid-19-en-baja-california-sur","category-covid-19-en-zacatecas","category-explotacion-y-precariedad-laboral","category-explotacion-y-precariedad-laboral-zacatecas","category-jornaleros","category-jornaleros-analisis","category-jornaleros-en-baja-california","category-jornaleros-en-michoacan-michoacan","category-luchas-de-trabajadores-en-chihuahua","category-michoacan","category-migracion-en-baja-california-sur","category-zacatecas","tag-covid-19","tag-explotacion","tag-explotacion-y-precariedad-laboral","tag-jornaleros-agricolas","entry"],"jetpack_featured_media_url":"https:\/\/www.grieta.org.mx\/wp-content\/uploads\/2020\/08\/jornaleros-guerrero.jpg","jetpack_sharing_enabled":true,"jetpack_shortlink":"https:\/\/wp.me\/p7ZJR4-dAy","jetpack_likes_enabled":false,"jetpack-related-posts":[{"id":62874,"url":"https:\/\/www.grieta.org.mx\/index.php\/2021\/09\/01\/jornaleros-agricolas-de-los-mas-vulnerados-ante-covid-19\/","url_meta":{"origin":52238,"position":0},"title":"Jornaleros agr\u00edcolas, de los m\u00e1s vulnerados ante Covid-19","author":"grieta","date":"1 septiembre, 2021","format":false,"excerpt":"\u00c9rika Ram\u00edrez -Contar\u00f1inea, 01 Sep 2021 La Red Nacional de Jornaleros y Jornaleras Agr\u00edcolas (REJJA), con presencia en Chiapas, Oaxaca, Guerrero, Ciudad de M\u00e9xico, Morelos, San Luis Potos\u00ed, Guanajuato, Sinaloa y Sonora, alert\u00f3 que este grupo de campesinos migrantes se enfrentan \u201ca una serie de situaciones que han vulnerado a\u00fan\u2026","rel":"","context":"En &quot;Aguascalientes&quot;","block_context":{"text":"Aguascalientes","link":"https:\/\/www.grieta.org.mx\/index.php\/category\/noticias-nacionales\/aguascalientes\/"},"img":{"alt_text":"","src":"https:\/\/i0.wp.com\/www.grieta.org.mx\/wp-content\/uploads\/2021\/12\/Captura-de-pantalla-2021-12-16-a-las-10.23.42.png?resize=350%2C200&ssl=1","width":350,"height":200,"srcset":"https:\/\/i0.wp.com\/www.grieta.org.mx\/wp-content\/uploads\/2021\/12\/Captura-de-pantalla-2021-12-16-a-las-10.23.42.png?resize=350%2C200&ssl=1 1x, https:\/\/i0.wp.com\/www.grieta.org.mx\/wp-content\/uploads\/2021\/12\/Captura-de-pantalla-2021-12-16-a-las-10.23.42.png?resize=525%2C300&ssl=1 1.5x, https:\/\/i0.wp.com\/www.grieta.org.mx\/wp-content\/uploads\/2021\/12\/Captura-de-pantalla-2021-12-16-a-las-10.23.42.png?resize=700%2C400&ssl=1 2x, https:\/\/i0.wp.com\/www.grieta.org.mx\/wp-content\/uploads\/2021\/12\/Captura-de-pantalla-2021-12-16-a-las-10.23.42.png?resize=1050%2C600&ssl=1 3x, https:\/\/i0.wp.com\/www.grieta.org.mx\/wp-content\/uploads\/2021\/12\/Captura-de-pantalla-2021-12-16-a-las-10.23.42.png?resize=1400%2C800&ssl=1 4x"},"classes":[]},{"id":2770,"url":"https:\/\/www.grieta.org.mx\/index.php\/2015\/03\/31\/colima-entre-los-18-estados-donde-se-explota-a-los-jornaleros-agricolas-fiob\/","url_meta":{"origin":52238,"position":1},"title":"Colima, entre los 18 estados donde se explota a los jornaleros agr\u00edcolas: FIOB","author":"grieta","date":"31 marzo, 2015","format":false,"excerpt":"\u201cColima, M\u00e9xico. Avanzada (31 de marzo de 2015).- El Frente Ind\u00edgena de Organizaciones Binacionales (FIOB) denunci\u00f3 que en 18 estados del pa\u00eds, entre ellos Colima, Sinaloa, Sonora, Baja California, Jalisco y Nayarit, los jornaleros agr\u00edcolas viven en condiciones de vulnerabilidad y constante violaci\u00f3n a sus derechos fundamentales. \u201cSin que hasta\u2026","rel":"","context":"En &quot;CINTILLO&quot;","block_context":{"text":"CINTILLO","link":"https:\/\/www.grieta.org.mx\/index.php\/category\/cintillo\/"},"img":{"alt_text":"","src":"https:\/\/i0.wp.com\/www.grieta.org.mx\/wp-content\/uploads\/2018\/03\/14524434_1106112876131411_958039263622046936_o.jpg?resize=350%2C200&ssl=1","width":350,"height":200,"srcset":"https:\/\/i0.wp.com\/www.grieta.org.mx\/wp-content\/uploads\/2018\/03\/14524434_1106112876131411_958039263622046936_o.jpg?resize=350%2C200&ssl=1 1x, https:\/\/i0.wp.com\/www.grieta.org.mx\/wp-content\/uploads\/2018\/03\/14524434_1106112876131411_958039263622046936_o.jpg?resize=525%2C300&ssl=1 1.5x, https:\/\/i0.wp.com\/www.grieta.org.mx\/wp-content\/uploads\/2018\/03\/14524434_1106112876131411_958039263622046936_o.jpg?resize=700%2C400&ssl=1 2x"},"classes":[]},{"id":37208,"url":"https:\/\/www.grieta.org.mx\/index.php\/2019\/07\/28\/explotan-en-slp-a-94-mil-jornaleros-indigenas-de-guerrero\/","url_meta":{"origin":52238,"position":2},"title":"Explotan en SLP a 94 mil jornaleros ind\u00edgenas de Guerrero","author":"grieta","date":"28 julio, 2019","format":false,"excerpt":"Cristian Morales \/ Quadrat\u00edn SLP SAN LUIS POTOS\u00cd, SLP., 28 de julio de 2019.- En condiciones de explotaci\u00f3n, sin servicios m\u00e9dicos y sumidos en la precariedad, han vivido cerca de 94 mil ind\u00edgenas de la regi\u00f3n Costa-Monta\u00f1a de Guerrero cuando llegan a laborar en cultivos de Cedral, Vanegas, Villa de\u2026","rel":"","context":"En &quot;CINTILLO&quot;","block_context":{"text":"CINTILLO","link":"https:\/\/www.grieta.org.mx\/index.php\/category\/cintillo\/"},"img":{"alt_text":"","src":"https:\/\/i0.wp.com\/www.grieta.org.mx\/wp-content\/uploads\/2019\/07\/campo-mexico-1160x700.jpg?resize=350%2C200&ssl=1","width":350,"height":200,"srcset":"https:\/\/i0.wp.com\/www.grieta.org.mx\/wp-content\/uploads\/2019\/07\/campo-mexico-1160x700.jpg?resize=350%2C200&ssl=1 1x, https:\/\/i0.wp.com\/www.grieta.org.mx\/wp-content\/uploads\/2019\/07\/campo-mexico-1160x700.jpg?resize=525%2C300&ssl=1 1.5x, https:\/\/i0.wp.com\/www.grieta.org.mx\/wp-content\/uploads\/2019\/07\/campo-mexico-1160x700.jpg?resize=700%2C400&ssl=1 2x, https:\/\/i0.wp.com\/www.grieta.org.mx\/wp-content\/uploads\/2019\/07\/campo-mexico-1160x700.jpg?resize=1050%2C600&ssl=1 3x"},"classes":[]},{"id":9268,"url":"https:\/\/www.grieta.org.mx\/index.php\/2015\/04\/22\/denuncian-jornaleros-agricolas-campos-de-explotacion-en-bcs\/","url_meta":{"origin":52238,"position":3},"title":"Jornaleros agr\u00edcolas en Baja California Sur","author":"grieta","date":"22 abril, 2015","format":false,"excerpt":"22\/04\/15. Para los jornaleros todo sigue igual Peninsular Digital 20\/04\/15. Son 17,000 jornaleros los que trabajan en los campos agr\u00edcolas de BCS BCS Noticias 17\/03\/15. Con tretas fueron reclutados los rar\u00e1muris rescatados de trabajo inhumano en BCS La Jornada","rel":"","context":"En &quot;Baja California Sur&quot;","block_context":{"text":"Baja California Sur","link":"https:\/\/www.grieta.org.mx\/index.php\/category\/noticias-nacionales\/baja-california-sur\/"},"img":{"alt_text":"","src":"https:\/\/i0.wp.com\/www.grieta.org.mx\/wp-content\/uploads\/2018\/03\/14524434_1106112876131411_958039263622046936_o.jpg?resize=350%2C200&ssl=1","width":350,"height":200,"srcset":"https:\/\/i0.wp.com\/www.grieta.org.mx\/wp-content\/uploads\/2018\/03\/14524434_1106112876131411_958039263622046936_o.jpg?resize=350%2C200&ssl=1 1x, https:\/\/i0.wp.com\/www.grieta.org.mx\/wp-content\/uploads\/2018\/03\/14524434_1106112876131411_958039263622046936_o.jpg?resize=525%2C300&ssl=1 1.5x, https:\/\/i0.wp.com\/www.grieta.org.mx\/wp-content\/uploads\/2018\/03\/14524434_1106112876131411_958039263622046936_o.jpg?resize=700%2C400&ssl=1 2x"},"classes":[]},{"id":30844,"url":"https:\/\/www.grieta.org.mx\/index.php\/2019\/02\/27\/solo-7-5-de-jornaleros-agricolas-cuentan-con-seguridad-social\/","url_meta":{"origin":52238,"position":4},"title":"S\u00f3lo 7.5% de jornaleros agr\u00edcolas cuentan con seguridad social","author":"grieta","date":"27 febrero, 2019","format":false,"excerpt":"Al\u00e1n Avi\u00f1a\/UNIRADIO NOTICIAS Hermosillo.- S\u00f3lo el 7.5% de los jornaleros agr\u00edcolas del Pa\u00eds cuentan con seguridad social y existe una sobredemanda de trabajadores que ha intensificado la migraci\u00f3n temporal en el interior de M\u00e9xico, indic\u00f3 Mar\u00eda Antonieta Barr\u00f3n P\u00e9rez. La investigadora de la Facultad de Econom\u00eda de la Universidad Nacional\u2026","rel":"","context":"En &quot;Baja California&quot;","block_context":{"text":"Baja California","link":"https:\/\/www.grieta.org.mx\/index.php\/category\/noticias-nacionales\/baja-california\/"},"img":{"alt_text":"","src":"https:\/\/i0.wp.com\/www.grieta.org.mx\/wp-content\/uploads\/2019\/03\/jornaleros-sonora.jpg?resize=350%2C200&ssl=1","width":350,"height":200,"srcset":"https:\/\/i0.wp.com\/www.grieta.org.mx\/wp-content\/uploads\/2019\/03\/jornaleros-sonora.jpg?resize=350%2C200&ssl=1 1x, https:\/\/i0.wp.com\/www.grieta.org.mx\/wp-content\/uploads\/2019\/03\/jornaleros-sonora.jpg?resize=525%2C300&ssl=1 1.5x, https:\/\/i0.wp.com\/www.grieta.org.mx\/wp-content\/uploads\/2019\/03\/jornaleros-sonora.jpg?resize=700%2C400&ssl=1 2x"},"classes":[]},{"id":4223,"url":"https:\/\/www.grieta.org.mx\/index.php\/2015\/04\/14\/denuncian-abusos-a-jornaleros-agricolas\/","url_meta":{"origin":52238,"position":5},"title":"Denuncian abusos a jornaleros agr\u00edcolas","author":"grieta","date":"14 abril, 2015","format":false,"excerpt":"Redacci\u00f3n\/El Sol de Nayarit Los denunciantes precisaron que en Nayarit los casos se dan con mayor frecuencia en municipios de la zona norte del estado. Ante instancias nacionales, defensores de los derechos de los jornaleros agr\u00edcolas denunciaron la explotaci\u00f3n generalizada a la que son sometidos los ind\u00edgenas que cada a\u00f1o\u2026","rel":"","context":"En &quot;CINTILLO&quot;","block_context":{"text":"CINTILLO","link":"https:\/\/www.grieta.org.mx\/index.php\/category\/cintillo\/"},"img":{"alt_text":"","src":"https:\/\/i0.wp.com\/www.grieta.org.mx\/wp-content\/uploads\/2018\/03\/14524434_1106112876131411_958039263622046936_o.jpg?resize=350%2C200&ssl=1","width":350,"height":200,"srcset":"https:\/\/i0.wp.com\/www.grieta.org.mx\/wp-content\/uploads\/2018\/03\/14524434_1106112876131411_958039263622046936_o.jpg?resize=350%2C200&ssl=1 1x, https:\/\/i0.wp.com\/www.grieta.org.mx\/wp-content\/uploads\/2018\/03\/14524434_1106112876131411_958039263622046936_o.jpg?resize=525%2C300&ssl=1 1.5x, https:\/\/i0.wp.com\/www.grieta.org.mx\/wp-content\/uploads\/2018\/03\/14524434_1106112876131411_958039263622046936_o.jpg?resize=700%2C400&ssl=1 2x"},"classes":[]}],"_links":{"self":[{"href":"https:\/\/www.grieta.org.mx\/index.php\/wp-json\/wp\/v2\/posts\/52238","targetHints":{"allow":["GET"]}}],"collection":[{"href":"https:\/\/www.grieta.org.mx\/index.php\/wp-json\/wp\/v2\/posts"}],"about":[{"href":"https:\/\/www.grieta.org.mx\/index.php\/wp-json\/wp\/v2\/types\/post"}],"author":[{"embeddable":true,"href":"https:\/\/www.grieta.org.mx\/index.php\/wp-json\/wp\/v2\/users\/2"}],"replies":[{"embeddable":true,"href":"https:\/\/www.grieta.org.mx\/index.php\/wp-json\/wp\/v2\/comments?post=52238"}],"version-history":[{"count":1,"href":"https:\/\/www.grieta.org.mx\/index.php\/wp-json\/wp\/v2\/posts\/52238\/revisions"}],"predecessor-version":[{"id":52244,"href":"https:\/\/www.grieta.org.mx\/index.php\/wp-json\/wp\/v2\/posts\/52238\/revisions\/52244"}],"wp:featuredmedia":[{"embeddable":true,"href":"https:\/\/www.grieta.org.mx\/index.php\/wp-json\/wp\/v2\/media\/52239"}],"wp:attachment":[{"href":"https:\/\/www.grieta.org.mx\/index.php\/wp-json\/wp\/v2\/media?parent=52238"}],"wp:term":[{"taxonomy":"category","embeddable":true,"href":"https:\/\/www.grieta.org.mx\/index.php\/wp-json\/wp\/v2\/categories?post=52238"},{"taxonomy":"post_tag","embeddable":true,"href":"https:\/\/www.grieta.org.mx\/index.php\/wp-json\/wp\/v2\/tags?post=52238"}],"curies":[{"name":"wp","href":"https:\/\/api.w.org\/{rel}","templated":true}]}}