{"id":52235,"date":"2020-07-21T16:11:21","date_gmt":"2020-07-21T21:11:21","guid":{"rendered":"http:\/\/www.grieta.org.mx\/?p=52235"},"modified":"2020-08-01T16:17:16","modified_gmt":"2020-08-01T21:17:16","slug":"acusan-hostigamiento-laboral-en-laboratorio-estatal-de-salud-jalisco","status":"publish","type":"post","link":"https:\/\/www.grieta.org.mx\/index.php\/2020\/07\/21\/acusan-hostigamiento-laboral-en-laboratorio-estatal-de-salud-jalisco\/","title":{"rendered":"Acusan hostigamiento laboral en Laboratorio Estatal de Salud (Jalisco)"},"content":{"rendered":"<p><img loading=\"lazy\" decoding=\"async\" data-attachment-id=\"52236\" data-permalink=\"https:\/\/www.grieta.org.mx\/index.php\/2020\/07\/21\/acusan-hostigamiento-laboral-en-laboratorio-estatal-de-salud-jalisco\/2020-07-21_01-07-56___2048\/\" data-orig-file=\"https:\/\/www.grieta.org.mx\/wp-content\/uploads\/2020\/08\/2020-07-21_01-07-56___2048.jpg\" data-orig-size=\"750,563\" data-comments-opened=\"0\" data-image-meta=\"{&quot;aperture&quot;:&quot;0&quot;,&quot;credit&quot;:&quot;&quot;,&quot;camera&quot;:&quot;&quot;,&quot;caption&quot;:&quot;&quot;,&quot;created_timestamp&quot;:&quot;0&quot;,&quot;copyright&quot;:&quot;&quot;,&quot;focal_length&quot;:&quot;0&quot;,&quot;iso&quot;:&quot;0&quot;,&quot;shutter_speed&quot;:&quot;0&quot;,&quot;title&quot;:&quot;&quot;,&quot;orientation&quot;:&quot;0&quot;}\" data-image-title=\"2020-07-21_01-07-56___2048\" data-image-description=\"\" data-image-caption=\"\" data-medium-file=\"https:\/\/www.grieta.org.mx\/wp-content\/uploads\/2020\/08\/2020-07-21_01-07-56___2048-300x225.jpg\" data-large-file=\"https:\/\/www.grieta.org.mx\/wp-content\/uploads\/2020\/08\/2020-07-21_01-07-56___2048.jpg\" class=\"aligncenter wp-image-52236\" src=\"http:\/\/www.grieta.org.mx\/wp-content\/uploads\/2020\/08\/2020-07-21_01-07-56___2048.jpg\" alt=\"\" width=\"801\" height=\"601\" srcset=\"https:\/\/www.grieta.org.mx\/wp-content\/uploads\/2020\/08\/2020-07-21_01-07-56___2048.jpg 750w, https:\/\/www.grieta.org.mx\/wp-content\/uploads\/2020\/08\/2020-07-21_01-07-56___2048-300x225.jpg 300w, https:\/\/www.grieta.org.mx\/wp-content\/uploads\/2020\/08\/2020-07-21_01-07-56___2048-666x500.jpg 666w\" sizes=\"auto, (max-width: 801px) 100vw, 801px\" \/><\/p>\n<p>Foto: El Diario NTR<\/p>\n<p>Edgar Flores \/ El diario NTR<\/p>\n<p>Por lo menos 40 trabajadores de base y de contrato que forman parte de la plantilla del Laboratorio Estatal de Salud P\u00fablica de Jalisco denunciaron acoso laboral por parte de la directora del lugar, Lourdes Alamilla Cruz.<\/p>\n<p>Entre los casos se encuentra el de una trabajadora a quien Alamilla Cruz presuntamente oblig\u00f3 a trabajar durante la pandemia de Covid-19 pese a ser hipertensa.<\/p>\n<p>\u201cElla es hipertensa y por obligarla a trabajar en \u00e1rea Covid se infect\u00f3. Tuvo problemas serios como da\u00f1o pulmonar y da\u00f1o renal. A ella la oblig\u00f3 la directora a trabajar pese a que era una persona con comorbilidades\u201d, comparti\u00f3 una de las trabajadoras que pidi\u00f3 permanecer en el anonimato a cambio de narrar lo que vive todos los d\u00edas en el laboratorio.<\/p>\n<p>Adem\u00e1s de este testimonio, trabajadores hicieron llegar a NTR un audio en el que la directora del laboratorio advierte tanto a personal de base como de contrato que \u201cse est\u00e1n rascando la barriga\u201d y adelanta una evaluaci\u00f3n, lo cual fue calificado por los empleados\u00a0como un insulto, ya que son parte del frente de batalla ante la pandemia.<\/p>\n<p>Para el mi\u00e9rcoles los trabajadores plantean salir desde temprana hora a la explanada del laboratorio, en donde con pancartas evidenciar\u00e1n la problem\u00e1tica.<\/p>\n<p>Entre las exigencias a exponer se encuentran el que pare el hostigamiento laboral, tener un trato digno y contar con un filtro sanitario efectivo, ya que el que fue instalado en el sitio se coloc\u00f3 hasta un mes despu\u00e9s de la llegada del Covid-19 a Jalisco.<\/p>\n<p><a href=\"https:\/\/www.ntrguadalajara.com\/post.php?id_nota=151996\">https:\/\/www.ntrguadalajara.com\/post.php?id_nota=151996<\/a><\/p>\n","protected":false},"excerpt":{"rendered":"<p>Foto: El Diario NTR Edgar Flores \/ El diario NTR Por lo menos 40 trabajadores de base y de contrato que forman parte de la plantilla del Laboratorio Estatal de &hellip; <a href=\"https:\/\/www.grieta.org.mx\/index.php\/2020\/07\/21\/acusan-hostigamiento-laboral-en-laboratorio-estatal-de-salud-jalisco\/\" class=\"more-link\">Leer m\u00e1s<\/a><\/p>\n","protected":false},"author":2,"featured_media":52236,"comment_status":"closed","ping_status":"closed","sticky":false,"template":"","format":"standard","meta":{"ngg_post_thumbnail":0,"_jetpack_newsletter_access":"","_jetpack_dont_email_post_to_subs":false,"_jetpack_newsletter_tier_id":0,"_jetpack_memberships_contains_paywalled_content":false,"_jetpack_memberships_contains_paid_content":false,"footnotes":""},"categories":[80,916,2535,20,2,83],"tags":[2054,3133,2367],"class_list":["post-52235","post","type-post","status-publish","format-standard","has-post-thumbnail","hentry","category-cintillo","category-privatizacion-del-la-educacion-publica","category-crisis-del-sector-salud-en-jalisco","category-jalisco","category-noticias-nacionales","category-temas-nacionales","tag-acoso-laboral","tag-crisis-del-sector-salud","tag-crisis-en-el-sector-salud","entry"],"jetpack_featured_media_url":"https:\/\/www.grieta.org.mx\/wp-content\/uploads\/2020\/08\/2020-07-21_01-07-56___2048.jpg","jetpack_sharing_enabled":true,"jetpack_shortlink":"https:\/\/wp.me\/p7ZJR4-dAv","jetpack_likes_enabled":false,"jetpack-related-posts":[{"id":51682,"url":"https:\/\/www.grieta.org.mx\/index.php\/2020\/07\/08\/en-cruz-verde-obligan-a-trabajar-a-personal-de-riesgo-pese-a-covid-19-jalisco\/","url_meta":{"origin":52235,"position":0},"title":"En Cruz Verde obligan a trabajar a personal de riesgo pese a COVID-19 (Jalisco)","author":"grieta","date":"8 julio, 2020","format":false,"excerpt":"Foto: Facebook Cruz-Verde-Guadalajara-Oficial Ignacio P\u00e9rez Vega \/ UDGTV Guadalajara, Jalisco. Carolina Arias Bejarano, de 65 a\u00f1os de edad y quien trabaj\u00f3 en la Unidad de Urgencias M\u00e9dicas \u201cJes\u00fas Delgadillo Araujo\u201d de la Cruz Verde en Guadalajara, falleci\u00f3 este mi\u00e9rcoles por Covid-19, en la cl\u00ednica 110 del IMSS. Ella se dedicaba\u2026","rel":"","context":"En &quot;CINTILLO&quot;","block_context":{"text":"CINTILLO","link":"https:\/\/www.grieta.org.mx\/index.php\/category\/cintillo\/"},"img":{"alt_text":"","src":"https:\/\/i0.wp.com\/www.grieta.org.mx\/wp-content\/uploads\/2020\/07\/Cruz-verde-Facebook-Cruz-Verde-Guadalajara-Oficial-696x522.jpg?resize=350%2C200&ssl=1","width":350,"height":200,"srcset":"https:\/\/i0.wp.com\/www.grieta.org.mx\/wp-content\/uploads\/2020\/07\/Cruz-verde-Facebook-Cruz-Verde-Guadalajara-Oficial-696x522.jpg?resize=350%2C200&ssl=1 1x, https:\/\/i0.wp.com\/www.grieta.org.mx\/wp-content\/uploads\/2020\/07\/Cruz-verde-Facebook-Cruz-Verde-Guadalajara-Oficial-696x522.jpg?resize=525%2C300&ssl=1 1.5x"},"classes":[]},{"id":47914,"url":"https:\/\/www.grieta.org.mx\/index.php\/2020\/04\/15\/47914\/","url_meta":{"origin":52235,"position":1},"title":"Denuncia STNS acoso y hostigamiento contra trabajadores en la Secretar\u00eda de Salud Jalisco","author":"grieta","date":"15 abril, 2020","format":false,"excerpt":"Imagen: Ilustrativa Aseguran que decenas de trabajadores ha sufrido amenazas e intimidaci\u00f3n por autoridades de las regiones sanitaria Isaura L\u00f3pez \/ El Occidenttal El Sindicato de Trabajadores del Sistema Nacional en Salud (STNS), Secci\u00f3n 22, denuncia acoso y hostigamiento laboral por autoridades de la Secretar\u00eda de Salud Jalisco (SSJ) hacia\u2026","rel":"","context":"En &quot;CINTILLO&quot;","block_context":{"text":"CINTILLO","link":"https:\/\/www.grieta.org.mx\/index.php\/category\/cintillo\/"},"img":{"alt_text":"","src":"https:\/\/i0.wp.com\/www.grieta.org.mx\/wp-content\/uploads\/2020\/04\/75612302_3bW6v7fZjns3p4DLZbTZkpqit3eT1RmOqheefkmXUGE.jpg?resize=350%2C200","width":350,"height":200,"srcset":"https:\/\/i0.wp.com\/www.grieta.org.mx\/wp-content\/uploads\/2020\/04\/75612302_3bW6v7fZjns3p4DLZbTZkpqit3eT1RmOqheefkmXUGE.jpg?resize=350%2C200 1x, https:\/\/i0.wp.com\/www.grieta.org.mx\/wp-content\/uploads\/2020\/04\/75612302_3bW6v7fZjns3p4DLZbTZkpqit3eT1RmOqheefkmXUGE.jpg?resize=525%2C300 1.5x, https:\/\/i0.wp.com\/www.grieta.org.mx\/wp-content\/uploads\/2020\/04\/75612302_3bW6v7fZjns3p4DLZbTZkpqit3eT1RmOqheefkmXUGE.jpg?resize=700%2C400 2x"},"classes":[]},{"id":53023,"url":"https:\/\/www.grieta.org.mx\/index.php\/2020\/09\/02\/pacientes-renales-protestan-por-falta-de-medicamentos-jalisco\/","url_meta":{"origin":52235,"position":2},"title":"Pacientes renales protestan por falta de medicamentos (Jalisco)","author":"grieta","date":"2 septiembre, 2020","format":false,"excerpt":"Foto: Jorge Alberto Mendoza Edgar Flotes \/ El Diario NTR Unos 20 pacientes renales y sus familias, se manifestaron hoy a las afueras de la Delegaci\u00f3n Estatal del Instituto Mexicano del Seguro Social (IMSS) para exigir medicamentos. A decir de los inconformes, hay un atraso de hasta dos meses en\u2026","rel":"","context":"En &quot;CINTILLO&quot;","block_context":{"text":"CINTILLO","link":"https:\/\/www.grieta.org.mx\/index.php\/category\/cintillo\/"},"img":{"alt_text":"","src":"https:\/\/i0.wp.com\/www.grieta.org.mx\/wp-content\/uploads\/2020\/09\/2020-09-02_11-09-36___2301.jpg?resize=350%2C200&ssl=1","width":350,"height":200,"srcset":"https:\/\/i0.wp.com\/www.grieta.org.mx\/wp-content\/uploads\/2020\/09\/2020-09-02_11-09-36___2301.jpg?resize=350%2C200&ssl=1 1x, https:\/\/i0.wp.com\/www.grieta.org.mx\/wp-content\/uploads\/2020\/09\/2020-09-02_11-09-36___2301.jpg?resize=525%2C300&ssl=1 1.5x, https:\/\/i0.wp.com\/www.grieta.org.mx\/wp-content\/uploads\/2020\/09\/2020-09-02_11-09-36___2301.jpg?resize=700%2C400&ssl=1 2x"},"classes":[]},{"id":56610,"url":"https:\/\/www.grieta.org.mx\/index.php\/2021\/01\/28\/seis-hospitales-de-jalisco-sin-camas-con-ventilador-jalisco\/","url_meta":{"origin":52235,"position":3},"title":"Seis hospitales de Jalisco sin camas con ventilador (Jalisco)","author":"grieta","date":"28 enero, 2021","format":false,"excerpt":"Foto: Jorge Alberto Mendoza Lauro Rodr\u00edguez \/ El Diario NTR De acuerdo con informaci\u00f3n de la Red IRAG (Infecciones\u00a0Respiratorias Agudas y Graves),\u00a0seis hospitales de Jalisco que atienden\u00a0a pacientes con\u00a0Covid-19 se quedaron ayer sin camas con ventilador. Los nosocomios que se quedaron sin lugar en estas camas son:\u00a0el Hospital General Regional\u2026","rel":"","context":"En &quot;CINTILLO&quot;","block_context":{"text":"CINTILLO","link":"https:\/\/www.grieta.org.mx\/index.php\/category\/cintillo\/"},"img":{"alt_text":"","src":"https:\/\/i0.wp.com\/www.grieta.org.mx\/wp-content\/uploads\/2021\/02\/2021-01-28_12-01-24___1872.jpg?resize=350%2C200&ssl=1","width":350,"height":200,"srcset":"https:\/\/i0.wp.com\/www.grieta.org.mx\/wp-content\/uploads\/2021\/02\/2021-01-28_12-01-24___1872.jpg?resize=350%2C200&ssl=1 1x, https:\/\/i0.wp.com\/www.grieta.org.mx\/wp-content\/uploads\/2021\/02\/2021-01-28_12-01-24___1872.jpg?resize=525%2C300&ssl=1 1.5x, https:\/\/i0.wp.com\/www.grieta.org.mx\/wp-content\/uploads\/2021\/02\/2021-01-28_12-01-24___1872.jpg?resize=700%2C400&ssl=1 2x"},"classes":[]},{"id":40000,"url":"https:\/\/www.grieta.org.mx\/index.php\/2019\/10\/04\/rebasados-hospitales-y-laboratorios-por-dengue-jalisco\/","url_meta":{"origin":52235,"position":4},"title":"Rebasados, hospitales y laboratorios por Dengue (Jalisco)","author":"grieta","date":"4 octubre, 2019","format":false,"excerpt":"Foto: Especial Edgar Flores \/ El Diario NTR Hasta tres horas de espera en laboratorios particulares y hasta 600 pesos de gasto en el examen de detecci\u00f3n de\u00a0dengue\u00a0en Cruz Roja, es lo que tienen que padecer las personas que presentan alg\u00fan s\u00edntoma de dengue en la ciudad. Hoy por la\u2026","rel":"","context":"En &quot;CINTILLO&quot;","block_context":{"text":"CINTILLO","link":"https:\/\/www.grieta.org.mx\/index.php\/category\/cintillo\/"},"img":{"alt_text":"","src":"https:\/\/i0.wp.com\/www.grieta.org.mx\/wp-content\/uploads\/2019\/10\/2019-10-04_02-10-26___9266.jpg?resize=350%2C200&ssl=1","width":350,"height":200,"srcset":"https:\/\/i0.wp.com\/www.grieta.org.mx\/wp-content\/uploads\/2019\/10\/2019-10-04_02-10-26___9266.jpg?resize=350%2C200&ssl=1 1x, https:\/\/i0.wp.com\/www.grieta.org.mx\/wp-content\/uploads\/2019\/10\/2019-10-04_02-10-26___9266.jpg?resize=525%2C300&ssl=1 1.5x, https:\/\/i0.wp.com\/www.grieta.org.mx\/wp-content\/uploads\/2019\/10\/2019-10-04_02-10-26___9266.jpg?resize=700%2C400&ssl=1 2x"},"classes":[]},{"id":47507,"url":"https:\/\/www.grieta.org.mx\/index.php\/2020\/04\/09\/indigenas-de-jalisco-en-el-desamparo-ante-covid-19\/","url_meta":{"origin":52235,"position":5},"title":"Ind\u00edgenas de Jalisco, en el desamparo ante Covid-19","author":"grieta","date":"9 abril, 2020","format":false,"excerpt":"Foto: Lauro Rodr\u00edguez Lauro Rodr\u00edguez \/ El Diario NTR El riesgo de adquirir el virus SARS-CoV-2 y enfermar de Covid-19 es el mismo para todas las personas, sin embargo, el acceso a la atenci\u00f3n m\u00e9dica y apoyos, no lo son. Las comunidades ind\u00edgenas que se encuentran en la zona metropolitana\u2026","rel":"","context":"En &quot;CINTILLO&quot;","block_context":{"text":"CINTILLO","link":"https:\/\/www.grieta.org.mx\/index.php\/category\/cintillo\/"},"img":{"alt_text":"","src":"https:\/\/i0.wp.com\/www.grieta.org.mx\/wp-content\/uploads\/2020\/04\/2020-04-08_10-04-10___6055.jpg?resize=350%2C200&ssl=1","width":350,"height":200,"srcset":"https:\/\/i0.wp.com\/www.grieta.org.mx\/wp-content\/uploads\/2020\/04\/2020-04-08_10-04-10___6055.jpg?resize=350%2C200&ssl=1 1x, https:\/\/i0.wp.com\/www.grieta.org.mx\/wp-content\/uploads\/2020\/04\/2020-04-08_10-04-10___6055.jpg?resize=525%2C300&ssl=1 1.5x, https:\/\/i0.wp.com\/www.grieta.org.mx\/wp-content\/uploads\/2020\/04\/2020-04-08_10-04-10___6055.jpg?resize=700%2C400&ssl=1 2x"},"classes":[]}],"_links":{"self":[{"href":"https:\/\/www.grieta.org.mx\/index.php\/wp-json\/wp\/v2\/posts\/52235","targetHints":{"allow":["GET"]}}],"collection":[{"href":"https:\/\/www.grieta.org.mx\/index.php\/wp-json\/wp\/v2\/posts"}],"about":[{"href":"https:\/\/www.grieta.org.mx\/index.php\/wp-json\/wp\/v2\/types\/post"}],"author":[{"embeddable":true,"href":"https:\/\/www.grieta.org.mx\/index.php\/wp-json\/wp\/v2\/users\/2"}],"replies":[{"embeddable":true,"href":"https:\/\/www.grieta.org.mx\/index.php\/wp-json\/wp\/v2\/comments?post=52235"}],"version-history":[{"count":1,"href":"https:\/\/www.grieta.org.mx\/index.php\/wp-json\/wp\/v2\/posts\/52235\/revisions"}],"predecessor-version":[{"id":52237,"href":"https:\/\/www.grieta.org.mx\/index.php\/wp-json\/wp\/v2\/posts\/52235\/revisions\/52237"}],"wp:featuredmedia":[{"embeddable":true,"href":"https:\/\/www.grieta.org.mx\/index.php\/wp-json\/wp\/v2\/media\/52236"}],"wp:attachment":[{"href":"https:\/\/www.grieta.org.mx\/index.php\/wp-json\/wp\/v2\/media?parent=52235"}],"wp:term":[{"taxonomy":"category","embeddable":true,"href":"https:\/\/www.grieta.org.mx\/index.php\/wp-json\/wp\/v2\/categories?post=52235"},{"taxonomy":"post_tag","embeddable":true,"href":"https:\/\/www.grieta.org.mx\/index.php\/wp-json\/wp\/v2\/tags?post=52235"}],"curies":[{"name":"wp","href":"https:\/\/api.w.org\/{rel}","templated":true}]}}