{"id":52214,"date":"2020-07-31T13:59:00","date_gmt":"2020-07-31T18:59:00","guid":{"rendered":"http:\/\/www.grieta.org.mx\/?p=52214"},"modified":"2020-08-01T14:31:39","modified_gmt":"2020-08-01T19:31:39","slug":"directores-centaveros-cobran-cuotas-escolares-en-nayarit-las-autoridades-ausentes","status":"publish","type":"post","link":"https:\/\/www.grieta.org.mx\/index.php\/2020\/07\/31\/directores-centaveros-cobran-cuotas-escolares-en-nayarit-las-autoridades-ausentes\/","title":{"rendered":"Directores centaveros cobran cuotas escolares en Nayarit, las autoridades ausentes"},"content":{"rendered":"<p><img loading=\"lazy\" decoding=\"async\" data-attachment-id=\"52215\" data-permalink=\"https:\/\/www.grieta.org.mx\/index.php\/2020\/07\/31\/directores-centaveros-cobran-cuotas-escolares-en-nayarit-las-autoridades-ausentes\/leopoldo-garcia-lopez-1\/\" data-orig-file=\"https:\/\/www.grieta.org.mx\/wp-content\/uploads\/2020\/08\/Leopoldo-Garcia-Lopez-1.jpg\" data-orig-size=\"800,533\" data-comments-opened=\"0\" data-image-meta=\"{&quot;aperture&quot;:&quot;0&quot;,&quot;credit&quot;:&quot;&quot;,&quot;camera&quot;:&quot;&quot;,&quot;caption&quot;:&quot;&quot;,&quot;created_timestamp&quot;:&quot;0&quot;,&quot;copyright&quot;:&quot;&quot;,&quot;focal_length&quot;:&quot;0&quot;,&quot;iso&quot;:&quot;0&quot;,&quot;shutter_speed&quot;:&quot;0&quot;,&quot;title&quot;:&quot;&quot;,&quot;orientation&quot;:&quot;0&quot;}\" data-image-title=\"Leopoldo-Garcia-Lopez-1\" data-image-description=\"\" data-image-caption=\"\" data-medium-file=\"https:\/\/www.grieta.org.mx\/wp-content\/uploads\/2020\/08\/Leopoldo-Garcia-Lopez-1-300x200.jpg\" data-large-file=\"https:\/\/www.grieta.org.mx\/wp-content\/uploads\/2020\/08\/Leopoldo-Garcia-Lopez-1.jpg\" class=\"aligncenter wp-image-52215\" src=\"http:\/\/www.grieta.org.mx\/wp-content\/uploads\/2020\/08\/Leopoldo-Garcia-Lopez-1.jpg\" alt=\"\" width=\"798\" height=\"532\" srcset=\"https:\/\/www.grieta.org.mx\/wp-content\/uploads\/2020\/08\/Leopoldo-Garcia-Lopez-1.jpg 800w, https:\/\/www.grieta.org.mx\/wp-content\/uploads\/2020\/08\/Leopoldo-Garcia-Lopez-1-300x200.jpg 300w, https:\/\/www.grieta.org.mx\/wp-content\/uploads\/2020\/08\/Leopoldo-Garcia-Lopez-1-768x512.jpg 768w, https:\/\/www.grieta.org.mx\/wp-content\/uploads\/2020\/08\/Leopoldo-Garcia-Lopez-1-750x500.jpg 750w\" sizes=\"auto, (max-width: 798px) 100vw, 798px\" \/><\/p>\n<p>Foto: Realidades de Nayarit<\/p>\n<p>Ver\u00f3nica Ram\u00edrez<\/p>\n<p>Tepic, Nayarit. Viernes 31 de julio del 2020.- Inaudito, directivos centaveros cobran cuotas escolares voluntariamente a fuerzas en las escuelas p\u00fablicas de Nayarit en plena pandemia del Covid-19 sin que haya clases presenciales.<\/p>\n<p>A\u00fan no hay fecha para el arranque del ciclo escolar 2020-2021 pero a trav\u00e9s de los grupos de WhatsApp se les env\u00eda a los padres de familia una cuenta bancaria para depositar la tan sonada cuota de inscripci\u00f3n.<\/p>\n<p>Las clases no ser\u00e1n presenciales por lo menos en uno o dos mes y pese a ello, los directores condicionan el pago de las aportaciones voluntarias como requisito para inscribir a los estudiantes de educaci\u00f3n b\u00e1sica, denunci\u00f3 el Presidente de la Asociaci\u00f3n de Padres de Familia, Leopoldo Garc\u00eda L\u00f3pez.<\/p>\n<p>Adem\u00e1s \u00e9stas no son reguladas ni fiscalizadas por nadie, se aplican a ley de los calzones de los directores en contubernio con la mesa de Padres de Familia imponen el costo de estas cuotas \u201cvoluntarias que van de los 300 a los 800 pesos por ni\u00f1o.<\/p>\n<p>Puso de ejemplo el cobro de 500 pesos por alumno que exige la escuela secundaria t\u00e9cnica \u201cAlfonso Garc\u00eda Robles\u201d ubicada en la colonia Las Brisas.<\/p>\n<p>Mientras que en la escuela primaria \u201cPedro Casas\u201d cobran 300 pesos por alumnos y adem\u00e1s mandan mensajes atemorizantes argumentando que hay padres de familia que no pagaron el a\u00f1o pasado y les recuerdan que estos pagos, no se condonan ni se perdonan, se acumulan.<\/p>\n<p>Cada a\u00f1o, es la misma situaci\u00f3n en todos los planteles p\u00fablicos desde la colonia m\u00e1s pobre hasta la m\u00e1s fif\u00ed, se exige el cobro de estas cuotas porque si no lo hacen, los alumnos ser\u00e1n rechazados.<\/p>\n<p>Garc\u00eda L\u00f3pez recalc\u00f3 que el pago de cuotas son acuerdos entre un peque\u00f1o grupo de padres de familia que no tienen validez legal.<\/p>\n<p>Estos mercenarios de la educaci\u00f3n argumentan que las mentadas cuotas voluntariamente a fuerzas se utilizan para comprar garrafones de agua y papel de ba\u00f1o que utilizan sus hijos adem\u00e1s de insumos para el aseo del plantel, lo cual en estos tiempos de emergencia sanitaria es irrisorio porque las escuelas est\u00e1n cerradas y ni siquiera van los intendentes.<\/p>\n<p>\u201cAhorita no hay gastos de mantenimiento de la escuela, no hay gastos para material de aseo, no hay nadie, ni los intendentes est\u00e1n yendo a trabajar\u201d.<\/p>\n<p>Lamentablemente, las autoridades educativas est\u00e1n ausentes, oficinas cerradas y los padres de familia no saben d\u00f3nde poner sus denuncias sobre este penoso asuntos porque tanto SEP como SEPEN son unos in\u00fatiles.<\/p>\n<p><a href=\"http:\/\/realidadessperiodico.com\/49561\/\">http:\/\/realidadessperiodico.com\/49561\/<\/a><\/p>\n","protected":false},"excerpt":{"rendered":"<p>Foto: Realidades de Nayarit Ver\u00f3nica Ram\u00edrez Tepic, Nayarit. Viernes 31 de julio del 2020.- Inaudito, directivos centaveros cobran cuotas escolares voluntariamente a fuerzas en las escuelas p\u00fablicas de Nayarit en &hellip; <a href=\"https:\/\/www.grieta.org.mx\/index.php\/2020\/07\/31\/directores-centaveros-cobran-cuotas-escolares-en-nayarit-las-autoridades-ausentes\/\" class=\"more-link\">Leer m\u00e1s<\/a><\/p>\n","protected":false},"author":2,"featured_media":21928,"comment_status":"closed","ping_status":"closed","sticky":false,"template":"","format":"standard","meta":{"ngg_post_thumbnail":0,"_jetpack_newsletter_access":"","_jetpack_dont_email_post_to_subs":false,"_jetpack_newsletter_tier_id":0,"_jetpack_memberships_contains_paywalled_content":false,"_jetpack_memberships_contains_paid_content":false,"footnotes":""},"categories":[80,916,3315,23,2,83],"tags":[3454,110],"class_list":["post-52214","post","type-post","status-publish","format-standard","has-post-thumbnail","hentry","category-cintillo","category-privatizacion-del-la-educacion-publica","category-crisis-del-sistema-educativo-en-nayarit","category-nayarit","category-noticias-nacionales","category-temas-nacionales","tag-crisis-de-la-educacion-publica","tag-cuotas","entry"],"jetpack_featured_media_url":"https:\/\/www.grieta.org.mx\/wp-content\/uploads\/2018\/03\/14524434_1106112876131411_958039263622046936_o.jpg","jetpack_sharing_enabled":true,"jetpack_shortlink":"https:\/\/wp.me\/p7ZJR4-dAa","jetpack_likes_enabled":false,"jetpack-related-posts":[{"id":52862,"url":"https:\/\/www.grieta.org.mx\/index.php\/2020\/08\/24\/indigenas-a-la-deriva-en-materia-educativa-nayarit\/","url_meta":{"origin":52214,"position":0},"title":"Ind\u00edgenas a la deriva en materia educativa (Nayarit)","author":"grieta","date":"24 agosto, 2020","format":false,"excerpt":"Imagen: Realidades de Nayarit Carecen de las herramientas tecnol\u00f3gicas para continuar estudiando Mildra Ben\u00edtez Robledo \/ Realidades de Nayarit Tepic, Nayarit.- Lunes 24 de agosto del 2020.- A ra\u00edz de la pobreza y marginaci\u00f3n en la que viven las comunidades ind\u00edgenas de Nayarit, ante el arranque del nuevo ciclo escolar\u2026","rel":"","context":"En &quot;CINTILLO&quot;","block_context":{"text":"CINTILLO","link":"https:\/\/www.grieta.org.mx\/index.php\/category\/cintillo\/"},"img":{"alt_text":"","src":"https:\/\/i0.wp.com\/www.grieta.org.mx\/wp-content\/uploads\/2020\/08\/u12-1068x554-1.jpg?resize=350%2C200&ssl=1","width":350,"height":200,"srcset":"https:\/\/i0.wp.com\/www.grieta.org.mx\/wp-content\/uploads\/2020\/08\/u12-1068x554-1.jpg?resize=350%2C200&ssl=1 1x, https:\/\/i0.wp.com\/www.grieta.org.mx\/wp-content\/uploads\/2020\/08\/u12-1068x554-1.jpg?resize=525%2C300&ssl=1 1.5x, https:\/\/i0.wp.com\/www.grieta.org.mx\/wp-content\/uploads\/2020\/08\/u12-1068x554-1.jpg?resize=700%2C400&ssl=1 2x, https:\/\/i0.wp.com\/www.grieta.org.mx\/wp-content\/uploads\/2020\/08\/u12-1068x554-1.jpg?resize=1050%2C600&ssl=1 3x"},"classes":[]},{"id":48152,"url":"https:\/\/www.grieta.org.mx\/index.php\/2020\/04\/21\/fracasan-las-clases-en-linea-nayarit\/","url_meta":{"origin":52214,"position":1},"title":"Fracasan las clases en l\u00ednea (Nayarit)","author":"grieta","date":"21 abril, 2020","format":false,"excerpt":"Foto: Realidades de Nayarit Ver\u00f3nica Ram\u00edrez \/ Realidades de Nayarit Tepic, Nayarit.- Martes 21 de abril del 2020.- Las clases en l\u00ednea en Nayarit o son fracaso o de plano un relajo, las constantes fallas en la se\u00f1al de televisi\u00f3n o plataformas digitales, impide el puntual aprendizaje de los alumnos\u2026","rel":"","context":"En &quot;CINTILLO&quot;","block_context":{"text":"CINTILLO","link":"https:\/\/www.grieta.org.mx\/index.php\/category\/cintillo\/"},"img":{"alt_text":"","src":"https:\/\/i0.wp.com\/www.grieta.org.mx\/wp-content\/uploads\/2020\/04\/libros-675x420.jpg?resize=350%2C200&ssl=1","width":350,"height":200,"srcset":"https:\/\/i0.wp.com\/www.grieta.org.mx\/wp-content\/uploads\/2020\/04\/libros-675x420.jpg?resize=350%2C200&ssl=1 1x, https:\/\/i0.wp.com\/www.grieta.org.mx\/wp-content\/uploads\/2020\/04\/libros-675x420.jpg?resize=525%2C300&ssl=1 1.5x"},"classes":[]},{"id":55984,"url":"https:\/\/www.grieta.org.mx\/index.php\/2020\/12\/23\/retrasaran-maestros-regreso-a-clases-por-falta-de-aguinaldos-en-nayarit\/","url_meta":{"origin":52214,"position":2},"title":"Retrasar\u00e1n maestros regreso a clases por falta de aguinaldos en Nayarit","author":"grieta","date":"23 diciembre, 2020","format":false,"excerpt":"Foto: Realidades de Nayarit Seguir\u00e1n manifest\u00e1ndose y exigiendo sus derechos Crys Ben\u00edtez \/ El Occidental TEPIC, Nayarit (OEM-Informex). -Maestros de la Secci\u00f3n 49 del Sindicato Nacional de Trabajadores de la Educaci\u00f3n (SNTE) en Nayarit, han manifestado que tomar\u00e1n acciones dr\u00e1sticas, ante la falta de pagos correspondientes a los aguinaldos y\u2026","rel":"","context":"En &quot;CINTILLO&quot;","block_context":{"text":"CINTILLO","link":"https:\/\/www.grieta.org.mx\/index.php\/category\/cintillo\/"},"img":{"alt_text":"","src":"https:\/\/i0.wp.com\/www.grieta.org.mx\/wp-content\/uploads\/2020\/12\/verde-1-636x420-1.jpg?resize=350%2C200&ssl=1","width":350,"height":200,"srcset":"https:\/\/i0.wp.com\/www.grieta.org.mx\/wp-content\/uploads\/2020\/12\/verde-1-636x420-1.jpg?resize=350%2C200&ssl=1 1x, https:\/\/i0.wp.com\/www.grieta.org.mx\/wp-content\/uploads\/2020\/12\/verde-1-636x420-1.jpg?resize=525%2C300&ssl=1 1.5x"},"classes":[]},{"id":36647,"url":"https:\/\/www.grieta.org.mx\/index.php\/2019\/07\/16\/enfrentan-sindicalizados-a-delegado-del-issste-en-nayarit\/","url_meta":{"origin":52214,"position":3},"title":"Enfrentan sindicalizados a delegado del ISSSTE en Nayarit","author":"grieta","date":"16 julio, 2019","format":false,"excerpt":"Ante la negativa del Delegado del ISSSTE en Nayarit, Guillermo Rubio de recibir al l\u00edder nacional del SNADTISSSTE, Rub\u00e9n Alvarado, sindicalizados y autoridades se enfrentaron.\u00a0 Oscar Gil \/ NCC.MX Tepic, Nayarit, noticias.-Este martes 16 de julio, Rub\u00e9n Alvarado, Secretario General del Sindicato Nacional Aut\u00e9ntico y Democr\u00e1tico de los Trabajadores del\u2026","rel":"","context":"En &quot;CINTILLO&quot;","block_context":{"text":"CINTILLO","link":"https:\/\/www.grieta.org.mx\/index.php\/category\/cintillo\/"},"img":{"alt_text":"","src":"https:\/\/i0.wp.com\/www.grieta.org.mx\/wp-content\/uploads\/2019\/07\/1563329747.png?resize=350%2C200&ssl=1","width":350,"height":200,"srcset":"https:\/\/i0.wp.com\/www.grieta.org.mx\/wp-content\/uploads\/2019\/07\/1563329747.png?resize=350%2C200&ssl=1 1x, https:\/\/i0.wp.com\/www.grieta.org.mx\/wp-content\/uploads\/2019\/07\/1563329747.png?resize=525%2C300&ssl=1 1.5x, https:\/\/i0.wp.com\/www.grieta.org.mx\/wp-content\/uploads\/2019\/07\/1563329747.png?resize=700%2C400&ssl=1 2x, https:\/\/i0.wp.com\/www.grieta.org.mx\/wp-content\/uploads\/2019\/07\/1563329747.png?resize=1050%2C600&ssl=1 3x"},"classes":[]},{"id":49332,"url":"https:\/\/www.grieta.org.mx\/index.php\/2020\/05\/15\/complicado-ciclo-escolar-nayarit\/","url_meta":{"origin":52214,"position":4},"title":"Complicado ciclo escolar (Nayarit)","author":"grieta","date":"15 mayo, 2020","format":false,"excerpt":"En muchas partes la recepci\u00f3n de internet es mal\u00edsima, no todos los alumnos tienen internet, celular o computadora y en las zonas serranas de plano no llega la se\u00f1al Foto: Realidades de Nayarit V\u00edctor Trejo Olmos \/ Realidades de Nayarit Bah\u00eda de Banderas, Nayarit. Viernes 15 de mayo del 2020.-\u2026","rel":"","context":"En &quot;CINTILLO&quot;","block_context":{"text":"CINTILLO","link":"https:\/\/www.grieta.org.mx\/index.php\/category\/cintillo\/"},"img":{"alt_text":"","src":"https:\/\/i0.wp.com\/www.grieta.org.mx\/wp-content\/uploads\/2020\/05\/aula.jpg?resize=350%2C200&ssl=1","width":350,"height":200,"srcset":"https:\/\/i0.wp.com\/www.grieta.org.mx\/wp-content\/uploads\/2020\/05\/aula.jpg?resize=350%2C200&ssl=1 1x, https:\/\/i0.wp.com\/www.grieta.org.mx\/wp-content\/uploads\/2020\/05\/aula.jpg?resize=525%2C300&ssl=1 1.5x, https:\/\/i0.wp.com\/www.grieta.org.mx\/wp-content\/uploads\/2020\/05\/aula.jpg?resize=700%2C400&ssl=1 2x, https:\/\/i0.wp.com\/www.grieta.org.mx\/wp-content\/uploads\/2020\/05\/aula.jpg?resize=1050%2C600&ssl=1 3x"},"classes":[]},{"id":46522,"url":"https:\/\/www.grieta.org.mx\/index.php\/2020\/03\/17\/nayarit-no-esta-preparado-para-la-pandemia-afirman-trabajadores-de-la-secretaria-de-salud\/","url_meta":{"origin":52214,"position":5},"title":"Nayarit no esta preparado para la pandemia. Afirman trabajadores de la Secretaria de Salud","author":"grieta","date":"17 marzo, 2020","format":false,"excerpt":"Foto: Ilustrativa Redacci\u00f3n \/ Realidades de Nayarit En redes sociales los mismos trabajadores de la Secretaria de Salud del Estado de Nayarit, solicitaron a las autoridades del estado la dotaci\u00f3n de insumos y material para poder enfrentar en su momento la pandemia del COVID19. Afirman no estar preparados con infraestructura,\u2026","rel":"","context":"En &quot;CINTILLO&quot;","block_context":{"text":"CINTILLO","link":"https:\/\/www.grieta.org.mx\/index.php\/category\/cintillo\/"},"img":{"alt_text":"","src":"https:\/\/i0.wp.com\/www.grieta.org.mx\/wp-content\/uploads\/2020\/03\/hospital-general-tepic-2.jpg?resize=350%2C200&ssl=1","width":350,"height":200,"srcset":"https:\/\/i0.wp.com\/www.grieta.org.mx\/wp-content\/uploads\/2020\/03\/hospital-general-tepic-2.jpg?resize=350%2C200&ssl=1 1x, https:\/\/i0.wp.com\/www.grieta.org.mx\/wp-content\/uploads\/2020\/03\/hospital-general-tepic-2.jpg?resize=525%2C300&ssl=1 1.5x"},"classes":[]}],"_links":{"self":[{"href":"https:\/\/www.grieta.org.mx\/index.php\/wp-json\/wp\/v2\/posts\/52214","targetHints":{"allow":["GET"]}}],"collection":[{"href":"https:\/\/www.grieta.org.mx\/index.php\/wp-json\/wp\/v2\/posts"}],"about":[{"href":"https:\/\/www.grieta.org.mx\/index.php\/wp-json\/wp\/v2\/types\/post"}],"author":[{"embeddable":true,"href":"https:\/\/www.grieta.org.mx\/index.php\/wp-json\/wp\/v2\/users\/2"}],"replies":[{"embeddable":true,"href":"https:\/\/www.grieta.org.mx\/index.php\/wp-json\/wp\/v2\/comments?post=52214"}],"version-history":[{"count":1,"href":"https:\/\/www.grieta.org.mx\/index.php\/wp-json\/wp\/v2\/posts\/52214\/revisions"}],"predecessor-version":[{"id":52216,"href":"https:\/\/www.grieta.org.mx\/index.php\/wp-json\/wp\/v2\/posts\/52214\/revisions\/52216"}],"wp:featuredmedia":[{"embeddable":true,"href":"https:\/\/www.grieta.org.mx\/index.php\/wp-json\/wp\/v2\/media\/21928"}],"wp:attachment":[{"href":"https:\/\/www.grieta.org.mx\/index.php\/wp-json\/wp\/v2\/media?parent=52214"}],"wp:term":[{"taxonomy":"category","embeddable":true,"href":"https:\/\/www.grieta.org.mx\/index.php\/wp-json\/wp\/v2\/categories?post=52214"},{"taxonomy":"post_tag","embeddable":true,"href":"https:\/\/www.grieta.org.mx\/index.php\/wp-json\/wp\/v2\/tags?post=52214"}],"curies":[{"name":"wp","href":"https:\/\/api.w.org\/{rel}","templated":true}]}}