{"id":5221,"date":"2016-08-23T05:09:15","date_gmt":"2016-08-23T10:09:15","guid":{"rendered":"http:\/\/50.22.11.12\/~grietaor\/?p=5221"},"modified":"2016-09-09T11:45:09","modified_gmt":"2016-09-09T16:45:09","slug":"reforma-educativa-y-evaluacion-al-desempeno-en-queretaro","status":"publish","type":"post","link":"https:\/\/www.grieta.org.mx\/index.php\/2016\/08\/23\/reforma-educativa-y-evaluacion-al-desempeno-en-queretaro\/","title":{"rendered":"Reforma educativa y evaluaci\u00f3n al desempe\u00f1o en Quer\u00e9taro"},"content":{"rendered":"<p><strong>23\/08\/16. <\/strong><a href=\"http:\/\/www.grieta.org.mx\/index.php\/2016\/08\/23\/sancionan-a-100-maestros-de-queretaro-por-unirse-a-paro-nacional\/\">Sancionan a 100 maestros de Quer\u00e9taro por unirse a paro nacional<\/a><br \/>\n<em>UnoTv<\/em><\/p>\n<p><strong>13\/08\/16. <\/strong><a href=\"http:\/\/www.grieta.org.mx\/index.php\/2016\/08\/13\/usebeq-sin-justificar-cese-de-maestros\/\">USEBEQ, sin justificar cese de maestros<\/a><br \/>\n<em>AM Quer\u00e9taro<\/em><\/p>\n<p><strong>03\/08\/16. <\/strong><a href=\"http:\/\/www.grieta.org.mx\/index.php\/2016\/08\/03\/maestros-se-manifiestan-pacificamente-en-la-caseta-de-palmillas\/\">Maestros se manifiestan pac\u00edficamente en la caseta de Palmillas<\/a><br \/>\n<em>AM Quer\u00e9taro<\/em><\/p>\n<p><strong>02\/06\/16. <\/strong><a href=\"http:\/\/www.grieta.org.mx\/index.php\/2016\/06\/02\/queretaro-profesores-exigen-respeto-a-sus-derechos-afuera-de-la-oficina-del-gobernador\/\">Quer\u00e9taro: Profesores exigen respeto a sus derechos afuera de la oficina del gobernador<\/a><br \/>\n<em>Libertad de palabra<\/em><\/p>\n<p><strong>23\/05\/16. <\/strong><a href=\"http:\/\/www.grieta.org.mx\/index.php\/2016\/05\/23\/profesores-cesados-en-queretaro-se-unen-a-la-movilizacion-nacional\/\">Profesores cesados en Quer\u00e9taro se unen a la movilizaci\u00f3n nacional<\/a><br \/>\n<em>AM Quer\u00e9taro<\/em><\/p>\n<p><strong>18\/03\/16. <\/strong><a href=\"http:\/\/grieta.org.mx\/index.php\/2016\/03\/18\/se-manifiestan-por-despidos-de-maestros-en-cobaq\/\">Se manifiestan por despidos de maestros en Cobaq<\/a><br \/>\n<em>AM Quer\u00e9taro<\/em><\/p>\n<p><strong>26\/08\/15. <\/strong><a href=\"http:\/\/grieta.org.mx\/index.php\/2015\/08\/26\/maestros-de-queretaro-anuncian-movilizaciones-contra-reforma-educativa\/\">Maestros de Quer\u00e9taro anuncian movilizaciones contra reforma educativa<\/a><br \/>\n<em>C\u00f3dice informativo<\/em><\/p>\n<p><strong>25\/08\/15. <\/strong><a href=\"http:\/\/grieta.org.mx\/index.php\/2015\/08\/25\/usebeq-miente-sobre-paros-asegura-vocera-de-docentes-fueron-cerca-de-500-escuelas-codice-informativo\/\">Usebeq miente sobre paros, asegura vocera de docentes; fueron cerca de 500 escuelas C\u00f3dice Informativo<\/a><br \/>\n<em>C\u00f3dice informativo<\/em><\/p>\n<p><strong>21\/08\/15. <\/strong><a href=\"http:\/\/grieta.org.mx\/index.php\/2015\/08\/21\/marchan-maestros-y-asociaciones-en-protesta-contra-las-reformas\/\">Marchan maestros y asociaciones en protesta contra las reformas<\/a><br \/>\n<em>C\u00f3dice informativo<\/em><\/p>\n","protected":false},"excerpt":{"rendered":"<p>23\/08\/16. Sancionan a 100 maestros de Quer\u00e9taro por unirse a paro nacional UnoTv 13\/08\/16. USEBEQ, sin justificar cese de maestros AM Quer\u00e9taro 03\/08\/16. Maestros se manifiestan pac\u00edficamente en la caseta &hellip; <a href=\"https:\/\/www.grieta.org.mx\/index.php\/2016\/08\/23\/reforma-educativa-y-evaluacion-al-desempeno-en-queretaro\/\" class=\"more-link\">Leer m\u00e1s<\/a><\/p>\n","protected":false},"author":2,"featured_media":21928,"comment_status":"closed","ping_status":"open","sticky":false,"template":"","format":"standard","meta":{"ngg_post_thumbnail":0,"_jetpack_newsletter_access":"","_jetpack_dont_email_post_to_subs":false,"_jetpack_newsletter_tier_id":0,"_jetpack_memberships_contains_paywalled_content":false,"_jetpack_memberships_contains_paid_content":false,"footnotes":""},"categories":[2,27],"tags":[180,135,294],"class_list":["post-5221","post","type-post","status-publish","format-standard","has-post-thumbnail","hentry","category-noticias-nacionales","category-queretaro","tag-protesta","tag-reforma-educativa","tag-reforma-laboral","entry"],"jetpack_featured_media_url":"https:\/\/www.grieta.org.mx\/wp-content\/uploads\/2018\/03\/14524434_1106112876131411_958039263622046936_o.jpg","jetpack_sharing_enabled":true,"jetpack_shortlink":"https:\/\/wp.me\/p7ZJR4-1md","jetpack_likes_enabled":false,"jetpack-related-posts":[{"id":5218,"url":"https:\/\/www.grieta.org.mx\/index.php\/2015\/08\/26\/maestros-de-queretaro-anuncian-movilizaciones-contra-reforma-educativa\/","url_meta":{"origin":5221,"position":0},"title":"Maestros de Quer\u00e9taro anuncian movilizaciones contra reforma educativa","author":"grieta","date":"26 agosto, 2015","format":false,"excerpt":"Rafael Camacho\/C\u00f3dice Informativo Instalar\u00e1n un campamento permanente frente a los juzgados federales Ante la falta de apertura al di\u00e1logo tanto de las autoridades educativas estatales como federales, el pr\u00f3ximo viernes continuar\u00e1n con las manifestaciones, campamentos y hasta eventuales paros contra la Reforma Educativa, advirti\u00f3 Rosa Mar\u00eda C\u00f3rdoba, maestra vocera de\u2026","rel":"","context":"En &quot;CINTILLO&quot;","block_context":{"text":"CINTILLO","link":"https:\/\/www.grieta.org.mx\/index.php\/category\/cintillo\/"},"img":{"alt_text":"","src":"https:\/\/i0.wp.com\/www.grieta.org.mx\/wp-content\/uploads\/2018\/03\/14524434_1106112876131411_958039263622046936_o.jpg?resize=350%2C200&ssl=1","width":350,"height":200,"srcset":"https:\/\/i0.wp.com\/www.grieta.org.mx\/wp-content\/uploads\/2018\/03\/14524434_1106112876131411_958039263622046936_o.jpg?resize=350%2C200&ssl=1 1x, https:\/\/i0.wp.com\/www.grieta.org.mx\/wp-content\/uploads\/2018\/03\/14524434_1106112876131411_958039263622046936_o.jpg?resize=525%2C300&ssl=1 1.5x, https:\/\/i0.wp.com\/www.grieta.org.mx\/wp-content\/uploads\/2018\/03\/14524434_1106112876131411_958039263622046936_o.jpg?resize=700%2C400&ssl=1 2x"},"classes":[]},{"id":21217,"url":"https:\/\/www.grieta.org.mx\/index.php\/2016\/08\/23\/sancionan-a-100-maestros-de-queretaro-por-unirse-a-paro-nacional\/","url_meta":{"origin":5221,"position":1},"title":"Sancionan a 100 maestros de Quer\u00e9taro por unirse a paro nacional","author":"grieta","date":"23 agosto, 2016","format":false,"excerpt":"\u00c1ngel Zohar Ram\u00edrez\/UnoTv Los profesores que no acudieron a impartir clase en el inicio del ciclo escolar 2016-2017 ser\u00e1n sancionados con el descuento de un d\u00eda de trabajo, inform\u00f3 la Unidad de Servicios para la Educaci\u00f3n B\u00e1sica en el Estado de Quer\u00e9taro (USEBEQ). En total son 100 docentes que en\u2026","rel":"","context":"En &quot;CINTILLO&quot;","block_context":{"text":"CINTILLO","link":"https:\/\/www.grieta.org.mx\/index.php\/category\/cintillo\/"},"img":{"alt_text":"","src":"https:\/\/i0.wp.com\/www.grieta.org.mx\/wp-content\/uploads\/2018\/03\/14524434_1106112876131411_958039263622046936_o.jpg?resize=350%2C200&ssl=1","width":350,"height":200,"srcset":"https:\/\/i0.wp.com\/www.grieta.org.mx\/wp-content\/uploads\/2018\/03\/14524434_1106112876131411_958039263622046936_o.jpg?resize=350%2C200&ssl=1 1x, https:\/\/i0.wp.com\/www.grieta.org.mx\/wp-content\/uploads\/2018\/03\/14524434_1106112876131411_958039263622046936_o.jpg?resize=525%2C300&ssl=1 1.5x, https:\/\/i0.wp.com\/www.grieta.org.mx\/wp-content\/uploads\/2018\/03\/14524434_1106112876131411_958039263622046936_o.jpg?resize=700%2C400&ssl=1 2x"},"classes":[]},{"id":19605,"url":"https:\/\/www.grieta.org.mx\/index.php\/2016\/08\/03\/maestros-se-manifiestan-pacificamente-en-la-caseta-de-palmillas\/","url_meta":{"origin":5221,"position":2},"title":"Maestros se manifiestan pac\u00edficamente en la caseta de Palmillas","author":"grieta","date":"3 agosto, 2016","format":false,"excerpt":"Alma C\u00f3rdova\/AM Quer\u00e9taro Los maestros, que se manifiestan en la caseta de Palmillas, permitieron el paso libre de los veh\u00edculos sin pago de peaje en la carretera M\u00e9xico-Quer\u00e9taro Alrededor de 70 profesores de los estados de Quer\u00e9taro, Hidalgo y Estado de M\u00e9xico afiliados a la Coordinadora Nacional de Trabajadores de\u2026","rel":"","context":"En &quot;CINTILLO&quot;","block_context":{"text":"CINTILLO","link":"https:\/\/www.grieta.org.mx\/index.php\/category\/cintillo\/"},"img":{"alt_text":"","src":"https:\/\/i0.wp.com\/www.grieta.org.mx\/wp-content\/uploads\/2018\/03\/14524434_1106112876131411_958039263622046936_o.jpg?resize=350%2C200&ssl=1","width":350,"height":200,"srcset":"https:\/\/i0.wp.com\/www.grieta.org.mx\/wp-content\/uploads\/2018\/03\/14524434_1106112876131411_958039263622046936_o.jpg?resize=350%2C200&ssl=1 1x, https:\/\/i0.wp.com\/www.grieta.org.mx\/wp-content\/uploads\/2018\/03\/14524434_1106112876131411_958039263622046936_o.jpg?resize=525%2C300&ssl=1 1.5x, https:\/\/i0.wp.com\/www.grieta.org.mx\/wp-content\/uploads\/2018\/03\/14524434_1106112876131411_958039263622046936_o.jpg?resize=700%2C400&ssl=1 2x"},"classes":[]},{"id":5220,"url":"https:\/\/www.grieta.org.mx\/index.php\/2015\/08\/21\/marchan-maestros-y-asociaciones-en-protesta-contra-las-reformas\/","url_meta":{"origin":5221,"position":3},"title":"Marchan maestros y asociaciones en protesta contra las reformas (Quer\u00e9taro)","author":"grieta","date":"21 agosto, 2015","format":false,"excerpt":"Alejandro Nieto\/C\u00f3dice Informativo Cientos de maestros marchan en Quer\u00e9taro la tarde de este viernes en protesta por las reformas estructurales, concretamente por la reforma educativa. Esta manifestaci\u00f3n convoc\u00f3 el gremio en los 18 municipios, donde llegaron para partir desde puntos como la Universidad Cuauht\u00e9moc, el Monumento al Maestro, el ISSSTE,\u2026","rel":"","context":"En &quot;CINTILLO&quot;","block_context":{"text":"CINTILLO","link":"https:\/\/www.grieta.org.mx\/index.php\/category\/cintillo\/"},"img":{"alt_text":"","src":"https:\/\/i0.wp.com\/www.grieta.org.mx\/wp-content\/uploads\/2018\/03\/14524434_1106112876131411_958039263622046936_o.jpg?resize=350%2C200&ssl=1","width":350,"height":200,"srcset":"https:\/\/i0.wp.com\/www.grieta.org.mx\/wp-content\/uploads\/2018\/03\/14524434_1106112876131411_958039263622046936_o.jpg?resize=350%2C200&ssl=1 1x, https:\/\/i0.wp.com\/www.grieta.org.mx\/wp-content\/uploads\/2018\/03\/14524434_1106112876131411_958039263622046936_o.jpg?resize=525%2C300&ssl=1 1.5x, https:\/\/i0.wp.com\/www.grieta.org.mx\/wp-content\/uploads\/2018\/03\/14524434_1106112876131411_958039263622046936_o.jpg?resize=700%2C400&ssl=1 2x"},"classes":[]},{"id":12792,"url":"https:\/\/www.grieta.org.mx\/index.php\/2016\/05\/23\/profesores-cesados-en-queretaro-se-unen-a-la-movilizacion-nacional\/","url_meta":{"origin":5221,"position":4},"title":"Profesores cesados en Quer\u00e9taro se unen a la movilizaci\u00f3n nacional","author":"grieta","date":"23 mayo, 2016","format":false,"excerpt":"Cecilia Conde\/AM Quer\u00e9taro Roberto Aparicio, integrante del CNTE, se\u00f1al\u00f3 que 26 maestros fueron cesados o \u2018congelados\u2019 por no presentar la evaluaci\u00f3n docente Simpatizantes de la Coordinadora Nacional de Trabajadores de la Educaci\u00f3n (CNTE) en Quer\u00e9taro se manifestaron contra la Reforma Educativa en tres municipios del Estado, esto el marco del\u2026","rel":"","context":"En &quot;CINTILLO&quot;","block_context":{"text":"CINTILLO","link":"https:\/\/www.grieta.org.mx\/index.php\/category\/cintillo\/"},"img":{"alt_text":"","src":"https:\/\/i0.wp.com\/www.grieta.org.mx\/wp-content\/uploads\/2018\/03\/14524434_1106112876131411_958039263622046936_o.jpg?resize=350%2C200&ssl=1","width":350,"height":200,"srcset":"https:\/\/i0.wp.com\/www.grieta.org.mx\/wp-content\/uploads\/2018\/03\/14524434_1106112876131411_958039263622046936_o.jpg?resize=350%2C200&ssl=1 1x, https:\/\/i0.wp.com\/www.grieta.org.mx\/wp-content\/uploads\/2018\/03\/14524434_1106112876131411_958039263622046936_o.jpg?resize=525%2C300&ssl=1 1.5x, https:\/\/i0.wp.com\/www.grieta.org.mx\/wp-content\/uploads\/2018\/03\/14524434_1106112876131411_958039263622046936_o.jpg?resize=700%2C400&ssl=1 2x"},"classes":[]},{"id":19602,"url":"https:\/\/www.grieta.org.mx\/index.php\/2016\/08\/13\/usebeq-sin-justificar-cese-de-maestros\/","url_meta":{"origin":5221,"position":5},"title":"USEBEQ, sin justificar cese de maestros","author":"grieta","date":"13 agosto, 2016","format":false,"excerpt":"M\u00f3nica Gordillo\/AM Quer\u00e9taro Denunciaron que en el estado ha continuado la represi\u00f3n, por parte de las autoridades educativas, en contra de los maestros que participan en el movimiento Integrantes de la Coordinadora Nacional de Trabajadores de la Educaci\u00f3n (CNTE) en el estado, en compa\u00f1\u00eda de la Uni\u00f3n C\u00edvica Felipe Carrillo\u2026","rel":"","context":"En &quot;CINTILLO&quot;","block_context":{"text":"CINTILLO","link":"https:\/\/www.grieta.org.mx\/index.php\/category\/cintillo\/"},"img":{"alt_text":"","src":"https:\/\/i0.wp.com\/www.grieta.org.mx\/wp-content\/uploads\/2018\/03\/14524434_1106112876131411_958039263622046936_o.jpg?resize=350%2C200&ssl=1","width":350,"height":200,"srcset":"https:\/\/i0.wp.com\/www.grieta.org.mx\/wp-content\/uploads\/2018\/03\/14524434_1106112876131411_958039263622046936_o.jpg?resize=350%2C200&ssl=1 1x, https:\/\/i0.wp.com\/www.grieta.org.mx\/wp-content\/uploads\/2018\/03\/14524434_1106112876131411_958039263622046936_o.jpg?resize=525%2C300&ssl=1 1.5x, https:\/\/i0.wp.com\/www.grieta.org.mx\/wp-content\/uploads\/2018\/03\/14524434_1106112876131411_958039263622046936_o.jpg?resize=700%2C400&ssl=1 2x"},"classes":[]}],"_links":{"self":[{"href":"https:\/\/www.grieta.org.mx\/index.php\/wp-json\/wp\/v2\/posts\/5221","targetHints":{"allow":["GET"]}}],"collection":[{"href":"https:\/\/www.grieta.org.mx\/index.php\/wp-json\/wp\/v2\/posts"}],"about":[{"href":"https:\/\/www.grieta.org.mx\/index.php\/wp-json\/wp\/v2\/types\/post"}],"author":[{"embeddable":true,"href":"https:\/\/www.grieta.org.mx\/index.php\/wp-json\/wp\/v2\/users\/2"}],"replies":[{"embeddable":true,"href":"https:\/\/www.grieta.org.mx\/index.php\/wp-json\/wp\/v2\/comments?post=5221"}],"version-history":[{"count":1,"href":"https:\/\/www.grieta.org.mx\/index.php\/wp-json\/wp\/v2\/posts\/5221\/revisions"}],"predecessor-version":[{"id":21220,"href":"https:\/\/www.grieta.org.mx\/index.php\/wp-json\/wp\/v2\/posts\/5221\/revisions\/21220"}],"wp:featuredmedia":[{"embeddable":true,"href":"https:\/\/www.grieta.org.mx\/index.php\/wp-json\/wp\/v2\/media\/21928"}],"wp:attachment":[{"href":"https:\/\/www.grieta.org.mx\/index.php\/wp-json\/wp\/v2\/media?parent=5221"}],"wp:term":[{"taxonomy":"category","embeddable":true,"href":"https:\/\/www.grieta.org.mx\/index.php\/wp-json\/wp\/v2\/categories?post=5221"},{"taxonomy":"post_tag","embeddable":true,"href":"https:\/\/www.grieta.org.mx\/index.php\/wp-json\/wp\/v2\/tags?post=5221"}],"curies":[{"name":"wp","href":"https:\/\/api.w.org\/{rel}","templated":true}]}}