{"id":52175,"date":"2020-07-22T21:30:41","date_gmt":"2020-07-23T02:30:41","guid":{"rendered":"http:\/\/www.grieta.org.mx\/?p=52175"},"modified":"2020-07-31T21:34:53","modified_gmt":"2020-08-01T02:34:53","slug":"vinculan-a-proceso-a-agresores-de-jeidy-atacada-por-ser-mujer-trans-puebla","status":"publish","type":"post","link":"https:\/\/www.grieta.org.mx\/index.php\/2020\/07\/22\/vinculan-a-proceso-a-agresores-de-jeidy-atacada-por-ser-mujer-trans-puebla\/","title":{"rendered":"Vinculan a proceso a agresores de Jeidy, atacada por ser mujer trans (Puebla)"},"content":{"rendered":"<p><a href=\"http:\/\/www.grieta.org.mx\/wp-content\/uploads\/2020\/07\/jeidy-ataque-puebla.jpg\"><img loading=\"lazy\" decoding=\"async\" data-attachment-id=\"52173\" data-permalink=\"https:\/\/www.grieta.org.mx\/index.php\/2020\/07\/13\/jeidy-la-joven-indigena-que-sufrio-un-ataque-transfobico-en-puebla\/jeidy-ataque-puebla\/\" data-orig-file=\"https:\/\/www.grieta.org.mx\/wp-content\/uploads\/2020\/07\/jeidy-ataque-puebla.jpg\" data-orig-size=\"960,505\" data-comments-opened=\"0\" data-image-meta=\"{&quot;aperture&quot;:&quot;0&quot;,&quot;credit&quot;:&quot;&quot;,&quot;camera&quot;:&quot;&quot;,&quot;caption&quot;:&quot;&quot;,&quot;created_timestamp&quot;:&quot;0&quot;,&quot;copyright&quot;:&quot;&quot;,&quot;focal_length&quot;:&quot;0&quot;,&quot;iso&quot;:&quot;0&quot;,&quot;shutter_speed&quot;:&quot;0&quot;,&quot;title&quot;:&quot;&quot;,&quot;orientation&quot;:&quot;1&quot;}\" data-image-title=\"jeidy-ataque-puebla\" data-image-description=\"\" data-image-caption=\"\" data-medium-file=\"https:\/\/www.grieta.org.mx\/wp-content\/uploads\/2020\/07\/jeidy-ataque-puebla-300x158.jpg\" data-large-file=\"https:\/\/www.grieta.org.mx\/wp-content\/uploads\/2020\/07\/jeidy-ataque-puebla.jpg\" class=\"aligncenter wp-image-52173\" src=\"http:\/\/www.grieta.org.mx\/wp-content\/uploads\/2020\/07\/jeidy-ataque-puebla.jpg\" alt=\"\" width=\"800\" height=\"421\" srcset=\"https:\/\/www.grieta.org.mx\/wp-content\/uploads\/2020\/07\/jeidy-ataque-puebla.jpg 960w, https:\/\/www.grieta.org.mx\/wp-content\/uploads\/2020\/07\/jeidy-ataque-puebla-300x158.jpg 300w, https:\/\/www.grieta.org.mx\/wp-content\/uploads\/2020\/07\/jeidy-ataque-puebla-768x404.jpg 768w, https:\/\/www.grieta.org.mx\/wp-content\/uploads\/2020\/07\/jeidy-ataque-puebla-950x500.jpg 950w\" sizes=\"auto, (max-width: 800px) 100vw, 800px\" \/><\/a><\/p>\n<p>Lucero Hern\u00e1ndez \/ Animal Pol\u00edtico<\/p>\n<p>La Fiscal\u00eda General de Puebla obtuvo vinculaci\u00f3n a proceso en contra de Jos\u00e9 \u00c1ngel Luis N y Jos\u00e9 Francisco N, por tentativa de homicidio contra Jeidy Hern\u00e1ndez Cabanzo.<\/p>\n<p>El pasado 4 de julio los mec\u00e1nicos dispararon por la espalda a Jeidy, solo por ser una mujer trasng\u00e9nero.<\/p>\n<p>En un comunicado de prensa, FGP inform\u00f3 que la investigaci\u00f3n es por intento de homicidio de la mujer.<\/p>\n<p>La Fiscal\u00eda dijo adem\u00e1s \u2013a pregunta de Animal Pol\u00edtico- que la vinculaci\u00f3n a proceso de solo dos personas es \u201cporque en el momento es lo que obra en la carpeta de investigaci\u00f3n y los resultados jur\u00eddicos\u201d.<\/p>\n<p>Reconocieron que en esta vinculaci\u00f3n no se pidi\u00f3 la agravante del odio, lo que incrementar\u00eda la pena de los agresores, pero aseguraron \u201cque la investigaci\u00f3n contin\u00faa\u201d y que no pueden dar a conocer un nuevo dato \u201cporque sigue en curso\u201d.<\/p>\n<p>Puebla es uno de los 23 estados en M\u00e9xico que no reconoce el derecho a la identidad de las personas, adem\u00e1s, que en este 2020 ha registrado tres cr\u00edmenes de transfobia.<\/p>\n<p>En su comunicado, la FGP se refiere a Jeidy como \u201ca un joven\u201d y no reconoce su derecho a la identidad.<\/p>\n<p>La agresi\u00f3n contra Jeidy ocurri\u00f3 el pasado 4 de julio cuando la joven fue agredida por tres hombres trabajadores de un taller mec\u00e1nico, quienes ya ten\u00edan antecedentes de agresiones de odio contra ella.<\/p>\n<p>Los mec\u00e1nicos empezaron a perseguir a Jeidy. Jos\u00e9 Francisco N, le habr\u00eda disparado lesionando su pierna derecha, lo que caus\u00f3 que cayera al suelo, momento en que Jos\u00e9 \u00c1ngel Luis N tom\u00f3 el arma de fuego para dispararle en la cabeza.<\/p>\n<p>Tras la hospitalizaci\u00f3n de Jeidy, la Fiscal\u00eda de Puebla solicit\u00f3 y obtuvo orden de aprehensi\u00f3n en contra de los presuntos responsables, detenidos el 13 de julio. Ambos permanecer\u00e1n en prisi\u00f3n preventiva mientras sigue la investigaci\u00f3n.<\/p>\n<p>Colectivos de la comunidad LGBTTTIQ en Tehuac\u00e1n informaron que Jeidy se encuentra estable y recuper\u00e1ndose de los disparos, aunque a 18 d\u00edas de la agresi\u00f3n, no le han podido retirar las esquirlas.<\/p>\n<p><a href=\"https:\/\/www.animalpolitico.com\/2020\/07\/vinculan-a-proceso-agresores-jeidy-mujer-trans\/\">https:\/\/www.animalpolitico.com\/2020\/07\/vinculan-a-proceso-agresores-jeidy-mujer-trans\/<\/a><\/p>\n","protected":false},"excerpt":{"rendered":"<p>Lucero Hern\u00e1ndez \/ Animal Pol\u00edtico La Fiscal\u00eda General de Puebla obtuvo vinculaci\u00f3n a proceso en contra de Jos\u00e9 \u00c1ngel Luis N y Jos\u00e9 Francisco N, por tentativa de homicidio contra &hellip; <a href=\"https:\/\/www.grieta.org.mx\/index.php\/2020\/07\/22\/vinculan-a-proceso-a-agresores-de-jeidy-atacada-por-ser-mujer-trans-puebla\/\" class=\"more-link\">Leer m\u00e1s<\/a><\/p>\n","protected":false},"author":1,"featured_media":52173,"comment_status":"closed","ping_status":"closed","sticky":false,"template":"","format":"standard","meta":{"ngg_post_thumbnail":0,"_jetpack_newsletter_access":"","_jetpack_dont_email_post_to_subs":false,"_jetpack_newsletter_tier_id":0,"_jetpack_memberships_contains_paywalled_content":false,"_jetpack_memberships_contains_paid_content":false,"footnotes":""},"categories":[80,2,3590],"tags":[1226],"class_list":["post-52175","post","type-post","status-publish","format-standard","has-post-thumbnail","hentry","category-cintillo","category-noticias-nacionales","category-violencia-contra-la-comunidad-lgbttti-en-puebla","tag-violencia-contra-la-comunidad-lgbttti","entry"],"jetpack_featured_media_url":"https:\/\/www.grieta.org.mx\/wp-content\/uploads\/2020\/07\/jeidy-ataque-puebla.jpg","jetpack_sharing_enabled":true,"jetpack_shortlink":"https:\/\/wp.me\/p7ZJR4-dzx","jetpack_likes_enabled":false,"jetpack-related-posts":[{"id":47231,"url":"https:\/\/www.grieta.org.mx\/index.php\/2020\/03\/28\/vinculan-a-proceso-a-profesor-por-abuso-sexual-de-dos-ninas-de-4-anos-en-oaxaca\/","url_meta":{"origin":52175,"position":0},"title":"Vinculan a proceso a profesor por abuso sexual de dos ni\u00f1as de 4 a\u00f1os en Oaxaca","author":"grieta","date":"28 marzo, 2020","format":false,"excerpt":"Proceso \/ Pedro Mat\u00edas. OAXACA, Oax.\u2013 El Juez de Control dict\u00f3 auto de vinculaci\u00f3n a proceso contra el maestro, Owen G. A., acusado de violaci\u00f3n equiparada agravada y abuso sexual infantil contra dos ni\u00f1as de 4 a\u00f1os de edad, confirm\u00f3 la Fiscal\u00eda General de Oaxaca (FGEO). Los hechos ocurrieron en\u2026","rel":"","context":"En &quot;CINTILLO&quot;","block_context":{"text":"CINTILLO","link":"https:\/\/www.grieta.org.mx\/index.php\/category\/cintillo\/"},"img":{"alt_text":"","src":"https:\/\/i0.wp.com\/www.grieta.org.mx\/wp-content\/uploads\/2020\/04\/Estados1.jpg?resize=350%2C200&ssl=1","width":350,"height":200,"srcset":"https:\/\/i0.wp.com\/www.grieta.org.mx\/wp-content\/uploads\/2020\/04\/Estados1.jpg?resize=350%2C200&ssl=1 1x, https:\/\/i0.wp.com\/www.grieta.org.mx\/wp-content\/uploads\/2020\/04\/Estados1.jpg?resize=525%2C300&ssl=1 1.5x, https:\/\/i0.wp.com\/www.grieta.org.mx\/wp-content\/uploads\/2020\/04\/Estados1.jpg?resize=700%2C400&ssl=1 2x"},"classes":[]},{"id":52172,"url":"https:\/\/www.grieta.org.mx\/index.php\/2020\/07\/13\/jeidy-la-joven-indigena-que-sufrio-un-ataque-transfobico-en-puebla\/","url_meta":{"origin":52175,"position":1},"title":"Jeidy, la joven ind\u00edgena que sufri\u00f3 un ataque transf\u00f3bico en Puebla","author":"Admin","date":"13 julio, 2020","format":false,"excerpt":"Lucero Hern\u00e1ndez \/ Animal Pol\u00edtico A Jeidy le gusta lucir su cabello largo, pintarse sus labios y ojos, tomarse fotos; pero no pod\u00eda ser Jeidy todo el tiempo, se lo imped\u00edan los ojos de extra\u00f1os, en su trabajo y las miradas reprobatorias de la gente que transitaba a su lado\u2026","rel":"","context":"En &quot;CINTILLO&quot;","block_context":{"text":"CINTILLO","link":"https:\/\/www.grieta.org.mx\/index.php\/category\/cintillo\/"},"img":{"alt_text":"","src":"https:\/\/i0.wp.com\/www.grieta.org.mx\/wp-content\/uploads\/2020\/07\/jeidy-ataque-puebla.jpg?resize=350%2C200&ssl=1","width":350,"height":200,"srcset":"https:\/\/i0.wp.com\/www.grieta.org.mx\/wp-content\/uploads\/2020\/07\/jeidy-ataque-puebla.jpg?resize=350%2C200&ssl=1 1x, https:\/\/i0.wp.com\/www.grieta.org.mx\/wp-content\/uploads\/2020\/07\/jeidy-ataque-puebla.jpg?resize=525%2C300&ssl=1 1.5x, https:\/\/i0.wp.com\/www.grieta.org.mx\/wp-content\/uploads\/2020\/07\/jeidy-ataque-puebla.jpg?resize=700%2C400&ssl=1 2x"},"classes":[]},{"id":70017,"url":"https:\/\/www.grieta.org.mx\/index.php\/2024\/10\/02\/exigen-justicia-por-asesinato-de-mayte-lopez-mujer-trans-e-integrante-de-la-comunidad-muxe-en-juchitan-oaxaca\/","url_meta":{"origin":52175,"position":2},"title":"Exigen justicia por asesinato de Mayte L\u00f3pez, mujer trans e integrante de la comunidad muxe, en Juchit\u00e1n, Oaxaca","author":"grieta","date":"2 octubre, 2024","format":false,"excerpt":"Imagen: Francisco Ramos \/\u00a0 La cadera de Eva Integrantes de las comunidades LGBTIQ+ exigieron justicia por el asesinato de Mayte L\u00f3pez, el cual se\u00f1alaron que forma parte de una ola de violencia que ha afectado a la comunidad muxe y de la diversidad sexual en Oaxaca y el pa\u00eds. Redacci\u00f3n\u2026","rel":"","context":"En &quot;CINTILLO&quot;","block_context":{"text":"CINTILLO","link":"https:\/\/www.grieta.org.mx\/index.php\/category\/cintillo\/"},"img":{"alt_text":"","src":"https:\/\/i0.wp.com\/www.grieta.org.mx\/wp-content\/uploads\/2024\/10\/mayte-lopez-la-cadera-de-eva-focus-0-0-1260-1050.jpg?resize=350%2C200&ssl=1","width":350,"height":200,"srcset":"https:\/\/i0.wp.com\/www.grieta.org.mx\/wp-content\/uploads\/2024\/10\/mayte-lopez-la-cadera-de-eva-focus-0-0-1260-1050.jpg?resize=350%2C200&ssl=1 1x, https:\/\/i0.wp.com\/www.grieta.org.mx\/wp-content\/uploads\/2024\/10\/mayte-lopez-la-cadera-de-eva-focus-0-0-1260-1050.jpg?resize=525%2C300&ssl=1 1.5x, https:\/\/i0.wp.com\/www.grieta.org.mx\/wp-content\/uploads\/2024\/10\/mayte-lopez-la-cadera-de-eva-focus-0-0-1260-1050.jpg?resize=700%2C400&ssl=1 2x, https:\/\/i0.wp.com\/www.grieta.org.mx\/wp-content\/uploads\/2024\/10\/mayte-lopez-la-cadera-de-eva-focus-0-0-1260-1050.jpg?resize=1050%2C600&ssl=1 3x"},"classes":[]},{"id":57697,"url":"https:\/\/www.grieta.org.mx\/index.php\/2021\/03\/07\/exigen-politicas-para-detener-violencia-contra-mujeres-de-la-comunidad-lgbtttiq-jalisco\/","url_meta":{"origin":52175,"position":3},"title":"Exigen pol\u00edticas para detener violencia contra mujeres de la comunidad LGBTTTIQ+ (Jalisco)","author":"grieta","date":"7 marzo, 2021","format":false,"excerpt":"Foto: Cuartoscuro Jalisco est\u00e1 entre los primeros 10 estados con mayor n\u00famero de asesinatos de la comunidad gay Elizabeth R\u00edos \/ El Occidental Porque las acciones que se han llevado hasta el momento para abatir el problema no han dado resultado, la agrupaci\u00f3n Uni\u00f3n Diversa de Jalisco exigi\u00f3 a autoridades\u2026","rel":"","context":"En &quot;CINTILLO&quot;","block_context":{"text":"CINTILLO","link":"https:\/\/www.grieta.org.mx\/index.php\/category\/cintillo\/"},"img":{"alt_text":"","src":"https:\/\/i0.wp.com\/www.grieta.org.mx\/wp-content\/uploads\/2021\/03\/comunidad-LGBTTTIQ.jpeg?resize=350%2C200&ssl=1","width":350,"height":200,"srcset":"https:\/\/i0.wp.com\/www.grieta.org.mx\/wp-content\/uploads\/2021\/03\/comunidad-LGBTTTIQ.jpeg?resize=350%2C200&ssl=1 1x, https:\/\/i0.wp.com\/www.grieta.org.mx\/wp-content\/uploads\/2021\/03\/comunidad-LGBTTTIQ.jpeg?resize=525%2C300&ssl=1 1.5x, https:\/\/i0.wp.com\/www.grieta.org.mx\/wp-content\/uploads\/2021\/03\/comunidad-LGBTTTIQ.jpeg?resize=700%2C400&ssl=1 2x"},"classes":[]},{"id":53473,"url":"https:\/\/www.grieta.org.mx\/index.php\/2020\/08\/28\/integrantes-de-la-comunidad-lgbt-protestan-por-asesinato-de-transgenero-en-veracruz\/","url_meta":{"origin":52175,"position":4},"title":"Integrantes de la comunidad LGBT protestan por asesinato de transg\u00e9nero en Veracruz","author":"grieta","date":"28 agosto, 2020","format":false,"excerpt":"No\u00e9 Zavaleta \/ Proceso XALAPA, Ver. (apro).- Activistas LGTB y amigos de Brandy Carolina Melchor protestaron este viernes en la explanada de la Fiscal\u00eda General del estado (FGE) para exigir justicia por el asesinato de la mujer transg\u00e9nero y su madre, Mar\u00eda Luisa Huerta, el pasado mi\u00e9rcoles 26. Brandy, de\u2026","rel":"","context":"En &quot;CINTILLO&quot;","block_context":{"text":"CINTILLO","link":"https:\/\/www.grieta.org.mx\/index.php\/category\/cintillo\/"},"img":{"alt_text":"","src":"https:\/\/i0.wp.com\/www.grieta.org.mx\/wp-content\/uploads\/2020\/09\/asesinato-transexual-protesta-870x522-1.jpg?resize=350%2C200&ssl=1","width":350,"height":200,"srcset":"https:\/\/i0.wp.com\/www.grieta.org.mx\/wp-content\/uploads\/2020\/09\/asesinato-transexual-protesta-870x522-1.jpg?resize=350%2C200&ssl=1 1x, https:\/\/i0.wp.com\/www.grieta.org.mx\/wp-content\/uploads\/2020\/09\/asesinato-transexual-protesta-870x522-1.jpg?resize=525%2C300&ssl=1 1.5x, https:\/\/i0.wp.com\/www.grieta.org.mx\/wp-content\/uploads\/2020\/09\/asesinato-transexual-protesta-870x522-1.jpg?resize=700%2C400&ssl=1 2x"},"classes":[]},{"id":6129,"url":"https:\/\/www.grieta.org.mx\/index.php\/2016\/08\/18\/violencia-contra-periodistas-en-veracruz\/","url_meta":{"origin":52175,"position":5},"title":"Violencia contra periodistas en Veracruz","author":"Admin","date":"18 agosto, 2016","format":false,"excerpt":"No\u00e9 Zavaleta es hostigado por publicaci\u00f3n de libro 18\/08\/16. Tras amenazas y acoso, periodista mexicano abandona el estado de Veracruz El Heraldo de Saltillo 13\/08\/16. Aumentan las amenazas contra reportero No\u00e9 Zavaleta El Mundo de C\u00f3rdoba 07\/08\/16. El periodista No\u00e9 Zavaleta, corresponsal de Proceso, es amenazado en Veracruz por su\u2026","rel":"","context":"En &quot;NOTICIAS NACIONALES&quot;","block_context":{"text":"NOTICIAS NACIONALES","link":"https:\/\/www.grieta.org.mx\/index.php\/category\/noticias-nacionales\/"},"img":{"alt_text":"","src":"https:\/\/i0.wp.com\/www.grieta.org.mx\/wp-content\/uploads\/2018\/03\/14524434_1106112876131411_958039263622046936_o.jpg?resize=350%2C200&ssl=1","width":350,"height":200,"srcset":"https:\/\/i0.wp.com\/www.grieta.org.mx\/wp-content\/uploads\/2018\/03\/14524434_1106112876131411_958039263622046936_o.jpg?resize=350%2C200&ssl=1 1x, https:\/\/i0.wp.com\/www.grieta.org.mx\/wp-content\/uploads\/2018\/03\/14524434_1106112876131411_958039263622046936_o.jpg?resize=525%2C300&ssl=1 1.5x, https:\/\/i0.wp.com\/www.grieta.org.mx\/wp-content\/uploads\/2018\/03\/14524434_1106112876131411_958039263622046936_o.jpg?resize=700%2C400&ssl=1 2x"},"classes":[]}],"_links":{"self":[{"href":"https:\/\/www.grieta.org.mx\/index.php\/wp-json\/wp\/v2\/posts\/52175","targetHints":{"allow":["GET"]}}],"collection":[{"href":"https:\/\/www.grieta.org.mx\/index.php\/wp-json\/wp\/v2\/posts"}],"about":[{"href":"https:\/\/www.grieta.org.mx\/index.php\/wp-json\/wp\/v2\/types\/post"}],"author":[{"embeddable":true,"href":"https:\/\/www.grieta.org.mx\/index.php\/wp-json\/wp\/v2\/users\/1"}],"replies":[{"embeddable":true,"href":"https:\/\/www.grieta.org.mx\/index.php\/wp-json\/wp\/v2\/comments?post=52175"}],"version-history":[{"count":1,"href":"https:\/\/www.grieta.org.mx\/index.php\/wp-json\/wp\/v2\/posts\/52175\/revisions"}],"predecessor-version":[{"id":52176,"href":"https:\/\/www.grieta.org.mx\/index.php\/wp-json\/wp\/v2\/posts\/52175\/revisions\/52176"}],"wp:featuredmedia":[{"embeddable":true,"href":"https:\/\/www.grieta.org.mx\/index.php\/wp-json\/wp\/v2\/media\/52173"}],"wp:attachment":[{"href":"https:\/\/www.grieta.org.mx\/index.php\/wp-json\/wp\/v2\/media?parent=52175"}],"wp:term":[{"taxonomy":"category","embeddable":true,"href":"https:\/\/www.grieta.org.mx\/index.php\/wp-json\/wp\/v2\/categories?post=52175"},{"taxonomy":"post_tag","embeddable":true,"href":"https:\/\/www.grieta.org.mx\/index.php\/wp-json\/wp\/v2\/tags?post=52175"}],"curies":[{"name":"wp","href":"https:\/\/api.w.org\/{rel}","templated":true}]}}