{"id":5216,"date":"2016-03-18T05:08:57","date_gmt":"2016-03-18T05:08:57","guid":{"rendered":"http:\/\/50.22.11.12\/~grietaor\/?p=5216"},"modified":"2019-03-03T23:36:43","modified_gmt":"2019-03-04T05:36:43","slug":"se-manifiestan-por-despidos-de-maestros-en-cobaq","status":"publish","type":"post","link":"https:\/\/www.grieta.org.mx\/index.php\/2016\/03\/18\/se-manifiestan-por-despidos-de-maestros-en-cobaq\/","title":{"rendered":"Se manifiestan por despidos de maestros en Cobaq"},"content":{"rendered":"<p>M\u00f3nica Gordillo\/AM Quer\u00e9taro<\/p>\n<p>Maestros y alumnos del COBAQ se manifestaron en varios planteles de la instituci\u00f3n, puesto que 28 docentes fueron separados de su cargo por no participar en la evaluaci\u00f3n docente<\/p>\n<p>Maestros y alumnos del Colegio de Bachilleres del Estado de Quer\u00e9taro (COBAQ) se manifestaron en las instalaciones de los planteles 1, 8, 10, 17 y 22, ya que 28 docentes fueron separados de su cargo por no participar en ninguna de las etapas del proceso de evaluaci\u00f3n docente.<\/p>\n<p>En entrevista, el profesor del \u00e1rea de Lenguaje y Comunicaci\u00f3n del plantel 8, C\u00e9sar Cano Basald\u00faa, subray\u00f3 que los docentes que no presentaron la evaluaci\u00f3n mantienen un litigio en contra de la instituci\u00f3n porque modific\u00f3 la Cl\u00e1usula Octava Transitoria del contrato colectivo, la cual los amparaba para no realizar dicho examen. Por este motivo indic\u00f3 que hasta que no culmine el litigio no pueden ser despedidos.<\/p>\n<p>\u201cEl d\u00eda de hoy varios maestros somos notificados de que aqu\u00ed, del plantel ocho del COBAQ, de que ya no tenemos relaci\u00f3n laboral con la instituci\u00f3n. Nosotros no estamos por no evaluarnos; sino que lo que no queremos es que la evaluaci\u00f3n ponga en riesgo todo nuestros logros laborales y las condiciones generales de trabajo que est\u00e1n incluidas en ellos, son puestas de inmediato en tela de juicio si nosotros entramos en la evaluaci\u00f3n\u201d, dijo.<\/p>\n<p>Confirm\u00f3 que algunos de los docentes evaluados, las autoridades educativas les van a cambiar la homoclave hacendaria de maestro por una que los identifique como administrativos.<\/p>\n<p>\u201cAl ya no tener funciones docentes directas, pueden ser colocados en cualquier \u00e1rea administrativa que no tenga nada que ver con su quehacer hasta el presente\u201d, dijo.<\/p>\n<p>Asegur\u00f3 que las autoridades del COBAQ programaron ex\u00e1menes sorpresa y presionaron a los alumnos que participaron en la manifestaci\u00f3n con bajarles las calificaciones para que ingresaran a los planteles.<\/p>\n<p>\u201cHemos estado informando a la comunidad estudiantil acerca del desarrollo de estas circunstancias, y el d\u00eda de hoy recibimos un extraordinario apoyo de muchachos, unos 400, cuando empez\u00f3 esta manifestaci\u00f3n en la ma\u00f1ana\u201d, apunt\u00f3.<\/p>\n<p>Alumnos del Plantel 8 del COBAQ se manifestaron molestos porque a los maestros les impidieron el paso a la instituci\u00f3n y, adem\u00e1s, se quejaron por el aumento en la inscripci\u00f3n, la cual, se\u00f1alaron, pas\u00f3 de mil 250 pesos a mil 450.<\/p>\n<p>\u201cA muchos ni siquiera los dejaron entrar, ni siquiera a checar, nada, y todav\u00eda por parte de los directivos recibimos burlas, entonces, eso m\u00e1s a parte que nos est\u00e1n subiendo la inscripci\u00f3n\u201d, expres\u00f3 una alumna de cuarto semestre del plantel 8 del COBAQ.<\/p>\n<p><a href=\"http:\/\/amqueretaro.com\/queretaro\/2016\/03\/18\/se-manifiestan-por-despidos-de-maestros-en-cobaq\" target=\"_blank\">amqueretaro.com\/queretaro\/2016\/03\/18\/se-manifiestan-por-despidos-de-maestros-en-cobaq<\/a><\/p>\n","protected":false},"excerpt":{"rendered":"<p>M\u00f3nica Gordillo\/AM Quer\u00e9taro Maestros y alumnos del COBAQ se manifestaron en varios planteles de la instituci\u00f3n, puesto que 28 docentes fueron separados de su cargo por no participar en la &hellip; <a href=\"https:\/\/www.grieta.org.mx\/index.php\/2016\/03\/18\/se-manifiestan-por-despidos-de-maestros-en-cobaq\/\" class=\"more-link\">Leer m\u00e1s<\/a><\/p>\n","protected":false},"author":2,"featured_media":21928,"comment_status":"closed","ping_status":"open","sticky":false,"template":"","format":"standard","meta":{"ngg_post_thumbnail":0,"_jetpack_newsletter_access":"","_jetpack_dont_email_post_to_subs":false,"_jetpack_newsletter_tier_id":0,"_jetpack_memberships_contains_paywalled_content":false,"_jetpack_memberships_contains_paid_content":false,"footnotes":""},"categories":[80,359,27,2241],"tags":[180,135,294],"class_list":{"0":"post-5216","1":"post","2":"type-post","3":"status-publish","4":"format-standard","5":"has-post-thumbnail","6":"hentry","7":"category-cintillo","8":"category-queretaro","10":"category-reforma-educativa-y-evaluacion-al-desempeno-en-queretaro","11":"tag-protesta","12":"tag-reforma-educativa","13":"tag-reforma-laboral","14":"entry"},"jetpack_featured_media_url":"https:\/\/www.grieta.org.mx\/wp-content\/uploads\/2018\/03\/14524434_1106112876131411_958039263622046936_o.jpg","jetpack_sharing_enabled":true,"jetpack_shortlink":"https:\/\/wp.me\/p7ZJR4-1m8","jetpack_likes_enabled":false,"jetpack-related-posts":[{"id":5221,"url":"https:\/\/www.grieta.org.mx\/index.php\/2016\/08\/23\/reforma-educativa-y-evaluacion-al-desempeno-en-queretaro\/","url_meta":{"origin":5216,"position":0},"title":"Reforma educativa y evaluaci\u00f3n al desempe\u00f1o en Quer\u00e9taro","author":"grieta","date":"23 agosto, 2016","format":false,"excerpt":"23\/08\/16. Sancionan a 100 maestros de Quer\u00e9taro por unirse a paro nacional UnoTv 13\/08\/16. USEBEQ, sin justificar cese de maestros AM Quer\u00e9taro 03\/08\/16. Maestros se manifiestan pac\u00edficamente en la caseta de Palmillas AM Quer\u00e9taro 02\/06\/16. Quer\u00e9taro: Profesores exigen respeto a sus derechos afuera de la oficina del gobernador Libertad de\u2026","rel":"","context":"En &quot;NOTICIAS NACIONALES&quot;","block_context":{"text":"NOTICIAS NACIONALES","link":"https:\/\/www.grieta.org.mx\/index.php\/category\/noticias-nacionales\/"},"img":{"alt_text":"","src":"https:\/\/i0.wp.com\/www.grieta.org.mx\/wp-content\/uploads\/2018\/03\/14524434_1106112876131411_958039263622046936_o.jpg?resize=350%2C200&ssl=1","width":350,"height":200,"srcset":"https:\/\/i0.wp.com\/www.grieta.org.mx\/wp-content\/uploads\/2018\/03\/14524434_1106112876131411_958039263622046936_o.jpg?resize=350%2C200&ssl=1 1x, https:\/\/i0.wp.com\/www.grieta.org.mx\/wp-content\/uploads\/2018\/03\/14524434_1106112876131411_958039263622046936_o.jpg?resize=525%2C300&ssl=1 1.5x, https:\/\/i0.wp.com\/www.grieta.org.mx\/wp-content\/uploads\/2018\/03\/14524434_1106112876131411_958039263622046936_o.jpg?resize=700%2C400&ssl=1 2x"},"classes":[]},{"id":21217,"url":"https:\/\/www.grieta.org.mx\/index.php\/2016\/08\/23\/sancionan-a-100-maestros-de-queretaro-por-unirse-a-paro-nacional\/","url_meta":{"origin":5216,"position":1},"title":"Sancionan a 100 maestros de Quer\u00e9taro por unirse a paro nacional","author":"grieta","date":"23 agosto, 2016","format":false,"excerpt":"\u00c1ngel Zohar Ram\u00edrez\/UnoTv Los profesores que no acudieron a impartir clase en el inicio del ciclo escolar 2016-2017 ser\u00e1n sancionados con el descuento de un d\u00eda de trabajo, inform\u00f3 la Unidad de Servicios para la Educaci\u00f3n B\u00e1sica en el Estado de Quer\u00e9taro (USEBEQ). En total son 100 docentes que en\u2026","rel":"","context":"En &quot;CINTILLO&quot;","block_context":{"text":"CINTILLO","link":"https:\/\/www.grieta.org.mx\/index.php\/category\/cintillo\/"},"img":{"alt_text":"","src":"https:\/\/i0.wp.com\/www.grieta.org.mx\/wp-content\/uploads\/2018\/03\/14524434_1106112876131411_958039263622046936_o.jpg?resize=350%2C200&ssl=1","width":350,"height":200,"srcset":"https:\/\/i0.wp.com\/www.grieta.org.mx\/wp-content\/uploads\/2018\/03\/14524434_1106112876131411_958039263622046936_o.jpg?resize=350%2C200&ssl=1 1x, https:\/\/i0.wp.com\/www.grieta.org.mx\/wp-content\/uploads\/2018\/03\/14524434_1106112876131411_958039263622046936_o.jpg?resize=525%2C300&ssl=1 1.5x, https:\/\/i0.wp.com\/www.grieta.org.mx\/wp-content\/uploads\/2018\/03\/14524434_1106112876131411_958039263622046936_o.jpg?resize=700%2C400&ssl=1 2x"},"classes":[]},{"id":5218,"url":"https:\/\/www.grieta.org.mx\/index.php\/2015\/08\/26\/maestros-de-queretaro-anuncian-movilizaciones-contra-reforma-educativa\/","url_meta":{"origin":5216,"position":2},"title":"Maestros de Quer\u00e9taro anuncian movilizaciones contra reforma educativa","author":"grieta","date":"26 agosto, 2015","format":false,"excerpt":"Rafael Camacho\/C\u00f3dice Informativo Instalar\u00e1n un campamento permanente frente a los juzgados federales Ante la falta de apertura al di\u00e1logo tanto de las autoridades educativas estatales como federales, el pr\u00f3ximo viernes continuar\u00e1n con las manifestaciones, campamentos y hasta eventuales paros contra la Reforma Educativa, advirti\u00f3 Rosa Mar\u00eda C\u00f3rdoba, maestra vocera de\u2026","rel":"","context":"En &quot;CINTILLO&quot;","block_context":{"text":"CINTILLO","link":"https:\/\/www.grieta.org.mx\/index.php\/category\/cintillo\/"},"img":{"alt_text":"","src":"https:\/\/i0.wp.com\/www.grieta.org.mx\/wp-content\/uploads\/2018\/03\/14524434_1106112876131411_958039263622046936_o.jpg?resize=350%2C200&ssl=1","width":350,"height":200,"srcset":"https:\/\/i0.wp.com\/www.grieta.org.mx\/wp-content\/uploads\/2018\/03\/14524434_1106112876131411_958039263622046936_o.jpg?resize=350%2C200&ssl=1 1x, https:\/\/i0.wp.com\/www.grieta.org.mx\/wp-content\/uploads\/2018\/03\/14524434_1106112876131411_958039263622046936_o.jpg?resize=525%2C300&ssl=1 1.5x, https:\/\/i0.wp.com\/www.grieta.org.mx\/wp-content\/uploads\/2018\/03\/14524434_1106112876131411_958039263622046936_o.jpg?resize=700%2C400&ssl=1 2x"},"classes":[]},{"id":12792,"url":"https:\/\/www.grieta.org.mx\/index.php\/2016\/05\/23\/profesores-cesados-en-queretaro-se-unen-a-la-movilizacion-nacional\/","url_meta":{"origin":5216,"position":3},"title":"Profesores cesados en Quer\u00e9taro se unen a la movilizaci\u00f3n nacional","author":"grieta","date":"23 mayo, 2016","format":false,"excerpt":"Cecilia Conde\/AM Quer\u00e9taro Roberto Aparicio, integrante del CNTE, se\u00f1al\u00f3 que 26 maestros fueron cesados o \u2018congelados\u2019 por no presentar la evaluaci\u00f3n docente Simpatizantes de la Coordinadora Nacional de Trabajadores de la Educaci\u00f3n (CNTE) en Quer\u00e9taro se manifestaron contra la Reforma Educativa en tres municipios del Estado, esto el marco del\u2026","rel":"","context":"En &quot;CINTILLO&quot;","block_context":{"text":"CINTILLO","link":"https:\/\/www.grieta.org.mx\/index.php\/category\/cintillo\/"},"img":{"alt_text":"","src":"https:\/\/i0.wp.com\/www.grieta.org.mx\/wp-content\/uploads\/2018\/03\/14524434_1106112876131411_958039263622046936_o.jpg?resize=350%2C200&ssl=1","width":350,"height":200,"srcset":"https:\/\/i0.wp.com\/www.grieta.org.mx\/wp-content\/uploads\/2018\/03\/14524434_1106112876131411_958039263622046936_o.jpg?resize=350%2C200&ssl=1 1x, https:\/\/i0.wp.com\/www.grieta.org.mx\/wp-content\/uploads\/2018\/03\/14524434_1106112876131411_958039263622046936_o.jpg?resize=525%2C300&ssl=1 1.5x, https:\/\/i0.wp.com\/www.grieta.org.mx\/wp-content\/uploads\/2018\/03\/14524434_1106112876131411_958039263622046936_o.jpg?resize=700%2C400&ssl=1 2x"},"classes":[]},{"id":19605,"url":"https:\/\/www.grieta.org.mx\/index.php\/2016\/08\/03\/maestros-se-manifiestan-pacificamente-en-la-caseta-de-palmillas\/","url_meta":{"origin":5216,"position":4},"title":"Maestros se manifiestan pac\u00edficamente en la caseta de Palmillas","author":"grieta","date":"3 agosto, 2016","format":false,"excerpt":"Alma C\u00f3rdova\/AM Quer\u00e9taro Los maestros, que se manifiestan en la caseta de Palmillas, permitieron el paso libre de los veh\u00edculos sin pago de peaje en la carretera M\u00e9xico-Quer\u00e9taro Alrededor de 70 profesores de los estados de Quer\u00e9taro, Hidalgo y Estado de M\u00e9xico afiliados a la Coordinadora Nacional de Trabajadores de\u2026","rel":"","context":"En &quot;CINTILLO&quot;","block_context":{"text":"CINTILLO","link":"https:\/\/www.grieta.org.mx\/index.php\/category\/cintillo\/"},"img":{"alt_text":"","src":"https:\/\/i0.wp.com\/www.grieta.org.mx\/wp-content\/uploads\/2018\/03\/14524434_1106112876131411_958039263622046936_o.jpg?resize=350%2C200&ssl=1","width":350,"height":200,"srcset":"https:\/\/i0.wp.com\/www.grieta.org.mx\/wp-content\/uploads\/2018\/03\/14524434_1106112876131411_958039263622046936_o.jpg?resize=350%2C200&ssl=1 1x, https:\/\/i0.wp.com\/www.grieta.org.mx\/wp-content\/uploads\/2018\/03\/14524434_1106112876131411_958039263622046936_o.jpg?resize=525%2C300&ssl=1 1.5x, https:\/\/i0.wp.com\/www.grieta.org.mx\/wp-content\/uploads\/2018\/03\/14524434_1106112876131411_958039263622046936_o.jpg?resize=700%2C400&ssl=1 2x"},"classes":[]},{"id":3864,"url":"https:\/\/www.grieta.org.mx\/index.php\/2016\/03\/18\/arrestan-en-durango-a-dos-maestros-por-protestar-contra-la-reforma-educativa\/","url_meta":{"origin":5216,"position":5},"title":"Arrestan en Durango a dos maestros por protestar contra la reforma educativa","author":"grieta","date":"18 marzo, 2016","format":false,"excerpt":"* Son acusados de mot\u00edn y privaci\u00f3n de la libertad por tomar oficinas estatales * Admite la fiscal que han cateado 5 viviendas y que hay 20 \u00f3rdenes de aprehensi\u00f3n contra docentes Dos maestros de Durango que se han manifestado contra la evaluaci\u00f3n de desempe\u00f1o docente que promueve la reforma\u2026","rel":"","context":"En &quot;CINTILLO&quot;","block_context":{"text":"CINTILLO","link":"https:\/\/www.grieta.org.mx\/index.php\/category\/cintillo\/"},"img":{"alt_text":"","src":"https:\/\/i0.wp.com\/www.grieta.org.mx\/wp-content\/uploads\/2018\/03\/14524434_1106112876131411_958039263622046936_o.jpg?resize=350%2C200&ssl=1","width":350,"height":200,"srcset":"https:\/\/i0.wp.com\/www.grieta.org.mx\/wp-content\/uploads\/2018\/03\/14524434_1106112876131411_958039263622046936_o.jpg?resize=350%2C200&ssl=1 1x, https:\/\/i0.wp.com\/www.grieta.org.mx\/wp-content\/uploads\/2018\/03\/14524434_1106112876131411_958039263622046936_o.jpg?resize=525%2C300&ssl=1 1.5x, https:\/\/i0.wp.com\/www.grieta.org.mx\/wp-content\/uploads\/2018\/03\/14524434_1106112876131411_958039263622046936_o.jpg?resize=700%2C400&ssl=1 2x"},"classes":[]}],"_links":{"self":[{"href":"https:\/\/www.grieta.org.mx\/index.php\/wp-json\/wp\/v2\/posts\/5216","targetHints":{"allow":["GET"]}}],"collection":[{"href":"https:\/\/www.grieta.org.mx\/index.php\/wp-json\/wp\/v2\/posts"}],"about":[{"href":"https:\/\/www.grieta.org.mx\/index.php\/wp-json\/wp\/v2\/types\/post"}],"author":[{"embeddable":true,"href":"https:\/\/www.grieta.org.mx\/index.php\/wp-json\/wp\/v2\/users\/2"}],"replies":[{"embeddable":true,"href":"https:\/\/www.grieta.org.mx\/index.php\/wp-json\/wp\/v2\/comments?post=5216"}],"version-history":[{"count":1,"href":"https:\/\/www.grieta.org.mx\/index.php\/wp-json\/wp\/v2\/posts\/5216\/revisions"}],"predecessor-version":[{"id":5222,"href":"https:\/\/www.grieta.org.mx\/index.php\/wp-json\/wp\/v2\/posts\/5216\/revisions\/5222"}],"wp:featuredmedia":[{"embeddable":true,"href":"https:\/\/www.grieta.org.mx\/index.php\/wp-json\/wp\/v2\/media\/21928"}],"wp:attachment":[{"href":"https:\/\/www.grieta.org.mx\/index.php\/wp-json\/wp\/v2\/media?parent=5216"}],"wp:term":[{"taxonomy":"category","embeddable":true,"href":"https:\/\/www.grieta.org.mx\/index.php\/wp-json\/wp\/v2\/categories?post=5216"},{"taxonomy":"post_tag","embeddable":true,"href":"https:\/\/www.grieta.org.mx\/index.php\/wp-json\/wp\/v2\/tags?post=5216"}],"curies":[{"name":"wp","href":"https:\/\/api.w.org\/{rel}","templated":true}]}}