{"id":52150,"date":"2020-07-28T18:49:47","date_gmt":"2020-07-28T23:49:47","guid":{"rendered":"http:\/\/www.grieta.org.mx\/?p=52150"},"modified":"2020-08-02T00:41:39","modified_gmt":"2020-08-02T05:41:39","slug":"denuncian-desabasto-en-hospital-general-de-tijuana-ocupacion-arriba-del-90-mas-de-80-muertos-en-tres-semanas-baja-california","status":"publish","type":"post","link":"https:\/\/www.grieta.org.mx\/index.php\/2020\/07\/28\/denuncian-desabasto-en-hospital-general-de-tijuana-ocupacion-arriba-del-90-mas-de-80-muertos-en-tres-semanas-baja-california\/","title":{"rendered":"Denuncian desabasto en Hospital General de Tijuana; ocupaci\u00f3n arriba del 90 %, m\u00e1s de 80 muertos en tres semanas (Baja California)"},"content":{"rendered":"<p>Zeta Tijuana \/ Adela Navarro Bello.<\/p>\n<p><img loading=\"lazy\" decoding=\"async\" data-attachment-id=\"52151\" data-permalink=\"https:\/\/www.grieta.org.mx\/index.php\/2020\/07\/28\/denuncian-desabasto-en-hospital-general-de-tijuana-ocupacion-arriba-del-90-mas-de-80-muertos-en-tres-semanas-baja-california\/1-79\/\" data-orig-file=\"https:\/\/www.grieta.org.mx\/wp-content\/uploads\/2020\/07\/1-2.jpeg\" data-orig-size=\"639,500\" data-comments-opened=\"0\" data-image-meta=\"{&quot;aperture&quot;:&quot;0&quot;,&quot;credit&quot;:&quot;&quot;,&quot;camera&quot;:&quot;&quot;,&quot;caption&quot;:&quot;&quot;,&quot;created_timestamp&quot;:&quot;0&quot;,&quot;copyright&quot;:&quot;&quot;,&quot;focal_length&quot;:&quot;0&quot;,&quot;iso&quot;:&quot;0&quot;,&quot;shutter_speed&quot;:&quot;0&quot;,&quot;title&quot;:&quot;&quot;,&quot;orientation&quot;:&quot;0&quot;}\" data-image-title=\"1\" data-image-description=\"\" data-image-caption=\"\" data-medium-file=\"https:\/\/www.grieta.org.mx\/wp-content\/uploads\/2020\/07\/1-2-300x235.jpeg\" data-large-file=\"https:\/\/www.grieta.org.mx\/wp-content\/uploads\/2020\/07\/1-2.jpeg\" class=\"aligncenter wp-image-52151\" src=\"http:\/\/www.grieta.org.mx\/wp-content\/uploads\/2020\/07\/1-2.jpeg\" alt=\"\" width=\"800\" height=\"626\" srcset=\"https:\/\/www.grieta.org.mx\/wp-content\/uploads\/2020\/07\/1-2.jpeg 639w, https:\/\/www.grieta.org.mx\/wp-content\/uploads\/2020\/07\/1-2-300x235.jpeg 300w\" sizes=\"auto, (max-width: 800px) 100vw, 800px\" \/><\/p>\n<p>Cuando el 28 de julio en la presentaci\u00f3n en redes sociales del gobernador Jaime Bonilla Valdez, el secretario de Salud Alonso P\u00e9rez Rico dijo que el Hospital General de Tijuana estaba al 53 por ciento de ocupaci\u00f3n, no dijo toda la verdad, ni reflej\u00f3 la realidad de lo que sucede al interior de ese nosocomio.<\/p>\n<p>Un m\u00e9dico consultado por ZETA, explic\u00f3 que en el Hospital General de Tijuana est\u00e1n habilitados 90 espacios para atender a pacientes Covid 19: 14 camas en la Unidad de Cuidados Intensivos, 28 en el primer piso, 24 camas en el segundo piso, y 24 en el cuarto nivel. No m\u00e1s. Los pisos 3, 5, 6, 7, y 8, est\u00e1n vac\u00edos de acuerdo a m\u00e9dicos que laboran en ese hospital p\u00fablico, que en abril fue reconvertido para tratamiento exclusivo de enfermos por el nuevo Coronavirus.<\/p>\n<p>Informaron que m\u00e1s del 90 % de las camas estaban ocupadas al 28 de julio, pero \u201cP\u00e9rez Rico solo busca enga\u00f1ar, \u00e9l dice que hay un 50 por ciento de ocupaci\u00f3n porque est\u00e1n contando todas las camas de los dem\u00e1s pisos que no se est\u00e1n usando, el 3, 5 6, 7, y 8 est\u00e1n vac\u00edos no hay nada ni habr\u00e1 nada\u201d, sentenci\u00f3 el m\u00e9dico.<\/p>\n<p><img loading=\"lazy\" decoding=\"async\" data-attachment-id=\"52152\" data-permalink=\"https:\/\/www.grieta.org.mx\/index.php\/2020\/07\/28\/denuncian-desabasto-en-hospital-general-de-tijuana-ocupacion-arriba-del-90-mas-de-80-muertos-en-tres-semanas-baja-california\/2-63\/\" data-orig-file=\"https:\/\/www.grieta.org.mx\/wp-content\/uploads\/2020\/07\/2.jpeg\" data-orig-size=\"954,1000\" data-comments-opened=\"0\" data-image-meta=\"{&quot;aperture&quot;:&quot;0&quot;,&quot;credit&quot;:&quot;&quot;,&quot;camera&quot;:&quot;&quot;,&quot;caption&quot;:&quot;&quot;,&quot;created_timestamp&quot;:&quot;0&quot;,&quot;copyright&quot;:&quot;&quot;,&quot;focal_length&quot;:&quot;0&quot;,&quot;iso&quot;:&quot;0&quot;,&quot;shutter_speed&quot;:&quot;0&quot;,&quot;title&quot;:&quot;&quot;,&quot;orientation&quot;:&quot;0&quot;}\" data-image-title=\"2\" data-image-description=\"\" data-image-caption=\"\" data-medium-file=\"https:\/\/www.grieta.org.mx\/wp-content\/uploads\/2020\/07\/2-286x300.jpeg\" data-large-file=\"https:\/\/www.grieta.org.mx\/wp-content\/uploads\/2020\/07\/2.jpeg\" class=\"aligncenter wp-image-52152\" src=\"http:\/\/www.grieta.org.mx\/wp-content\/uploads\/2020\/07\/2.jpeg\" alt=\"\" width=\"800\" height=\"839\" srcset=\"https:\/\/www.grieta.org.mx\/wp-content\/uploads\/2020\/07\/2.jpeg 954w, https:\/\/www.grieta.org.mx\/wp-content\/uploads\/2020\/07\/2-286x300.jpeg 286w, https:\/\/www.grieta.org.mx\/wp-content\/uploads\/2020\/07\/2-768x805.jpeg 768w, https:\/\/www.grieta.org.mx\/wp-content\/uploads\/2020\/07\/2-477x500.jpeg 477w\" sizes=\"auto, (max-width: 800px) 100vw, 800px\" \/><\/p>\n<p>Los doctores que atienden los casos Covid 19 en el Hospital General de Tijuana, entregaron un posicionamiento que desean hacer p\u00fablico, sobre las dif\u00edciles condiciones en las que laboran para salvar la vida a los pacientes, particularmente durante las \u00faltimas tres semanas, tiempo en el que han padecido la falta de insumos y medicamentos espec\u00edficos y necesarios, para sacar adelante a los enfermos.<\/p>\n<p>En los \u00faltimas tres semanas, refirieron que han fallecido m\u00e1s de 80 pacientes por Covid 19 en el General de Tijuana, teniendo un promedio de muertos -nada m\u00e1s en ese nosocomio- de cuatro por d\u00eda. Algunos de los cuales han fallecido por la falta de insumos y medicamentos.<\/p>\n<p>En el posicionamiento que entregaron a ZETA explican:<\/p>\n<p>\u201cLa falta de insumos es un tema a\u00f1ejo.<\/p>\n<p>\u201cCon frecuencia es necesario hacer ajustes en la atenci\u00f3n de pacientes debido a la falta de medicamentos, falta de reactivos de laboratorio o bien por falta de insumos para alg\u00fan procedimiento que el paciente necesita\u201d.<\/p>\n<p>\u201cCon frecuencia debemos recurrir a los familiares de nuestros enfermos para pedirles que de alguna forma nos hagan llegar alg\u00fan recurso faltante. Estamos consientes de que esto implica un esfuerzo econ\u00f3mico muy grande para ellos, y por ello tratamos de agotar otras opciones antes de acudir a esta \u2026\u201d.<\/p>\n<p>\u201c\u2019\u2026 Lo que hemos estado viendo en las \u00faltimas tres semanas en el Hospital ha rebasado la l\u00ednea de lo habitual y nos ha puesto en una situaci\u00f3n francamente desesperada.<\/p>\n<p>\u201cLa falta de insumos involucra en la actualidad medicamentos cuya aplicaci\u00f3n continua al enfermo grave es absolutamente necesaria. Entre ellos los medicamentos que deben administrarse en un goteo continuo al enfermo, para mantenerlo dormido y sin dolor durante la respiraci\u00f3n mec\u00e1nica, son imprescindibles y no hay forma de sustituirlos. Al no contar con ellos implica que el enfermo est\u00e9 despierto durante la respiraci\u00f3n mec\u00e1nica, tiene sufrimiento y dolor, pero adem\u00e1s compite con el ventilador e impide que el paciente tenga niveles de oxigenaci\u00f3n adecuados\u201d.<\/p>\n<p>Tambi\u00e9n refieren que hacen falta dispositivos para hacer la aspiraci\u00f3n de los sistemas de ventilaci\u00f3n, medicamentos como norepinefrina, el cual permite mantener la presi\u00f3n arterial y evitar el colapso circulatorio que muchos de nuestros pacientes presentan. Se\u00f1alan que estos y otros insumos han faltado en el Hospital General de Tijuana en las \u00faltimas tres semanas, y proporcionan una lista de los faltantes para que personas de la sociedad que est\u00e9n en posibilidad de hacer donaciones, las realicen.<\/p>\n<p>A continuaci\u00f3n, la lista de insumos de los cu\u00e1les carecen en el General de Tijuana:<\/p>\n<p>1.- Medicamentos para sedaci\u00f3n y relajaci\u00f3n de pacientes, como Profopol, Fentanilo, Morfina, Vecuronio, Cisatracurio, Rocuronio.<\/p>\n<p>2.- Medicamentos para la prevenci\u00f3n de formaci\u00f3n de coagulos, como Enoxaparina, Flaxiparina, y Dalteparina.<\/p>\n<p>3.- Antibi\u00f3ticos, tal es el caso de Linezolid, Vancomicina, Imipenem-Cilastatina.<\/p>\n<p>4.- Sistemas para aspiraci\u00f3n cerrada de paciente con ventilaci\u00f3n mec\u00e1nica<\/p>\n<p>5.- Circuitos para sistema de administraci\u00f3n de ox\u00edgeno por alto flujo<\/p>\n<p>6.- Parches coloides<\/p>\n<p>7.- Tomograf\u00eda computada<\/p>\n<p>8.- Videolaringoscopio funcional<\/p>\n<p>Los m\u00e9dicos esperan que \u201cla autoridad sanitaria responda a este llamado y se comprometa a proveer continuamente los materiales necesarios para la atenci\u00f3n de los enfermos\u201d, y a la sociedad tijuanenses tambi\u00e9n enviaron un mensaje, no bajar la guardia:<\/p>\n<p>\u201cEl Hospital no ha dejado de recibir pacientes y pr\u00e1cticamente todas las camas con las que se cuenta para la atenci\u00f3n de pacientes Covid 19 est\u00e1n ocupadas. Consideramos que no es momento de bajar la guardia y que las medidas de aislamiento domiciliario deber\u00edan sostenerse\u2026\u201d.<\/p>\n<p>A continuaci\u00f3n, el posicionamiento de los m\u00e9dicos del Hospital General sobre las carencias y lo que ah\u00ed sucede.<\/p>\n<p>\u201cTijuana a 27 de julio de 2020<\/p>\n<p>\u201cA la opini\u00f3n publica<\/p>\n<p>\u201cLos que suscribimos esta comunicaci\u00f3n somos m\u00e9dicos y enfermeras que trabajamos en el Hospital Genera de Tijuana y que desde el 13 de abril hemos dedicado nuestro trabajo a la atenci\u00f3n del pacientes con COVID 19. Deseamos hacer llegar informaci\u00f3n muy importante a los habitantes de Tijuana y las ciudades colindantes con respecto a la situaci\u00f3n que se vive en el UNICO hospital p\u00fablico, fuera del IMSS, que atiende paciente con COVID en la regi\u00f3n Tijuana-Tecate-Rosario y no ha dejado de recibirles desde el inicio de la epidemia.<\/p>\n<p>\u201cLa falta de insumos es un tema a\u00f1ejo en este nosocomio. Con frecuencia es necesario hacer ajustes en la atenci\u00f3n de pacientes debido a la falta de medicamentos, falta de reactivos de laboratorio o bien por la falta de insumos para alg\u00fan procedimiento que el paciente necesita. Los m\u00e9dicos, enfermeras, qu\u00edmicos de laboratorio, terapistas respiratorios, personal de limpieza incluso personal administrativo todos estamos muy acostumbrados a hacer ajustes o cambios que se hacen necesarios por la falta de alg\u00fan recurso que aunque deber\u00eda de existir, no existe. Con frecuencia, debemos recurrir a los familiares de nuestros enfermos para pedirles que de alguna forma nos hagan llegar alg\u00fan recurso faltante. Estamos muy consientes de que esto implica un esfuerzo econ\u00f3mico muy grande para ellos y por ello, tratamos de agotar otras opciones antes de acudir a esta opci\u00f3n.<\/p>\n<p>\u201cSin embargo, lo que hemos estado viviendo en las ultimas 3 semanas en el hospital ha rebasado la linea de lo habitual y nos ha puesto en una situaci\u00f3n francamente desesperada. Las falta de insumos involucra en la actualidad medicamentos cuya aplicaci\u00f3n continua al enfermo grave, es absolutamente necesaria. Entre ellos, los medicamentos que deben administrarse en un goteo continuo al enfermo, para mantenerlo dormido y sin dolor durante la respiraci\u00f3n mec\u00e1nica, son imprescindibles y no hay forma de sustituirlos. El no contar con ellos, implica que el enfermo esta despierto durante la ventilaci\u00f3n mec\u00e1nica, tiene sufrimiento y dolor, pero m\u00e1s a\u00fan compite con el ventilador e impide que el paciente tenga niveles de oxigenaci\u00f3n adecuados. Otro faltante indispensable, son los dispositivos para hacer aspiraci\u00f3n de los sistemas de ventilaci\u00f3n. Estos sistemas especiales nos permiten aspirar secreciones bronquiales en los pacientes que estan en ventilaci\u00f3n mec\u00e1nica. Es la \u00fanica forma de retirar estas secreciones por que el paciente y el ventilador estan conectados en un circuito cerrado. Sin estos dispositivos, las secreciones se acumulan en los tubos de ventilaci\u00f3n y en los pulmones de los enfermos con consecuencias muy graves. Otro medicamento que falta con frecuencia es la norepinefrina, que permite mantener la presi\u00f3n arterial y evitar el colapso circulatorio que muchos de nuestros paciente presentan; tambien se administra en infusi\u00f3n continua y su efecto se pierde inmediatamente al ser retirado.<\/p>\n<p>\u201cEstos y otros muchos recursos han faltado en el hospital desde hace mas de 3 semanas y a pesar de los esfuerzos que el personal del hospital hace por sustituirlos y del esfuerzo de familiares y amigos hace por hacernos llegar los insumos a expensas de grandes sacrificios econ\u00f3micos, la situaci\u00f3n ha afectado los desenlaces de los enfermos irremediablemente.<\/p>\n<p>A continuaci\u00f3n exponemos una lista materiales y medicamentos que no se tienen en la actualidad y son, fundamentales para la atenci\u00f3n adecuada de nuestros enfermos.<\/p>\n<p>1.- Medicamentos para sedaci\u00f3n y relajaci\u00f3n de pacientes<br \/>\na. Propofol, Fentanilo, Morfina, Vecuronio, Cisatracurio, Rocuronio.<br \/>\n2. Medicamentos para la prevenci\u00f3n de formaci\u00f3n de coagulos.<br \/>\na. Enoxaparina, fraxiparina, dalteparina<br \/>\n3. Antibi\u00f3ticos<br \/>\na. Linezolid, Vancomicina, Imipenem-Cilastatina,<br \/>\n4. Sistemas para aspiraci\u00f3n cerrada de paciente con ventilaci\u00f3n mec\u00e1nica<br \/>\n5. Circuitos para sistema de administraci\u00f3n de ox\u00edgeno por alto flujo<br \/>\n6. Parches coloides<br \/>\n7. Tomograf\u00eda computada<br \/>\n8. Videolaringoscopio funcional<\/p>\n<p>\u201cTodo el equipo de trabajo de este hospital quiere manifestarle a la sociedad que nuestra voluntad y esfuerzo se mantienen firmes en la atenci\u00f3n de enfermos con esta terrible enfermedad. Nos hiere no poder entregar mejores resultados por no contar con las herramientas necesarias para hacerlo. Anhelamos que la autoridad sanitaria responsa a este llamado y se comprometa a proveer continuamente los materiales necesarios para la atenci\u00f3n de los enfermos.<\/p>\n<p>\u201cFinalmente, queremos hacer llegar a la sociedad que la percepci\u00f3n que tenemos en el HGT es que el problema de la epidemia por COVID19 sigue estando muy activo. El hospital no ha dejado de recibir pacientes y pr\u00e1cticamente todas las camas con las que se cuenta para la atenci\u00f3n de pacientes con COVID19 estan ocupadas. Consideramos que no es momento de bajar la guardia y que las medidas de aislamiento domiciliario deber\u00edan sostenerse, particularmente para aquellas personas que son susceptibles de tener una evoluci\u00f3n desfavorable (mayores de 60 a\u00f1os con padecimiento preexistente como obesidad, diabetes, enfermedad pulmonar y cardiaca).<\/p>\n<p>\u201cAtentamente<\/p>\n<p>\u201cTrabajadores del Hospital General de Tijuana\u201d.<\/p>\n","protected":false},"excerpt":{"rendered":"<p>Zeta Tijuana \/ Adela Navarro Bello. Cuando el 28 de julio en la presentaci\u00f3n en redes sociales del gobernador Jaime Bonilla Valdez, el secretario de Salud Alonso P\u00e9rez Rico dijo &hellip; <a href=\"https:\/\/www.grieta.org.mx\/index.php\/2020\/07\/28\/denuncian-desabasto-en-hospital-general-de-tijuana-ocupacion-arriba-del-90-mas-de-80-muertos-en-tres-semanas-baja-california\/\" class=\"more-link\">Leer m\u00e1s<\/a><\/p>\n","protected":false},"author":2,"featured_media":52151,"comment_status":"closed","ping_status":"closed","sticky":false,"template":"","format":"standard","meta":{"ngg_post_thumbnail":0,"_jetpack_newsletter_access":"","_jetpack_dont_email_post_to_subs":false,"_jetpack_newsletter_tier_id":0,"_jetpack_memberships_contains_paywalled_content":false,"_jetpack_memberships_contains_paid_content":false,"footnotes":""},"categories":[5,80,3263,2438,2],"tags":[],"class_list":["post-52150","post","type-post","status-publish","format-standard","has-post-thumbnail","hentry","category-baja-california","category-cintillo","category-crisis-covid-19-en-baja-california","category-crisis-del-sector-salud-en-baja-california","category-noticias-nacionales","entry"],"jetpack_featured_media_url":"https:\/\/www.grieta.org.mx\/wp-content\/uploads\/2020\/07\/1-2.jpeg","jetpack_sharing_enabled":true,"jetpack_shortlink":"https:\/\/wp.me\/p7ZJR4-dz8","jetpack_likes_enabled":false,"jetpack-related-posts":[{"id":55915,"url":"https:\/\/www.grieta.org.mx\/index.php\/2020\/12\/19\/advierten-medicos-que-ya-no-hay-camas-covid19-en-hospital-general-de-tijuana-baja-california\/","url_meta":{"origin":52150,"position":0},"title":"Advierten m\u00e9dicos que ya no hay camas Covid19 en Hospital General de Tijuana (Baja California)","author":"grieta","date":"19 diciembre, 2020","format":false,"excerpt":"Lindero Norte \/ Antonio Heras *Qu\u00e9date en casa, piden Mexicali.- Personal m\u00e9dico y de enfermer\u00eda de la Secretar\u00eda de Salud de Baja California advirti\u00f3 la saturaci\u00f3n de hospitales p\u00fablicos de la entidad, en particular de Tijuana y Mexicali. Con leyendas en cartelones, expusieron la situaci\u00f3n que viven al interior de\u2026","rel":"","context":"En &quot;Baja California&quot;","block_context":{"text":"Baja California","link":"https:\/\/www.grieta.org.mx\/index.php\/category\/noticias-nacionales\/baja-california\/"},"img":{"alt_text":"","src":"https:\/\/i0.wp.com\/www.grieta.org.mx\/wp-content\/uploads\/2020\/12\/I.jpg?resize=350%2C200&ssl=1","width":350,"height":200,"srcset":"https:\/\/i0.wp.com\/www.grieta.org.mx\/wp-content\/uploads\/2020\/12\/I.jpg?resize=350%2C200&ssl=1 1x, https:\/\/i0.wp.com\/www.grieta.org.mx\/wp-content\/uploads\/2020\/12\/I.jpg?resize=525%2C300&ssl=1 1.5x, https:\/\/i0.wp.com\/www.grieta.org.mx\/wp-content\/uploads\/2020\/12\/I.jpg?resize=700%2C400&ssl=1 2x"},"classes":[]},{"id":48132,"url":"https:\/\/www.grieta.org.mx\/index.php\/2020\/04\/22\/baja-california-suma-60-contagios-de-covid-19-en-trabajadores-de-maquilas-en-tijuana-baja-california\/","url_meta":{"origin":52150,"position":1},"title":"Baja California suma 60 contagios de COVID-19 en trabajadores de maquilas en Tijuana","author":"grieta","date":"22 abril, 2020","format":false,"excerpt":"Sin Embargo \/ Redacci\u00f3n. Las personas contagiadas laboran en empresas instaladas en Tijuana. Foto: Zeta. Los 60 trabajadores enfermos laboran en empresas instaladas en el municipio de Tijuana, mismas ya que son supervisadas. Por Isabel Mercado. Tijuana, Baja California, 22 de abril (Zeta).\u2013 El n\u00famero contagiaos por COVID-19 en m\u00e9dicos\u2026","rel":"","context":"En &quot;Baja California&quot;","block_context":{"text":"Baja California","link":"https:\/\/www.grieta.org.mx\/index.php\/category\/noticias-nacionales\/baja-california\/"},"img":{"alt_text":"","src":"https:\/\/i0.wp.com\/www.grieta.org.mx\/wp-content\/uploads\/2020\/04\/photo4974342478853417218-1.jpg?resize=350%2C200&ssl=1","width":350,"height":200,"srcset":"https:\/\/i0.wp.com\/www.grieta.org.mx\/wp-content\/uploads\/2020\/04\/photo4974342478853417218-1.jpg?resize=350%2C200&ssl=1 1x, https:\/\/i0.wp.com\/www.grieta.org.mx\/wp-content\/uploads\/2020\/04\/photo4974342478853417218-1.jpg?resize=525%2C300&ssl=1 1.5x, https:\/\/i0.wp.com\/www.grieta.org.mx\/wp-content\/uploads\/2020\/04\/photo4974342478853417218-1.jpg?resize=700%2C400&ssl=1 2x, https:\/\/i0.wp.com\/www.grieta.org.mx\/wp-content\/uploads\/2020\/04\/photo4974342478853417218-1.jpg?resize=1050%2C600&ssl=1 3x"},"classes":[]},{"id":55942,"url":"https:\/\/www.grieta.org.mx\/index.php\/2020\/12\/22\/baja-california-8-muertes-afuera-de-hospitales-y-69-antes-de-que-llegara-la-ambulancia\/","url_meta":{"origin":52150,"position":2},"title":"Baja California: 8 muertes afuera de hospitales y 69 antes de que llegara la ambulancia","author":"grieta","date":"22 diciembre, 2020","format":false,"excerpt":"Proceso \/ Rosal\u00eda Vergara. \"Es inevitable que habremos de llegar a la situaci\u00f3n de que ya no hay camas porque est\u00e1n a reventar\", reconoci\u00f3 el secretario de Salud de Baja California, Alonso P\u00e9rez Rico. CIUDAD DE M\u00c9XICO (apro).- Despu\u00e9s de reportarse una ocupaci\u00f3n hospitalaria del 91% en Baja California, se\u2026","rel":"","context":"En &quot;Baja California&quot;","block_context":{"text":"Baja California","link":"https:\/\/www.grieta.org.mx\/index.php\/category\/noticias-nacionales\/baja-california\/"},"img":{"alt_text":"","src":"https:\/\/i0.wp.com\/www.grieta.org.mx\/wp-content\/uploads\/2020\/12\/I.jpg?resize=350%2C200&ssl=1","width":350,"height":200,"srcset":"https:\/\/i0.wp.com\/www.grieta.org.mx\/wp-content\/uploads\/2020\/12\/I.jpg?resize=350%2C200&ssl=1 1x, https:\/\/i0.wp.com\/www.grieta.org.mx\/wp-content\/uploads\/2020\/12\/I.jpg?resize=525%2C300&ssl=1 1.5x, https:\/\/i0.wp.com\/www.grieta.org.mx\/wp-content\/uploads\/2020\/12\/I.jpg?resize=700%2C400&ssl=1 2x"},"classes":[]},{"id":49851,"url":"https:\/\/www.grieta.org.mx\/index.php\/2020\/05\/24\/los-hospitales-de-mexicali-estan-al-tope-reconoce-baja-california\/","url_meta":{"origin":52150,"position":3},"title":"Los hospitales de Mexicali est\u00e1n al tope, reconoce Baja California","author":"grieta","date":"24 mayo, 2020","format":false,"excerpt":"Proceso \/ Jesusa Cervantes. Alfonso P\u00e9rez Rico, secretario de Salud de Baja California en el gobierno de Jaime Bonilla. MEXICALI, BC.- Los hospitales de la capital bajacaliforniana est\u00e1n al tope y superan incluso a Tijuana en n\u00famero hospitalizaciones, as\u00ed como en casos acumulados y activos de covid-19, admiti\u00f3 el secretario\u2026","rel":"","context":"En &quot;Baja California&quot;","block_context":{"text":"Baja California","link":"https:\/\/www.grieta.org.mx\/index.php\/category\/noticias-nacionales\/baja-california\/"},"img":{"alt_text":"","src":"https:\/\/i0.wp.com\/www.grieta.org.mx\/wp-content\/uploads\/2020\/05\/baja_california_covid19_mexicali-870x522.jpg?resize=350%2C200&ssl=1","width":350,"height":200,"srcset":"https:\/\/i0.wp.com\/www.grieta.org.mx\/wp-content\/uploads\/2020\/05\/baja_california_covid19_mexicali-870x522.jpg?resize=350%2C200&ssl=1 1x, https:\/\/i0.wp.com\/www.grieta.org.mx\/wp-content\/uploads\/2020\/05\/baja_california_covid19_mexicali-870x522.jpg?resize=525%2C300&ssl=1 1.5x, https:\/\/i0.wp.com\/www.grieta.org.mx\/wp-content\/uploads\/2020\/05\/baja_california_covid19_mexicali-870x522.jpg?resize=700%2C400&ssl=1 2x"},"classes":[]},{"id":54291,"url":"https:\/\/www.grieta.org.mx\/index.php\/2020\/10\/09\/improvisada-reconversion-de-hospitales-covid-en-baja-california\/","url_meta":{"origin":52150,"position":4},"title":"Improvisada reconversi\u00f3n de hospitales COVID en Baja California","author":"grieta","date":"9 octubre, 2020","format":false,"excerpt":"Zeta Tijuana \/ Uriel Saucedo. En quince d\u00edas, el secretario de Salud en Baja California, Alonso P\u00e9rez Rico, pretende iniciar la reconversi\u00f3n del Hospital General de Tijuana a hospital mixto para atender a pacientes No COVID. Sin embargo, el nosocomio no cuenta con infraestructura para evitar contagios cruzados. Sin un\u2026","rel":"","context":"En &quot;Baja California&quot;","block_context":{"text":"Baja California","link":"https:\/\/www.grieta.org.mx\/index.php\/category\/noticias-nacionales\/baja-california\/"},"img":{"alt_text":"","src":"https:\/\/i0.wp.com\/www.grieta.org.mx\/wp-content\/uploads\/2020\/10\/a-2.jpg?resize=350%2C200&ssl=1","width":350,"height":200,"srcset":"https:\/\/i0.wp.com\/www.grieta.org.mx\/wp-content\/uploads\/2020\/10\/a-2.jpg?resize=350%2C200&ssl=1 1x, https:\/\/i0.wp.com\/www.grieta.org.mx\/wp-content\/uploads\/2020\/10\/a-2.jpg?resize=525%2C300&ssl=1 1.5x"},"classes":[]},{"id":51733,"url":"https:\/\/www.grieta.org.mx\/index.php\/2020\/07\/11\/gobierno-de-baja-california-manipula-estadistica-de-muertos-por-covid-19\/","url_meta":{"origin":52150,"position":5},"title":"Gobierno de Baja California manipula estad\u00edstica de muertos por COVID-19","author":"grieta","date":"11 julio, 2020","format":false,"excerpt":"Zeta Tijuana \/ Isabel Mercado Aspectos generales durante los sepelios en el Pante\u00f3n Municipal #13, donde se llevaron a cabo entierros por Covid-19. Foto: Alejandro Guti\u00e9rrez Mora\/ZETA Para colocar a Baja Califonia en el sexto lugar en el registro de decesos por coronavirus en los \u00faltimos 14 d\u00edas, la administraci\u00f3n\u2026","rel":"","context":"En &quot;Baja California&quot;","block_context":{"text":"Baja California","link":"https:\/\/www.grieta.org.mx\/index.php\/category\/noticias-nacionales\/baja-california\/"},"img":{"alt_text":"","src":"https:\/\/i0.wp.com\/www.grieta.org.mx\/wp-content\/uploads\/2018\/03\/14524434_1106112876131411_958039263622046936_o.jpg?resize=350%2C200&ssl=1","width":350,"height":200,"srcset":"https:\/\/i0.wp.com\/www.grieta.org.mx\/wp-content\/uploads\/2018\/03\/14524434_1106112876131411_958039263622046936_o.jpg?resize=350%2C200&ssl=1 1x, https:\/\/i0.wp.com\/www.grieta.org.mx\/wp-content\/uploads\/2018\/03\/14524434_1106112876131411_958039263622046936_o.jpg?resize=525%2C300&ssl=1 1.5x, https:\/\/i0.wp.com\/www.grieta.org.mx\/wp-content\/uploads\/2018\/03\/14524434_1106112876131411_958039263622046936_o.jpg?resize=700%2C400&ssl=1 2x"},"classes":[]}],"_links":{"self":[{"href":"https:\/\/www.grieta.org.mx\/index.php\/wp-json\/wp\/v2\/posts\/52150","targetHints":{"allow":["GET"]}}],"collection":[{"href":"https:\/\/www.grieta.org.mx\/index.php\/wp-json\/wp\/v2\/posts"}],"about":[{"href":"https:\/\/www.grieta.org.mx\/index.php\/wp-json\/wp\/v2\/types\/post"}],"author":[{"embeddable":true,"href":"https:\/\/www.grieta.org.mx\/index.php\/wp-json\/wp\/v2\/users\/2"}],"replies":[{"embeddable":true,"href":"https:\/\/www.grieta.org.mx\/index.php\/wp-json\/wp\/v2\/comments?post=52150"}],"version-history":[{"count":1,"href":"https:\/\/www.grieta.org.mx\/index.php\/wp-json\/wp\/v2\/posts\/52150\/revisions"}],"predecessor-version":[{"id":52153,"href":"https:\/\/www.grieta.org.mx\/index.php\/wp-json\/wp\/v2\/posts\/52150\/revisions\/52153"}],"wp:featuredmedia":[{"embeddable":true,"href":"https:\/\/www.grieta.org.mx\/index.php\/wp-json\/wp\/v2\/media\/52151"}],"wp:attachment":[{"href":"https:\/\/www.grieta.org.mx\/index.php\/wp-json\/wp\/v2\/media?parent=52150"}],"wp:term":[{"taxonomy":"category","embeddable":true,"href":"https:\/\/www.grieta.org.mx\/index.php\/wp-json\/wp\/v2\/categories?post=52150"},{"taxonomy":"post_tag","embeddable":true,"href":"https:\/\/www.grieta.org.mx\/index.php\/wp-json\/wp\/v2\/tags?post=52150"}],"curies":[{"name":"wp","href":"https:\/\/api.w.org\/{rel}","templated":true}]}}