{"id":52142,"date":"2020-07-29T15:20:42","date_gmt":"2020-07-29T20:20:42","guid":{"rendered":"http:\/\/www.grieta.org.mx\/?p=52142"},"modified":"2020-07-29T15:20:42","modified_gmt":"2020-07-29T20:20:42","slug":"exhortan-85-cientificos-y-academicos-de-15-paises-a-no-construir-el-tren-maya","status":"publish","type":"post","link":"https:\/\/www.grieta.org.mx\/index.php\/2020\/07\/29\/exhortan-85-cientificos-y-academicos-de-15-paises-a-no-construir-el-tren-maya\/","title":{"rendered":"Exhortan 85 cient\u00edficos y acad\u00e9micos de 15 pa\u00edses a no construir el Tren Maya"},"content":{"rendered":"<p><img loading=\"lazy\" decoding=\"async\" data-attachment-id=\"52143\" data-permalink=\"https:\/\/www.grieta.org.mx\/index.php\/2020\/07\/29\/exhortan-85-cientificos-y-academicos-de-15-paises-a-no-construir-el-tren-maya\/tren-mayo\/\" data-orig-file=\"https:\/\/www.grieta.org.mx\/wp-content\/uploads\/2020\/07\/tren-mayo.png\" data-orig-size=\"667,811\" data-comments-opened=\"0\" data-image-meta=\"{&quot;aperture&quot;:&quot;0&quot;,&quot;credit&quot;:&quot;&quot;,&quot;camera&quot;:&quot;&quot;,&quot;caption&quot;:&quot;&quot;,&quot;created_timestamp&quot;:&quot;0&quot;,&quot;copyright&quot;:&quot;&quot;,&quot;focal_length&quot;:&quot;0&quot;,&quot;iso&quot;:&quot;0&quot;,&quot;shutter_speed&quot;:&quot;0&quot;,&quot;title&quot;:&quot;&quot;,&quot;orientation&quot;:&quot;0&quot;}\" data-image-title=\"tren-mayo\" data-image-description=\"\" data-image-caption=\"\" data-medium-file=\"https:\/\/www.grieta.org.mx\/wp-content\/uploads\/2020\/07\/tren-mayo-247x300.png\" data-large-file=\"https:\/\/www.grieta.org.mx\/wp-content\/uploads\/2020\/07\/tren-mayo.png\" src=\"http:\/\/www.grieta.org.mx\/wp-content\/uploads\/2020\/07\/tren-mayo.png\" alt=\"\" width=\"667\" height=\"811\" class=\"aligncenter size-full wp-image-52143\" srcset=\"https:\/\/www.grieta.org.mx\/wp-content\/uploads\/2020\/07\/tren-mayo.png 667w, https:\/\/www.grieta.org.mx\/wp-content\/uploads\/2020\/07\/tren-mayo-247x300.png 247w, https:\/\/www.grieta.org.mx\/wp-content\/uploads\/2020\/07\/tren-mayo-411x500.png 411w\" sizes=\"auto, (max-width: 667px) 100vw, 667px\" \/><\/p>\n<p>Z\u00f3simo Camacho \/ Contral\u00ednea<\/p>\n<blockquote><p>Por considerar un da\u00f1o ambiental \u201cde dimensiones planetarias\u201d, 85 cient\u00edficos de disciplinas naturales y sociales de 15 pa\u00edses llaman a las autoridades mexicanas a no construir el Tren Maya.<\/p><\/blockquote>\n<p>Concluyen que el Proyecto est\u00e1 \u201cmal definido\u201d, implicar\u00e1 el desplazamiento de personas y generar\u00e1 destrucci\u00f3n ambiental irreversible y p\u00e9rdida de la calidad del aire.<\/p>\n<p>Titulado Observaciones a la Manifestaci\u00f3n de Impacto Ambiental Modalidad Regional, el documento fue ingresado el d\u00eda de ayer a la Secretar\u00eda de Medio Ambiente y Recursos Naturales (Semarnat), que encabeza el doctor en ciencias V\u00edctor Toledo Manzur.<\/p>\n<p>La investigaci\u00f3n multidisciplinaria documenta 15 observaciones realizadas por investigadores de instituciones mexicanas como la Universidad Nacional Aut\u00f3noma de M\u00e9xico (UNAM), el Instituto Polit\u00e9cnico Nacional (IPN), el Consejo Nacional de Ciencia y Tecnolog\u00eda (Conacyt), el Instituto Nacional de Antropolog\u00eda e Historia (INAH), el Colegio de la Frontera Sur (Ecosur), la Universidad Aut\u00f3noma Metropolitana (UAM), el Centro de Investigaciones en Estudios Superiores de Antropolog\u00eda Social (CIESAS), el Centro de Investigaci\u00f3n Cient\u00edfica de Yucat\u00e1n (CICY) y, entre otras, la Universidad Iberoamericana.<\/p>\n<p>El documento tambi\u00e9n cuenta con la participaci\u00f3n de investigadores de instituciones extranjeras como la Universidad de California en Los \u00c1ngeles (UCLA), la Universidad de Carolina del Norte y la Universidad de Oregon \u2013Estados Unidos\u2013; la Universidad McGill (Canad\u00e1); la Universidad de Buenos Aires y la Universidad Nacional de C\u00f3rdova (Argentina); la Universidad de Granada (Espa\u00f1a); la Universidad Javeriana (Colombia); la Universidad de Chile; la Universidad de Toulouse y la Universidad de Lyon (Francia), entre otras instituciones y pa\u00edses de origen.<\/p>\n<p>La investigaci\u00f3n concluye que la Manifestaci\u00f3n de Impacto Ambiental (MIA) que justifica el proyecto del Tren Maya \u201cminimiza los da\u00f1os y los requerimientos de medidas de mitigaci\u00f3n\u201d de la megaobra. Adem\u00e1s, explica que el proyecto fragmentar\u00e1 el h\u00e1bitat de la mayor parte de las especies, pues los 40 pasos de fauna contemplados \u201cson evidentemente insuficientes\u201d.<\/p>\n<p>Tambi\u00e9n se\u00f1ala que este proyecto prioritario del gobierno federal acentuar\u00e1 la \u201cdin\u00e1mica predatoria\u201d ya presente en la regi\u00f3n con la tala de \u00e1rboles y los da\u00f1os causados por el turismo. Adem\u00e1s se incrementa el riesgo de destrucci\u00f3n del suelo k\u00e1rstico con la consecuente destrucci\u00f3n del ecosistema de cenotes y acu\u00edfero subterr\u00e1neo.<\/p>\n<p>Documenta que el tren, movido a di\u00e9sel, emitir\u00e1 por lo menos 431 mil toneladas de di\u00f3xido de carbono al a\u00f1o. Tal cantidad es equivalente a las emisiones de 139 mil 461.5 autom\u00f3viles sed\u00e1n. El volumen de este tipo de contaminaci\u00f3n ira en aumento conforme al plan de incremento anual de viajes.<\/p>\n<p>Desde el punto de vista arqueol\u00f3gico, no se prev\u00e9 un salvamento a lo largo de todo el recorrido, lo que se traducir\u00e1 en \u201cp\u00e9rdida cultural e hist\u00f3rica\u201d.<\/p>\n<p>En las consecuencias de car\u00e1cter social, advierten un despojo a los campesinos, quienes pasar\u00e1n a ser \u201csocios minoritarios\u201d, dependientes de las ganancias del mercado de valores y sin tierra. Tambi\u00e9n prev\u00e9n los cient\u00edficos un proceso de aculturaci\u00f3n y p\u00e9rdida de patrimonio inmaterial.<\/p>\n<p>Advierte que, de seguir con los planes oficiales del Tren Maya, \u201cestamos a dos meses del desalojo de cientos de familias que actualmente viven o tienen un emprendimiento sobre el derecho de v\u00eda\u201d sin que hasta la fecha estas familias tengan informaci\u00f3n sobre su destino.<\/p>\n<p>Entre las conclusiones del documento, se se\u00f1ala que la Manifestaci\u00f3n de Impacto Ambiental que justifica el proyecto de la mega obra \u201cno re\u00fane condiciones suficientes para establecer los modos, procedimientos y metodolog\u00edas para garantizar que el proyecto Tren Maya, que incluye el tren, los polos de desarrollo y los proyectos complementarios, logre generar los beneficios que se propone y evitar los da\u00f1os graves e irreversibles que cient\u00edficos, estudiosos, sabios comunitarios y un sentido com\u00fan ampliamente compartido est\u00e1n se\u00f1alando insistentemente\u201d.<\/p>\n<p>Por ello, los cient\u00edficos determinan: \u201cdespu\u00e9s de revisar la MIA con toda seriedad y cuidado, la conclusi\u00f3n es que el proyecto no tiene condiciones para llegar a buen t\u00e9rmino y que el da\u00f1o que causar\u00e1 no compensa ninguno de sus buenos prop\u00f3sitos\u201d.<\/p>\n<p>Exhortan la Semarnat que se apegue al Convenio de Diversidad Biol\u00f3gica, del cual M\u00e9xico es parte, y al Principio Precautorio 15 de la Declaraci\u00f3n de R\u00edo sobre el Medio Ambiente y el Desarrollo a no autorizar la construcci\u00f3n del Tren Maya.<\/p>\n<p><a href=\"https:\/\/www.contralinea.com.mx\/archivo-revista\/2020\/07\/29\/exhortan-85-cientificos-y-academicos-de-15-paises-a-no-construir-el-tren-maya\/\" rel=\"noopener noreferrer\" target=\"_blank\">https:\/\/www.contralinea.com.mx\/archivo-revista\/2020\/07\/29\/exhortan-85-cientificos-y-academicos-de-15-paises-a-no-construir-el-tren-maya\/<\/a><\/p>\n","protected":false},"excerpt":{"rendered":"<p>Z\u00f3simo Camacho \/ Contral\u00ednea Por considerar un da\u00f1o ambiental \u201cde dimensiones planetarias\u201d, 85 cient\u00edficos de disciplinas naturales y sociales de 15 pa\u00edses llaman a las autoridades mexicanas a no construir &hellip; <a href=\"https:\/\/www.grieta.org.mx\/index.php\/2020\/07\/29\/exhortan-85-cientificos-y-academicos-de-15-paises-a-no-construir-el-tren-maya\/\" class=\"more-link\">Leer m\u00e1s<\/a><\/p>\n","protected":false},"author":2,"featured_media":52143,"comment_status":"closed","ping_status":"closed","sticky":false,"template":"","format":"standard","meta":{"ngg_post_thumbnail":0,"_jetpack_newsletter_access":"","_jetpack_dont_email_post_to_subs":false,"_jetpack_newsletter_tier_id":0,"_jetpack_memberships_contains_paywalled_content":false,"_jetpack_memberships_contains_paid_content":false,"footnotes":""},"categories":[11,80,3,922,926,944,952,2,28,1875,1876,1877,2044,36],"tags":[223,1878],"class_list":["post-52142","post","type-post","status-publish","format-standard","has-post-thumbnail","hentry","category-campeche","category-cintillo","category-megaproyectos","category-megaproyectos-estados","category-mp-campeche","category-mp-quintana-roo","category-mp-yucatan","category-noticias-nacionales","category-quintana-roo","category-resistencia-al-tren-maya-en-la-peninsula-de-yucatan","category-resistencia-al-tren-maya-en-la-peninsula-de-yucatan-quintana-roo","category-resistencia-al-tren-maya-en-la-peninsula-de-yucatan-campeche","category-tren-maya-analisis","category-yucatan","tag-ecocidio","tag-tren-maya","entry"],"jetpack_featured_media_url":"https:\/\/www.grieta.org.mx\/wp-content\/uploads\/2020\/07\/tren-mayo.png","jetpack_sharing_enabled":true,"jetpack_shortlink":"https:\/\/wp.me\/p7ZJR4-dz0","jetpack_likes_enabled":false,"jetpack-related-posts":[{"id":47874,"url":"https:\/\/www.grieta.org.mx\/index.php\/2020\/04\/13\/las-vias-torcidas-del-tren-maya-video\/","url_meta":{"origin":52142,"position":0},"title":"Las v\u00edas torcidas del tren maya (Video)","author":"grieta","date":"13 abril, 2020","format":false,"excerpt":"https:\/\/www.youtube.com\/watch?v=k8FRX9eT0YY","rel":"","context":"En &quot;16. Pueblo Maya&quot;","block_context":{"text":"16. Pueblo Maya","link":"https:\/\/www.grieta.org.mx\/index.php\/category\/espejos-de-la-resistencia\/16-pueblo-maya\/"},"img":{"alt_text":"","src":"https:\/\/i0.wp.com\/www.grieta.org.mx\/wp-content\/uploads\/2020\/04\/ViasTorcidasTrenMaya.png?resize=350%2C200&ssl=1","width":350,"height":200,"srcset":"https:\/\/i0.wp.com\/www.grieta.org.mx\/wp-content\/uploads\/2020\/04\/ViasTorcidasTrenMaya.png?resize=350%2C200&ssl=1 1x, https:\/\/i0.wp.com\/www.grieta.org.mx\/wp-content\/uploads\/2020\/04\/ViasTorcidasTrenMaya.png?resize=525%2C300&ssl=1 1.5x, https:\/\/i0.wp.com\/www.grieta.org.mx\/wp-content\/uploads\/2020\/04\/ViasTorcidasTrenMaya.png?resize=700%2C400&ssl=1 2x"},"classes":[]},{"id":35945,"url":"https:\/\/www.grieta.org.mx\/index.php\/2019\/07\/05\/expansion-de-megaproyectos-en-la-peninsula-de-yucatan-video\/","url_meta":{"origin":52142,"position":1},"title":"Expansi\u00f3n de Megaproyectos en la Pen\u00ednsula de Yucat\u00e1n (Video)","author":"grieta","date":"5 julio, 2019","format":false,"excerpt":"https:\/\/youtu.be\/qLBARIAaBsI","rel":"","context":"En &quot;Campeche&quot;","block_context":{"text":"Campeche","link":"https:\/\/www.grieta.org.mx\/index.php\/category\/noticias-nacionales\/campeche\/"},"img":{"alt_text":"","src":"https:\/\/i0.wp.com\/img.youtube.com\/vi\/qLBARIAaBsI\/0.jpg?resize=350%2C200","width":350,"height":200},"classes":[]},{"id":68844,"url":"https:\/\/www.grieta.org.mx\/index.php\/2024\/04\/29\/ambientalistas-clausuran-las-oficinas-de-semarnat-tras-calificarla-de-ecocida-quintana-roo\/","url_meta":{"origin":52142,"position":2},"title":"Ambientalistas &#8220;clausuran&#8221; las oficinas de Semarnat tras calificarla de ecocida (Quintana Roo)","author":"grieta","date":"29 abril, 2024","format":false,"excerpt":"Leslie Gordillo \/ NOTICARIBE PENINSULAR CANC\u00daN.- Un grupo de ambientalistas, representante de diferentes organismos y asociaciones civiles, se manifestaron en la zona hotelera de Canc\u00fan y clausuraron de manera simb\u00f3lica las oficinas de la Secretar\u00eda de Medio Ambiente y Recursos Naturales (Semarnat). La denuncia es que la Semarnat ha sido\u2026","rel":"","context":"En &quot;Campeche&quot;","block_context":{"text":"Campeche","link":"https:\/\/www.grieta.org.mx\/index.php\/category\/noticias-nacionales\/campeche\/"},"img":{"alt_text":"","src":"https:\/\/i0.wp.com\/www.grieta.org.mx\/wp-content\/uploads\/2024\/04\/ambientalitas-e1715552774254.jpg?resize=350%2C200&ssl=1","width":350,"height":200,"srcset":"https:\/\/i0.wp.com\/www.grieta.org.mx\/wp-content\/uploads\/2024\/04\/ambientalitas-e1715552774254.jpg?resize=350%2C200&ssl=1 1x, https:\/\/i0.wp.com\/www.grieta.org.mx\/wp-content\/uploads\/2024\/04\/ambientalitas-e1715552774254.jpg?resize=525%2C300&ssl=1 1.5x, https:\/\/i0.wp.com\/www.grieta.org.mx\/wp-content\/uploads\/2024\/04\/ambientalitas-e1715552774254.jpg?resize=700%2C400&ssl=1 2x"},"classes":[]},{"id":64433,"url":"https:\/\/www.grieta.org.mx\/index.php\/2022\/06\/09\/con-omisiones-e-imprecisiones-la-manifestacion-de-impacto-ambiental-para-el-tren-maya-ong\/","url_meta":{"origin":52142,"position":3},"title":"Con omisiones e imprecisiones, la Manifestaci\u00f3n de Impacto Ambiental para el Tren Maya: ONG","author":"grieta","date":"9 junio, 2022","format":false,"excerpt":"Proceso CIUDAD DE M\u00c9XICO (apro).\u2013 La Manifestaci\u00f3n de Impacto Ambiental (MIA) que el Fondo Nacional de Fomento al Turismo (Fonatur) elabor\u00f3 para reiniciar las obras del Tramo 5 Sur del Tren Maya tiene \u201cuna gran cantidad de omisiones e imprecisiones\u201d en informaci\u00f3n \u201cesencial\u201d para determinar los impactos ambientales del megaproyecto\u2026","rel":"","context":"En &quot;Campeche&quot;","block_context":{"text":"Campeche","link":"https:\/\/www.grieta.org.mx\/index.php\/category\/noticias-nacionales\/campeche\/"},"img":{"alt_text":"","src":"https:\/\/i0.wp.com\/www.grieta.org.mx\/wp-content\/uploads\/2022\/06\/MIATren-e1655851330619.png?resize=350%2C200&ssl=1","width":350,"height":200,"srcset":"https:\/\/i0.wp.com\/www.grieta.org.mx\/wp-content\/uploads\/2022\/06\/MIATren-e1655851330619.png?resize=350%2C200&ssl=1 1x, https:\/\/i0.wp.com\/www.grieta.org.mx\/wp-content\/uploads\/2022\/06\/MIATren-e1655851330619.png?resize=525%2C300&ssl=1 1.5x, https:\/\/i0.wp.com\/www.grieta.org.mx\/wp-content\/uploads\/2022\/06\/MIATren-e1655851330619.png?resize=700%2C400&ssl=1 2x"},"classes":[]},{"id":45360,"url":"https:\/\/www.grieta.org.mx\/index.php\/2020\/02\/27\/no-estamos-peleando-la-suspension-provisional-del-tren-maya-sino-la-definitiva-cruz-rueda\/","url_meta":{"origin":52142,"position":4},"title":"&#8220;No estamos peleando la suspensi\u00f3n provisional del Tren Maya, sino la definitiva&#8221;: Cruz Rueda","author":"grieta","date":"27 febrero, 2020","format":false,"excerpt":"Impugnaci\u00f3n de Presidencia \"no nos quita el sue\u00f1o\" Abraham Bote \/Foto: Tomada de Twitter \/La Jornada Maya M\u00e9rida, Yucat\u00e1n Respecto a la impugnaci\u00f3n que realiz\u00f3 la Presidencia de la Rep\u00fablica y el apoderado de la Naci\u00f3n Financiera (Nafin), contra la suspensi\u00f3n provisional del proyecto de Tren Maya, la asesora jur\u00eddica\u2026","rel":"","context":"En &quot;16. Pueblo Maya&quot;","block_context":{"text":"16. Pueblo Maya","link":"https:\/\/www.grieta.org.mx\/index.php\/category\/espejos-de-la-resistencia\/16-pueblo-maya\/"},"img":{"alt_text":"","src":"https:\/\/i0.wp.com\/www.grieta.org.mx\/wp-content\/uploads\/2020\/02\/TrenMallaCampeche.png?resize=350%2C200&ssl=1","width":350,"height":200,"srcset":"https:\/\/i0.wp.com\/www.grieta.org.mx\/wp-content\/uploads\/2020\/02\/TrenMallaCampeche.png?resize=350%2C200&ssl=1 1x, https:\/\/i0.wp.com\/www.grieta.org.mx\/wp-content\/uploads\/2020\/02\/TrenMallaCampeche.png?resize=525%2C300&ssl=1 1.5x, https:\/\/i0.wp.com\/www.grieta.org.mx\/wp-content\/uploads\/2020\/02\/TrenMallaCampeche.png?resize=700%2C400&ssl=1 2x"},"classes":[]},{"id":53133,"url":"https:\/\/www.grieta.org.mx\/index.php\/2020\/09\/07\/pasos-de-fauna-del-tren-maya-serian-construidos-despues-de-atropellamientos-de-animales-denuncian\/","url_meta":{"origin":52142,"position":5},"title":"Pasos de fauna del Tren Maya ser\u00edan construidos despu\u00e9s de atropellamientos de animales, denuncian","author":"grieta","date":"7 septiembre, 2020","format":false,"excerpt":"Itzel Chan \/ Noticaribe M\u00c9RIDA, MX.- Aunque en la Manifestaci\u00f3n de Impacto Ambiental (MIA) regional del Tren Maya, s\u00ed se establece que se construir\u00e1n pasos de fauna en los tramos que abarca el proyecto, \u00e9stos ser\u00e1n construidos de acuerdo al n\u00famero de atropellamientos de animales que se presenten. De acuerdo\u2026","rel":"","context":"En &quot;Campeche&quot;","block_context":{"text":"Campeche","link":"https:\/\/www.grieta.org.mx\/index.php\/category\/noticias-nacionales\/campeche\/"},"img":{"alt_text":"","src":"https:\/\/i0.wp.com\/www.grieta.org.mx\/wp-content\/uploads\/2020\/09\/PasosFauna-e1599672131119.png?resize=350%2C200&ssl=1","width":350,"height":200,"srcset":"https:\/\/i0.wp.com\/www.grieta.org.mx\/wp-content\/uploads\/2020\/09\/PasosFauna-e1599672131119.png?resize=350%2C200&ssl=1 1x, https:\/\/i0.wp.com\/www.grieta.org.mx\/wp-content\/uploads\/2020\/09\/PasosFauna-e1599672131119.png?resize=525%2C300&ssl=1 1.5x, https:\/\/i0.wp.com\/www.grieta.org.mx\/wp-content\/uploads\/2020\/09\/PasosFauna-e1599672131119.png?resize=700%2C400&ssl=1 2x"},"classes":[]}],"_links":{"self":[{"href":"https:\/\/www.grieta.org.mx\/index.php\/wp-json\/wp\/v2\/posts\/52142","targetHints":{"allow":["GET"]}}],"collection":[{"href":"https:\/\/www.grieta.org.mx\/index.php\/wp-json\/wp\/v2\/posts"}],"about":[{"href":"https:\/\/www.grieta.org.mx\/index.php\/wp-json\/wp\/v2\/types\/post"}],"author":[{"embeddable":true,"href":"https:\/\/www.grieta.org.mx\/index.php\/wp-json\/wp\/v2\/users\/2"}],"replies":[{"embeddable":true,"href":"https:\/\/www.grieta.org.mx\/index.php\/wp-json\/wp\/v2\/comments?post=52142"}],"version-history":[{"count":1,"href":"https:\/\/www.grieta.org.mx\/index.php\/wp-json\/wp\/v2\/posts\/52142\/revisions"}],"predecessor-version":[{"id":52144,"href":"https:\/\/www.grieta.org.mx\/index.php\/wp-json\/wp\/v2\/posts\/52142\/revisions\/52144"}],"wp:featuredmedia":[{"embeddable":true,"href":"https:\/\/www.grieta.org.mx\/index.php\/wp-json\/wp\/v2\/media\/52143"}],"wp:attachment":[{"href":"https:\/\/www.grieta.org.mx\/index.php\/wp-json\/wp\/v2\/media?parent=52142"}],"wp:term":[{"taxonomy":"category","embeddable":true,"href":"https:\/\/www.grieta.org.mx\/index.php\/wp-json\/wp\/v2\/categories?post=52142"},{"taxonomy":"post_tag","embeddable":true,"href":"https:\/\/www.grieta.org.mx\/index.php\/wp-json\/wp\/v2\/tags?post=52142"}],"curies":[{"name":"wp","href":"https:\/\/api.w.org\/{rel}","templated":true}]}}