{"id":52083,"date":"2020-07-15T13:23:41","date_gmt":"2020-07-15T18:23:41","guid":{"rendered":"http:\/\/www.grieta.org.mx\/?p=52083"},"modified":"2020-07-26T13:28:10","modified_gmt":"2020-07-26T18:28:10","slug":"denuncian-amenazas-de-caciques-contra-comunidades-odami-en-chihuahua","status":"publish","type":"post","link":"https:\/\/www.grieta.org.mx\/index.php\/2020\/07\/15\/denuncian-amenazas-de-caciques-contra-comunidades-odami-en-chihuahua\/","title":{"rendered":"Denuncian amenazas de caciques contra comunidades \u00f3dami, en Chihuahua"},"content":{"rendered":"<p>Proceso<br \/>\nPatricia Mayorga<br \/>\n<img loading=\"lazy\" decoding=\"async\" data-attachment-id=\"52084\" data-permalink=\"https:\/\/www.grieta.org.mx\/index.php\/2020\/07\/15\/denuncian-amenazas-de-caciques-contra-comunidades-odami-en-chihuahua\/mesa-colorada-870x522\/\" data-orig-file=\"https:\/\/www.grieta.org.mx\/wp-content\/uploads\/2020\/07\/Mesa-Colorada-870x522.jpg\" data-orig-size=\"870,522\" data-comments-opened=\"0\" data-image-meta=\"{&quot;aperture&quot;:&quot;0&quot;,&quot;credit&quot;:&quot;&quot;,&quot;camera&quot;:&quot;&quot;,&quot;caption&quot;:&quot;&quot;,&quot;created_timestamp&quot;:&quot;0&quot;,&quot;copyright&quot;:&quot;&quot;,&quot;focal_length&quot;:&quot;0&quot;,&quot;iso&quot;:&quot;0&quot;,&quot;shutter_speed&quot;:&quot;0&quot;,&quot;title&quot;:&quot;&quot;,&quot;orientation&quot;:&quot;1&quot;}\" data-image-title=\"Mesa-Colorada-870&amp;#215;522\" data-image-description=\"\" data-image-caption=\"\" data-medium-file=\"https:\/\/www.grieta.org.mx\/wp-content\/uploads\/2020\/07\/Mesa-Colorada-870x522-300x180.jpg\" data-large-file=\"https:\/\/www.grieta.org.mx\/wp-content\/uploads\/2020\/07\/Mesa-Colorada-870x522.jpg\" src=\"http:\/\/www.grieta.org.mx\/wp-content\/uploads\/2020\/07\/Mesa-Colorada-870x522.jpg\" alt=\"\" width=\"870\" height=\"522\" class=\"aligncenter size-full wp-image-52084\" srcset=\"https:\/\/www.grieta.org.mx\/wp-content\/uploads\/2020\/07\/Mesa-Colorada-870x522.jpg 870w, https:\/\/www.grieta.org.mx\/wp-content\/uploads\/2020\/07\/Mesa-Colorada-870x522-300x180.jpg 300w, https:\/\/www.grieta.org.mx\/wp-content\/uploads\/2020\/07\/Mesa-Colorada-870x522-768x461.jpg 768w, https:\/\/www.grieta.org.mx\/wp-content\/uploads\/2020\/07\/Mesa-Colorada-870x522-833x500.jpg 833w\" sizes=\"auto, (max-width: 870px) 100vw, 870px\" \/><br \/>\nMesa Colorada, en Chihuahua. Foto: Especial Proceso<\/p>\n<p>CIUDAD DE M\u00c9XICO (apro).- La comunidad Mesa Colorada, localizada en el municipio de Guadalupe y Calvo, Chihuahua, denunci\u00f3 que a base de amenazas los hermanos Cornelio y Aurelio Alderete Arciniega pretenden despojarlos de su territorio, sin que las autoridades estatales y federales hagan algo por frenarlos.<\/p>\n<p>El pasado 3 de julio, los hermanos Alderete Arciniega, denunciados anteriormente por la comunidad de la Sierra Tarahumara, llegaron con armas de grueso calibre a Mesa Colorada, para reforzar un cerco con el que pretenden despojar de su territorio a los pobladores de las comunidades \u00f3dami.<\/p>\n<p>Con las armas forzaron a la gente a sacar su ganado y los amenazaron que, de no hacerlo, llevar\u00edan a los animales a las parcelas de ma\u00edz y frijol.<\/p>\n<p>Las amenazas se dirigieron espec\u00edficamente a dos personas de la localidad, y luego lo hicieron con otro integrante de la comunidad \u00f3dami, beneficiario del Mecanismo de Protecci\u00f3n para Personas Defensoras de Derechos Humanos y Periodistas, e integrante de la Alianza Sierra Madre, asociaci\u00f3n que da acompa\u00f1amiento jur\u00eddico a la comunidad.<\/p>\n<p>Alianza Sierra Madre inform\u00f3 que actualmente la Fiscal\u00eda General del estado (FGE) de Chihuahua tiene abiertas 18 carpetas de investigaci\u00f3n por diversos delitos cometidos por los hermanos Alderete Arciniega contra habitantes de las comunidades Cord\u00f3n de la Cruz, Mesa Colorada y el Tepoz\u00e1n, del municipio de Guadalupe y Calvo, en el Tri\u00e1ngulo Dorado.<\/p>\n<p>Refiri\u00f3 que en 2013 los hermanos caciques solicitaron a la Secretar\u00eda de Desarrollo Agrario, Territorial y Urbano (Sedatu) la enajenaci\u00f3n y venta de supuestos terrenos nacionales que se encuentran en posesi\u00f3n de las comunidades ind\u00edgenas Mesa Colorada, Cord\u00f3n de la Cruz y El Tepoz\u00e1n.<\/p>\n<p>\u201cSin embargo, en este proceso ocultaron informaci\u00f3n respecto a la existencia y permanencia de las comunidades \u00f3dami, quienes no ten\u00edan conocimiento de lo que estaba sucediendo en ese entonces\u201d, indic\u00f3 la organizaci\u00f3n.<\/p>\n<p>Tres a\u00f1os despu\u00e9s los hermanos Alderete empezaron a cercar los l\u00edmites de la superficie ocupada por las comunidades e instalaron un campamento con gente armada para impedir el libre tr\u00e1nsito de los pobladores, sacaron su ganado vacuno y los despojaron de sus tierras.<\/p>\n<p>Las 18 carpetas que tiene la FGE son de 2016 a la fecha, por los delitos de despojo, lesiones, robo de ganado, amenazas y da\u00f1os a la propiedad. Todas las investigaciones contin\u00faan abiertas y hasta ahora no hay una sola persona vinculada a proceso.<\/p>\n<p>De acuerdo con la organizaci\u00f3n, el 11 de octubre de 2019 la Sedatu se comprometi\u00f3 ante la Secretar\u00eda de Gobernaci\u00f3n, en la Ciudad de M\u00e9xico, a emitir un dictamen sobre el caso en los tres meses siguientes, pero ocho meses despu\u00e9s no ha hecho nada, mientras las agresiones se incrementan.<\/p>\n<p>El 18 del mismo mes las comunidades \u00f3dami realizaron una audiencia p\u00fablica con autoridades de los tres niveles de gobierno, donde aclararon que los hermanos no son due\u00f1os de los territorios ocupados por los pueblos.<\/p>\n<p>\u201cLa violencia ejercida por los Alderete Arciniega ha provocado el desplazamiento de miembros de las comunidades y sus familias, en tanto que, por el retardo de la Fiscal\u00eda en la integraci\u00f3n de las carpetas de investigaci\u00f3n por los delitos cometidos, los perpetradores contin\u00faan impunes\u201d, denunci\u00f3 Alianza Sierra Madre.<\/p>\n<p>Asimismo, la Red de Defensa de Territorios Ind\u00edgenas de la Sierra Tarahumara exigi\u00f3 la actuaci\u00f3n inmediata y responsabiliz\u00f3 a las autoridades de la integridad f\u00edsica de los pobladores y del personal de Alianza Sierra Madre.<\/p>\n<p>En un comunicado pidi\u00f3 operar de forma inmediata las acciones necesarias, en coordinaci\u00f3n con la FGE y cuerpos de seguridad, para garantizar la vida e integridad f\u00edsica de los habitantes de las comunidades \u00f3dami.<\/p>\n<p>Asimismo, que a los beneficiarios se les proporcione un plan de protecci\u00f3n que garantice su vida e integridad personal y de sus familias, y que la Sedatu cumpla con los acuerdos firmados para dar el dictamen de inviabilidad a la solicitud de enajenaci\u00f3n de terrenos nacionales de Aurelio y Alejandro Alderete Arcinieg<\/p>\n<p><a href=\"https:\/\/www.proceso.com.mx\/637393\/denuncian-amenazas-de-caciques-contra-comunidades-odami-en-chihuahua\">https:\/\/www.proceso.com.mx\/637393\/denuncian-amenazas-de-caciques-contra-comunidades-odami-en-chihuahua<\/a><\/p>\n","protected":false},"excerpt":{"rendered":"<p>Proceso Patricia Mayorga Mesa Colorada, en Chihuahua. Foto: Especial Proceso CIUDAD DE M\u00c9XICO (apro).- La comunidad Mesa Colorada, localizada en el municipio de Guadalupe y Calvo, Chihuahua, denunci\u00f3 que a &hellip; <a href=\"https:\/\/www.grieta.org.mx\/index.php\/2020\/07\/15\/denuncian-amenazas-de-caciques-contra-comunidades-odami-en-chihuahua\/\" class=\"more-link\">Leer m\u00e1s<\/a><\/p>\n","protected":false},"author":2,"featured_media":21928,"comment_status":"closed","ping_status":"closed","sticky":false,"template":"","format":"standard","meta":{"ngg_post_thumbnail":0,"_jetpack_newsletter_access":"","_jetpack_dont_email_post_to_subs":false,"_jetpack_newsletter_tier_id":0,"_jetpack_memberships_contains_paywalled_content":false,"_jetpack_memberships_contains_paid_content":false,"footnotes":""},"categories":[12,80,2662,2878],"tags":[184],"class_list":["post-52083","post","type-post","status-publish","format-standard","has-post-thumbnail","hentry","category-chihuahua","category-cintillo","category-lucha-y-resistencia-de-los-pueblos-originarios-de-chihuahua","category-odami","tag-despojo","entry"],"jetpack_featured_media_url":"https:\/\/www.grieta.org.mx\/wp-content\/uploads\/2018\/03\/14524434_1106112876131411_958039263622046936_o.jpg","jetpack_sharing_enabled":true,"jetpack_shortlink":"https:\/\/wp.me\/p7ZJR4-dy3","jetpack_likes_enabled":false,"jetpack-related-posts":[{"id":22882,"url":"https:\/\/www.grieta.org.mx\/index.php\/2017\/10\/20\/con-pistoleros-particulares-buscan-despojar-de-sus-tierras-a-comunidades-indigenas-de-chihuahua\/","url_meta":{"origin":52083,"position":0},"title":"Con pistoleros, particulares buscan despojar de sus tierras a comunidades ind\u00edgenas de Chihuahua","author":"grieta","date":"20 octubre, 2017","format":false,"excerpt":"CHIHUAHUA, Chih. (apro).- Casi 30 familias ind\u00edgenas del municipio de Guadalupe y Calvo han sido desplazadas o amenazadas con el despojo de sus tierras por dos particulares identificados como Cornelio y Aurelio Alderete, quienes han movilizado a hombres armados para intimidar a las comunidades de origen tepehuano u \u00f3dami. La\u2026","rel":"","context":"En &quot;Chihuahua&quot;","block_context":{"text":"Chihuahua","link":"https:\/\/www.grieta.org.mx\/index.php\/category\/noticias-nacionales\/chihuahua\/"},"img":{"alt_text":"","src":"https:\/\/i0.wp.com\/www.grieta.org.mx\/wp-content\/uploads\/2018\/03\/14524434_1106112876131411_958039263622046936_o.jpg?resize=350%2C200&ssl=1","width":350,"height":200,"srcset":"https:\/\/i0.wp.com\/www.grieta.org.mx\/wp-content\/uploads\/2018\/03\/14524434_1106112876131411_958039263622046936_o.jpg?resize=350%2C200&ssl=1 1x, https:\/\/i0.wp.com\/www.grieta.org.mx\/wp-content\/uploads\/2018\/03\/14524434_1106112876131411_958039263622046936_o.jpg?resize=525%2C300&ssl=1 1.5x, https:\/\/i0.wp.com\/www.grieta.org.mx\/wp-content\/uploads\/2018\/03\/14524434_1106112876131411_958039263622046936_o.jpg?resize=700%2C400&ssl=1 2x"},"classes":[]},{"id":39381,"url":"https:\/\/www.grieta.org.mx\/index.php\/2019\/09\/11\/yosigai-las-flores-de-guadalupe-y-calvo-que-danzan-en-resistencia-al-desplazamiento-chihuahua\/","url_meta":{"origin":52083,"position":1},"title":"Yos\u00efga\u00ef: Las flores de Guadalupe y Calvo que danzan en resistencia al desplazamiento (Chihuahua)","author":"grieta","date":"11 septiembre, 2019","format":false,"excerpt":"RA\u00cdCHALI Yos\u00efga\u00ef (Las Flores) matach\u00edn \u00f3dami Chihuahua.- Se organizaron para danzar juntas, para resistir juntas. Se sent\u00edan tristes lejos de Baborigame, municipio Guadalupe y Calvo, la tierra que heredaron de sus abuelos y que les fue arrebatada por la violencia que deton\u00f3 el narcotr\u00e1fico en la Sierra Tarahumara. En sus\u2026","rel":"","context":"En &quot;Chihuahua&quot;","block_context":{"text":"Chihuahua","link":"https:\/\/www.grieta.org.mx\/index.php\/category\/noticias-nacionales\/chihuahua\/"},"img":{"alt_text":"","src":"https:\/\/i0.wp.com\/www.grieta.org.mx\/wp-content\/uploads\/2019\/09\/Yos%C3%AFga%C3%AF.jpg?resize=350%2C200&ssl=1","width":350,"height":200,"srcset":"https:\/\/i0.wp.com\/www.grieta.org.mx\/wp-content\/uploads\/2019\/09\/Yos%C3%AFga%C3%AF.jpg?resize=350%2C200&ssl=1 1x, https:\/\/i0.wp.com\/www.grieta.org.mx\/wp-content\/uploads\/2019\/09\/Yos%C3%AFga%C3%AF.jpg?resize=525%2C300&ssl=1 1.5x, https:\/\/i0.wp.com\/www.grieta.org.mx\/wp-content\/uploads\/2019\/09\/Yos%C3%AFga%C3%AF.jpg?resize=700%2C400&ssl=1 2x"},"classes":[]},{"id":63899,"url":"https:\/\/www.grieta.org.mx\/index.php\/2022\/03\/27\/coloradas-de-la-virgen-la-comunidad-de-la-sierra-tarahumara-con-defensores-asesinados-y-familias-desplazadas\/","url_meta":{"origin":52083,"position":2},"title":"Coloradas de la Virgen, la comunidad de la Sierra Tarahumara con defensores asesinados y familias desplazadas","author":"grieta","date":"27 marzo, 2022","format":false,"excerpt":"Thelma G\u00f3mez Dur\u00e1n \/ Mongabay Latinoam\u00e9rica Animal Pol\u00edtica Jos\u00e9 Trinidad Baldenegro ten\u00eda 11 a\u00f1os cuando se qued\u00f3 hu\u00e9rfano de padre. Fue\u00a0en 1986 cuando asesinaron a Julio Baldenegro, ind\u00edgena rar\u00e1muri y gobernador tradicional de Coloradas de la Virgen que se opon\u00eda a que despojaran a su comunidad de su bosque y\u2026","rel":"","context":"En &quot;Chihuahua&quot;","block_context":{"text":"Chihuahua","link":"https:\/\/www.grieta.org.mx\/index.php\/category\/noticias-nacionales\/chihuahua\/"},"img":{"alt_text":"","src":"https:\/\/i0.wp.com\/www.grieta.org.mx\/wp-content\/uploads\/2022\/04\/Isidro-Baldenegro-Goldman-Prize-768x511-1.jpg?resize=350%2C200&ssl=1","width":350,"height":200,"srcset":"https:\/\/i0.wp.com\/www.grieta.org.mx\/wp-content\/uploads\/2022\/04\/Isidro-Baldenegro-Goldman-Prize-768x511-1.jpg?resize=350%2C200&ssl=1 1x, https:\/\/i0.wp.com\/www.grieta.org.mx\/wp-content\/uploads\/2022\/04\/Isidro-Baldenegro-Goldman-Prize-768x511-1.jpg?resize=525%2C300&ssl=1 1.5x, https:\/\/i0.wp.com\/www.grieta.org.mx\/wp-content\/uploads\/2022\/04\/Isidro-Baldenegro-Goldman-Prize-768x511-1.jpg?resize=700%2C400&ssl=1 2x"},"classes":[]},{"id":35688,"url":"https:\/\/www.grieta.org.mx\/index.php\/2019\/06\/23\/sin-territorio-no-somos-nada-sierra-tarahumara-chihuahua\/","url_meta":{"origin":52083,"position":3},"title":"Sin territorio no somos nada (Sierra Tarahumara, Chihuahua)","author":"grieta","date":"23 junio, 2019","format":false,"excerpt":"Quienes defienden la Sierra Tarahumara, una de las zonas boscosas m\u00e1s importantes de M\u00e9xico, se enfrentan al narcotr\u00e1fico, a caciques locales, a la imposici\u00f3n de proyectos extractivos y a la indiferencia gubernamental. Esos defensores son, en su mayor\u00eda, ind\u00edgenas cuya identidad se forj\u00f3 entre monta\u00f1as, barrancos, pinos y manantiales. Sin\u2026","rel":"","context":"En &quot;Chihuahua&quot;","block_context":{"text":"Chihuahua","link":"https:\/\/www.grieta.org.mx\/index.php\/category\/noticias-nacionales\/chihuahua\/"},"img":{"alt_text":"","src":"https:\/\/i0.wp.com\/www.grieta.org.mx\/wp-content\/uploads\/2019\/06\/IMAGEN-13-Hombre-de-Coloradas-de-la-Virgen_Cr%C3%A9dito-Ginnette-Riquelme.jpg?resize=350%2C200&ssl=1","width":350,"height":200},"classes":[]},{"id":35171,"url":"https:\/\/www.grieta.org.mx\/index.php\/2019\/02\/21\/entra-lengua-pima-en-proceso-de-extincion-guarojio-tepehuan-y-raramuri-bajo-amenaza-chihuahua\/","url_meta":{"origin":52083,"position":4},"title":"Entra lengua pima en proceso de extinci\u00f3n; guaroj\u00edo, tepehu\u00e1n y rar\u00e1muri, bajo amenaza (Chihuahua)","author":"grieta","date":"21 febrero, 2019","format":false,"excerpt":"Adriana Alejandra Esquivel, texto, fotos y entrevistas\/ RA\u00cdCHALI En conjunto, las cuatro lenguas maternas que se hablan en Chihuahua est\u00e1n amenazadas. La pima est\u00e1 en etapa moribunda, la guaroj\u00edo ya s\u00f3lo se encuentra en tres municipios, mientras que la rar\u00e1muri y tepehu\u00e1n est\u00e1n divididas en bolsones con vitalidad alta y\u2026","rel":"","context":"En &quot;Chihuahua&quot;","block_context":{"text":"Chihuahua","link":"https:\/\/www.grieta.org.mx\/index.php\/category\/noticias-nacionales\/chihuahua\/"},"img":{"alt_text":"","src":"https:\/\/i0.wp.com\/www.grieta.org.mx\/wp-content\/uploads\/2019\/06\/descarga.jpg?resize=350%2C200","width":350,"height":200},"classes":[]},{"id":49183,"url":"https:\/\/www.grieta.org.mx\/index.php\/2019\/10\/14\/pueblos-indigenas-de-chihuahua-demandan-agua-alimentos-y-respeto-a-su-autonomia\/","url_meta":{"origin":52083,"position":5},"title":"Pueblos ind\u00edgenas de Chihuahua demandan agua, alimentos y respeto a su autonom\u00eda","author":"grieta","date":"14 octubre, 2019","format":false,"excerpt":"Ra\u00edchali Chihuahua \u2013 Los cuatro pueblos originarios de Chihuahua, \u00f3dami, rar\u00e1muri, o\u2019boa y warij\u00f3, han demandado al Estado el respeto a su autonom\u00eda, fuentes de empleo que les permita permanecer en su comunidad, y acceso a servicios b\u00e1sicos como agua y alimentos. Aunque las necesidades var\u00edan por comunidad y etnia,\u2026","rel":"","context":"En &quot;Chihuahua&quot;","block_context":{"text":"Chihuahua","link":"https:\/\/www.grieta.org.mx\/index.php\/category\/noticias-nacionales\/chihuahua\/"},"img":{"alt_text":"","src":"https:\/\/i0.wp.com\/www.grieta.org.mx\/wp-content\/uploads\/2020\/05\/Foto-1-Etnias-de-Chihuahua-Raichali.jpg?resize=350%2C200&ssl=1","width":350,"height":200,"srcset":"https:\/\/i0.wp.com\/www.grieta.org.mx\/wp-content\/uploads\/2020\/05\/Foto-1-Etnias-de-Chihuahua-Raichali.jpg?resize=350%2C200&ssl=1 1x, https:\/\/i0.wp.com\/www.grieta.org.mx\/wp-content\/uploads\/2020\/05\/Foto-1-Etnias-de-Chihuahua-Raichali.jpg?resize=525%2C300&ssl=1 1.5x, https:\/\/i0.wp.com\/www.grieta.org.mx\/wp-content\/uploads\/2020\/05\/Foto-1-Etnias-de-Chihuahua-Raichali.jpg?resize=700%2C400&ssl=1 2x"},"classes":[]}],"_links":{"self":[{"href":"https:\/\/www.grieta.org.mx\/index.php\/wp-json\/wp\/v2\/posts\/52083","targetHints":{"allow":["GET"]}}],"collection":[{"href":"https:\/\/www.grieta.org.mx\/index.php\/wp-json\/wp\/v2\/posts"}],"about":[{"href":"https:\/\/www.grieta.org.mx\/index.php\/wp-json\/wp\/v2\/types\/post"}],"author":[{"embeddable":true,"href":"https:\/\/www.grieta.org.mx\/index.php\/wp-json\/wp\/v2\/users\/2"}],"replies":[{"embeddable":true,"href":"https:\/\/www.grieta.org.mx\/index.php\/wp-json\/wp\/v2\/comments?post=52083"}],"version-history":[{"count":1,"href":"https:\/\/www.grieta.org.mx\/index.php\/wp-json\/wp\/v2\/posts\/52083\/revisions"}],"predecessor-version":[{"id":52085,"href":"https:\/\/www.grieta.org.mx\/index.php\/wp-json\/wp\/v2\/posts\/52083\/revisions\/52085"}],"wp:featuredmedia":[{"embeddable":true,"href":"https:\/\/www.grieta.org.mx\/index.php\/wp-json\/wp\/v2\/media\/21928"}],"wp:attachment":[{"href":"https:\/\/www.grieta.org.mx\/index.php\/wp-json\/wp\/v2\/media?parent=52083"}],"wp:term":[{"taxonomy":"category","embeddable":true,"href":"https:\/\/www.grieta.org.mx\/index.php\/wp-json\/wp\/v2\/categories?post=52083"},{"taxonomy":"post_tag","embeddable":true,"href":"https:\/\/www.grieta.org.mx\/index.php\/wp-json\/wp\/v2\/tags?post=52083"}],"curies":[{"name":"wp","href":"https:\/\/api.w.org\/{rel}","templated":true}]}}