{"id":52058,"date":"2020-07-23T11:11:40","date_gmt":"2020-07-23T16:11:40","guid":{"rendered":"http:\/\/www.grieta.org.mx\/?p=52058"},"modified":"2020-07-26T11:19:48","modified_gmt":"2020-07-26T16:19:48","slug":"vecinos-se-enfrentan-a-policias-para-detener-tala-de-arboles-en-atizapan-estado-de-mexico","status":"publish","type":"post","link":"https:\/\/www.grieta.org.mx\/index.php\/2020\/07\/23\/vecinos-se-enfrentan-a-policias-para-detener-tala-de-arboles-en-atizapan-estado-de-mexico\/","title":{"rendered":"VECINOS SE ENFRENTAN A POLIC\u00cdAS PARA DETENER TALA DE \u00c1RBOLES EN ATIZAP\u00c1N (Estado de M\u00e9xico)"},"content":{"rendered":"<p><img loading=\"lazy\" decoding=\"async\" data-attachment-id=\"52059\" data-permalink=\"https:\/\/www.grieta.org.mx\/index.php\/2020\/07\/23\/vecinos-se-enfrentan-a-policias-para-detener-tala-de-arboles-en-atizapan-estado-de-mexico\/vecinos-se-enfrentan-a-policias-para-detener-tala-de-arboles-en-atizapan-edomex-jul\/\" data-orig-file=\"https:\/\/www.grieta.org.mx\/wp-content\/uploads\/2020\/07\/VECINOS-SE-ENFRENTAN-A-POLIC\u00cdAS-PARA-DETENER-TALA-DE-\u00c1RBOLES-EN-ATIZAP\u00c1N-edomex-jul.jpg\" data-orig-size=\"286,177\" data-comments-opened=\"0\" data-image-meta=\"{&quot;aperture&quot;:&quot;0&quot;,&quot;credit&quot;:&quot;&quot;,&quot;camera&quot;:&quot;&quot;,&quot;caption&quot;:&quot;&quot;,&quot;created_timestamp&quot;:&quot;0&quot;,&quot;copyright&quot;:&quot;&quot;,&quot;focal_length&quot;:&quot;0&quot;,&quot;iso&quot;:&quot;0&quot;,&quot;shutter_speed&quot;:&quot;0&quot;,&quot;title&quot;:&quot;&quot;,&quot;orientation&quot;:&quot;0&quot;}\" data-image-title=\"VECINOS SE ENFRENTAN A POLIC\u00cdAS PARA DETENER TALA DE \u00c1RBOLES EN ATIZAP\u00c1N edomex jul\" data-image-description=\"\" data-image-caption=\"\" data-medium-file=\"https:\/\/www.grieta.org.mx\/wp-content\/uploads\/2020\/07\/VECINOS-SE-ENFRENTAN-A-POLIC\u00cdAS-PARA-DETENER-TALA-DE-\u00c1RBOLES-EN-ATIZAP\u00c1N-edomex-jul.jpg\" data-large-file=\"https:\/\/www.grieta.org.mx\/wp-content\/uploads\/2020\/07\/VECINOS-SE-ENFRENTAN-A-POLIC\u00cdAS-PARA-DETENER-TALA-DE-\u00c1RBOLES-EN-ATIZAP\u00c1N-edomex-jul.jpg\" class=\"aligncenter size-full wp-image-52059\" src=\"http:\/\/www.grieta.org.mx\/wp-content\/uploads\/2020\/07\/VECINOS-SE-ENFRENTAN-A-POLIC\u00cdAS-PARA-DETENER-TALA-DE-\u00c1RBOLES-EN-ATIZAP\u00c1N-edomex-jul.jpg\" alt=\"\" width=\"286\" height=\"177\" \/><br \/>\nImagen tomada de: www.reporteindigo.com<\/p>\n<p>Reporte \u00cdndigo<\/p>\n<blockquote><p>Desde abril, colonos de Lomas de Atizap\u00e1n rechazan el proyecto argumentando que el puente vehicular no resuelve el problema de congestionamiento vial en la zona<\/p><\/blockquote>\n<p>Vecinos de Lomas de Atizap\u00e1n se enfrentaron con polic\u00edas tras oponerse a la construcci\u00f3n de un puente vehicular sobre la avenida Adolfo Ruiz Cortines, Estado de M\u00e9xico.<\/p>\n<p>Los hechos ocurrieron la ma\u00f1ana de este jueves cuando trabajadores con m\u00e1quinas de trascabo y granaderos llegaron al lugar para iniciar la construcci\u00f3n de la obra.<\/p>\n<p>A la avenida Adolfo Ruiz Cortines tambi\u00e9n arribaron por lo menos 50 j\u00f3venes vestidos de civil que se dispersaron en la zona, el lugar fue acordonado.<\/p>\n<blockquote><p>Con estos videos quiero evidenciar la prepotencia de Ruth Olvera Presidenta Municipal de Atizap\u00e1n de Zaragoza, ha mandado talar \u00e1rboles y destruir literalmente el asfalto, ha mandado tambi\u00e9n grupos de choque para intimidar, esa manta NO la pusimos los residentes de Lomas!!! pic.twitter.com\/Zvyu1xiCOf<br \/>\n\u2014 Jes\u00fas Alfredo Trejo Vera (@JessAlfredoTre1) July 23, 2020<\/p><\/blockquote>\n<p>Posteriormente, varias personas salieron de sus casas para encarar a las autoridades, argumentando que no les avisaron sobre el inicio de la obra.<\/p>\n<p>Colonos acusaron que la obra los afectar\u00eda al fracturar la vialidad y talar los \u00e1rboles de la zona.<\/p>\n<p>Incluso, se\u00f1alaron que la obra cuenta con una suspensi\u00f3n provisional emitida por un juez federal en materia de amparos de fecha 28 de abril de este a\u00f1o, por lo que la construcci\u00f3n no debi\u00f3 comenzar.<\/p>\n<p>Tras las protestas, alrededor de 300 polic\u00edas antimotines llegaron a la zona para dispersar a los manifestantes.<\/p>\n<p>Adem\u00e1s, dos civiles, de 27 y 29 a\u00f1os de edad, fueron detenidos por la polic\u00eda municipal tras oponerse a la construcci\u00f3n de la obra p\u00fablica.<\/p>\n<p>Desde abril de este a\u00f1o, colonos de Lomas de Atizap\u00e1n rechazan el proyecto al argumentar que no resuelve el problema de congestionamiento vial en la regi\u00f3n.<\/p>\n<blockquote><p>Desde las 08:00 horas, un grupo de 100 personas ajenas y un centenar de polic\u00edas arribaron a Lomas de #Atizap\u00e1n para iniciar con las labores de construcci\u00f3n de un nuevo puente. Nuevamente, detuvieron a al menos dos vecinos que se oponen a dicho distribuidor. pic.twitter.com\/SMTf3G3e8B<br \/>\n\u2014 Isaac Ram\u00edrez (@Caasi201) July 23, 2020<\/p><\/blockquote>\n<p><a href=\"https:\/\/www.reporteindigo.com\/reporte\/vecinos-se-enfrentan-a-policias-para-detener-tala-de-arboles-en-atizapan\/\" target=\"_blank\" rel=\"noopener noreferrer\">https:\/\/www.reporteindigo.com\/reporte\/vecinos-se-enfrentan-a-policias-para-detener-tala-de-arboles-en-atizapan\/<\/a><\/p>\n","protected":false},"excerpt":{"rendered":"<p>Imagen tomada de: www.reporteindigo.com Reporte \u00cdndigo Desde abril, colonos de Lomas de Atizap\u00e1n rechazan el proyecto argumentando que el puente vehicular no resuelve el problema de congestionamiento vial en la &hellip; <a href=\"https:\/\/www.grieta.org.mx\/index.php\/2020\/07\/23\/vecinos-se-enfrentan-a-policias-para-detener-tala-de-arboles-en-atizapan-estado-de-mexico\/\" class=\"more-link\">Leer m\u00e1s<\/a><\/p>\n","protected":false},"author":2,"featured_media":52059,"comment_status":"closed","ping_status":"closed","sticky":false,"template":"","format":"standard","meta":{"ngg_post_thumbnail":0,"_jetpack_newsletter_access":"","_jetpack_dont_email_post_to_subs":false,"_jetpack_newsletter_tier_id":0,"_jetpack_memberships_contains_paywalled_content":false,"_jetpack_memberships_contains_paid_content":false,"footnotes":""},"categories":[2798,80,16,2389,1729,3035,2],"tags":[223],"class_list":["post-52058","post","type-post","status-publish","format-standard","has-post-thumbnail","hentry","category-abuso-policiaco-y-tortura-en-el-estado-de-mexico","category-cintillo","category-estado-de-mexico","category-legalizacion-de-la-tala-de-arboles-en-el-estado-de-mexico","category-lucha-y-resistencia-del-pueblo-en-el-estado-de-mexico","category-movilizaciones-y-protestas-de-habitantes-en-el-estado-de-mexico","category-noticias-nacionales","tag-ecocidio","entry"],"jetpack_featured_media_url":"https:\/\/www.grieta.org.mx\/wp-content\/uploads\/2020\/07\/VECINOS-SE-ENFRENTAN-A-POLIC\u00cdAS-PARA-DETENER-TALA-DE-\u00c1RBOLES-EN-ATIZAP\u00c1N-edomex-jul.jpg","jetpack_sharing_enabled":true,"jetpack_shortlink":"https:\/\/wp.me\/p7ZJR4-dxE","jetpack_likes_enabled":false,"jetpack-related-posts":[{"id":47834,"url":"https:\/\/www.grieta.org.mx\/index.php\/2020\/04\/12\/talan-arboles-y-granaderos-agreden-a-vecinos-en-lomas-de-atizapan-en-plena-contingencia-estado-de-mexico\/","url_meta":{"origin":52058,"position":0},"title":"Talan \u00e1rboles y granaderos agreden a vecinos en Lomas de Atizap\u00e1n en plena contingencia (Estado de M\u00e9xico)","author":"grieta","date":"12 abril, 2020","format":false,"excerpt":"Foto: Vecino de Lomas de Atizap\u00e1n Tripulante En plena contingencia, grupos de vecinos reportaron tala de \u00e1rboles por la madrugada para la construcci\u00f3n de un puente vehicular en el fraccionamiento Lomas de Atizap\u00e1n, en el Estado de M\u00e9xico, con ayuda de granaderos y la Guardia Nacional. Foto: Vecino de Lomas\u2026","rel":"","context":"En &quot;Abuso policiaco y tortura en el Estado de M\u00e9xico&quot;","block_context":{"text":"Abuso policiaco y tortura en el Estado de M\u00e9xico","link":"https:\/\/www.grieta.org.mx\/index.php\/category\/noticias-nacionales\/estado-de-mexico\/abuso-policiaco-y-tortura-en-el-estado-de-mexico\/"},"img":{"alt_text":"","src":"https:\/\/i0.wp.com\/www.grieta.org.mx\/wp-content\/uploads\/2020\/04\/Talan-%C3%A1rboles-y-granaderos-agreden-a-vecinos-en-Lomas-de-Atizap%C3%A1n-en-plena-contingencia-edomex-abr.jpg?resize=350%2C200&ssl=1","width":350,"height":200,"srcset":"https:\/\/i0.wp.com\/www.grieta.org.mx\/wp-content\/uploads\/2020\/04\/Talan-%C3%A1rboles-y-granaderos-agreden-a-vecinos-en-Lomas-de-Atizap%C3%A1n-en-plena-contingencia-edomex-abr.jpg?resize=350%2C200&ssl=1 1x, https:\/\/i0.wp.com\/www.grieta.org.mx\/wp-content\/uploads\/2020\/04\/Talan-%C3%A1rboles-y-granaderos-agreden-a-vecinos-en-Lomas-de-Atizap%C3%A1n-en-plena-contingencia-edomex-abr.jpg?resize=525%2C300&ssl=1 1.5x, https:\/\/i0.wp.com\/www.grieta.org.mx\/wp-content\/uploads\/2020\/04\/Talan-%C3%A1rboles-y-granaderos-agreden-a-vecinos-en-Lomas-de-Atizap%C3%A1n-en-plena-contingencia-edomex-abr.jpg?resize=700%2C400&ssl=1 2x"},"classes":[]},{"id":47564,"url":"https:\/\/www.grieta.org.mx\/index.php\/2020\/03\/30\/protestan-medicos-de-hospitales-de-naucalpan-atizapan-y-coacalco-por-falta-de-insumos-estado-de-mexico\/","url_meta":{"origin":52058,"position":1},"title":"Protestan m\u00e9dicos de hospitales de Naucalpan, Atizap\u00e1n y Coacalco por falta de insumos (Estado de M\u00e9xico)","author":"grieta","date":"30 marzo, 2020","format":false,"excerpt":"Foto: Patricia Venegas \/ El Sol de Toluca Patricia Venegas \/ El Sol de Toluca Temen personal del sector salud infectarse por el COVID-19 M\u00e9dicos y enfermeras de los Hospitales Generales Salvador Gonz\u00e1lez Herrejon de Atizap\u00e1n, Maximiliano Ruiz Casta\u00f1eda de Naucalpan y del Centro de Salud de Coacalco realizaron protestas\u2026","rel":"","context":"En &quot;CINTILLO&quot;","block_context":{"text":"CINTILLO","link":"https:\/\/www.grieta.org.mx\/index.php\/category\/cintillo\/"},"img":{"alt_text":"","src":"https:\/\/i0.wp.com\/www.grieta.org.mx\/wp-content\/uploads\/2020\/04\/Protestan-m%C3%A9dicos-de-hospitales-de-Naucalpan-Atizap%C3%A1n-y-Coacalco-por-falta-de-insumos-edomex-abr.jpg?resize=350%2C200&ssl=1","width":350,"height":200,"srcset":"https:\/\/i0.wp.com\/www.grieta.org.mx\/wp-content\/uploads\/2020\/04\/Protestan-m%C3%A9dicos-de-hospitales-de-Naucalpan-Atizap%C3%A1n-y-Coacalco-por-falta-de-insumos-edomex-abr.jpg?resize=350%2C200&ssl=1 1x, https:\/\/i0.wp.com\/www.grieta.org.mx\/wp-content\/uploads\/2020\/04\/Protestan-m%C3%A9dicos-de-hospitales-de-Naucalpan-Atizap%C3%A1n-y-Coacalco-por-falta-de-insumos-edomex-abr.jpg?resize=525%2C300&ssl=1 1.5x, https:\/\/i0.wp.com\/www.grieta.org.mx\/wp-content\/uploads\/2020\/04\/Protestan-m%C3%A9dicos-de-hospitales-de-Naucalpan-Atizap%C3%A1n-y-Coacalco-por-falta-de-insumos-edomex-abr.jpg?resize=700%2C400&ssl=1 2x"},"classes":[]},{"id":38941,"url":"https:\/\/www.grieta.org.mx\/index.php\/2019\/09\/05\/la-fiscalia-de-del-mazo-despoja-a-30-familias-de-predio-para-obra-de-empresa-cercana-a-pena-acusan\/","url_meta":{"origin":52058,"position":2},"title":"La Fiscal\u00eda de Del Mazo despoja a 30 familias de predio para obra de empresa cercana a Pe\u00f1a, acusan","author":"grieta","date":"5 septiembre, 2019","format":false,"excerpt":"Dulce Olvera\/SinEmbargo Desde hace 13 a\u00f1os, alrededor de 30 familias viv\u00edan en el predio La Pedrera, en la zona boscosa de Atizap\u00e1n, Estado de M\u00e9xico. En 2016 iniciaron un litigio con Nacional Financiera para adquirir la propiedad y desarrollar vivienda social. Sin embargo, en noviembre elementos de la Fiscal\u00eda mexiquense\u2026","rel":"","context":"En &quot;CINTILLO&quot;","block_context":{"text":"CINTILLO","link":"https:\/\/www.grieta.org.mx\/index.php\/category\/cintillo\/"},"img":{"alt_text":"","src":"https:\/\/i0.wp.com\/www.grieta.org.mx\/wp-content\/uploads\/2019\/09\/casa-asegurada.jpeg?resize=350%2C200&ssl=1","width":350,"height":200,"srcset":"https:\/\/i0.wp.com\/www.grieta.org.mx\/wp-content\/uploads\/2019\/09\/casa-asegurada.jpeg?resize=350%2C200&ssl=1 1x, https:\/\/i0.wp.com\/www.grieta.org.mx\/wp-content\/uploads\/2019\/09\/casa-asegurada.jpeg?resize=525%2C300&ssl=1 1.5x, https:\/\/i0.wp.com\/www.grieta.org.mx\/wp-content\/uploads\/2019\/09\/casa-asegurada.jpeg?resize=700%2C400&ssl=1 2x"},"classes":[]},{"id":48749,"url":"https:\/\/www.grieta.org.mx\/index.php\/2020\/05\/04\/fuerza-publica-usada-contra-la-poblacion-de-tlalnepantla-estado-de-mexico\/","url_meta":{"origin":52058,"position":3},"title":"Fuerza p\u00fablica usada contra la Poblaci\u00f3n de Tlalnepantla. (Estado de M\u00e9xico)","author":"grieta","date":"4 mayo, 2020","format":false,"excerpt":"Vecinos de Atizap\u00e1n Elementos de la polic\u00eda municipal y estatal as\u00ed como de la Guardia Nacional retiran con violencia a los vendedores a quienes incluso, les decomisan sus productos o se los dejan inservibles El gobierno municipal de Tlalnepantla, Estado de M\u00e9xico, encabezado por Raciel P\u00e9rez, orden\u00f3 retirar, mediante el\u2026","rel":"","context":"En &quot;Abuso policiaco y tortura en el Estado de M\u00e9xico&quot;","block_context":{"text":"Abuso policiaco y tortura en el Estado de M\u00e9xico","link":"https:\/\/www.grieta.org.mx\/index.php\/category\/noticias-nacionales\/estado-de-mexico\/abuso-policiaco-y-tortura-en-el-estado-de-mexico\/"},"img":{"alt_text":"","src":"https:\/\/i0.wp.com\/www.grieta.org.mx\/wp-content\/uploads\/2020\/05\/gn-tlalne.png?resize=350%2C200&ssl=1","width":350,"height":200,"srcset":"https:\/\/i0.wp.com\/www.grieta.org.mx\/wp-content\/uploads\/2020\/05\/gn-tlalne.png?resize=350%2C200&ssl=1 1x, https:\/\/i0.wp.com\/www.grieta.org.mx\/wp-content\/uploads\/2020\/05\/gn-tlalne.png?resize=525%2C300&ssl=1 1.5x, https:\/\/i0.wp.com\/www.grieta.org.mx\/wp-content\/uploads\/2020\/05\/gn-tlalne.png?resize=700%2C400&ssl=1 2x, https:\/\/i0.wp.com\/www.grieta.org.mx\/wp-content\/uploads\/2020\/05\/gn-tlalne.png?resize=1050%2C600&ssl=1 3x"},"classes":[]},{"id":33721,"url":"https:\/\/www.grieta.org.mx\/index.php\/2019\/05\/11\/fue-un-ecocidio-premeditado-vecinos-del-pueblo-de-xoco-narran-tala-irregular-de-arboles-ciudad-de-mexico\/","url_meta":{"origin":52058,"position":4},"title":"\u201cFue un ecocidio premeditado\u201d: vecinos del Pueblo de Xoco narran tala irregular de \u00e1rboles (Ciudad de M\u00e9xico)","author":"grieta","date":"11 mayo, 2019","format":false,"excerpt":"Siboney Flores\/Animal Pol\u00edtico Vecino cuentan como apenas un d\u00eda antes de lo que llaman uno de los peores \u201cecocidios\u201d de la ciudad, se percataron que los trabajadores de la constructora ya hab\u00edan talado \u00e1rboles. A los vecinos del Pueblo de Xoco nadie les saca de la cabeza que la tala\u2026","rel":"","context":"En &quot;CINTILLO&quot;","block_context":{"text":"CINTILLO","link":"https:\/\/www.grieta.org.mx\/index.php\/category\/cintillo\/"},"img":{"alt_text":"","src":"https:\/\/i0.wp.com\/www.grieta.org.mx\/wp-content\/uploads\/2019\/05\/2876F1A5-E16B-4770-A4B1-1D041EC12F56.jpeg?resize=350%2C200&ssl=1","width":350,"height":200,"srcset":"https:\/\/i0.wp.com\/www.grieta.org.mx\/wp-content\/uploads\/2019\/05\/2876F1A5-E16B-4770-A4B1-1D041EC12F56.jpeg?resize=350%2C200&ssl=1 1x, https:\/\/i0.wp.com\/www.grieta.org.mx\/wp-content\/uploads\/2019\/05\/2876F1A5-E16B-4770-A4B1-1D041EC12F56.jpeg?resize=525%2C300&ssl=1 1.5x, https:\/\/i0.wp.com\/www.grieta.org.mx\/wp-content\/uploads\/2019\/05\/2876F1A5-E16B-4770-A4B1-1D041EC12F56.jpeg?resize=700%2C400&ssl=1 2x"},"classes":[]},{"id":60903,"url":"https:\/\/www.grieta.org.mx\/index.php\/2021\/07\/21\/denuncian-tala-inmoderada-de-bosque-en-valle-de-bravo-edomex\/","url_meta":{"origin":52058,"position":5},"title":"Denuncian tala inmoderada de bosque en Valle de Bravo (EdoMex)","author":"grieta","date":"21 julio, 2021","format":false,"excerpt":"Foto: Cortes\u00eda Comuneros de Acatl\u00e1n Rodrigo Miranda \/ El Sol de Toluca Comuneros de Acatitl\u00e1n denuncian que varios \u00e1rboles ubicados en una zona protegida, han sido derribados debido a varias obras que se realizan en la zona Comuneros de Acatitl\u00e1n, en Valle de Bravo, denunciaron una incontrolable tala de \u00e1rboles\u2026","rel":"","context":"En &quot;CINTILLO&quot;","block_context":{"text":"CINTILLO","link":"https:\/\/www.grieta.org.mx\/index.php\/category\/cintillo\/"},"img":{"alt_text":"","src":"https:\/\/i0.wp.com\/www.grieta.org.mx\/wp-content\/uploads\/2021\/08\/Denuncian-tala-inmoderada-de-bosque-en-Valle-de-Bravo-edomex-ago.jpg?resize=350%2C200&ssl=1","width":350,"height":200,"srcset":"https:\/\/i0.wp.com\/www.grieta.org.mx\/wp-content\/uploads\/2021\/08\/Denuncian-tala-inmoderada-de-bosque-en-Valle-de-Bravo-edomex-ago.jpg?resize=350%2C200&ssl=1 1x, https:\/\/i0.wp.com\/www.grieta.org.mx\/wp-content\/uploads\/2021\/08\/Denuncian-tala-inmoderada-de-bosque-en-Valle-de-Bravo-edomex-ago.jpg?resize=525%2C300&ssl=1 1.5x, https:\/\/i0.wp.com\/www.grieta.org.mx\/wp-content\/uploads\/2021\/08\/Denuncian-tala-inmoderada-de-bosque-en-Valle-de-Bravo-edomex-ago.jpg?resize=700%2C400&ssl=1 2x"},"classes":[]}],"_links":{"self":[{"href":"https:\/\/www.grieta.org.mx\/index.php\/wp-json\/wp\/v2\/posts\/52058","targetHints":{"allow":["GET"]}}],"collection":[{"href":"https:\/\/www.grieta.org.mx\/index.php\/wp-json\/wp\/v2\/posts"}],"about":[{"href":"https:\/\/www.grieta.org.mx\/index.php\/wp-json\/wp\/v2\/types\/post"}],"author":[{"embeddable":true,"href":"https:\/\/www.grieta.org.mx\/index.php\/wp-json\/wp\/v2\/users\/2"}],"replies":[{"embeddable":true,"href":"https:\/\/www.grieta.org.mx\/index.php\/wp-json\/wp\/v2\/comments?post=52058"}],"version-history":[{"count":1,"href":"https:\/\/www.grieta.org.mx\/index.php\/wp-json\/wp\/v2\/posts\/52058\/revisions"}],"predecessor-version":[{"id":52060,"href":"https:\/\/www.grieta.org.mx\/index.php\/wp-json\/wp\/v2\/posts\/52058\/revisions\/52060"}],"wp:featuredmedia":[{"embeddable":true,"href":"https:\/\/www.grieta.org.mx\/index.php\/wp-json\/wp\/v2\/media\/52059"}],"wp:attachment":[{"href":"https:\/\/www.grieta.org.mx\/index.php\/wp-json\/wp\/v2\/media?parent=52058"}],"wp:term":[{"taxonomy":"category","embeddable":true,"href":"https:\/\/www.grieta.org.mx\/index.php\/wp-json\/wp\/v2\/categories?post=52058"},{"taxonomy":"post_tag","embeddable":true,"href":"https:\/\/www.grieta.org.mx\/index.php\/wp-json\/wp\/v2\/tags?post=52058"}],"curies":[{"name":"wp","href":"https:\/\/api.w.org\/{rel}","templated":true}]}}