{"id":5204,"date":"2015-08-21T04:53:11","date_gmt":"2015-08-21T04:53:11","guid":{"rendered":"http:\/\/50.22.11.12\/~grietaor\/?p=5204"},"modified":"2016-03-26T05:04:37","modified_gmt":"2016-03-26T05:04:37","slug":"colegio-de-abogados-de-queretaro-respalda-amparo-colectivo-de-la-uaq-contra-alza-en-red-q","status":"publish","type":"post","link":"https:\/\/www.grieta.org.mx\/index.php\/2015\/08\/21\/colegio-de-abogados-de-queretaro-respalda-amparo-colectivo-de-la-uaq-contra-alza-en-red-q\/","title":{"rendered":"Colegio de Abogados de Quer\u00e9taro respalda amparo colectivo de la UAQ contra alza en Red Q"},"content":{"rendered":"<p>Staff C\u00f3dice Informativo<\/p>\n<p>En voz de su presidente, Calixto de Santiago, el gremio considera que existi\u00f3 falta de legalidad y legitimidad en los incrementos<\/p>\n<p>El Colegio de Abogados Litigantes de Quer\u00e9taro manifest\u00f3 su respaldo al amparo colectivo contra el aumento de las tarifas de Red Q, asegur\u00f3 Calixto de Santiago Silva.<\/p>\n<p>En asamblea extraordinaria, De Santiago Silva, presidente del Colegio de Abogados, respald\u00f3 el amparo que present\u00f3 la Universidad Aut\u00f3noma de Quer\u00e9taro ante los juzgados de distrito por el aumento de 6.50 a 8.50 en la tarifa del transporte p\u00fablico.<\/p>\n<p>\u201cEl posicionamiento de este Colegio de Abogados es que se haga todo de acuerdo a la legitimidad y a la legalidad, y se falt\u00f3 observar ciertos actos tendientes al aumento de la tarifa; se tienen que hacer los estudios con legitimidad y legalidad correspondientes. No tomar decisiones en el orden gubernativo de bote pronto\u201d, expuso De Santiago Silva de acuerdo con un comunicado de prensa.<\/p>\n<p>Por su parte, Mar\u00eda Fernanda Montes Uribe, quien promueve dicho amparo colectivo y es parte del gremio de abogados, se\u00f1al\u00f3 que la iniciativa surge de un compromiso social, porque se afecta de manera directa a la comunidad universitaria.<\/p>\n<p>\u201cLa iniciativa del amparo colectivo va sobre dos puntos: no est\u00e1 el estudio t\u00e9cnico y no hay un lineamiento respecto a la Ley de Participaci\u00f3n Ciudadana y todos los usuarios \u2013que se vieron afectados- no se vieron contemplados para este aumento. Es muy directo el amparo colectivo\u201d, dijo Montes Uribe.<\/p>\n<p>En este sentido y luego de someterlo a votaci\u00f3n con los miembros de la Asamblea, el Colegio de Abogados se sum\u00f3 a esta iniciativa que ser\u00e1 presentada esta misma semana, al considerar la legitimaci\u00f3n del prop\u00f3sito y explicar que estos amparos colectivos son una nueva forma de vigencia del Derecho en lo que son los Derechos Humanos y la nueva idea de la Ley de Amparo.<\/p>\n<p><a href=\"http:\/\/codiceinformativo.com\/2015\/08\/colegio-de-abogados-de-queretaro-respalda-amparo-colectivo-de-la-uaq-contra-alza-en-red-q\/\" target=\"_blank\">codiceinformativo.com\/2015\/08\/colegio-de-abogados-de-queretaro-respalda-amparo-colectivo-de-la-uaq-contra-alza-en-red-q\/<\/a><\/p>\n","protected":false},"excerpt":{"rendered":"<p>Staff C\u00f3dice Informativo En voz de su presidente, Calixto de Santiago, el gremio considera que existi\u00f3 falta de legalidad y legitimidad en los incrementos El Colegio de Abogados Litigantes de &hellip; <a href=\"https:\/\/www.grieta.org.mx\/index.php\/2015\/08\/21\/colegio-de-abogados-de-queretaro-respalda-amparo-colectivo-de-la-uaq-contra-alza-en-red-q\/\" class=\"more-link\">Leer m\u00e1s<\/a><\/p>\n","protected":false},"author":2,"featured_media":21928,"comment_status":"closed","ping_status":"open","sticky":false,"template":"","format":"standard","meta":{"ngg_post_thumbnail":0,"_jetpack_newsletter_access":"","_jetpack_dont_email_post_to_subs":false,"_jetpack_newsletter_tier_id":0,"_jetpack_memberships_contains_paywalled_content":false,"_jetpack_memberships_contains_paid_content":false,"footnotes":""},"categories":[80,359],"tags":[97,180],"class_list":["post-5204","post","type-post","status-publish","format-standard","has-post-thumbnail","hentry","category-cintillo","category-queretaro","tag-comunicaciones-y-transportes","tag-protesta","entry"],"jetpack_featured_media_url":"https:\/\/www.grieta.org.mx\/wp-content\/uploads\/2018\/03\/14524434_1106112876131411_958039263622046936_o.jpg","jetpack_sharing_enabled":true,"jetpack_shortlink":"https:\/\/wp.me\/p7ZJR4-1lW","jetpack_likes_enabled":false,"jetpack-related-posts":[{"id":5201,"url":"https:\/\/www.grieta.org.mx\/index.php\/2015\/09\/12\/protestas-contra-el-alza-en-tarifa-de-transporte-en-queretaro\/","url_meta":{"origin":5204,"position":0},"title":"Protestas contra el alza en tarifa de transporte en Quer\u00e9taro","author":"grieta","date":"12 septiembre, 2015","format":false,"excerpt":"12\/09\/15. Presentan amparos contra alza de tarifa El Universal 07\/09\/15. Desestiman amparo de la UAQ contra aumento al transporte p\u00fablico AM Quer\u00e9taro 26\/08\/15. UAQ instalar\u00e1 mesas en 13 facultades para recolectar firmas a favor del amparo contra aumento a tarifa de RedQ C\u00f3dice informativo 21\/08\/15. Colegio de Abogados de Quer\u00e9taro\u2026","rel":"","context":"En &quot;Comunicaciones y transportes&quot;","block_context":{"text":"Comunicaciones y transportes","link":"https:\/\/www.grieta.org.mx\/index.php\/category\/megaproyectos\/comunicaciones-y-transportes\/"},"img":{"alt_text":"","src":"https:\/\/i0.wp.com\/www.grieta.org.mx\/wp-content\/uploads\/2018\/03\/14524434_1106112876131411_958039263622046936_o.jpg?resize=350%2C200&ssl=1","width":350,"height":200,"srcset":"https:\/\/i0.wp.com\/www.grieta.org.mx\/wp-content\/uploads\/2018\/03\/14524434_1106112876131411_958039263622046936_o.jpg?resize=350%2C200&ssl=1 1x, https:\/\/i0.wp.com\/www.grieta.org.mx\/wp-content\/uploads\/2018\/03\/14524434_1106112876131411_958039263622046936_o.jpg?resize=525%2C300&ssl=1 1.5x, https:\/\/i0.wp.com\/www.grieta.org.mx\/wp-content\/uploads\/2018\/03\/14524434_1106112876131411_958039263622046936_o.jpg?resize=700%2C400&ssl=1 2x"},"classes":[]},{"id":5206,"url":"https:\/\/www.grieta.org.mx\/index.php\/2015\/08\/13\/preparan-amparo-vs-alza-al-transporte\/","url_meta":{"origin":5204,"position":1},"title":"Preparan amparo vs alza al transporte","author":"grieta","date":"13 agosto, 2015","format":false,"excerpt":"Arlene Pati\u00f1o\/El Economista Estudiantes de la Facultad de Derecho de la Universidad Aut\u00f3noma de Quer\u00e9taro (UAQ) presentar\u00e1n un amparo colectivo en contra del alza de 30% a 8.5 pesos en la tarifa del transporte p\u00fablico. De acuerdo con la secretaria particular de Rector\u00eda, Blanca Guti\u00e9rrez Grageda, se encuentran en la\u2026","rel":"","context":"En &quot;CINTILLO&quot;","block_context":{"text":"CINTILLO","link":"https:\/\/www.grieta.org.mx\/index.php\/category\/cintillo\/"},"img":{"alt_text":"","src":"https:\/\/i0.wp.com\/www.grieta.org.mx\/wp-content\/uploads\/2018\/03\/14524434_1106112876131411_958039263622046936_o.jpg?resize=350%2C200&ssl=1","width":350,"height":200,"srcset":"https:\/\/i0.wp.com\/www.grieta.org.mx\/wp-content\/uploads\/2018\/03\/14524434_1106112876131411_958039263622046936_o.jpg?resize=350%2C200&ssl=1 1x, https:\/\/i0.wp.com\/www.grieta.org.mx\/wp-content\/uploads\/2018\/03\/14524434_1106112876131411_958039263622046936_o.jpg?resize=525%2C300&ssl=1 1.5x, https:\/\/i0.wp.com\/www.grieta.org.mx\/wp-content\/uploads\/2018\/03\/14524434_1106112876131411_958039263622046936_o.jpg?resize=700%2C400&ssl=1 2x"},"classes":[]},{"id":16010,"url":"https:\/\/www.grieta.org.mx\/index.php\/2016\/06\/02\/queretaro-profesores-exigen-respeto-a-sus-derechos-afuera-de-la-oficina-del-gobernador\/","url_meta":{"origin":5204,"position":2},"title":"Quer\u00e9taro: Profesores exigen respeto a sus derechos afuera de la oficina del gobernador","author":"grieta","date":"2 junio, 2016","format":false,"excerpt":"Gildardo Jacinto Garc\u00eda\/Libertad de palabra Quer\u00e9taro, Qro.- Docentes cesados del Colegio de Bachilleres (Cobaq), integrantes del Movimiento Magisterial de Bases de Quer\u00e9taro y de la Coordinadora Nacional de Trabajadores de la Educaci\u00f3n, realizaron la noche de este mi\u00e9rcoles un mitin en la Plaza de Armas de Quer\u00e9taro, afuera de la\u2026","rel":"","context":"En &quot;CINTILLO&quot;","block_context":{"text":"CINTILLO","link":"https:\/\/www.grieta.org.mx\/index.php\/category\/cintillo\/"},"img":{"alt_text":"","src":"https:\/\/i0.wp.com\/www.grieta.org.mx\/wp-content\/uploads\/2018\/03\/14524434_1106112876131411_958039263622046936_o.jpg?resize=350%2C200&ssl=1","width":350,"height":200,"srcset":"https:\/\/i0.wp.com\/www.grieta.org.mx\/wp-content\/uploads\/2018\/03\/14524434_1106112876131411_958039263622046936_o.jpg?resize=350%2C200&ssl=1 1x, https:\/\/i0.wp.com\/www.grieta.org.mx\/wp-content\/uploads\/2018\/03\/14524434_1106112876131411_958039263622046936_o.jpg?resize=525%2C300&ssl=1 1.5x, https:\/\/i0.wp.com\/www.grieta.org.mx\/wp-content\/uploads\/2018\/03\/14524434_1106112876131411_958039263622046936_o.jpg?resize=700%2C400&ssl=1 2x"},"classes":[]},{"id":71110,"url":"https:\/\/www.grieta.org.mx\/index.php\/2025\/02\/22\/denuncian-hostigamiento-judicial-contra-defensoras-del-territorio-en-santiago-mexquititlan-queretaro\/","url_meta":{"origin":5204,"position":3},"title":"Denuncian hostigamiento judicial contra defensoras del territorio en Santiago Mexquititl\u00e1n (Quer\u00e9taro)","author":"grieta","date":"22 febrero, 2025","format":false,"excerpt":"David \u00c1lvarez \/ Proyecto Saltapatr\u00e1s Foto: Laura Santos El Concejo Aut\u00f3nomo de Santiago Mexquititl\u00e1n denunci\u00f3 un acto de hostigamiento judicial contra mujeres defensoras del territorio en la comunidad, relacionado con el amparo colectivo 907\/2022 sobre el acceso al agua. Seg\u00fan el comunicado del grupo, el 20 de febrero de 2025\u2026","rel":"","context":"En &quot;Abuso policiaco y tortura en Quer\u00e9taro&quot;","block_context":{"text":"Abuso policiaco y tortura en Quer\u00e9taro","link":"https:\/\/www.grieta.org.mx\/index.php\/category\/noticias-nacionales\/queretaro\/abuso-policiaco-y-tortura-en-queretaro\/"},"img":{"alt_text":"","src":"https:\/\/i0.wp.com\/www.grieta.org.mx\/wp-content\/uploads\/2025\/02\/Denuncian-hostigamiento-judicial-contra-defensoras-del-territorio-en-Santiago-Mexquititlan.jpeg?resize=350%2C200&ssl=1","width":350,"height":200,"srcset":"https:\/\/i0.wp.com\/www.grieta.org.mx\/wp-content\/uploads\/2025\/02\/Denuncian-hostigamiento-judicial-contra-defensoras-del-territorio-en-Santiago-Mexquititlan.jpeg?resize=350%2C200&ssl=1 1x, https:\/\/i0.wp.com\/www.grieta.org.mx\/wp-content\/uploads\/2025\/02\/Denuncian-hostigamiento-judicial-contra-defensoras-del-territorio-en-Santiago-Mexquititlan.jpeg?resize=525%2C300&ssl=1 1.5x, https:\/\/i0.wp.com\/www.grieta.org.mx\/wp-content\/uploads\/2025\/02\/Denuncian-hostigamiento-judicial-contra-defensoras-del-territorio-en-Santiago-Mexquititlan.jpeg?resize=700%2C400&ssl=1 2x, https:\/\/i0.wp.com\/www.grieta.org.mx\/wp-content\/uploads\/2025\/02\/Denuncian-hostigamiento-judicial-contra-defensoras-del-territorio-en-Santiago-Mexquititlan.jpeg?resize=1050%2C600&ssl=1 3x, https:\/\/i0.wp.com\/www.grieta.org.mx\/wp-content\/uploads\/2025\/02\/Denuncian-hostigamiento-judicial-contra-defensoras-del-territorio-en-Santiago-Mexquititlan.jpeg?resize=1400%2C800&ssl=1 4x"},"classes":[]},{"id":64775,"url":"https:\/\/www.grieta.org.mx\/index.php\/2022\/08\/16\/conceden-amparo-contra-la-ley-de-aguas-en-queretaro-a-comunidad-otomi\/","url_meta":{"origin":5204,"position":4},"title":"Conceden amparo contra la Ley de Aguas en Quer\u00e9taro a comunidad Otom\u00ed","author":"grieta","date":"16 agosto, 2022","format":false,"excerpt":"Noemi Ota\u00f1ez \/ Somoselmedio Foto: @yazminvalois El pasado lunes 8 de agosto, en la Casa de los Pueblos y Comunidades Ind\u00edgenas \u00abSamir Flores Soberanes\u00bb, concejales de Santiago Mexquititl\u00e1n se pronunciaron contra la Ley de Concesiones de Agua en Quer\u00e9taro. Al grito \u201cno es sequ\u00eda, es saqueo\u201d y \u201cel agua no\u2026","rel":"","context":"En &quot;Autonom\u00edas&quot;","block_context":{"text":"Autonom\u00edas","link":"https:\/\/www.grieta.org.mx\/index.php\/category\/resistencias\/autonomias\/"},"img":{"alt_text":"","src":"https:\/\/i0.wp.com\/www.grieta.org.mx\/wp-content\/uploads\/2018\/03\/14524434_1106112876131411_958039263622046936_o.jpg?resize=350%2C200&ssl=1","width":350,"height":200,"srcset":"https:\/\/i0.wp.com\/www.grieta.org.mx\/wp-content\/uploads\/2018\/03\/14524434_1106112876131411_958039263622046936_o.jpg?resize=350%2C200&ssl=1 1x, https:\/\/i0.wp.com\/www.grieta.org.mx\/wp-content\/uploads\/2018\/03\/14524434_1106112876131411_958039263622046936_o.jpg?resize=525%2C300&ssl=1 1.5x, https:\/\/i0.wp.com\/www.grieta.org.mx\/wp-content\/uploads\/2018\/03\/14524434_1106112876131411_958039263622046936_o.jpg?resize=700%2C400&ssl=1 2x"},"classes":[]},{"id":48998,"url":"https:\/\/www.grieta.org.mx\/index.php\/2020\/05\/09\/real-de-santiago-el-colegio-que-no-responde-en-tiempos-de-covid-19-queretaro\/","url_meta":{"origin":5204,"position":5},"title":"Real de Santiago, el colegio que no responde en tiempos de Covid-19 (Quer\u00e9taro)","author":"grieta","date":"9 mayo, 2020","format":false,"excerpt":"Libertad de Palabra Madres y padres de familia colocaron pancartas y cartulinas en las que manifiestan sus peticiones. Quer\u00e9taro, Qro.- Madres y padres de familia de la escuela privada Real de Santiago, ubicada al nororiente de la ciudad capital, solicitan descuentos en el pago de colegiaturas y reinscripciones, pero acusan\u2026","rel":"","context":"En &quot;CINTILLO&quot;","block_context":{"text":"CINTILLO","link":"https:\/\/www.grieta.org.mx\/index.php\/category\/cintillo\/"},"img":{"alt_text":"","src":"https:\/\/i0.wp.com\/www.grieta.org.mx\/wp-content\/uploads\/2018\/03\/14524434_1106112876131411_958039263622046936_o.jpg?resize=350%2C200&ssl=1","width":350,"height":200,"srcset":"https:\/\/i0.wp.com\/www.grieta.org.mx\/wp-content\/uploads\/2018\/03\/14524434_1106112876131411_958039263622046936_o.jpg?resize=350%2C200&ssl=1 1x, https:\/\/i0.wp.com\/www.grieta.org.mx\/wp-content\/uploads\/2018\/03\/14524434_1106112876131411_958039263622046936_o.jpg?resize=525%2C300&ssl=1 1.5x, https:\/\/i0.wp.com\/www.grieta.org.mx\/wp-content\/uploads\/2018\/03\/14524434_1106112876131411_958039263622046936_o.jpg?resize=700%2C400&ssl=1 2x"},"classes":[]}],"_links":{"self":[{"href":"https:\/\/www.grieta.org.mx\/index.php\/wp-json\/wp\/v2\/posts\/5204","targetHints":{"allow":["GET"]}}],"collection":[{"href":"https:\/\/www.grieta.org.mx\/index.php\/wp-json\/wp\/v2\/posts"}],"about":[{"href":"https:\/\/www.grieta.org.mx\/index.php\/wp-json\/wp\/v2\/types\/post"}],"author":[{"embeddable":true,"href":"https:\/\/www.grieta.org.mx\/index.php\/wp-json\/wp\/v2\/users\/2"}],"replies":[{"embeddable":true,"href":"https:\/\/www.grieta.org.mx\/index.php\/wp-json\/wp\/v2\/comments?post=5204"}],"version-history":[{"count":1,"href":"https:\/\/www.grieta.org.mx\/index.php\/wp-json\/wp\/v2\/posts\/5204\/revisions"}],"predecessor-version":[{"id":5212,"href":"https:\/\/www.grieta.org.mx\/index.php\/wp-json\/wp\/v2\/posts\/5204\/revisions\/5212"}],"wp:featuredmedia":[{"embeddable":true,"href":"https:\/\/www.grieta.org.mx\/index.php\/wp-json\/wp\/v2\/media\/21928"}],"wp:attachment":[{"href":"https:\/\/www.grieta.org.mx\/index.php\/wp-json\/wp\/v2\/media?parent=5204"}],"wp:term":[{"taxonomy":"category","embeddable":true,"href":"https:\/\/www.grieta.org.mx\/index.php\/wp-json\/wp\/v2\/categories?post=5204"},{"taxonomy":"post_tag","embeddable":true,"href":"https:\/\/www.grieta.org.mx\/index.php\/wp-json\/wp\/v2\/tags?post=5204"}],"curies":[{"name":"wp","href":"https:\/\/api.w.org\/{rel}","templated":true}]}}