{"id":52037,"date":"2020-07-16T14:04:01","date_gmt":"2020-07-16T19:04:01","guid":{"rendered":"http:\/\/www.grieta.org.mx\/?p=52037"},"modified":"2020-07-25T14:15:03","modified_gmt":"2020-07-25T19:15:03","slug":"aparecen-los-desaparecidos-actualizan-cifra-y-reportan-casi-50-mas-colima","status":"publish","type":"post","link":"https:\/\/www.grieta.org.mx\/index.php\/2020\/07\/16\/aparecen-los-desaparecidos-actualizan-cifra-y-reportan-casi-50-mas-colima\/","title":{"rendered":"\u201cAparecen\u201d los desaparecidos, actualizan cifra y reportan casi 50% m\u00e1s (Colima)"},"content":{"rendered":"<p><img loading=\"lazy\" decoding=\"async\" data-attachment-id=\"52038\" data-permalink=\"https:\/\/www.grieta.org.mx\/index.php\/2020\/07\/16\/aparecen-los-desaparecidos-actualizan-cifra-y-reportan-casi-50-mas-colima\/48366159_2023989617714992_7934302650240073728_n-2\/\" data-orig-file=\"https:\/\/www.grieta.org.mx\/wp-content\/uploads\/2020\/07\/48366159_2023989617714992_7934302650240073728_n.jpg\" data-orig-size=\"960,640\" data-comments-opened=\"0\" data-image-meta=\"{&quot;aperture&quot;:&quot;0&quot;,&quot;credit&quot;:&quot;&quot;,&quot;camera&quot;:&quot;&quot;,&quot;caption&quot;:&quot;&quot;,&quot;created_timestamp&quot;:&quot;0&quot;,&quot;copyright&quot;:&quot;&quot;,&quot;focal_length&quot;:&quot;0&quot;,&quot;iso&quot;:&quot;0&quot;,&quot;shutter_speed&quot;:&quot;0&quot;,&quot;title&quot;:&quot;&quot;,&quot;orientation&quot;:&quot;0&quot;}\" data-image-title=\"48366159_2023989617714992_7934302650240073728_n\" data-image-description=\"\" data-image-caption=\"\" data-medium-file=\"https:\/\/www.grieta.org.mx\/wp-content\/uploads\/2020\/07\/48366159_2023989617714992_7934302650240073728_n-300x200.jpg\" data-large-file=\"https:\/\/www.grieta.org.mx\/wp-content\/uploads\/2020\/07\/48366159_2023989617714992_7934302650240073728_n.jpg\" class=\"aligncenter wp-image-52038\" src=\"http:\/\/www.grieta.org.mx\/wp-content\/uploads\/2020\/07\/48366159_2023989617714992_7934302650240073728_n.jpg\" alt=\"\" width=\"800\" height=\"533\" srcset=\"https:\/\/www.grieta.org.mx\/wp-content\/uploads\/2020\/07\/48366159_2023989617714992_7934302650240073728_n.jpg 960w, https:\/\/www.grieta.org.mx\/wp-content\/uploads\/2020\/07\/48366159_2023989617714992_7934302650240073728_n-300x200.jpg 300w, https:\/\/www.grieta.org.mx\/wp-content\/uploads\/2020\/07\/48366159_2023989617714992_7934302650240073728_n-768x512.jpg 768w, https:\/\/www.grieta.org.mx\/wp-content\/uploads\/2020\/07\/48366159_2023989617714992_7934302650240073728_n-750x500.jpg 750w\" sizes=\"auto, (max-width: 800px) 100vw, 800px\" \/><\/p>\n<p>Foto: Diario Avanzada<\/p>\n<p>Heidi de Le\u00f3n Guti\u00e9rrez \/ Diario Avanzada<\/p>\n<p>Colima, M\u00e9xico, Avanzada (16\/07\/2020).- El problema de los desaparecidos en Colima es m\u00e1s grave de lo que se hab\u00eda revelado. La cifra actualizada es casi 100 por ciento superior a los n\u00fameros oficiales ofrecidos por la Fiscal\u00eda General del Estado en el\u00a02019.<\/p>\n<p>De acuerdo al informe presentado por la Comisi\u00f3n Nacional de B\u00fasqueda el pasado lunes,\u00a0en la entidad \u00a0colimense\u00a0 existen mil 236 personas desaparecidas o no localizadas, sin embargo, el 29 de julio de 2019, la Fiscal\u00eda General del Estado reconoci\u00f3 676 personas.<\/p>\n<p>El 29 de julio de 2019, en una entrevista, Gustavo Adri\u00e1n Joya Cervera, vicefiscal de Procedimientos Penales de la Fiscal\u00eda General refiri\u00f3 que en total y desde 2008, cuentan con un registro de 676 personas desaparecidas en el estado de Colima.<\/p>\n<p>Aunque, los n\u00fameros actualizados muestran que en Colima existen m\u00e1s de mil 200 personas desaparecidas en los diferentes municipios de la entidad, mientras que en el pa\u00eds existen en esta condici\u00f3n, 73 mil 230 personas.<\/p>\n<p>El 75 por ciento de los desaparecidos en M\u00e9xico tienen entre 15 y 30 a\u00f1os de edad, seg\u00fan datos proporcionados por la secretar\u00eda de Gobernaci\u00f3n.<\/p>\n<p><a href=\"https:\/\/www.diarioavanzada.com.mx\/?p=14020\">https:\/\/www.diarioavanzada.com.mx\/?p=14020<\/a><\/p>\n","protected":false},"excerpt":{"rendered":"<p>Foto: Diario Avanzada Heidi de Le\u00f3n Guti\u00e9rrez \/ Diario Avanzada Colima, M\u00e9xico, Avanzada (16\/07\/2020).- El problema de los desaparecidos en Colima es m\u00e1s grave de lo que se hab\u00eda revelado. &hellip; <a href=\"https:\/\/www.grieta.org.mx\/index.php\/2020\/07\/16\/aparecen-los-desaparecidos-actualizan-cifra-y-reportan-casi-50-mas-colima\/\" class=\"more-link\">Leer m\u00e1s<\/a><\/p>\n","protected":false},"author":2,"featured_media":52038,"comment_status":"closed","ping_status":"closed","sticky":false,"template":"","format":"standard","meta":{"ngg_post_thumbnail":0,"_jetpack_newsletter_access":"","_jetpack_dont_email_post_to_subs":false,"_jetpack_newsletter_tier_id":0,"_jetpack_memberships_contains_paywalled_content":false,"_jetpack_memberships_contains_paid_content":false,"footnotes":""},"categories":[80,13,87,1829,2,83],"tags":[121],"class_list":["post-52037","post","type-post","status-publish","format-standard","has-post-thumbnail","hentry","category-cintillo","category-colima","category-desaparecidos","category-desaparecidos-en-colima","category-noticias-nacionales","category-temas-nacionales","tag-desaparecidos","entry"],"jetpack_featured_media_url":"https:\/\/www.grieta.org.mx\/wp-content\/uploads\/2020\/07\/48366159_2023989617714992_7934302650240073728_n.jpg","jetpack_sharing_enabled":true,"jetpack_shortlink":"https:\/\/wp.me\/p7ZJR4-dxj","jetpack_likes_enabled":false,"jetpack-related-posts":[{"id":59300,"url":"https:\/\/www.grieta.org.mx\/index.php\/2021\/05\/02\/desaparecieron-21-personas-en-abril-en-colima-el-fiscal-hace-mutis\/","url_meta":{"origin":52037,"position":0},"title":"Desaparecieron 21 personas en abril en Colima, el Fiscal hace mutis","author":"grieta","date":"2 mayo, 2021","format":false,"excerpt":"Imagen: Diario Avanzada Redacci\u00f3n \/ Diario Avanzada Colima, M\u00e9xico, Avanzada (03\/05\/2021).- Las personas contin\u00faan desapareciendo en Colima, durante el mes de abril la Fiscal\u00eda General del Estado de Colima emiti\u00f3 7 Alertas Alba, 1 Alerta Amber y en el apartado de personas desaparecidas en su portal en internet reporta a\u2026","rel":"","context":"En &quot;CINTILLO&quot;","block_context":{"text":"CINTILLO","link":"https:\/\/www.grieta.org.mx\/index.php\/category\/cintillo\/"},"img":{"alt_text":"","src":"https:\/\/i0.wp.com\/www.grieta.org.mx\/wp-content\/uploads\/2021\/05\/179125959_3897268617058637_5812118331838803255_n.jpg?resize=350%2C200&ssl=1","width":350,"height":200,"srcset":"https:\/\/i0.wp.com\/www.grieta.org.mx\/wp-content\/uploads\/2021\/05\/179125959_3897268617058637_5812118331838803255_n.jpg?resize=350%2C200&ssl=1 1x, https:\/\/i0.wp.com\/www.grieta.org.mx\/wp-content\/uploads\/2021\/05\/179125959_3897268617058637_5812118331838803255_n.jpg?resize=525%2C300&ssl=1 1.5x"},"classes":[]},{"id":49946,"url":"https:\/\/www.grieta.org.mx\/index.php\/2020\/05\/25\/imparable-cifra-de-desaparecidos-en-colima-superaria-los-750\/","url_meta":{"origin":52037,"position":1},"title":"Imparable, cifra de desaparecidos en Colima superar\u00eda los 750 (Colima)","author":"grieta","date":"25 mayo, 2020","format":false,"excerpt":"Foto: Diario Avanzada Heidi de Le\u00f3n Guti\u00e9rrez \/ Diario Avanzada Colima,\u00a0 M\u00e9xico, Avanzada (25\/05\/2020).- En Colima, el n\u00famero de desaparecido va en aumento y aunque no existe una cifra oficial p\u00fablica, \u00e9sta podr\u00eda superar las 750 personas. Lo anterior fue se\u00f1alado por la integrante del Comit\u00e9 de B\u00fasqueda de Personas\u2026","rel":"","context":"En &quot;CINTILLO&quot;","block_context":{"text":"CINTILLO","link":"https:\/\/www.grieta.org.mx\/index.php\/category\/cintillo\/"},"img":{"alt_text":"","src":"https:\/\/i0.wp.com\/www.grieta.org.mx\/wp-content\/uploads\/2020\/05\/97545289_1318113668398545_3799757665555447808_n.jpg?resize=350%2C200&ssl=1","width":350,"height":200,"srcset":"https:\/\/i0.wp.com\/www.grieta.org.mx\/wp-content\/uploads\/2020\/05\/97545289_1318113668398545_3799757665555447808_n.jpg?resize=350%2C200&ssl=1 1x, https:\/\/i0.wp.com\/www.grieta.org.mx\/wp-content\/uploads\/2020\/05\/97545289_1318113668398545_3799757665555447808_n.jpg?resize=525%2C300&ssl=1 1.5x, https:\/\/i0.wp.com\/www.grieta.org.mx\/wp-content\/uploads\/2020\/05\/97545289_1318113668398545_3799757665555447808_n.jpg?resize=700%2C400&ssl=1 2x"},"classes":[]},{"id":4238,"url":"https:\/\/www.grieta.org.mx\/index.php\/2016\/09\/12\/desaparecidos-en-colima-2\/","url_meta":{"origin":52037,"position":2},"title":"Desaparecidos en Colima","author":"grieta","date":"12 septiembre, 2016","format":false,"excerpt":"12\/09\/16. Colima reporta 48 personas desaparecidas de enero a julio de este a\u00f1oDiario Avanzada 21\/07\/16. Madres de desaparecidos en Colima se unen a protesta en la CDMX y anuncian huelga de hambreDiario Avanzada 21\/03\/16. Colima tercer lugar nacional con mayor n\u00famero de desapariciones forzadas: PGRDiario Avanzada 06\/10\/15. Colima registra 140\u2026","rel":"","context":"En &quot;Colima&quot;","block_context":{"text":"Colima","link":"https:\/\/www.grieta.org.mx\/index.php\/category\/noticias-nacionales\/colima\/"},"img":{"alt_text":"","src":"https:\/\/i0.wp.com\/www.grieta.org.mx\/wp-content\/uploads\/2018\/03\/14524434_1106112876131411_958039263622046936_o.jpg?resize=350%2C200&ssl=1","width":350,"height":200,"srcset":"https:\/\/i0.wp.com\/www.grieta.org.mx\/wp-content\/uploads\/2018\/03\/14524434_1106112876131411_958039263622046936_o.jpg?resize=350%2C200&ssl=1 1x, https:\/\/i0.wp.com\/www.grieta.org.mx\/wp-content\/uploads\/2018\/03\/14524434_1106112876131411_958039263622046936_o.jpg?resize=525%2C300&ssl=1 1.5x, https:\/\/i0.wp.com\/www.grieta.org.mx\/wp-content\/uploads\/2018\/03\/14524434_1106112876131411_958039263622046936_o.jpg?resize=700%2C400&ssl=1 2x"},"classes":[]},{"id":64055,"url":"https:\/\/www.grieta.org.mx\/index.php\/2022\/04\/24\/en-colima-hay-mas-de-1700-personas-desaparecidas-y-la-fiscalia-vincula-a-proceso-solo-a-dos-personas-en-dos-meses\/","url_meta":{"origin":52037,"position":3},"title":"En Colima hay m\u00e1s de 1700 personas desaparecidas y la Fiscal\u00eda vincula a proceso s\u00f3lo a dos personas en dos meses","author":"grieta","date":"24 abril, 2022","format":false,"excerpt":"Imagen: Diario Avanzada Heidi de Le\u00f3n\u00a0 de Le\u00f3n Guti\u00e9rrez \/ Diario Avanzada Colima, M\u00e9xico, Avanzada (21\/04\/2022).- En los dos \u00faltimos meses, s\u00f3lo dos personas han sido vinculadas a proceso por su probable responsabilidad en el delito de desaparici\u00f3n de personas, lo que equivaldr\u00eda a una persona por mes. Lo anterior\u2026","rel":"","context":"En &quot;CINTILLO&quot;","block_context":{"text":"CINTILLO","link":"https:\/\/www.grieta.org.mx\/index.php\/category\/cintillo\/"},"img":{"alt_text":"","src":"https:\/\/i0.wp.com\/www.grieta.org.mx\/wp-content\/uploads\/2022\/04\/image-151.png?resize=350%2C200&ssl=1","width":350,"height":200,"srcset":"https:\/\/i0.wp.com\/www.grieta.org.mx\/wp-content\/uploads\/2022\/04\/image-151.png?resize=350%2C200&ssl=1 1x, https:\/\/i0.wp.com\/www.grieta.org.mx\/wp-content\/uploads\/2022\/04\/image-151.png?resize=525%2C300&ssl=1 1.5x"},"classes":[]},{"id":45341,"url":"https:\/\/www.grieta.org.mx\/index.php\/2020\/02\/28\/aumenta-la-cantidad-de-personas-desaparecidas-en-colima\/","url_meta":{"origin":52037,"position":4},"title":"Aumenta la cantidad de personas desaparecidas en Colima","author":"grieta","date":"28 febrero, 2020","format":false,"excerpt":"Foto: Diario Avanzada Heisi de Le\u00f3n Guti\u00e9rrez \/ Diario Avanzada Colima, M\u00e9xico, Avanzada (27\/02\/2020).- Daryan Naydelin Garc\u00eda, de 18 a\u00f1os de edad, desapareci\u00f3 en Queser\u00eda el 21 de febrero de este a\u00f1o y ese mismo d\u00eda, pero en Alzada, fue vista por \u00faltima vez Karla Yesenia Ponce Alcaraz. Mientras que\u2026","rel":"","context":"En &quot;CINTILLO&quot;","block_context":{"text":"CINTILLO","link":"https:\/\/www.grieta.org.mx\/index.php\/category\/cintillo\/"},"img":{"alt_text":"","src":"https:\/\/i0.wp.com\/www.grieta.org.mx\/wp-content\/uploads\/2020\/02\/Desaparecidos-en-Colima.jpg?resize=350%2C200&ssl=1","width":350,"height":200,"srcset":"https:\/\/i0.wp.com\/www.grieta.org.mx\/wp-content\/uploads\/2020\/02\/Desaparecidos-en-Colima.jpg?resize=350%2C200&ssl=1 1x, https:\/\/i0.wp.com\/www.grieta.org.mx\/wp-content\/uploads\/2020\/02\/Desaparecidos-en-Colima.jpg?resize=525%2C300&ssl=1 1.5x, https:\/\/i0.wp.com\/www.grieta.org.mx\/wp-content\/uploads\/2020\/02\/Desaparecidos-en-Colima.jpg?resize=700%2C400&ssl=1 2x"},"classes":[]},{"id":56820,"url":"https:\/\/www.grieta.org.mx\/index.php\/2021\/02\/05\/fge-colima-desaparece-a-personas-que-ya-fueron-localizadas\/","url_meta":{"origin":52037,"position":5},"title":"FGE Colima \u201cdesaparece\u201d a personas que ya fueron localizadas","author":"grieta","date":"5 febrero, 2021","format":false,"excerpt":"Foto: Ilustrativa Heidi de Le\u00f3n Guti\u00e9rrez \/ Diario Avanzada Colima, M\u00e9xico, Avanzada (05\/02\/2021).-\u00a0La Fiscal\u00eda General del Estado no actualiza la informaci\u00f3n sobre los desaparecidos en Colima y los datos que est\u00e1n disponibles en el portal de internet no coinciden con la informaci\u00f3n que ha difundido la federaci\u00f3n. Adem\u00e1s, en la\u2026","rel":"","context":"En &quot;CINTILLO&quot;","block_context":{"text":"CINTILLO","link":"https:\/\/www.grieta.org.mx\/index.php\/category\/cintillo\/"},"img":{"alt_text":"","src":"https:\/\/i0.wp.com\/www.grieta.org.mx\/wp-content\/uploads\/2021\/02\/fge.jpg?resize=350%2C200&ssl=1","width":350,"height":200,"srcset":"https:\/\/i0.wp.com\/www.grieta.org.mx\/wp-content\/uploads\/2021\/02\/fge.jpg?resize=350%2C200&ssl=1 1x, https:\/\/i0.wp.com\/www.grieta.org.mx\/wp-content\/uploads\/2021\/02\/fge.jpg?resize=525%2C300&ssl=1 1.5x"},"classes":[]}],"_links":{"self":[{"href":"https:\/\/www.grieta.org.mx\/index.php\/wp-json\/wp\/v2\/posts\/52037","targetHints":{"allow":["GET"]}}],"collection":[{"href":"https:\/\/www.grieta.org.mx\/index.php\/wp-json\/wp\/v2\/posts"}],"about":[{"href":"https:\/\/www.grieta.org.mx\/index.php\/wp-json\/wp\/v2\/types\/post"}],"author":[{"embeddable":true,"href":"https:\/\/www.grieta.org.mx\/index.php\/wp-json\/wp\/v2\/users\/2"}],"replies":[{"embeddable":true,"href":"https:\/\/www.grieta.org.mx\/index.php\/wp-json\/wp\/v2\/comments?post=52037"}],"version-history":[{"count":1,"href":"https:\/\/www.grieta.org.mx\/index.php\/wp-json\/wp\/v2\/posts\/52037\/revisions"}],"predecessor-version":[{"id":52040,"href":"https:\/\/www.grieta.org.mx\/index.php\/wp-json\/wp\/v2\/posts\/52037\/revisions\/52040"}],"wp:featuredmedia":[{"embeddable":true,"href":"https:\/\/www.grieta.org.mx\/index.php\/wp-json\/wp\/v2\/media\/52038"}],"wp:attachment":[{"href":"https:\/\/www.grieta.org.mx\/index.php\/wp-json\/wp\/v2\/media?parent=52037"}],"wp:term":[{"taxonomy":"category","embeddable":true,"href":"https:\/\/www.grieta.org.mx\/index.php\/wp-json\/wp\/v2\/categories?post=52037"},{"taxonomy":"post_tag","embeddable":true,"href":"https:\/\/www.grieta.org.mx\/index.php\/wp-json\/wp\/v2\/tags?post=52037"}],"curies":[{"name":"wp","href":"https:\/\/api.w.org\/{rel}","templated":true}]}}